{"id":10683,"date":"2021-02-10T14:48:54","date_gmt":"2021-02-10T12:48:54","guid":{"rendered":"https:\/\/amica.es\/es\/?p=10683"},"modified":"2021-02-10T14:48:54","modified_gmt":"2021-02-10T12:48:54","slug":"amica-participa-en-el-evento-digital-empoderamiento-de-las-personas-mayores-para-el-mundo-digital-a-traves-del-aprendizaje-intergeneracional-y-por-pares","status":"publish","type":"post","link":"https:\/\/amica.es\/es\/amica-participa-en-el-evento-digital-empoderamiento-de-las-personas-mayores-para-el-mundo-digital-a-traves-del-aprendizaje-intergeneracional-y-por-pares\/","title":{"rendered":"Amica participa en el evento &#8220;Empoderamiento de las personas mayores para el mundo digital a trav\u00e9s del aprendizaje intergeneracional y por pares&#8221;"},"content":{"rendered":"<p>Amica ha participado en el Evento Digital \u201cEmpoderamiento de las personas mayores para el mundo digital a trav\u00e9s del aprendizaje intergeneracional y por pares\u201d organizado por ALL DIGITAL y el Consorcio ICTskills4All.<\/p>\n<p>El objetivo de este encuentro ha sido poner en com\u00fan con profesionales de Europa y representantes de la Comisi\u00f3n Europea\u00a0 y del Parlamento Europeo, Microsoft y AGE Platform, \u00a0las necesidades y las medidas necesarias, a trav\u00e9s de estrategias y programas concretos, para mejorar las competencias digitales, seguridad online de las personas mayores ante el uso de dispositivos y recursos en red.<\/p>\n<p>Durante el encuentro se desarroll\u00f3 un debate en torno a c\u00f3mo impulsar la inclusi\u00f3n digital de las personas mayores durante y tras la pandemia: \u00bfCu\u00e1les son las estrategias para el futuro?<\/p>\n<p>Asimismo, tambi\u00e9n se presentaron los resultados del proyecto ICTSkills4ALL, as\u00ed como las buenas pr\u00e1cticas generadas a ra\u00edz de su implementaci\u00f3n, proyecto liderado por la Universidad de Porto.<\/p>\n<p>Para Amica, la participaci\u00f3n en este encuentro online es importante para desarrollar una l\u00ednea estrategia que promueva la inclusi\u00f3n digital de todas las personas, incorporando la tecnolog\u00eda para el desarrollo de nuevos recursos y servicios que faciliten y mejoren la participaci\u00f3n de las personas en la sociedad y la promoci\u00f3n de la salud.<\/p>\n<p><img loading=\"lazy\" decoding=\"async\" class=\"aligncenter size-medium wp-image-10695\" src=\"https:\/\/amica.es\/es\/wp-content\/uploads\/2021\/02\/20210210_111911-scaled-300x225.jpg\" alt=\"\" width=\"300\" height=\"225\" \/><\/p>\n","protected":false},"excerpt":{"rendered":"<p>Amica ha participado en el Evento Digital \u201cEmpoderamiento de las personas mayores para el mundo digital a trav\u00e9s del aprendizaje intergeneracional y por pares\u201d organizado por ALL DIGITAL y el Consorcio ICTskills4All. El objetivo de este encuentro ha sido poner en com\u00fan con profesionales de Europa y representantes de la Comisi\u00f3n Europea\u00a0 y del Parlamento<br \/><a href=\"https:\/\/amica.es\/es\/amica-participa-en-el-evento-digital-empoderamiento-de-las-personas-mayores-para-el-mundo-digital-a-traves-del-aprendizaje-intergeneracional-y-por-pares\/\" class=\"more\">Read more<\/a><\/p>\n","protected":false},"author":10,"featured_media":10684,"comment_status":"closed","ping_status":"open","sticky":false,"template":"","format":"standard","meta":{"_monsterinsights_skip_tracking":false,"_monsterinsights_sitenote_active":false,"_monsterinsights_sitenote_note":"","_monsterinsights_sitenote_category":0,"_joinchat":[],"footnotes":""},"categories":[27],"tags":[],"class_list":["post-10683","post","type-post","status-publish","format-standard","has-post-thumbnail","hentry","category-noticias-categoria"],"yoast_head":"<!-- This site is optimized with the Yoast SEO plugin v25.6 - https:\/\/yoast.com\/wordpress\/plugins\/seo\/ -->\n<title>Amica participa en el evento &quot;Empoderamiento de las personas mayores para el mundo digital a trav\u00e9s del aprendizaje intergeneracional y por pares&quot; - Amica - Descubriendo Capacidades<\/title>\n<meta name=\"robots\" content=\"index, follow, max-snippet:-1, max-image-preview:large, max-video-preview:-1\" \/>\n<link rel=\"canonical\" href=\"https:\/\/amica.es\/es\/amica-participa-en-el-evento-digital-empoderamiento-de-las-personas-mayores-para-el-mundo-digital-a-traves-del-aprendizaje-intergeneracional-y-por-pares\/\" \/>\n<meta property=\"og:locale\" content=\"es_ES\" \/>\n<meta property=\"og:type\" content=\"article\" \/>\n<meta property=\"og:title\" content=\"Amica participa en el evento &quot;Empoderamiento de las personas mayores para el mundo digital a trav\u00e9s del aprendizaje intergeneracional y por pares&quot; - Amica - Descubriendo Capacidades\" \/>\n<meta property=\"og:description\" content=\"Amica ha participado en el Evento Digital \u201cEmpoderamiento de las personas mayores para el mundo digital a trav\u00e9s del aprendizaje intergeneracional y por pares\u201d organizado por ALL DIGITAL y el Consorcio ICTskills4All. El objetivo de este encuentro ha sido poner en com\u00fan con profesionales de Europa y representantes de la Comisi\u00f3n Europea\u00a0 y del ParlamentoRead more\" \/>\n<meta property=\"og:url\" content=\"https:\/\/amica.es\/es\/amica-participa-en-el-evento-digital-empoderamiento-de-las-personas-mayores-para-el-mundo-digital-a-traves-del-aprendizaje-intergeneracional-y-por-pares\/\" \/>\n<meta property=\"og:site_name\" content=\"Amica - Descubriendo Capacidades\" \/>\n<meta property=\"article:publisher\" content=\"https:\/\/www.facebook.com\/amicaasociacion\" \/>\n<meta property=\"article:published_time\" content=\"2021-02-10T12:48:54+00:00\" \/>\n<meta property=\"og:image\" content=\"https:\/\/amica.es\/es\/wp-content\/uploads\/2021\/02\/emponderamientomayores-scaled.jpg\" \/>\n\t<meta property=\"og:image:width\" content=\"2560\" \/>\n\t<meta property=\"og:image:height\" content=\"1920\" \/>\n\t<meta property=\"og:image:type\" content=\"image\/jpeg\" \/>\n<meta name=\"author\" content=\"Comunicaci\u00f3n Amica\" \/>\n<meta name=\"twitter:card\" content=\"summary_large_image\" \/>\n<meta name=\"twitter:creator\" content=\"@asociacionamica\" \/>\n<meta name=\"twitter:site\" content=\"@asociacionamica\" \/>\n<meta name=\"twitter:label1\" content=\"Escrito por\" \/>\n\t<meta name=\"twitter:data1\" content=\"Comunicaci\u00f3n Amica\" \/>\n\t<meta name=\"twitter:label2\" content=\"Tiempo de lectura\" \/>\n\t<meta name=\"twitter:data2\" content=\"1 minuto\" \/>\n<script type=\"application\/ld+json\" class=\"yoast-schema-graph\">{\"@context\":\"https:\/\/schema.org\",\"@graph\":[{\"@type\":\"Article\",\"@id\":\"https:\/\/amica.es\/es\/amica-participa-en-el-evento-digital-empoderamiento-de-las-personas-mayores-para-el-mundo-digital-a-traves-del-aprendizaje-intergeneracional-y-por-pares\/#article\",\"isPartOf\":{\"@id\":\"https:\/\/amica.es\/es\/amica-participa-en-el-evento-digital-empoderamiento-de-las-personas-mayores-para-el-mundo-digital-a-traves-del-aprendizaje-intergeneracional-y-por-pares\/\"},\"author\":{\"name\":\"Comunicaci\u00f3n Amica\",\"@id\":\"https:\/\/amica.es\/es\/#\/schema\/person\/f8237e904e02fbcd642619de8fb2aa7d\"},\"headline\":\"Amica participa en el evento &#8220;Empoderamiento de las personas mayores para el mundo digital a trav\u00e9s del aprendizaje intergeneracional y por pares&#8221;\",\"datePublished\":\"2021-02-10T12:48:54+00:00\",\"mainEntityOfPage\":{\"@id\":\"https:\/\/amica.es\/es\/amica-participa-en-el-evento-digital-empoderamiento-de-las-personas-mayores-para-el-mundo-digital-a-traves-del-aprendizaje-intergeneracional-y-por-pares\/\"},\"wordCount\":246,\"publisher\":{\"@id\":\"https:\/\/amica.es\/es\/#organization\"},\"image\":{\"@id\":\"https:\/\/amica.es\/es\/amica-participa-en-el-evento-digital-empoderamiento-de-las-personas-mayores-para-el-mundo-digital-a-traves-del-aprendizaje-intergeneracional-y-por-pares\/#primaryimage\"},\"thumbnailUrl\":\"https:\/\/amica.es\/es\/wp-content\/uploads\/2021\/02\/emponderamientomayores-scaled.jpg\",\"articleSection\":[\"Noticias\"],\"inLanguage\":\"es\"},{\"@type\":\"WebPage\",\"@id\":\"https:\/\/amica.es\/es\/amica-participa-en-el-evento-digital-empoderamiento-de-las-personas-mayores-para-el-mundo-digital-a-traves-del-aprendizaje-intergeneracional-y-por-pares\/\",\"url\":\"https:\/\/amica.es\/es\/amica-participa-en-el-evento-digital-empoderamiento-de-las-personas-mayores-para-el-mundo-digital-a-traves-del-aprendizaje-intergeneracional-y-por-pares\/\",\"name\":\"Amica participa en el evento \\\"Empoderamiento de las personas mayores para el mundo digital a trav\u00e9s del aprendizaje intergeneracional y por pares\\\" - Amica - Descubriendo Capacidades\",\"isPartOf\":{\"@id\":\"https:\/\/amica.es\/es\/#website\"},\"primaryImageOfPage\":{\"@id\":\"https:\/\/amica.es\/es\/amica-participa-en-el-evento-digital-empoderamiento-de-las-personas-mayores-para-el-mundo-digital-a-traves-del-aprendizaje-intergeneracional-y-por-pares\/#primaryimage\"},\"image\":{\"@id\":\"https:\/\/amica.es\/es\/amica-participa-en-el-evento-digital-empoderamiento-de-las-personas-mayores-para-el-mundo-digital-a-traves-del-aprendizaje-intergeneracional-y-por-pares\/#primaryimage\"},\"thumbnailUrl\":\"https:\/\/amica.es\/es\/wp-content\/uploads\/2021\/02\/emponderamientomayores-scaled.jpg\",\"datePublished\":\"2021-02-10T12:48:54+00:00\",\"breadcrumb\":{\"@id\":\"https:\/\/amica.es\/es\/amica-participa-en-el-evento-digital-empoderamiento-de-las-personas-mayores-para-el-mundo-digital-a-traves-del-aprendizaje-intergeneracional-y-por-pares\/#breadcrumb\"},\"inLanguage\":\"es\",\"potentialAction\":[{\"@type\":\"ReadAction\",\"target\":[\"https:\/\/amica.es\/es\/amica-participa-en-el-evento-digital-empoderamiento-de-las-personas-mayores-para-el-mundo-digital-a-traves-del-aprendizaje-intergeneracional-y-por-pares\/\"]}]},{\"@type\":\"ImageObject\",\"inLanguage\":\"es\",\"@id\":\"https:\/\/amica.es\/es\/amica-participa-en-el-evento-digital-empoderamiento-de-las-personas-mayores-para-el-mundo-digital-a-traves-del-aprendizaje-intergeneracional-y-por-pares\/#primaryimage\",\"url\":\"https:\/\/amica.es\/es\/wp-content\/uploads\/2021\/02\/emponderamientomayores-scaled.jpg\",\"contentUrl\":\"https:\/\/amica.es\/es\/wp-content\/uploads\/2021\/02\/emponderamientomayores-scaled.jpg\",\"width\":2560,\"height\":1920},{\"@type\":\"BreadcrumbList\",\"@id\":\"https:\/\/amica.es\/es\/amica-participa-en-el-evento-digital-empoderamiento-de-las-personas-mayores-para-el-mundo-digital-a-traves-del-aprendizaje-intergeneracional-y-por-pares\/#breadcrumb\",\"itemListElement\":[{\"@type\":\"ListItem\",\"position\":1,\"name\":\"Portada\",\"item\":\"https:\/\/amica.es\/es\/\"},{\"@type\":\"ListItem\",\"position\":2,\"name\":\"Amica participa en el evento &#8220;Empoderamiento de las personas mayores para el mundo digital a trav\u00e9s del aprendizaje intergeneracional y por pares&#8221;\"}]},{\"@type\":\"WebSite\",\"@id\":\"https:\/\/amica.es\/es\/#website\",\"url\":\"https:\/\/amica.es\/es\/\",\"name\":\"Amica - Descubriendo Capacidades\",\"description\":\"Apoyando a personas con discapacidad desde 1984\",\"publisher\":{\"@id\":\"https:\/\/amica.es\/es\/#organization\"},\"potentialAction\":[{\"@type\":\"SearchAction\",\"target\":{\"@type\":\"EntryPoint\",\"urlTemplate\":\"https:\/\/amica.es\/es\/?s={search_term_string}\"},\"query-input\":{\"@type\":\"PropertyValueSpecification\",\"valueRequired\":true,\"valueName\":\"search_term_string\"}}],\"inLanguage\":\"es\"},{\"@type\":\"Organization\",\"@id\":\"https:\/\/amica.es\/es\/#organization\",\"name\":\"Asociaci\u00f3n Amica\",\"url\":\"https:\/\/amica.es\/es\/\",\"logo\":{\"@type\":\"ImageObject\",\"inLanguage\":\"es\",\"@id\":\"https:\/\/amica.es\/es\/#\/schema\/logo\/image\/\",\"url\":\"https:\/\/amica.es\/es\/wp-content\/uploads\/2024\/07\/Amica-Logo.png\",\"contentUrl\":\"https:\/\/amica.es\/es\/wp-content\/uploads\/2024\/07\/Amica-Logo.png\",\"width\":1653,\"height\":577,\"caption\":\"Asociaci\u00f3n Amica\"},\"image\":{\"@id\":\"https:\/\/amica.es\/es\/#\/schema\/logo\/image\/\"},\"sameAs\":[\"https:\/\/www.facebook.com\/amicaasociacion\",\"https:\/\/x.com\/asociacionamica\",\"https:\/\/www.youtube.com\/c\/asociacionamicacantabria\",\"https:\/\/es.linkedin.com\/company\/asociacionamica?trk=similar-companies_org_title\",\"https:\/\/www.instagram.com\/asociacionamica\/\"]},{\"@type\":\"Person\",\"@id\":\"https:\/\/amica.es\/es\/#\/schema\/person\/f8237e904e02fbcd642619de8fb2aa7d\",\"name\":\"Comunicaci\u00f3n Amica\",\"image\":{\"@type\":\"ImageObject\",\"inLanguage\":\"es\",\"@id\":\"https:\/\/amica.es\/es\/#\/schema\/person\/image\/\",\"url\":\"https:\/\/secure.gravatar.com\/avatar\/fcf9b00947683a60bff763b288192c315e6cd2b260feccd77e02b66c69e70a1d?s=96&d=mm&r=g\",\"contentUrl\":\"https:\/\/secure.gravatar.com\/avatar\/fcf9b00947683a60bff763b288192c315e6cd2b260feccd77e02b66c69e70a1d?s=96&d=mm&r=g\",\"caption\":\"Comunicaci\u00f3n Amica\"},\"sameAs\":[\"http:\/\/www.amica.es\"],\"url\":\"https:\/\/amica.es\/es\/author\/comunicacion\/\"}]}<\/script>\n<!-- \/ Yoast SEO plugin. -->","yoast_head_json":{"title":"Amica participa en el evento \"Empoderamiento de las personas mayores para el mundo digital a trav\u00e9s del aprendizaje intergeneracional y por pares\" - Amica - Descubriendo Capacidades","robots":{"index":"index","follow":"follow","max-snippet":"max-snippet:-1","max-image-preview":"max-image-preview:large","max-video-preview":"max-video-preview:-1"},"canonical":"https:\/\/amica.es\/es\/amica-participa-en-el-evento-digital-empoderamiento-de-las-personas-mayores-para-el-mundo-digital-a-traves-del-aprendizaje-intergeneracional-y-por-pares\/","og_locale":"es_ES","og_type":"article","og_title":"Amica participa en el evento \"Empoderamiento de las personas mayores para el mundo digital a trav\u00e9s del aprendizaje intergeneracional y por pares\" - Amica - Descubriendo Capacidades","og_description":"Amica ha participado en el Evento Digital \u201cEmpoderamiento de las personas mayores para el mundo digital a trav\u00e9s del aprendizaje intergeneracional y por pares\u201d organizado por ALL DIGITAL y el Consorcio ICTskills4All. El objetivo de este encuentro ha sido poner en com\u00fan con profesionales de Europa y representantes de la Comisi\u00f3n Europea\u00a0 y del ParlamentoRead more","og_url":"https:\/\/amica.es\/es\/amica-participa-en-el-evento-digital-empoderamiento-de-las-personas-mayores-para-el-mundo-digital-a-traves-del-aprendizaje-intergeneracional-y-por-pares\/","og_site_name":"Amica - Descubriendo Capacidades","article_publisher":"https:\/\/www.facebook.com\/amicaasociacion","article_published_time":"2021-02-10T12:48:54+00:00","og_image":[{"width":2560,"height":1920,"url":"https:\/\/amica.es\/es\/wp-content\/uploads\/2021\/02\/emponderamientomayores-scaled.jpg","type":"image\/jpeg"}],"author":"Comunicaci\u00f3n Amica","twitter_card":"summary_large_image","twitter_creator":"@asociacionamica","twitter_site":"@asociacionamica","twitter_misc":{"Escrito por":"Comunicaci\u00f3n Amica","Tiempo de lectura":"1 minuto"},"schema":{"@context":"https:\/\/schema.org","@graph":[{"@type":"Article","@id":"https:\/\/amica.es\/es\/amica-participa-en-el-evento-digital-empoderamiento-de-las-personas-mayores-para-el-mundo-digital-a-traves-del-aprendizaje-intergeneracional-y-por-pares\/#article","isPartOf":{"@id":"https:\/\/amica.es\/es\/amica-participa-en-el-evento-digital-empoderamiento-de-las-personas-mayores-para-el-mundo-digital-a-traves-del-aprendizaje-intergeneracional-y-por-pares\/"},"author":{"name":"Comunicaci\u00f3n Amica","@id":"https:\/\/amica.es\/es\/#\/schema\/person\/f8237e904e02fbcd642619de8fb2aa7d"},"headline":"Amica participa en el evento &#8220;Empoderamiento de las personas mayores para el mundo digital a trav\u00e9s del aprendizaje intergeneracional y por pares&#8221;","datePublished":"2021-02-10T12:48:54+00:00","mainEntityOfPage":{"@id":"https:\/\/amica.es\/es\/amica-participa-en-el-evento-digital-empoderamiento-de-las-personas-mayores-para-el-mundo-digital-a-traves-del-aprendizaje-intergeneracional-y-por-pares\/"},"wordCount":246,"publisher":{"@id":"https:\/\/amica.es\/es\/#organization"},"image":{"@id":"https:\/\/amica.es\/es\/amica-participa-en-el-evento-digital-empoderamiento-de-las-personas-mayores-para-el-mundo-digital-a-traves-del-aprendizaje-intergeneracional-y-por-pares\/#primaryimage"},"thumbnailUrl":"https:\/\/amica.es\/es\/wp-content\/uploads\/2021\/02\/emponderamientomayores-scaled.jpg","articleSection":["Noticias"],"inLanguage":"es"},{"@type":"WebPage","@id":"https:\/\/amica.es\/es\/amica-participa-en-el-evento-digital-empoderamiento-de-las-personas-mayores-para-el-mundo-digital-a-traves-del-aprendizaje-intergeneracional-y-por-pares\/","url":"https:\/\/amica.es\/es\/amica-participa-en-el-evento-digital-empoderamiento-de-las-personas-mayores-para-el-mundo-digital-a-traves-del-aprendizaje-intergeneracional-y-por-pares\/","name":"Amica participa en el evento \"Empoderamiento de las personas mayores para el mundo digital a trav\u00e9s del aprendizaje intergeneracional y por pares\" - Amica - Descubriendo Capacidades","isPartOf":{"@id":"https:\/\/amica.es\/es\/#website"},"primaryImageOfPage":{"@id":"https:\/\/amica.es\/es\/amica-participa-en-el-evento-digital-empoderamiento-de-las-personas-mayores-para-el-mundo-digital-a-traves-del-aprendizaje-intergeneracional-y-por-pares\/#primaryimage"},"image":{"@id":"https:\/\/amica.es\/es\/amica-participa-en-el-evento-digital-empoderamiento-de-las-personas-mayores-para-el-mundo-digital-a-traves-del-aprendizaje-intergeneracional-y-por-pares\/#primaryimage"},"thumbnailUrl":"https:\/\/amica.es\/es\/wp-content\/uploads\/2021\/02\/emponderamientomayores-scaled.jpg","datePublished":"2021-02-10T12:48:54+00:00","breadcrumb":{"@id":"https:\/\/amica.es\/es\/amica-participa-en-el-evento-digital-empoderamiento-de-las-personas-mayores-para-el-mundo-digital-a-traves-del-aprendizaje-intergeneracional-y-por-pares\/#breadcrumb"},"inLanguage":"es","potentialAction":[{"@type":"ReadAction","target":["https:\/\/amica.es\/es\/amica-participa-en-el-evento-digital-empoderamiento-de-las-personas-mayores-para-el-mundo-digital-a-traves-del-aprendizaje-intergeneracional-y-por-pares\/"]}]},{"@type":"ImageObject","inLanguage":"es","@id":"https:\/\/amica.es\/es\/amica-participa-en-el-evento-digital-empoderamiento-de-las-personas-mayores-para-el-mundo-digital-a-traves-del-aprendizaje-intergeneracional-y-por-pares\/#primaryimage","url":"https:\/\/amica.es\/es\/wp-content\/uploads\/2021\/02\/emponderamientomayores-scaled.jpg","contentUrl":"https:\/\/amica.es\/es\/wp-content\/uploads\/2021\/02\/emponderamientomayores-scaled.jpg","width":2560,"height":1920},{"@type":"BreadcrumbList","@id":"https:\/\/amica.es\/es\/amica-participa-en-el-evento-digital-empoderamiento-de-las-personas-mayores-para-el-mundo-digital-a-traves-del-aprendizaje-intergeneracional-y-por-pares\/#breadcrumb","itemListElement":[{"@type":"ListItem","position":1,"name":"Portada","item":"https:\/\/amica.es\/es\/"},{"@type":"ListItem","position":2,"name":"Amica participa en el evento &#8220;Empoderamiento de las personas mayores para el mundo digital a trav\u00e9s del aprendizaje intergeneracional y por pares&#8221;"}]},{"@type":"WebSite","@id":"https:\/\/amica.es\/es\/#website","url":"https:\/\/amica.es\/es\/","name":"Amica - Descubriendo Capacidades","description":"Apoyando a personas con discapacidad desde 1984","publisher":{"@id":"https:\/\/amica.es\/es\/#organization"},"potentialAction":[{"@type":"SearchAction","target":{"@type":"EntryPoint","urlTemplate":"https:\/\/amica.es\/es\/?s={search_term_string}"},"query-input":{"@type":"PropertyValueSpecification","valueRequired":true,"valueName":"search_term_string"}}],"inLanguage":"es"},{"@type":"Organization","@id":"https:\/\/amica.es\/es\/#organization","name":"Asociaci\u00f3n Amica","url":"https:\/\/amica.es\/es\/","logo":{"@type":"ImageObject","inLanguage":"es","@id":"https:\/\/amica.es\/es\/#\/schema\/logo\/image\/","url":"https:\/\/amica.es\/es\/wp-content\/uploads\/2024\/07\/Amica-Logo.png","contentUrl":"https:\/\/amica.es\/es\/wp-content\/uploads\/2024\/07\/Amica-Logo.png","width":1653,"height":577,"caption":"Asociaci\u00f3n Amica"},"image":{"@id":"https:\/\/amica.es\/es\/#\/schema\/logo\/image\/"},"sameAs":["https:\/\/www.facebook.com\/amicaasociacion","https:\/\/x.com\/asociacionamica","https:\/\/www.youtube.com\/c\/asociacionamicacantabria","https:\/\/es.linkedin.com\/company\/asociacionamica?trk=similar-companies_org_title","https:\/\/www.instagram.com\/asociacionamica\/"]},{"@type":"Person","@id":"https:\/\/amica.es\/es\/#\/schema\/person\/f8237e904e02fbcd642619de8fb2aa7d","name":"Comunicaci\u00f3n Amica","image":{"@type":"ImageObject","inLanguage":"es","@id":"https:\/\/amica.es\/es\/#\/schema\/person\/image\/","url":"https:\/\/secure.gravatar.com\/avatar\/fcf9b00947683a60bff763b288192c315e6cd2b260feccd77e02b66c69e70a1d?s=96&d=mm&r=g","contentUrl":"https:\/\/secure.gravatar.com\/avatar\/fcf9b00947683a60bff763b288192c315e6cd2b260feccd77e02b66c69e70a1d?s=96&d=mm&r=g","caption":"Comunicaci\u00f3n Amica"},"sameAs":["http:\/\/www.amica.es"],"url":"https:\/\/amica.es\/es\/author\/comunicacion\/"}]}},"_links":{"self":[{"href":"https:\/\/amica.es\/es\/wp-json\/wp\/v2\/posts\/10683","targetHints":{"allow":["GET"]}}],"collection":[{"href":"https:\/\/amica.es\/es\/wp-json\/wp\/v2\/posts"}],"about":[{"href":"https:\/\/amica.es\/es\/wp-json\/wp\/v2\/types\/post"}],"author":[{"embeddable":true,"href":"https:\/\/amica.es\/es\/wp-json\/wp\/v2\/users\/10"}],"replies":[{"embeddable":true,"href":"https:\/\/amica.es\/es\/wp-json\/wp\/v2\/comments?post=10683"}],"version-history":[{"count":2,"href":"https:\/\/amica.es\/es\/wp-json\/wp\/v2\/posts\/10683\/revisions"}],"predecessor-version":[{"id":10696,"href":"https:\/\/amica.es\/es\/wp-json\/wp\/v2\/posts\/10683\/revisions\/10696"}],"wp:featuredmedia":[{"embeddable":true,"href":"https:\/\/amica.es\/es\/wp-json\/wp\/v2\/media\/10684"}],"wp:attachment":[{"href":"https:\/\/amica.es\/es\/wp-json\/wp\/v2\/media?parent=10683"}],"wp:term":[{"taxonomy":"category","embeddable":true,"href":"https:\/\/amica.es\/es\/wp-json\/wp\/v2\/categories?post=10683"},{"taxonomy":"post_tag","embeddable":true,"href":"https:\/\/amica.es\/es\/wp-json\/wp\/v2\/tags?post=10683"}],"curies":[{"name":"wp","href":"https:\/\/api.w.org\/{rel}","templated":true}]}}