{"id":10817,"date":"2021-02-22T14:21:56","date_gmt":"2021-02-22T12:21:56","guid":{"rendered":"https:\/\/amica.es\/es\/?p=10817"},"modified":"2021-02-22T14:21:56","modified_gmt":"2021-02-22T12:21:56","slug":"22-de-febrero-dia-de-la-igualdad-salarial-2","status":"publish","type":"post","link":"https:\/\/amica.es\/es\/22-de-febrero-dia-de-la-igualdad-salarial-2\/","title":{"rendered":"22 de febrero. D\u00eda de la Igualdad Salarial"},"content":{"rendered":"<p><strong><a href=\"https:\/\/www.un.org\/sustainabledevelopment\/es\/economic-growth\/\">Objetivo 8 de los Objetivos para el Desarrollo Sostenible<\/a>: Promover el crecimiento econ\u00f3mico inclusivo y sostenible, el empleo y el trabajo decente para todos<\/strong><\/p>\n<p>El \u00faltimo\u00a0<a href=\"https:\/\/www.ilo.org\/global\/research\/global-reports\/global-wage-report\/WCMS_650653\/lang--es\/index.htm\"><em>Informe Mundial sobre Salarios de la OIT<\/em><em>2020-2021<\/em>\u00a0<\/a>(Organizaci\u00f3n Internacional del Trabajo),\u00a0constata que, si bien el crecimiento mundial del salario ha sido d\u00e9bil, las diferencias de remuneraci\u00f3n entre hombres y mujeres, <strong>de alrededor 20 por ciento a escala mundial<\/strong>, siguen siendo inaceptablemente altas.<\/p>\n<p>El salario de la mujer y personas peor remuneradas se ha visto particularmente afectado por la crisis del Covid-19, aunque la crisis no ha afectado del mismo modo a todos las personas trabajadoras.<\/p>\n<p>De las estimaciones basadas en una muestra de 28 pa\u00edses europeos se desprende que, sin los subsidios que han surgido de ayuda en estos pa\u00edses, en el segundo trimestre de 2020 la p\u00e9rdida salarial para las mujeres hubiera sido del 8,1 % frente al 5,4% para los hombres.<\/p>\n<p>Este d\u00eda 22 de febrero, nos sirva para reflexionar sobre esta realidad mundial y seguir luchando por conseguir que percibir el mismo salario por trabajo del mismo valor, cada vez est\u00e9 mas cerca.<\/p>\n<p><img loading=\"lazy\" decoding=\"async\" class=\"size-medium wp-image-10819 aligncenter\" src=\"https:\/\/amica.es\/es\/wp-content\/uploads\/2021\/02\/ods_8_es-300x300.png\" alt=\"\" width=\"300\" height=\"300\" \/><\/p>\n","protected":false},"excerpt":{"rendered":"<p>Objetivo 8 de los Objetivos para el Desarrollo Sostenible: Promover el crecimiento econ\u00f3mico inclusivo y sostenible, el empleo y el trabajo decente para todos El \u00faltimo\u00a0Informe Mundial sobre Salarios de la OIT2020-2021\u00a0(Organizaci\u00f3n Internacional del Trabajo),\u00a0constata que, si bien el crecimiento mundial del salario ha sido d\u00e9bil, las diferencias de remuneraci\u00f3n entre hombres y mujeres, de<br \/><a href=\"https:\/\/amica.es\/es\/22-de-febrero-dia-de-la-igualdad-salarial-2\/\" class=\"more\">Read more<\/a><\/p>\n","protected":false},"author":10,"featured_media":10819,"comment_status":"closed","ping_status":"open","sticky":false,"template":"","format":"standard","meta":{"_monsterinsights_skip_tracking":false,"_monsterinsights_sitenote_active":false,"_monsterinsights_sitenote_note":"","_monsterinsights_sitenote_category":0,"_joinchat":[],"footnotes":""},"categories":[27],"tags":[],"class_list":["post-10817","post","type-post","status-publish","format-standard","has-post-thumbnail","hentry","category-noticias-categoria"],"yoast_head":"<!-- This site is optimized with the Yoast SEO plugin v25.6 - https:\/\/yoast.com\/wordpress\/plugins\/seo\/ -->\n<title>22 de febrero. D\u00eda de la Igualdad Salarial - Amica - Descubriendo Capacidades<\/title>\n<meta name=\"robots\" content=\"index, follow, max-snippet:-1, max-image-preview:large, max-video-preview:-1\" \/>\n<link rel=\"canonical\" href=\"https:\/\/amica.es\/es\/22-de-febrero-dia-de-la-igualdad-salarial-2\/\" \/>\n<meta property=\"og:locale\" content=\"es_ES\" \/>\n<meta property=\"og:type\" content=\"article\" \/>\n<meta property=\"og:title\" content=\"22 de febrero. D\u00eda de la Igualdad Salarial - Amica - Descubriendo Capacidades\" \/>\n<meta property=\"og:description\" content=\"Objetivo 8 de los Objetivos para el Desarrollo Sostenible: Promover el crecimiento econ\u00f3mico inclusivo y sostenible, el empleo y el trabajo decente para todos El \u00faltimo\u00a0Informe Mundial sobre Salarios de la OIT2020-2021\u00a0(Organizaci\u00f3n Internacional del Trabajo),\u00a0constata que, si bien el crecimiento mundial del salario ha sido d\u00e9bil, las diferencias de remuneraci\u00f3n entre hombres y mujeres, deRead more\" \/>\n<meta property=\"og:url\" content=\"https:\/\/amica.es\/es\/22-de-febrero-dia-de-la-igualdad-salarial-2\/\" \/>\n<meta property=\"og:site_name\" content=\"Amica - Descubriendo Capacidades\" \/>\n<meta property=\"article:publisher\" content=\"https:\/\/www.facebook.com\/amicaasociacion\" \/>\n<meta property=\"article:published_time\" content=\"2021-02-22T12:21:56+00:00\" \/>\n<meta property=\"og:image\" content=\"https:\/\/amica.es\/es\/wp-content\/uploads\/2021\/02\/ods_8_es.png\" \/>\n\t<meta property=\"og:image:width\" content=\"1500\" \/>\n\t<meta property=\"og:image:height\" content=\"1500\" \/>\n\t<meta property=\"og:image:type\" content=\"image\/png\" \/>\n<meta name=\"author\" content=\"Comunicaci\u00f3n Amica\" \/>\n<meta name=\"twitter:card\" content=\"summary_large_image\" \/>\n<meta name=\"twitter:creator\" content=\"@asociacionamica\" \/>\n<meta name=\"twitter:site\" content=\"@asociacionamica\" \/>\n<meta name=\"twitter:label1\" content=\"Escrito por\" \/>\n\t<meta name=\"twitter:data1\" content=\"Comunicaci\u00f3n Amica\" \/>\n\t<meta name=\"twitter:label2\" content=\"Tiempo de lectura\" \/>\n\t<meta name=\"twitter:data2\" content=\"1 minuto\" \/>\n<script type=\"application\/ld+json\" class=\"yoast-schema-graph\">{\"@context\":\"https:\/\/schema.org\",\"@graph\":[{\"@type\":\"Article\",\"@id\":\"https:\/\/amica.es\/es\/22-de-febrero-dia-de-la-igualdad-salarial-2\/#article\",\"isPartOf\":{\"@id\":\"https:\/\/amica.es\/es\/22-de-febrero-dia-de-la-igualdad-salarial-2\/\"},\"author\":{\"name\":\"Comunicaci\u00f3n Amica\",\"@id\":\"https:\/\/amica.es\/es\/#\/schema\/person\/f8237e904e02fbcd642619de8fb2aa7d\"},\"headline\":\"22 de febrero. D\u00eda de la Igualdad Salarial\",\"datePublished\":\"2021-02-22T12:21:56+00:00\",\"mainEntityOfPage\":{\"@id\":\"https:\/\/amica.es\/es\/22-de-febrero-dia-de-la-igualdad-salarial-2\/\"},\"wordCount\":192,\"publisher\":{\"@id\":\"https:\/\/amica.es\/es\/#organization\"},\"image\":{\"@id\":\"https:\/\/amica.es\/es\/22-de-febrero-dia-de-la-igualdad-salarial-2\/#primaryimage\"},\"thumbnailUrl\":\"https:\/\/amica.es\/es\/wp-content\/uploads\/2021\/02\/ods_8_es.png\",\"articleSection\":[\"Noticias\"],\"inLanguage\":\"es\"},{\"@type\":\"WebPage\",\"@id\":\"https:\/\/amica.es\/es\/22-de-febrero-dia-de-la-igualdad-salarial-2\/\",\"url\":\"https:\/\/amica.es\/es\/22-de-febrero-dia-de-la-igualdad-salarial-2\/\",\"name\":\"22 de febrero. D\u00eda de la Igualdad Salarial - Amica - Descubriendo Capacidades\",\"isPartOf\":{\"@id\":\"https:\/\/amica.es\/es\/#website\"},\"primaryImageOfPage\":{\"@id\":\"https:\/\/amica.es\/es\/22-de-febrero-dia-de-la-igualdad-salarial-2\/#primaryimage\"},\"image\":{\"@id\":\"https:\/\/amica.es\/es\/22-de-febrero-dia-de-la-igualdad-salarial-2\/#primaryimage\"},\"thumbnailUrl\":\"https:\/\/amica.es\/es\/wp-content\/uploads\/2021\/02\/ods_8_es.png\",\"datePublished\":\"2021-02-22T12:21:56+00:00\",\"breadcrumb\":{\"@id\":\"https:\/\/amica.es\/es\/22-de-febrero-dia-de-la-igualdad-salarial-2\/#breadcrumb\"},\"inLanguage\":\"es\",\"potentialAction\":[{\"@type\":\"ReadAction\",\"target\":[\"https:\/\/amica.es\/es\/22-de-febrero-dia-de-la-igualdad-salarial-2\/\"]}]},{\"@type\":\"ImageObject\",\"inLanguage\":\"es\",\"@id\":\"https:\/\/amica.es\/es\/22-de-febrero-dia-de-la-igualdad-salarial-2\/#primaryimage\",\"url\":\"https:\/\/amica.es\/es\/wp-content\/uploads\/2021\/02\/ods_8_es.png\",\"contentUrl\":\"https:\/\/amica.es\/es\/wp-content\/uploads\/2021\/02\/ods_8_es.png\",\"width\":1500,\"height\":1500},{\"@type\":\"BreadcrumbList\",\"@id\":\"https:\/\/amica.es\/es\/22-de-febrero-dia-de-la-igualdad-salarial-2\/#breadcrumb\",\"itemListElement\":[{\"@type\":\"ListItem\",\"position\":1,\"name\":\"Portada\",\"item\":\"https:\/\/amica.es\/es\/\"},{\"@type\":\"ListItem\",\"position\":2,\"name\":\"22 de febrero. D\u00eda de la Igualdad Salarial\"}]},{\"@type\":\"WebSite\",\"@id\":\"https:\/\/amica.es\/es\/#website\",\"url\":\"https:\/\/amica.es\/es\/\",\"name\":\"Amica - Descubriendo Capacidades\",\"description\":\"Apoyando a personas con discapacidad desde 1984\",\"publisher\":{\"@id\":\"https:\/\/amica.es\/es\/#organization\"},\"potentialAction\":[{\"@type\":\"SearchAction\",\"target\":{\"@type\":\"EntryPoint\",\"urlTemplate\":\"https:\/\/amica.es\/es\/?s={search_term_string}\"},\"query-input\":{\"@type\":\"PropertyValueSpecification\",\"valueRequired\":true,\"valueName\":\"search_term_string\"}}],\"inLanguage\":\"es\"},{\"@type\":\"Organization\",\"@id\":\"https:\/\/amica.es\/es\/#organization\",\"name\":\"Asociaci\u00f3n Amica\",\"url\":\"https:\/\/amica.es\/es\/\",\"logo\":{\"@type\":\"ImageObject\",\"inLanguage\":\"es\",\"@id\":\"https:\/\/amica.es\/es\/#\/schema\/logo\/image\/\",\"url\":\"https:\/\/amica.es\/es\/wp-content\/uploads\/2024\/07\/Amica-Logo.png\",\"contentUrl\":\"https:\/\/amica.es\/es\/wp-content\/uploads\/2024\/07\/Amica-Logo.png\",\"width\":1653,\"height\":577,\"caption\":\"Asociaci\u00f3n Amica\"},\"image\":{\"@id\":\"https:\/\/amica.es\/es\/#\/schema\/logo\/image\/\"},\"sameAs\":[\"https:\/\/www.facebook.com\/amicaasociacion\",\"https:\/\/x.com\/asociacionamica\",\"https:\/\/www.youtube.com\/c\/asociacionamicacantabria\",\"https:\/\/es.linkedin.com\/company\/asociacionamica?trk=similar-companies_org_title\",\"https:\/\/www.instagram.com\/asociacionamica\/\"]},{\"@type\":\"Person\",\"@id\":\"https:\/\/amica.es\/es\/#\/schema\/person\/f8237e904e02fbcd642619de8fb2aa7d\",\"name\":\"Comunicaci\u00f3n Amica\",\"image\":{\"@type\":\"ImageObject\",\"inLanguage\":\"es\",\"@id\":\"https:\/\/amica.es\/es\/#\/schema\/person\/image\/\",\"url\":\"https:\/\/secure.gravatar.com\/avatar\/fcf9b00947683a60bff763b288192c315e6cd2b260feccd77e02b66c69e70a1d?s=96&d=mm&r=g\",\"contentUrl\":\"https:\/\/secure.gravatar.com\/avatar\/fcf9b00947683a60bff763b288192c315e6cd2b260feccd77e02b66c69e70a1d?s=96&d=mm&r=g\",\"caption\":\"Comunicaci\u00f3n Amica\"},\"sameAs\":[\"http:\/\/www.amica.es\"],\"url\":\"https:\/\/amica.es\/es\/author\/comunicacion\/\"}]}<\/script>\n<!-- \/ Yoast SEO plugin. -->","yoast_head_json":{"title":"22 de febrero. D\u00eda de la Igualdad Salarial - Amica - Descubriendo Capacidades","robots":{"index":"index","follow":"follow","max-snippet":"max-snippet:-1","max-image-preview":"max-image-preview:large","max-video-preview":"max-video-preview:-1"},"canonical":"https:\/\/amica.es\/es\/22-de-febrero-dia-de-la-igualdad-salarial-2\/","og_locale":"es_ES","og_type":"article","og_title":"22 de febrero. D\u00eda de la Igualdad Salarial - Amica - Descubriendo Capacidades","og_description":"Objetivo 8 de los Objetivos para el Desarrollo Sostenible: Promover el crecimiento econ\u00f3mico inclusivo y sostenible, el empleo y el trabajo decente para todos El \u00faltimo\u00a0Informe Mundial sobre Salarios de la OIT2020-2021\u00a0(Organizaci\u00f3n Internacional del Trabajo),\u00a0constata que, si bien el crecimiento mundial del salario ha sido d\u00e9bil, las diferencias de remuneraci\u00f3n entre hombres y mujeres, deRead more","og_url":"https:\/\/amica.es\/es\/22-de-febrero-dia-de-la-igualdad-salarial-2\/","og_site_name":"Amica - Descubriendo Capacidades","article_publisher":"https:\/\/www.facebook.com\/amicaasociacion","article_published_time":"2021-02-22T12:21:56+00:00","og_image":[{"width":1500,"height":1500,"url":"https:\/\/amica.es\/es\/wp-content\/uploads\/2021\/02\/ods_8_es.png","type":"image\/png"}],"author":"Comunicaci\u00f3n Amica","twitter_card":"summary_large_image","twitter_creator":"@asociacionamica","twitter_site":"@asociacionamica","twitter_misc":{"Escrito por":"Comunicaci\u00f3n Amica","Tiempo de lectura":"1 minuto"},"schema":{"@context":"https:\/\/schema.org","@graph":[{"@type":"Article","@id":"https:\/\/amica.es\/es\/22-de-febrero-dia-de-la-igualdad-salarial-2\/#article","isPartOf":{"@id":"https:\/\/amica.es\/es\/22-de-febrero-dia-de-la-igualdad-salarial-2\/"},"author":{"name":"Comunicaci\u00f3n Amica","@id":"https:\/\/amica.es\/es\/#\/schema\/person\/f8237e904e02fbcd642619de8fb2aa7d"},"headline":"22 de febrero. D\u00eda de la Igualdad Salarial","datePublished":"2021-02-22T12:21:56+00:00","mainEntityOfPage":{"@id":"https:\/\/amica.es\/es\/22-de-febrero-dia-de-la-igualdad-salarial-2\/"},"wordCount":192,"publisher":{"@id":"https:\/\/amica.es\/es\/#organization"},"image":{"@id":"https:\/\/amica.es\/es\/22-de-febrero-dia-de-la-igualdad-salarial-2\/#primaryimage"},"thumbnailUrl":"https:\/\/amica.es\/es\/wp-content\/uploads\/2021\/02\/ods_8_es.png","articleSection":["Noticias"],"inLanguage":"es"},{"@type":"WebPage","@id":"https:\/\/amica.es\/es\/22-de-febrero-dia-de-la-igualdad-salarial-2\/","url":"https:\/\/amica.es\/es\/22-de-febrero-dia-de-la-igualdad-salarial-2\/","name":"22 de febrero. D\u00eda de la Igualdad Salarial - Amica - Descubriendo Capacidades","isPartOf":{"@id":"https:\/\/amica.es\/es\/#website"},"primaryImageOfPage":{"@id":"https:\/\/amica.es\/es\/22-de-febrero-dia-de-la-igualdad-salarial-2\/#primaryimage"},"image":{"@id":"https:\/\/amica.es\/es\/22-de-febrero-dia-de-la-igualdad-salarial-2\/#primaryimage"},"thumbnailUrl":"https:\/\/amica.es\/es\/wp-content\/uploads\/2021\/02\/ods_8_es.png","datePublished":"2021-02-22T12:21:56+00:00","breadcrumb":{"@id":"https:\/\/amica.es\/es\/22-de-febrero-dia-de-la-igualdad-salarial-2\/#breadcrumb"},"inLanguage":"es","potentialAction":[{"@type":"ReadAction","target":["https:\/\/amica.es\/es\/22-de-febrero-dia-de-la-igualdad-salarial-2\/"]}]},{"@type":"ImageObject","inLanguage":"es","@id":"https:\/\/amica.es\/es\/22-de-febrero-dia-de-la-igualdad-salarial-2\/#primaryimage","url":"https:\/\/amica.es\/es\/wp-content\/uploads\/2021\/02\/ods_8_es.png","contentUrl":"https:\/\/amica.es\/es\/wp-content\/uploads\/2021\/02\/ods_8_es.png","width":1500,"height":1500},{"@type":"BreadcrumbList","@id":"https:\/\/amica.es\/es\/22-de-febrero-dia-de-la-igualdad-salarial-2\/#breadcrumb","itemListElement":[{"@type":"ListItem","position":1,"name":"Portada","item":"https:\/\/amica.es\/es\/"},{"@type":"ListItem","position":2,"name":"22 de febrero. D\u00eda de la Igualdad Salarial"}]},{"@type":"WebSite","@id":"https:\/\/amica.es\/es\/#website","url":"https:\/\/amica.es\/es\/","name":"Amica - Descubriendo Capacidades","description":"Apoyando a personas con discapacidad desde 1984","publisher":{"@id":"https:\/\/amica.es\/es\/#organization"},"potentialAction":[{"@type":"SearchAction","target":{"@type":"EntryPoint","urlTemplate":"https:\/\/amica.es\/es\/?s={search_term_string}"},"query-input":{"@type":"PropertyValueSpecification","valueRequired":true,"valueName":"search_term_string"}}],"inLanguage":"es"},{"@type":"Organization","@id":"https:\/\/amica.es\/es\/#organization","name":"Asociaci\u00f3n Amica","url":"https:\/\/amica.es\/es\/","logo":{"@type":"ImageObject","inLanguage":"es","@id":"https:\/\/amica.es\/es\/#\/schema\/logo\/image\/","url":"https:\/\/amica.es\/es\/wp-content\/uploads\/2024\/07\/Amica-Logo.png","contentUrl":"https:\/\/amica.es\/es\/wp-content\/uploads\/2024\/07\/Amica-Logo.png","width":1653,"height":577,"caption":"Asociaci\u00f3n Amica"},"image":{"@id":"https:\/\/amica.es\/es\/#\/schema\/logo\/image\/"},"sameAs":["https:\/\/www.facebook.com\/amicaasociacion","https:\/\/x.com\/asociacionamica","https:\/\/www.youtube.com\/c\/asociacionamicacantabria","https:\/\/es.linkedin.com\/company\/asociacionamica?trk=similar-companies_org_title","https:\/\/www.instagram.com\/asociacionamica\/"]},{"@type":"Person","@id":"https:\/\/amica.es\/es\/#\/schema\/person\/f8237e904e02fbcd642619de8fb2aa7d","name":"Comunicaci\u00f3n Amica","image":{"@type":"ImageObject","inLanguage":"es","@id":"https:\/\/amica.es\/es\/#\/schema\/person\/image\/","url":"https:\/\/secure.gravatar.com\/avatar\/fcf9b00947683a60bff763b288192c315e6cd2b260feccd77e02b66c69e70a1d?s=96&d=mm&r=g","contentUrl":"https:\/\/secure.gravatar.com\/avatar\/fcf9b00947683a60bff763b288192c315e6cd2b260feccd77e02b66c69e70a1d?s=96&d=mm&r=g","caption":"Comunicaci\u00f3n Amica"},"sameAs":["http:\/\/www.amica.es"],"url":"https:\/\/amica.es\/es\/author\/comunicacion\/"}]}},"_links":{"self":[{"href":"https:\/\/amica.es\/es\/wp-json\/wp\/v2\/posts\/10817","targetHints":{"allow":["GET"]}}],"collection":[{"href":"https:\/\/amica.es\/es\/wp-json\/wp\/v2\/posts"}],"about":[{"href":"https:\/\/amica.es\/es\/wp-json\/wp\/v2\/types\/post"}],"author":[{"embeddable":true,"href":"https:\/\/amica.es\/es\/wp-json\/wp\/v2\/users\/10"}],"replies":[{"embeddable":true,"href":"https:\/\/amica.es\/es\/wp-json\/wp\/v2\/comments?post=10817"}],"version-history":[{"count":3,"href":"https:\/\/amica.es\/es\/wp-json\/wp\/v2\/posts\/10817\/revisions"}],"predecessor-version":[{"id":10832,"href":"https:\/\/amica.es\/es\/wp-json\/wp\/v2\/posts\/10817\/revisions\/10832"}],"wp:featuredmedia":[{"embeddable":true,"href":"https:\/\/amica.es\/es\/wp-json\/wp\/v2\/media\/10819"}],"wp:attachment":[{"href":"https:\/\/amica.es\/es\/wp-json\/wp\/v2\/media?parent=10817"}],"wp:term":[{"taxonomy":"category","embeddable":true,"href":"https:\/\/amica.es\/es\/wp-json\/wp\/v2\/categories?post=10817"},{"taxonomy":"post_tag","embeddable":true,"href":"https:\/\/amica.es\/es\/wp-json\/wp\/v2\/tags?post=10817"}],"curies":[{"name":"wp","href":"https:\/\/api.w.org\/{rel}","templated":true}]}}