{"id":10821,"date":"2021-02-22T14:15:48","date_gmt":"2021-02-22T12:15:48","guid":{"rendered":"https:\/\/amica.es\/es\/?p=10821"},"modified":"2021-02-22T14:15:48","modified_gmt":"2021-02-22T12:15:48","slug":"10821-2","status":"publish","type":"post","link":"https:\/\/amica.es\/es\/10821-2\/","title":{"rendered":"Es f\u00e1cil facilitar el trabajo de reciclaje si todos colaboramos"},"content":{"rendered":"<p>Si eres de los que se enfada cada vez que va a tirar la basura al contenedor porque no le cabe la bolsa por el agujero y se marcha jurando que no volver\u00e1 a reciclar, quiz\u00e1 te interese \u00a0leer esto:<\/p>\n<p>El di\u00e1metro del orificio de los contenedores de recogida selectiva no est\u00e1 hecho para que te desesperes intentando meter tu bolsa por el agujero, sino para evitar que se tiren residuos no dom\u00e9sticos que no pertenecen a esos contenedores y que causan muchos problemas en la cadena posterior de reciclaje.<\/p>\n<p>Aun as\u00ed hay gente muy \u201cingeniosa\u201d que consigue tirar sus residuos y meter cosas mucho m\u00e1s voluminosas como: animales muertos, defensas de coches, piscinas, sombrillas, \u00e1rboles de navidad, mesas, alfombras, etc. Os recordamos que los Ayuntamientos tienen un servicio de recogida de objetos voluminosos y\u00a0 tambi\u00e9n que est\u00e1n los puntos limpios para este tipo de residuos.<\/p>\n<p>Si a ti te parece un incordio meter una\u00a0 bolsa por un agujero imag\u00ednate el problema y el esfuerzo que les supone a los trabajadores y trabajadoras del centro de clasificaci\u00f3n el desatascar continuamente las maquinas porque alguien ha tirado una mesa de camping, o lo desagradable de ver pasar animales muertos por una cinta y los parones continuos en la producci\u00f3n que se generan. Te damos unos consejos para que no te pelees con el orificio de los contenedores:<\/p>\n<ul>\n<li>\n<h4>Usa bolsas de tama\u00f1o medio<\/h4>\n<\/li>\n<li>\n<h4>Pliega las cajas de cart\u00f3n, pis\u00e1ndolas, por ejemplo.<\/h4>\n<\/li>\n<\/ul>\n<p>Y como una imagen vale m\u00e1s que mil palabras os dejamos una foto de nuestro d\u00eda a d\u00eda en el centro de clasificaci\u00f3n de envases.<\/p>\n<p><img loading=\"lazy\" decoding=\"async\" class=\"size-medium wp-image-10822 aligncenter\" src=\"https:\/\/amica.es\/es\/wp-content\/uploads\/2021\/02\/Jaula-impropios-278x300.jpg\" alt=\"\" width=\"278\" height=\"300\" \/><\/p>\n","protected":false},"excerpt":{"rendered":"<p>Si eres de los que se enfada cada vez que va a tirar la basura al contenedor porque no le cabe la bolsa por el agujero y se marcha jurando que no volver\u00e1 a reciclar, quiz\u00e1 te interese \u00a0leer esto: El di\u00e1metro del orificio de los contenedores de recogida selectiva no est\u00e1 hecho para que<br \/><a href=\"https:\/\/amica.es\/es\/10821-2\/\" class=\"more\">Read more<\/a><\/p>\n","protected":false},"author":10,"featured_media":10822,"comment_status":"closed","ping_status":"open","sticky":false,"template":"","format":"standard","meta":{"_monsterinsights_skip_tracking":false,"_monsterinsights_sitenote_active":false,"_monsterinsights_sitenote_note":"","_monsterinsights_sitenote_category":0,"_joinchat":[],"footnotes":""},"categories":[27],"tags":[],"class_list":["post-10821","post","type-post","status-publish","format-standard","has-post-thumbnail","hentry","category-noticias-categoria"],"yoast_head":"<!-- This site is optimized with the Yoast SEO plugin v25.6 - https:\/\/yoast.com\/wordpress\/plugins\/seo\/ -->\n<title>Es f\u00e1cil facilitar el trabajo de reciclaje si todos colaboramos - Amica - Descubriendo Capacidades<\/title>\n<meta name=\"robots\" content=\"index, follow, max-snippet:-1, max-image-preview:large, max-video-preview:-1\" \/>\n<link rel=\"canonical\" href=\"https:\/\/amica.es\/es\/10821-2\/\" \/>\n<meta property=\"og:locale\" content=\"es_ES\" \/>\n<meta property=\"og:type\" content=\"article\" \/>\n<meta property=\"og:title\" content=\"Es f\u00e1cil facilitar el trabajo de reciclaje si todos colaboramos - Amica - Descubriendo Capacidades\" \/>\n<meta property=\"og:description\" content=\"Si eres de los que se enfada cada vez que va a tirar la basura al contenedor porque no le cabe la bolsa por el agujero y se marcha jurando que no volver\u00e1 a reciclar, quiz\u00e1 te interese \u00a0leer esto: El di\u00e1metro del orificio de los contenedores de recogida selectiva no est\u00e1 hecho para queRead more\" \/>\n<meta property=\"og:url\" content=\"https:\/\/amica.es\/es\/10821-2\/\" \/>\n<meta property=\"og:site_name\" content=\"Amica - Descubriendo Capacidades\" \/>\n<meta property=\"article:publisher\" content=\"https:\/\/www.facebook.com\/amicaasociacion\" \/>\n<meta property=\"article:published_time\" content=\"2021-02-22T12:15:48+00:00\" \/>\n<meta property=\"og:image\" content=\"https:\/\/amica.es\/es\/wp-content\/uploads\/2021\/02\/Jaula-impropios.jpg\" \/>\n\t<meta property=\"og:image:width\" content=\"777\" \/>\n\t<meta property=\"og:image:height\" content=\"837\" \/>\n\t<meta property=\"og:image:type\" content=\"image\/jpeg\" \/>\n<meta name=\"author\" content=\"Comunicaci\u00f3n Amica\" \/>\n<meta name=\"twitter:card\" content=\"summary_large_image\" \/>\n<meta name=\"twitter:creator\" content=\"@asociacionamica\" \/>\n<meta name=\"twitter:site\" content=\"@asociacionamica\" \/>\n<meta name=\"twitter:label1\" content=\"Escrito por\" \/>\n\t<meta name=\"twitter:data1\" content=\"Comunicaci\u00f3n Amica\" \/>\n\t<meta name=\"twitter:label2\" content=\"Tiempo de lectura\" \/>\n\t<meta name=\"twitter:data2\" content=\"1 minuto\" \/>\n<script type=\"application\/ld+json\" class=\"yoast-schema-graph\">{\"@context\":\"https:\/\/schema.org\",\"@graph\":[{\"@type\":\"Article\",\"@id\":\"https:\/\/amica.es\/es\/10821-2\/#article\",\"isPartOf\":{\"@id\":\"https:\/\/amica.es\/es\/10821-2\/\"},\"author\":{\"name\":\"Comunicaci\u00f3n Amica\",\"@id\":\"https:\/\/amica.es\/es\/#\/schema\/person\/f8237e904e02fbcd642619de8fb2aa7d\"},\"headline\":\"Es f\u00e1cil facilitar el trabajo de reciclaje si todos colaboramos\",\"datePublished\":\"2021-02-22T12:15:48+00:00\",\"mainEntityOfPage\":{\"@id\":\"https:\/\/amica.es\/es\/10821-2\/\"},\"wordCount\":290,\"publisher\":{\"@id\":\"https:\/\/amica.es\/es\/#organization\"},\"image\":{\"@id\":\"https:\/\/amica.es\/es\/10821-2\/#primaryimage\"},\"thumbnailUrl\":\"https:\/\/amica.es\/es\/wp-content\/uploads\/2021\/02\/Jaula-impropios.jpg\",\"articleSection\":[\"Noticias\"],\"inLanguage\":\"es\"},{\"@type\":\"WebPage\",\"@id\":\"https:\/\/amica.es\/es\/10821-2\/\",\"url\":\"https:\/\/amica.es\/es\/10821-2\/\",\"name\":\"Es f\u00e1cil facilitar el trabajo de reciclaje si todos colaboramos - Amica - Descubriendo Capacidades\",\"isPartOf\":{\"@id\":\"https:\/\/amica.es\/es\/#website\"},\"primaryImageOfPage\":{\"@id\":\"https:\/\/amica.es\/es\/10821-2\/#primaryimage\"},\"image\":{\"@id\":\"https:\/\/amica.es\/es\/10821-2\/#primaryimage\"},\"thumbnailUrl\":\"https:\/\/amica.es\/es\/wp-content\/uploads\/2021\/02\/Jaula-impropios.jpg\",\"datePublished\":\"2021-02-22T12:15:48+00:00\",\"breadcrumb\":{\"@id\":\"https:\/\/amica.es\/es\/10821-2\/#breadcrumb\"},\"inLanguage\":\"es\",\"potentialAction\":[{\"@type\":\"ReadAction\",\"target\":[\"https:\/\/amica.es\/es\/10821-2\/\"]}]},{\"@type\":\"ImageObject\",\"inLanguage\":\"es\",\"@id\":\"https:\/\/amica.es\/es\/10821-2\/#primaryimage\",\"url\":\"https:\/\/amica.es\/es\/wp-content\/uploads\/2021\/02\/Jaula-impropios.jpg\",\"contentUrl\":\"https:\/\/amica.es\/es\/wp-content\/uploads\/2021\/02\/Jaula-impropios.jpg\",\"width\":777,\"height\":837},{\"@type\":\"BreadcrumbList\",\"@id\":\"https:\/\/amica.es\/es\/10821-2\/#breadcrumb\",\"itemListElement\":[{\"@type\":\"ListItem\",\"position\":1,\"name\":\"Portada\",\"item\":\"https:\/\/amica.es\/es\/\"},{\"@type\":\"ListItem\",\"position\":2,\"name\":\"Es f\u00e1cil facilitar el trabajo de reciclaje si todos colaboramos\"}]},{\"@type\":\"WebSite\",\"@id\":\"https:\/\/amica.es\/es\/#website\",\"url\":\"https:\/\/amica.es\/es\/\",\"name\":\"Amica - Descubriendo Capacidades\",\"description\":\"Apoyando a personas con discapacidad desde 1984\",\"publisher\":{\"@id\":\"https:\/\/amica.es\/es\/#organization\"},\"potentialAction\":[{\"@type\":\"SearchAction\",\"target\":{\"@type\":\"EntryPoint\",\"urlTemplate\":\"https:\/\/amica.es\/es\/?s={search_term_string}\"},\"query-input\":{\"@type\":\"PropertyValueSpecification\",\"valueRequired\":true,\"valueName\":\"search_term_string\"}}],\"inLanguage\":\"es\"},{\"@type\":\"Organization\",\"@id\":\"https:\/\/amica.es\/es\/#organization\",\"name\":\"Asociaci\u00f3n Amica\",\"url\":\"https:\/\/amica.es\/es\/\",\"logo\":{\"@type\":\"ImageObject\",\"inLanguage\":\"es\",\"@id\":\"https:\/\/amica.es\/es\/#\/schema\/logo\/image\/\",\"url\":\"https:\/\/amica.es\/es\/wp-content\/uploads\/2024\/07\/Amica-Logo.png\",\"contentUrl\":\"https:\/\/amica.es\/es\/wp-content\/uploads\/2024\/07\/Amica-Logo.png\",\"width\":1653,\"height\":577,\"caption\":\"Asociaci\u00f3n Amica\"},\"image\":{\"@id\":\"https:\/\/amica.es\/es\/#\/schema\/logo\/image\/\"},\"sameAs\":[\"https:\/\/www.facebook.com\/amicaasociacion\",\"https:\/\/x.com\/asociacionamica\",\"https:\/\/www.youtube.com\/c\/asociacionamicacantabria\",\"https:\/\/es.linkedin.com\/company\/asociacionamica?trk=similar-companies_org_title\",\"https:\/\/www.instagram.com\/asociacionamica\/\"]},{\"@type\":\"Person\",\"@id\":\"https:\/\/amica.es\/es\/#\/schema\/person\/f8237e904e02fbcd642619de8fb2aa7d\",\"name\":\"Comunicaci\u00f3n Amica\",\"image\":{\"@type\":\"ImageObject\",\"inLanguage\":\"es\",\"@id\":\"https:\/\/amica.es\/es\/#\/schema\/person\/image\/\",\"url\":\"https:\/\/secure.gravatar.com\/avatar\/fcf9b00947683a60bff763b288192c315e6cd2b260feccd77e02b66c69e70a1d?s=96&d=mm&r=g\",\"contentUrl\":\"https:\/\/secure.gravatar.com\/avatar\/fcf9b00947683a60bff763b288192c315e6cd2b260feccd77e02b66c69e70a1d?s=96&d=mm&r=g\",\"caption\":\"Comunicaci\u00f3n Amica\"},\"sameAs\":[\"http:\/\/www.amica.es\"],\"url\":\"https:\/\/amica.es\/es\/author\/comunicacion\/\"}]}<\/script>\n<!-- \/ Yoast SEO plugin. -->","yoast_head_json":{"title":"Es f\u00e1cil facilitar el trabajo de reciclaje si todos colaboramos - Amica - Descubriendo Capacidades","robots":{"index":"index","follow":"follow","max-snippet":"max-snippet:-1","max-image-preview":"max-image-preview:large","max-video-preview":"max-video-preview:-1"},"canonical":"https:\/\/amica.es\/es\/10821-2\/","og_locale":"es_ES","og_type":"article","og_title":"Es f\u00e1cil facilitar el trabajo de reciclaje si todos colaboramos - Amica - Descubriendo Capacidades","og_description":"Si eres de los que se enfada cada vez que va a tirar la basura al contenedor porque no le cabe la bolsa por el agujero y se marcha jurando que no volver\u00e1 a reciclar, quiz\u00e1 te interese \u00a0leer esto: El di\u00e1metro del orificio de los contenedores de recogida selectiva no est\u00e1 hecho para queRead more","og_url":"https:\/\/amica.es\/es\/10821-2\/","og_site_name":"Amica - Descubriendo Capacidades","article_publisher":"https:\/\/www.facebook.com\/amicaasociacion","article_published_time":"2021-02-22T12:15:48+00:00","og_image":[{"width":777,"height":837,"url":"https:\/\/amica.es\/es\/wp-content\/uploads\/2021\/02\/Jaula-impropios.jpg","type":"image\/jpeg"}],"author":"Comunicaci\u00f3n Amica","twitter_card":"summary_large_image","twitter_creator":"@asociacionamica","twitter_site":"@asociacionamica","twitter_misc":{"Escrito por":"Comunicaci\u00f3n Amica","Tiempo de lectura":"1 minuto"},"schema":{"@context":"https:\/\/schema.org","@graph":[{"@type":"Article","@id":"https:\/\/amica.es\/es\/10821-2\/#article","isPartOf":{"@id":"https:\/\/amica.es\/es\/10821-2\/"},"author":{"name":"Comunicaci\u00f3n Amica","@id":"https:\/\/amica.es\/es\/#\/schema\/person\/f8237e904e02fbcd642619de8fb2aa7d"},"headline":"Es f\u00e1cil facilitar el trabajo de reciclaje si todos colaboramos","datePublished":"2021-02-22T12:15:48+00:00","mainEntityOfPage":{"@id":"https:\/\/amica.es\/es\/10821-2\/"},"wordCount":290,"publisher":{"@id":"https:\/\/amica.es\/es\/#organization"},"image":{"@id":"https:\/\/amica.es\/es\/10821-2\/#primaryimage"},"thumbnailUrl":"https:\/\/amica.es\/es\/wp-content\/uploads\/2021\/02\/Jaula-impropios.jpg","articleSection":["Noticias"],"inLanguage":"es"},{"@type":"WebPage","@id":"https:\/\/amica.es\/es\/10821-2\/","url":"https:\/\/amica.es\/es\/10821-2\/","name":"Es f\u00e1cil facilitar el trabajo de reciclaje si todos colaboramos - Amica - Descubriendo Capacidades","isPartOf":{"@id":"https:\/\/amica.es\/es\/#website"},"primaryImageOfPage":{"@id":"https:\/\/amica.es\/es\/10821-2\/#primaryimage"},"image":{"@id":"https:\/\/amica.es\/es\/10821-2\/#primaryimage"},"thumbnailUrl":"https:\/\/amica.es\/es\/wp-content\/uploads\/2021\/02\/Jaula-impropios.jpg","datePublished":"2021-02-22T12:15:48+00:00","breadcrumb":{"@id":"https:\/\/amica.es\/es\/10821-2\/#breadcrumb"},"inLanguage":"es","potentialAction":[{"@type":"ReadAction","target":["https:\/\/amica.es\/es\/10821-2\/"]}]},{"@type":"ImageObject","inLanguage":"es","@id":"https:\/\/amica.es\/es\/10821-2\/#primaryimage","url":"https:\/\/amica.es\/es\/wp-content\/uploads\/2021\/02\/Jaula-impropios.jpg","contentUrl":"https:\/\/amica.es\/es\/wp-content\/uploads\/2021\/02\/Jaula-impropios.jpg","width":777,"height":837},{"@type":"BreadcrumbList","@id":"https:\/\/amica.es\/es\/10821-2\/#breadcrumb","itemListElement":[{"@type":"ListItem","position":1,"name":"Portada","item":"https:\/\/amica.es\/es\/"},{"@type":"ListItem","position":2,"name":"Es f\u00e1cil facilitar el trabajo de reciclaje si todos colaboramos"}]},{"@type":"WebSite","@id":"https:\/\/amica.es\/es\/#website","url":"https:\/\/amica.es\/es\/","name":"Amica - Descubriendo Capacidades","description":"Apoyando a personas con discapacidad desde 1984","publisher":{"@id":"https:\/\/amica.es\/es\/#organization"},"potentialAction":[{"@type":"SearchAction","target":{"@type":"EntryPoint","urlTemplate":"https:\/\/amica.es\/es\/?s={search_term_string}"},"query-input":{"@type":"PropertyValueSpecification","valueRequired":true,"valueName":"search_term_string"}}],"inLanguage":"es"},{"@type":"Organization","@id":"https:\/\/amica.es\/es\/#organization","name":"Asociaci\u00f3n Amica","url":"https:\/\/amica.es\/es\/","logo":{"@type":"ImageObject","inLanguage":"es","@id":"https:\/\/amica.es\/es\/#\/schema\/logo\/image\/","url":"https:\/\/amica.es\/es\/wp-content\/uploads\/2024\/07\/Amica-Logo.png","contentUrl":"https:\/\/amica.es\/es\/wp-content\/uploads\/2024\/07\/Amica-Logo.png","width":1653,"height":577,"caption":"Asociaci\u00f3n Amica"},"image":{"@id":"https:\/\/amica.es\/es\/#\/schema\/logo\/image\/"},"sameAs":["https:\/\/www.facebook.com\/amicaasociacion","https:\/\/x.com\/asociacionamica","https:\/\/www.youtube.com\/c\/asociacionamicacantabria","https:\/\/es.linkedin.com\/company\/asociacionamica?trk=similar-companies_org_title","https:\/\/www.instagram.com\/asociacionamica\/"]},{"@type":"Person","@id":"https:\/\/amica.es\/es\/#\/schema\/person\/f8237e904e02fbcd642619de8fb2aa7d","name":"Comunicaci\u00f3n Amica","image":{"@type":"ImageObject","inLanguage":"es","@id":"https:\/\/amica.es\/es\/#\/schema\/person\/image\/","url":"https:\/\/secure.gravatar.com\/avatar\/fcf9b00947683a60bff763b288192c315e6cd2b260feccd77e02b66c69e70a1d?s=96&d=mm&r=g","contentUrl":"https:\/\/secure.gravatar.com\/avatar\/fcf9b00947683a60bff763b288192c315e6cd2b260feccd77e02b66c69e70a1d?s=96&d=mm&r=g","caption":"Comunicaci\u00f3n Amica"},"sameAs":["http:\/\/www.amica.es"],"url":"https:\/\/amica.es\/es\/author\/comunicacion\/"}]}},"_links":{"self":[{"href":"https:\/\/amica.es\/es\/wp-json\/wp\/v2\/posts\/10821","targetHints":{"allow":["GET"]}}],"collection":[{"href":"https:\/\/amica.es\/es\/wp-json\/wp\/v2\/posts"}],"about":[{"href":"https:\/\/amica.es\/es\/wp-json\/wp\/v2\/types\/post"}],"author":[{"embeddable":true,"href":"https:\/\/amica.es\/es\/wp-json\/wp\/v2\/users\/10"}],"replies":[{"embeddable":true,"href":"https:\/\/amica.es\/es\/wp-json\/wp\/v2\/comments?post=10821"}],"version-history":[{"count":3,"href":"https:\/\/amica.es\/es\/wp-json\/wp\/v2\/posts\/10821\/revisions"}],"predecessor-version":[{"id":10830,"href":"https:\/\/amica.es\/es\/wp-json\/wp\/v2\/posts\/10821\/revisions\/10830"}],"wp:featuredmedia":[{"embeddable":true,"href":"https:\/\/amica.es\/es\/wp-json\/wp\/v2\/media\/10822"}],"wp:attachment":[{"href":"https:\/\/amica.es\/es\/wp-json\/wp\/v2\/media?parent=10821"}],"wp:term":[{"taxonomy":"category","embeddable":true,"href":"https:\/\/amica.es\/es\/wp-json\/wp\/v2\/categories?post=10821"},{"taxonomy":"post_tag","embeddable":true,"href":"https:\/\/amica.es\/es\/wp-json\/wp\/v2\/tags?post=10821"}],"curies":[{"name":"wp","href":"https:\/\/api.w.org\/{rel}","templated":true}]}}