{"id":10919,"date":"2021-03-01T10:02:01","date_gmt":"2021-03-01T08:02:01","guid":{"rendered":"https:\/\/amica.es\/es\/?p=10919"},"modified":"2021-02-26T14:03:25","modified_gmt":"2021-02-26T12:03:25","slug":"la-abogacia-espanola-forma-al-turno-de-oficio-en-proteccion-juridica-de-las-personas-con-discapacidad","status":"publish","type":"post","link":"https:\/\/amica.es\/es\/la-abogacia-espanola-forma-al-turno-de-oficio-en-proteccion-juridica-de-las-personas-con-discapacidad\/","title":{"rendered":"La Abogac\u00eda Espa\u00f1ola forma al turno de oficio en protecci\u00f3n jur\u00eddica de las personas con discapacidad\u00a0"},"content":{"rendered":"<p style=\"font-weight: 400\">(Madrid, 23 de febrero de 2021).\u2013 El\u00a0<strong><a href=\"https:\/\/www.abogacia.es\/\">Consejo General de la Abogac\u00eda Espa\u00f1ol<\/a>a\u00a0<\/strong>en colaboraci\u00f3n con el Comit\u00e9 Espa\u00f1ol de Representantes de Personas con Discapacidad\u00a0<strong>(CERMI)<\/strong>\u00a0impartir\u00e1n una serie de cursos para\u00a0<strong>garantizar el acceso a la Justicia<\/strong>\u00a0en condiciones de igualdad de las\u00a0<strong>personas con discapacidad.<\/strong><\/p>\n<p style=\"font-weight: 400\">El objetivo de la actividad, que se enmarca dentro de un\u00a0<strong>convenio de colaboraci\u00f3n entre CERMI, la Fundaci\u00f3n ONCE y la propia Abogac\u00eda Espa\u00f1ola<\/strong>, es formar a las abogadas y abogados del turno de oficio en esta materia para conseguir que la participaci\u00f3n de las personas con discapacidad sea plena y efectiva.<\/p>\n<p style=\"font-weight: 400\">El curso, que comienza este martes y tendr\u00e1 una duraci\u00f3n de un mes, profundizar\u00e1 en la normativa relacionada, as\u00ed como en su aplicaci\u00f3n en las diferentes jurisdicciones, ya que esto supone un\u00a0<strong>requisito indispensable para una adecuada asistencia legal.<\/strong>\u00a0De hecho, el turno de oficio, que normalmente atiende a las personas m\u00e1s vulnerables, debe conocer las circunstancias y mecanismos de defensa para garantizar su protecci\u00f3n.<\/p>\n<p style=\"font-weight: 400\">Precisamente, este curso da respuesta a las\u00a0<strong>Observaciones Generales dirigidas a Espa\u00f1a del Comit\u00e9 sobre los Derechos de las Personas con Discapacidad de Nacio<\/strong><strong>nes Unidas, <\/strong>con el fin de asegurar que el\u00a0<strong>acceso a la justicia<\/strong>\u00a0para las personas con discapacidad se haga efectivo\u00a0<strong>en igualdad de condiciones<\/strong>\u00a0que para al resto de la ciudadan\u00eda, as\u00ed como garantizar el derecho constitucional a la tutela judicial efectiva de estas personas. Ello implica, entre otras cosas, reformas legislativas para que las\u00a0<strong>normas sean adecuadas<\/strong>, ajustes en procedimientos y protocolos policiales y judiciales o la\u00a0<strong>universalizaci\u00f3n de la accesibilidad a las comunicaciones<\/strong>\u00a0y a las instalaciones de las que estas personas puedan ser usuarias.<\/p>\n<p style=\"font-weight: 400\">Durante la inauguraci\u00f3n de estos cursos, el presidente de CERMI Estatal<strong>, Luis Cayo P\u00e9rez Bueno,<\/strong>\u00a0ha resaltado \u201cel car\u00e1cter de la Abogac\u00eda como aliada firme de los derechos de las personas con discapacidad, ya que es la profesi\u00f3n jur\u00eddica m\u00e1s cercana, \u00e1gil y comprometida con esta parte de la ciudadan\u00eda\u201d.<\/p>\n<p style=\"font-weight: 400\">Por su parte, la presidenta del Consejo General de la Abogac\u00eda Espa\u00f1ola,\u00a0<strong>Victoria Ortega Benito<\/strong>, ha manifestado este curso es \u201cuna manifestaci\u00f3n de la apuesta de la Abogac\u00eda por\u00a0<strong>mantener a la profesi\u00f3n a la vanguardia de los derechos de los ciudadanos<\/strong>\u00a0que tienen alg\u00fan tipo de discapacidad, advertida la persistencia de dificultades para este colectivo\u201d.<\/p>\n<p style=\"font-weight: 400\">Adem\u00e1s, tambi\u00e9n ha hecho referencia a la Convenci\u00f3n y ha destacado la importancia de la misma, ya que \u201cnos sit\u00faa a los abogados en la obligaci\u00f3n de\u00a0<strong>garantizar la participaci\u00f3n<\/strong><strong>\u00a0plena, efectiva y en condiciones de igualdad de las personas con discapacidad en la sociedad,<\/strong>\u00a0ya que estas son acogidas por el ordenamiento como titulares de derecho en toda su extensi\u00f3n\u201d.<\/p>\n<p style=\"font-weight: 400\">Por \u00faltimo, la coordinadora del Grupo de Discapacidad del Consejo,<strong>\u00a0Eva M. Rib\u00f3 Fenoll\u00f3s<\/strong>, ha descrito la metodolog\u00eda de la formaci\u00f3n -siete m\u00f3dulos tem\u00e1ticos, nueve sesiones y tres talleres pr\u00e1cticos-, que combina teor\u00eda y pr\u00e1ctica que \u201caglutina el\u00a0<strong>contenido m\u00ednimo para formar parte del turno de oficio especializado de los Colegios de Abogados\u201d<\/strong>\u00a0y ha adelantado que en abril habr\u00e1 ya una segunda edici\u00f3n debido a su gran\u00a0acogida.<\/p>\n<p style=\"font-weight: 400\">El Consejo General de la Abogac\u00eda Espa\u00f1ola cuenta con el apoyo y la participaci\u00f3n de las principales org<strong>anizaciones sociales del \u00e1mbito de la discapacidad<\/strong>\u00a0en el plano estatal para la realizaci\u00f3n de este curso, como Fundaci\u00f3n ONCE y Plena Inclusi\u00f3n, que nace con la intenci\u00f3n de reforzar la calidad de la\u00a0<strong>defensa de los derechos de todas las personas con discapacidad.<\/strong><\/p>\n<p style=\"font-weight: 400\"><img loading=\"lazy\" decoding=\"async\" class=\"aligncenter wp-image-10920 size-medium\" src=\"https:\/\/amica.es\/es\/wp-content\/uploads\/2021\/02\/FOTO-INAUGURACI\u00d3N-CURSO-DISCAPACIDAD-scaled-300x207.jpg\" alt=\"\" width=\"300\" height=\"207\" \/><\/p>\n","protected":false},"excerpt":{"rendered":"<p>(Madrid, 23 de febrero de 2021).\u2013 El\u00a0Consejo General de la Abogac\u00eda Espa\u00f1ola\u00a0en colaboraci\u00f3n con el Comit\u00e9 Espa\u00f1ol de Representantes de Personas con Discapacidad\u00a0(CERMI)\u00a0impartir\u00e1n una serie de cursos para\u00a0garantizar el acceso a la Justicia\u00a0en condiciones de igualdad de las\u00a0personas con discapacidad. El objetivo de la actividad, que se enmarca dentro de un\u00a0convenio de colaboraci\u00f3n entre CERMI,<br \/><a href=\"https:\/\/amica.es\/es\/la-abogacia-espanola-forma-al-turno-de-oficio-en-proteccion-juridica-de-las-personas-con-discapacidad\/\" class=\"more\">Read more<\/a><\/p>\n","protected":false},"author":10,"featured_media":10920,"comment_status":"closed","ping_status":"open","sticky":false,"template":"","format":"standard","meta":{"_monsterinsights_skip_tracking":false,"_monsterinsights_sitenote_active":false,"_monsterinsights_sitenote_note":"","_monsterinsights_sitenote_category":0,"_joinchat":[],"footnotes":""},"categories":[27],"tags":[],"class_list":["post-10919","post","type-post","status-publish","format-standard","has-post-thumbnail","hentry","category-noticias-categoria"],"yoast_head":"<!-- This site is optimized with the Yoast SEO plugin v25.6 - https:\/\/yoast.com\/wordpress\/plugins\/seo\/ -->\n<title>La Abogac\u00eda Espa\u00f1ola forma al turno de oficio en protecci\u00f3n jur\u00eddica de las personas con discapacidad\u00a0 - Amica - Descubriendo Capacidades<\/title>\n<meta name=\"robots\" content=\"index, follow, max-snippet:-1, max-image-preview:large, max-video-preview:-1\" \/>\n<link rel=\"canonical\" href=\"https:\/\/amica.es\/es\/la-abogacia-espanola-forma-al-turno-de-oficio-en-proteccion-juridica-de-las-personas-con-discapacidad\/\" \/>\n<meta property=\"og:locale\" content=\"es_ES\" \/>\n<meta property=\"og:type\" content=\"article\" \/>\n<meta property=\"og:title\" content=\"La Abogac\u00eda Espa\u00f1ola forma al turno de oficio en protecci\u00f3n jur\u00eddica de las personas con discapacidad\u00a0 - Amica - Descubriendo Capacidades\" \/>\n<meta property=\"og:description\" content=\"(Madrid, 23 de febrero de 2021).\u2013 El\u00a0Consejo General de la Abogac\u00eda Espa\u00f1ola\u00a0en colaboraci\u00f3n con el Comit\u00e9 Espa\u00f1ol de Representantes de Personas con Discapacidad\u00a0(CERMI)\u00a0impartir\u00e1n una serie de cursos para\u00a0garantizar el acceso a la Justicia\u00a0en condiciones de igualdad de las\u00a0personas con discapacidad. El objetivo de la actividad, que se enmarca dentro de un\u00a0convenio de colaboraci\u00f3n entre CERMI,Read more\" \/>\n<meta property=\"og:url\" content=\"https:\/\/amica.es\/es\/la-abogacia-espanola-forma-al-turno-de-oficio-en-proteccion-juridica-de-las-personas-con-discapacidad\/\" \/>\n<meta property=\"og:site_name\" content=\"Amica - Descubriendo Capacidades\" \/>\n<meta property=\"article:publisher\" content=\"https:\/\/www.facebook.com\/amicaasociacion\" \/>\n<meta property=\"article:published_time\" content=\"2021-03-01T08:02:01+00:00\" \/>\n<meta property=\"og:image\" content=\"https:\/\/amica.es\/es\/wp-content\/uploads\/2021\/02\/FOTO-INAUGURACI\u00d3N-CURSO-DISCAPACIDAD-scaled.jpg\" \/>\n\t<meta property=\"og:image:width\" content=\"2560\" \/>\n\t<meta property=\"og:image:height\" content=\"1767\" \/>\n\t<meta property=\"og:image:type\" content=\"image\/jpeg\" \/>\n<meta name=\"author\" content=\"Comunicaci\u00f3n Amica\" \/>\n<meta name=\"twitter:card\" content=\"summary_large_image\" \/>\n<meta name=\"twitter:creator\" content=\"@asociacionamica\" \/>\n<meta name=\"twitter:site\" content=\"@asociacionamica\" \/>\n<meta name=\"twitter:label1\" content=\"Escrito por\" \/>\n\t<meta name=\"twitter:data1\" content=\"Comunicaci\u00f3n Amica\" \/>\n\t<meta name=\"twitter:label2\" content=\"Tiempo de lectura\" \/>\n\t<meta name=\"twitter:data2\" content=\"3 minutos\" \/>\n<script type=\"application\/ld+json\" class=\"yoast-schema-graph\">{\"@context\":\"https:\/\/schema.org\",\"@graph\":[{\"@type\":\"Article\",\"@id\":\"https:\/\/amica.es\/es\/la-abogacia-espanola-forma-al-turno-de-oficio-en-proteccion-juridica-de-las-personas-con-discapacidad\/#article\",\"isPartOf\":{\"@id\":\"https:\/\/amica.es\/es\/la-abogacia-espanola-forma-al-turno-de-oficio-en-proteccion-juridica-de-las-personas-con-discapacidad\/\"},\"author\":{\"name\":\"Comunicaci\u00f3n Amica\",\"@id\":\"https:\/\/amica.es\/es\/#\/schema\/person\/f8237e904e02fbcd642619de8fb2aa7d\"},\"headline\":\"La Abogac\u00eda Espa\u00f1ola forma al turno de oficio en protecci\u00f3n jur\u00eddica de las personas con discapacidad\u00a0\",\"datePublished\":\"2021-03-01T08:02:01+00:00\",\"mainEntityOfPage\":{\"@id\":\"https:\/\/amica.es\/es\/la-abogacia-espanola-forma-al-turno-de-oficio-en-proteccion-juridica-de-las-personas-con-discapacidad\/\"},\"wordCount\":646,\"publisher\":{\"@id\":\"https:\/\/amica.es\/es\/#organization\"},\"image\":{\"@id\":\"https:\/\/amica.es\/es\/la-abogacia-espanola-forma-al-turno-de-oficio-en-proteccion-juridica-de-las-personas-con-discapacidad\/#primaryimage\"},\"thumbnailUrl\":\"https:\/\/amica.es\/es\/wp-content\/uploads\/2021\/02\/FOTO-INAUGURACI\u00d3N-CURSO-DISCAPACIDAD-scaled.jpg\",\"articleSection\":[\"Noticias\"],\"inLanguage\":\"es\"},{\"@type\":\"WebPage\",\"@id\":\"https:\/\/amica.es\/es\/la-abogacia-espanola-forma-al-turno-de-oficio-en-proteccion-juridica-de-las-personas-con-discapacidad\/\",\"url\":\"https:\/\/amica.es\/es\/la-abogacia-espanola-forma-al-turno-de-oficio-en-proteccion-juridica-de-las-personas-con-discapacidad\/\",\"name\":\"La Abogac\u00eda Espa\u00f1ola forma al turno de oficio en protecci\u00f3n jur\u00eddica de las personas con discapacidad\u00a0 - Amica - Descubriendo Capacidades\",\"isPartOf\":{\"@id\":\"https:\/\/amica.es\/es\/#website\"},\"primaryImageOfPage\":{\"@id\":\"https:\/\/amica.es\/es\/la-abogacia-espanola-forma-al-turno-de-oficio-en-proteccion-juridica-de-las-personas-con-discapacidad\/#primaryimage\"},\"image\":{\"@id\":\"https:\/\/amica.es\/es\/la-abogacia-espanola-forma-al-turno-de-oficio-en-proteccion-juridica-de-las-personas-con-discapacidad\/#primaryimage\"},\"thumbnailUrl\":\"https:\/\/amica.es\/es\/wp-content\/uploads\/2021\/02\/FOTO-INAUGURACI\u00d3N-CURSO-DISCAPACIDAD-scaled.jpg\",\"datePublished\":\"2021-03-01T08:02:01+00:00\",\"breadcrumb\":{\"@id\":\"https:\/\/amica.es\/es\/la-abogacia-espanola-forma-al-turno-de-oficio-en-proteccion-juridica-de-las-personas-con-discapacidad\/#breadcrumb\"},\"inLanguage\":\"es\",\"potentialAction\":[{\"@type\":\"ReadAction\",\"target\":[\"https:\/\/amica.es\/es\/la-abogacia-espanola-forma-al-turno-de-oficio-en-proteccion-juridica-de-las-personas-con-discapacidad\/\"]}]},{\"@type\":\"ImageObject\",\"inLanguage\":\"es\",\"@id\":\"https:\/\/amica.es\/es\/la-abogacia-espanola-forma-al-turno-de-oficio-en-proteccion-juridica-de-las-personas-con-discapacidad\/#primaryimage\",\"url\":\"https:\/\/amica.es\/es\/wp-content\/uploads\/2021\/02\/FOTO-INAUGURACI\u00d3N-CURSO-DISCAPACIDAD-scaled.jpg\",\"contentUrl\":\"https:\/\/amica.es\/es\/wp-content\/uploads\/2021\/02\/FOTO-INAUGURACI\u00d3N-CURSO-DISCAPACIDAD-scaled.jpg\",\"width\":2560,\"height\":1767},{\"@type\":\"BreadcrumbList\",\"@id\":\"https:\/\/amica.es\/es\/la-abogacia-espanola-forma-al-turno-de-oficio-en-proteccion-juridica-de-las-personas-con-discapacidad\/#breadcrumb\",\"itemListElement\":[{\"@type\":\"ListItem\",\"position\":1,\"name\":\"Portada\",\"item\":\"https:\/\/amica.es\/es\/\"},{\"@type\":\"ListItem\",\"position\":2,\"name\":\"La Abogac\u00eda Espa\u00f1ola forma al turno de oficio en protecci\u00f3n jur\u00eddica de las personas con discapacidad\u00a0\"}]},{\"@type\":\"WebSite\",\"@id\":\"https:\/\/amica.es\/es\/#website\",\"url\":\"https:\/\/amica.es\/es\/\",\"name\":\"Amica - Descubriendo Capacidades\",\"description\":\"Apoyando a personas con discapacidad desde 1984\",\"publisher\":{\"@id\":\"https:\/\/amica.es\/es\/#organization\"},\"potentialAction\":[{\"@type\":\"SearchAction\",\"target\":{\"@type\":\"EntryPoint\",\"urlTemplate\":\"https:\/\/amica.es\/es\/?s={search_term_string}\"},\"query-input\":{\"@type\":\"PropertyValueSpecification\",\"valueRequired\":true,\"valueName\":\"search_term_string\"}}],\"inLanguage\":\"es\"},{\"@type\":\"Organization\",\"@id\":\"https:\/\/amica.es\/es\/#organization\",\"name\":\"Asociaci\u00f3n Amica\",\"url\":\"https:\/\/amica.es\/es\/\",\"logo\":{\"@type\":\"ImageObject\",\"inLanguage\":\"es\",\"@id\":\"https:\/\/amica.es\/es\/#\/schema\/logo\/image\/\",\"url\":\"https:\/\/amica.es\/es\/wp-content\/uploads\/2024\/07\/Amica-Logo.png\",\"contentUrl\":\"https:\/\/amica.es\/es\/wp-content\/uploads\/2024\/07\/Amica-Logo.png\",\"width\":1653,\"height\":577,\"caption\":\"Asociaci\u00f3n Amica\"},\"image\":{\"@id\":\"https:\/\/amica.es\/es\/#\/schema\/logo\/image\/\"},\"sameAs\":[\"https:\/\/www.facebook.com\/amicaasociacion\",\"https:\/\/x.com\/asociacionamica\",\"https:\/\/www.youtube.com\/c\/asociacionamicacantabria\",\"https:\/\/es.linkedin.com\/company\/asociacionamica?trk=similar-companies_org_title\",\"https:\/\/www.instagram.com\/asociacionamica\/\"]},{\"@type\":\"Person\",\"@id\":\"https:\/\/amica.es\/es\/#\/schema\/person\/f8237e904e02fbcd642619de8fb2aa7d\",\"name\":\"Comunicaci\u00f3n Amica\",\"image\":{\"@type\":\"ImageObject\",\"inLanguage\":\"es\",\"@id\":\"https:\/\/amica.es\/es\/#\/schema\/person\/image\/\",\"url\":\"https:\/\/secure.gravatar.com\/avatar\/fcf9b00947683a60bff763b288192c315e6cd2b260feccd77e02b66c69e70a1d?s=96&d=mm&r=g\",\"contentUrl\":\"https:\/\/secure.gravatar.com\/avatar\/fcf9b00947683a60bff763b288192c315e6cd2b260feccd77e02b66c69e70a1d?s=96&d=mm&r=g\",\"caption\":\"Comunicaci\u00f3n Amica\"},\"sameAs\":[\"http:\/\/www.amica.es\"],\"url\":\"https:\/\/amica.es\/es\/author\/comunicacion\/\"}]}<\/script>\n<!-- \/ Yoast SEO plugin. -->","yoast_head_json":{"title":"La Abogac\u00eda Espa\u00f1ola forma al turno de oficio en protecci\u00f3n jur\u00eddica de las personas con discapacidad\u00a0 - Amica - Descubriendo Capacidades","robots":{"index":"index","follow":"follow","max-snippet":"max-snippet:-1","max-image-preview":"max-image-preview:large","max-video-preview":"max-video-preview:-1"},"canonical":"https:\/\/amica.es\/es\/la-abogacia-espanola-forma-al-turno-de-oficio-en-proteccion-juridica-de-las-personas-con-discapacidad\/","og_locale":"es_ES","og_type":"article","og_title":"La Abogac\u00eda Espa\u00f1ola forma al turno de oficio en protecci\u00f3n jur\u00eddica de las personas con discapacidad\u00a0 - Amica - Descubriendo Capacidades","og_description":"(Madrid, 23 de febrero de 2021).\u2013 El\u00a0Consejo General de la Abogac\u00eda Espa\u00f1ola\u00a0en colaboraci\u00f3n con el Comit\u00e9 Espa\u00f1ol de Representantes de Personas con Discapacidad\u00a0(CERMI)\u00a0impartir\u00e1n una serie de cursos para\u00a0garantizar el acceso a la Justicia\u00a0en condiciones de igualdad de las\u00a0personas con discapacidad. El objetivo de la actividad, que se enmarca dentro de un\u00a0convenio de colaboraci\u00f3n entre CERMI,Read more","og_url":"https:\/\/amica.es\/es\/la-abogacia-espanola-forma-al-turno-de-oficio-en-proteccion-juridica-de-las-personas-con-discapacidad\/","og_site_name":"Amica - Descubriendo Capacidades","article_publisher":"https:\/\/www.facebook.com\/amicaasociacion","article_published_time":"2021-03-01T08:02:01+00:00","og_image":[{"width":2560,"height":1767,"url":"https:\/\/amica.es\/es\/wp-content\/uploads\/2021\/02\/FOTO-INAUGURACI\u00d3N-CURSO-DISCAPACIDAD-scaled.jpg","type":"image\/jpeg"}],"author":"Comunicaci\u00f3n Amica","twitter_card":"summary_large_image","twitter_creator":"@asociacionamica","twitter_site":"@asociacionamica","twitter_misc":{"Escrito por":"Comunicaci\u00f3n Amica","Tiempo de lectura":"3 minutos"},"schema":{"@context":"https:\/\/schema.org","@graph":[{"@type":"Article","@id":"https:\/\/amica.es\/es\/la-abogacia-espanola-forma-al-turno-de-oficio-en-proteccion-juridica-de-las-personas-con-discapacidad\/#article","isPartOf":{"@id":"https:\/\/amica.es\/es\/la-abogacia-espanola-forma-al-turno-de-oficio-en-proteccion-juridica-de-las-personas-con-discapacidad\/"},"author":{"name":"Comunicaci\u00f3n Amica","@id":"https:\/\/amica.es\/es\/#\/schema\/person\/f8237e904e02fbcd642619de8fb2aa7d"},"headline":"La Abogac\u00eda Espa\u00f1ola forma al turno de oficio en protecci\u00f3n jur\u00eddica de las personas con discapacidad\u00a0","datePublished":"2021-03-01T08:02:01+00:00","mainEntityOfPage":{"@id":"https:\/\/amica.es\/es\/la-abogacia-espanola-forma-al-turno-de-oficio-en-proteccion-juridica-de-las-personas-con-discapacidad\/"},"wordCount":646,"publisher":{"@id":"https:\/\/amica.es\/es\/#organization"},"image":{"@id":"https:\/\/amica.es\/es\/la-abogacia-espanola-forma-al-turno-de-oficio-en-proteccion-juridica-de-las-personas-con-discapacidad\/#primaryimage"},"thumbnailUrl":"https:\/\/amica.es\/es\/wp-content\/uploads\/2021\/02\/FOTO-INAUGURACI\u00d3N-CURSO-DISCAPACIDAD-scaled.jpg","articleSection":["Noticias"],"inLanguage":"es"},{"@type":"WebPage","@id":"https:\/\/amica.es\/es\/la-abogacia-espanola-forma-al-turno-de-oficio-en-proteccion-juridica-de-las-personas-con-discapacidad\/","url":"https:\/\/amica.es\/es\/la-abogacia-espanola-forma-al-turno-de-oficio-en-proteccion-juridica-de-las-personas-con-discapacidad\/","name":"La Abogac\u00eda Espa\u00f1ola forma al turno de oficio en protecci\u00f3n jur\u00eddica de las personas con discapacidad\u00a0 - Amica - Descubriendo Capacidades","isPartOf":{"@id":"https:\/\/amica.es\/es\/#website"},"primaryImageOfPage":{"@id":"https:\/\/amica.es\/es\/la-abogacia-espanola-forma-al-turno-de-oficio-en-proteccion-juridica-de-las-personas-con-discapacidad\/#primaryimage"},"image":{"@id":"https:\/\/amica.es\/es\/la-abogacia-espanola-forma-al-turno-de-oficio-en-proteccion-juridica-de-las-personas-con-discapacidad\/#primaryimage"},"thumbnailUrl":"https:\/\/amica.es\/es\/wp-content\/uploads\/2021\/02\/FOTO-INAUGURACI\u00d3N-CURSO-DISCAPACIDAD-scaled.jpg","datePublished":"2021-03-01T08:02:01+00:00","breadcrumb":{"@id":"https:\/\/amica.es\/es\/la-abogacia-espanola-forma-al-turno-de-oficio-en-proteccion-juridica-de-las-personas-con-discapacidad\/#breadcrumb"},"inLanguage":"es","potentialAction":[{"@type":"ReadAction","target":["https:\/\/amica.es\/es\/la-abogacia-espanola-forma-al-turno-de-oficio-en-proteccion-juridica-de-las-personas-con-discapacidad\/"]}]},{"@type":"ImageObject","inLanguage":"es","@id":"https:\/\/amica.es\/es\/la-abogacia-espanola-forma-al-turno-de-oficio-en-proteccion-juridica-de-las-personas-con-discapacidad\/#primaryimage","url":"https:\/\/amica.es\/es\/wp-content\/uploads\/2021\/02\/FOTO-INAUGURACI\u00d3N-CURSO-DISCAPACIDAD-scaled.jpg","contentUrl":"https:\/\/amica.es\/es\/wp-content\/uploads\/2021\/02\/FOTO-INAUGURACI\u00d3N-CURSO-DISCAPACIDAD-scaled.jpg","width":2560,"height":1767},{"@type":"BreadcrumbList","@id":"https:\/\/amica.es\/es\/la-abogacia-espanola-forma-al-turno-de-oficio-en-proteccion-juridica-de-las-personas-con-discapacidad\/#breadcrumb","itemListElement":[{"@type":"ListItem","position":1,"name":"Portada","item":"https:\/\/amica.es\/es\/"},{"@type":"ListItem","position":2,"name":"La Abogac\u00eda Espa\u00f1ola forma al turno de oficio en protecci\u00f3n jur\u00eddica de las personas con discapacidad\u00a0"}]},{"@type":"WebSite","@id":"https:\/\/amica.es\/es\/#website","url":"https:\/\/amica.es\/es\/","name":"Amica - Descubriendo Capacidades","description":"Apoyando a personas con discapacidad desde 1984","publisher":{"@id":"https:\/\/amica.es\/es\/#organization"},"potentialAction":[{"@type":"SearchAction","target":{"@type":"EntryPoint","urlTemplate":"https:\/\/amica.es\/es\/?s={search_term_string}"},"query-input":{"@type":"PropertyValueSpecification","valueRequired":true,"valueName":"search_term_string"}}],"inLanguage":"es"},{"@type":"Organization","@id":"https:\/\/amica.es\/es\/#organization","name":"Asociaci\u00f3n Amica","url":"https:\/\/amica.es\/es\/","logo":{"@type":"ImageObject","inLanguage":"es","@id":"https:\/\/amica.es\/es\/#\/schema\/logo\/image\/","url":"https:\/\/amica.es\/es\/wp-content\/uploads\/2024\/07\/Amica-Logo.png","contentUrl":"https:\/\/amica.es\/es\/wp-content\/uploads\/2024\/07\/Amica-Logo.png","width":1653,"height":577,"caption":"Asociaci\u00f3n Amica"},"image":{"@id":"https:\/\/amica.es\/es\/#\/schema\/logo\/image\/"},"sameAs":["https:\/\/www.facebook.com\/amicaasociacion","https:\/\/x.com\/asociacionamica","https:\/\/www.youtube.com\/c\/asociacionamicacantabria","https:\/\/es.linkedin.com\/company\/asociacionamica?trk=similar-companies_org_title","https:\/\/www.instagram.com\/asociacionamica\/"]},{"@type":"Person","@id":"https:\/\/amica.es\/es\/#\/schema\/person\/f8237e904e02fbcd642619de8fb2aa7d","name":"Comunicaci\u00f3n Amica","image":{"@type":"ImageObject","inLanguage":"es","@id":"https:\/\/amica.es\/es\/#\/schema\/person\/image\/","url":"https:\/\/secure.gravatar.com\/avatar\/fcf9b00947683a60bff763b288192c315e6cd2b260feccd77e02b66c69e70a1d?s=96&d=mm&r=g","contentUrl":"https:\/\/secure.gravatar.com\/avatar\/fcf9b00947683a60bff763b288192c315e6cd2b260feccd77e02b66c69e70a1d?s=96&d=mm&r=g","caption":"Comunicaci\u00f3n Amica"},"sameAs":["http:\/\/www.amica.es"],"url":"https:\/\/amica.es\/es\/author\/comunicacion\/"}]}},"_links":{"self":[{"href":"https:\/\/amica.es\/es\/wp-json\/wp\/v2\/posts\/10919","targetHints":{"allow":["GET"]}}],"collection":[{"href":"https:\/\/amica.es\/es\/wp-json\/wp\/v2\/posts"}],"about":[{"href":"https:\/\/amica.es\/es\/wp-json\/wp\/v2\/types\/post"}],"author":[{"embeddable":true,"href":"https:\/\/amica.es\/es\/wp-json\/wp\/v2\/users\/10"}],"replies":[{"embeddable":true,"href":"https:\/\/amica.es\/es\/wp-json\/wp\/v2\/comments?post=10919"}],"version-history":[{"count":4,"href":"https:\/\/amica.es\/es\/wp-json\/wp\/v2\/posts\/10919\/revisions"}],"predecessor-version":[{"id":10949,"href":"https:\/\/amica.es\/es\/wp-json\/wp\/v2\/posts\/10919\/revisions\/10949"}],"wp:featuredmedia":[{"embeddable":true,"href":"https:\/\/amica.es\/es\/wp-json\/wp\/v2\/media\/10920"}],"wp:attachment":[{"href":"https:\/\/amica.es\/es\/wp-json\/wp\/v2\/media?parent=10919"}],"wp:term":[{"taxonomy":"category","embeddable":true,"href":"https:\/\/amica.es\/es\/wp-json\/wp\/v2\/categories?post=10919"},{"taxonomy":"post_tag","embeddable":true,"href":"https:\/\/amica.es\/es\/wp-json\/wp\/v2\/tags?post=10919"}],"curies":[{"name":"wp","href":"https:\/\/api.w.org\/{rel}","templated":true}]}}