{"id":10926,"date":"2021-02-26T14:01:35","date_gmt":"2021-02-26T12:01:35","guid":{"rendered":"https:\/\/amica.es\/es\/?p=10926"},"modified":"2021-02-26T14:01:35","modified_gmt":"2021-02-26T12:01:35","slug":"politicas-sociales-presenta-el-mapa-de-recursos-de-atencion-a-la-dependencia-con-la-estimacion-de-necesidades-para-el-ano-2027","status":"publish","type":"post","link":"https:\/\/amica.es\/es\/politicas-sociales-presenta-el-mapa-de-recursos-de-atencion-a-la-dependencia-con-la-estimacion-de-necesidades-para-el-ano-2027\/","title":{"rendered":"Pol\u00edticas Sociales presenta el \u2018Mapa de Recursos de Atenci\u00f3n a la Dependencia\u2019 con la estimaci\u00f3n de necesidades para el a\u00f1o 2027"},"content":{"rendered":"<p>La consejera de Empleo y Pol\u00edticas Sociales, Ana Bel\u00e9n \u00c1lvarez, ha presentado hoy en rueda de prensa el <a href=\"https:\/\/www.serviciossocialescantabria.org\/uploads\/documentos%20e%20informes\/Atenci%C3%B3n%20a%20la%20dependencia%20en%20Cantabria.%20Estimaci%C3%B3n%20de%20necesidades%202023-2027.pdf\">Mapa de Recursos de Atenci\u00f3n a la Dependencia para Cantabria en el horizonte 2027<\/a>, un \u201cestudio riguroso que va a permitir que la Comunidad cuente con una planificaci\u00f3n que nos permita adelantarnos a las necesidades futuras y construir un aut\u00e9ntico sistema de protecci\u00f3n social de cobertura universal\u201d.<\/p>\n<p>La consejera, que ha estado acompa\u00f1ada por el director general de Pol\u00edticas Sociales, Julio Soto, ha indicado que los Servicios Sociales modernos deben ser un \u201csistema coordinado y planificado\u201d durante periodos de tiempo lo suficientemente amplios como para evaluar su eficacia y lo suficientemente cortos para introducir cambios y nuevas pol\u00edticas de intervenci\u00f3n conforme la realidad social lo exija.<\/p>\n<p>Fruto de esta planificaci\u00f3n es el Mapa de Recursos de Atenci\u00f3n a la Dependencia que servir\u00e1 como gu\u00eda para priorizar las intervenciones \u201ccon el \u00e1nimo de garantizar la igualdad en el acceso de toda la poblaci\u00f3n\u201d. Este documento, que se puede consultar en la web www.serviciossocialescantabria.org, ha sido elaborado con \u201cdatos objetivos\u201d teniendo en cuenta la propia prevalencia de la Dependencia en la sociedad, la demanda de servicios y prestaciones de los usuarios y la proyecci\u00f3n de la poblaci\u00f3n por municipios del Instituto C\u00e1ntabro de Estad\u00edstica (ICANE).<\/p>\n<p>Ana Bel\u00e9n \u00c1lvarez ha insistido en que hay que romper esta visi\u00f3n del bienestar social como una cuesti\u00f3n de gasto, como un asunto de ayuda al necesitado. \u201cLa inversi\u00f3n en Servicios Sociales, adem\u00e1s de ser una cuesti\u00f3n de derechos, es una inversi\u00f3n en producci\u00f3n y en recursos, con retornos econ\u00f3micos\u201d porque detr\u00e1s de cada programa o equipamiento de servicios sociales hay mucho empleo.<\/p>\n<p>Ha recordado que el gasto p\u00fablico en un sistema de atenci\u00f3n a las situaciones de dependencia \u201cgenera actividad econ\u00f3mica, proporciona ingresos fiscales y empleo, ahorra prestaciones de desempleo y reduce gasto sanitario\u201d.<\/p>\n<p><strong>Servicios para 2027<\/strong><\/p>\n<p>Seg\u00fan se desprende de los datos del estudio, la poblaci\u00f3n de Cantabria \u201cdecrece y envejece\u201d y se da \u201cun envejecimiento del envejecimiento\u201d. As\u00ed, la previsi\u00f3n es que la poblaci\u00f3n en situaci\u00f3n de dependencia para 2027 se incrementar\u00e1 en casi un millar superando las 22.000 personas dependientes, de las cuales m\u00e1s de la mitad -12.500- tendr\u00e1n 80 a\u00f1os o m\u00e1s.<\/p>\n<p>\u201cPara esta fecha, la poblaci\u00f3n dependiente de Cantabria representar\u00e1 por primera vez el 4% sobre el total de habitantes de la Comunidad. Es decir, se incrementar\u00e1 en casi medio punto con respecto al dato actual (3,6%)\u201d, ha expuesto Ana Bel\u00e9n \u00c1lvarez.<\/p>\n<p>En base a estos datos, la Consejer\u00eda establece una planificaci\u00f3n de recursos en las cuatro \u00c1reas de Servicios Sociales: Santander, Laredo, Reinosa y Torrelavega y en sus 22 Zonas B\u00e1sicas, con una previsi\u00f3n para cada tipo de recurso en base a dos hip\u00f3tesis: una primera para mantener los niveles de cobertura actuales y una segunda para acercarnos a \u201cniveles de excelencia\u201d tomando como referencia est\u00e1ndares de organizaciones nacionales e internacionales.<\/p>\n<p><img loading=\"lazy\" decoding=\"async\" class=\"aligncenter wp-image-10927 size-medium\" src=\"https:\/\/amica.es\/es\/wp-content\/uploads\/2021\/02\/210219-Atencion-a-la-dependencia-en-Cantabria-300x174.jpg\" alt=\"\" width=\"300\" height=\"174\" srcset=\"https:\/\/amica.es\/es\/wp-content\/uploads\/2021\/02\/210219-Atencion-a-la-dependencia-en-Cantabria-300x174.jpg 300w, https:\/\/amica.es\/es\/wp-content\/uploads\/2021\/02\/210219-Atencion-a-la-dependencia-en-Cantabria-535x311.jpg 535w, https:\/\/amica.es\/es\/wp-content\/uploads\/2021\/02\/210219-Atencion-a-la-dependencia-en-Cantabria.jpg 776w\" sizes=\"auto, (max-width: 300px) 100vw, 300px\" \/><\/p>\n","protected":false},"excerpt":{"rendered":"<p>La consejera de Empleo y Pol\u00edticas Sociales, Ana Bel\u00e9n \u00c1lvarez, ha presentado hoy en rueda de prensa el Mapa de Recursos de Atenci\u00f3n a la Dependencia para Cantabria en el horizonte 2027, un \u201cestudio riguroso que va a permitir que la Comunidad cuente con una planificaci\u00f3n que nos permita adelantarnos a las necesidades futuras y<br \/><a href=\"https:\/\/amica.es\/es\/politicas-sociales-presenta-el-mapa-de-recursos-de-atencion-a-la-dependencia-con-la-estimacion-de-necesidades-para-el-ano-2027\/\" class=\"more\">Read more<\/a><\/p>\n","protected":false},"author":10,"featured_media":10927,"comment_status":"closed","ping_status":"open","sticky":false,"template":"","format":"standard","meta":{"_monsterinsights_skip_tracking":false,"_monsterinsights_sitenote_active":false,"_monsterinsights_sitenote_note":"","_monsterinsights_sitenote_category":0,"_joinchat":[],"footnotes":""},"categories":[27],"tags":[],"class_list":["post-10926","post","type-post","status-publish","format-standard","has-post-thumbnail","hentry","category-noticias-categoria"],"yoast_head":"<!-- This site is optimized with the Yoast SEO plugin v25.6 - https:\/\/yoast.com\/wordpress\/plugins\/seo\/ -->\n<title>Pol\u00edticas Sociales presenta el \u2018Mapa de Recursos de Atenci\u00f3n a la Dependencia\u2019 con la estimaci\u00f3n de necesidades para el a\u00f1o 2027 - Amica - Descubriendo Capacidades<\/title>\n<meta name=\"robots\" content=\"index, follow, max-snippet:-1, max-image-preview:large, max-video-preview:-1\" \/>\n<link rel=\"canonical\" href=\"https:\/\/amica.es\/es\/politicas-sociales-presenta-el-mapa-de-recursos-de-atencion-a-la-dependencia-con-la-estimacion-de-necesidades-para-el-ano-2027\/\" \/>\n<meta property=\"og:locale\" content=\"es_ES\" \/>\n<meta property=\"og:type\" content=\"article\" \/>\n<meta property=\"og:title\" content=\"Pol\u00edticas Sociales presenta el \u2018Mapa de Recursos de Atenci\u00f3n a la Dependencia\u2019 con la estimaci\u00f3n de necesidades para el a\u00f1o 2027 - Amica - Descubriendo Capacidades\" \/>\n<meta property=\"og:description\" content=\"La consejera de Empleo y Pol\u00edticas Sociales, Ana Bel\u00e9n \u00c1lvarez, ha presentado hoy en rueda de prensa el Mapa de Recursos de Atenci\u00f3n a la Dependencia para Cantabria en el horizonte 2027, un \u201cestudio riguroso que va a permitir que la Comunidad cuente con una planificaci\u00f3n que nos permita adelantarnos a las necesidades futuras yRead more\" \/>\n<meta property=\"og:url\" content=\"https:\/\/amica.es\/es\/politicas-sociales-presenta-el-mapa-de-recursos-de-atencion-a-la-dependencia-con-la-estimacion-de-necesidades-para-el-ano-2027\/\" \/>\n<meta property=\"og:site_name\" content=\"Amica - Descubriendo Capacidades\" \/>\n<meta property=\"article:publisher\" content=\"https:\/\/www.facebook.com\/amicaasociacion\" \/>\n<meta property=\"article:published_time\" content=\"2021-02-26T12:01:35+00:00\" \/>\n<meta property=\"og:image\" content=\"https:\/\/amica.es\/es\/wp-content\/uploads\/2021\/02\/210219-Atencion-a-la-dependencia-en-Cantabria.jpg\" \/>\n\t<meta property=\"og:image:width\" content=\"776\" \/>\n\t<meta property=\"og:image:height\" content=\"451\" \/>\n\t<meta property=\"og:image:type\" content=\"image\/jpeg\" \/>\n<meta name=\"author\" content=\"Comunicaci\u00f3n Amica\" \/>\n<meta name=\"twitter:card\" content=\"summary_large_image\" \/>\n<meta name=\"twitter:creator\" content=\"@asociacionamica\" \/>\n<meta name=\"twitter:site\" content=\"@asociacionamica\" \/>\n<meta name=\"twitter:label1\" content=\"Escrito por\" \/>\n\t<meta name=\"twitter:data1\" content=\"Comunicaci\u00f3n Amica\" \/>\n\t<meta name=\"twitter:label2\" content=\"Tiempo de lectura\" \/>\n\t<meta name=\"twitter:data2\" content=\"3 minutos\" \/>\n<script type=\"application\/ld+json\" class=\"yoast-schema-graph\">{\"@context\":\"https:\/\/schema.org\",\"@graph\":[{\"@type\":\"Article\",\"@id\":\"https:\/\/amica.es\/es\/politicas-sociales-presenta-el-mapa-de-recursos-de-atencion-a-la-dependencia-con-la-estimacion-de-necesidades-para-el-ano-2027\/#article\",\"isPartOf\":{\"@id\":\"https:\/\/amica.es\/es\/politicas-sociales-presenta-el-mapa-de-recursos-de-atencion-a-la-dependencia-con-la-estimacion-de-necesidades-para-el-ano-2027\/\"},\"author\":{\"name\":\"Comunicaci\u00f3n Amica\",\"@id\":\"https:\/\/amica.es\/es\/#\/schema\/person\/f8237e904e02fbcd642619de8fb2aa7d\"},\"headline\":\"Pol\u00edticas Sociales presenta el \u2018Mapa de Recursos de Atenci\u00f3n a la Dependencia\u2019 con la estimaci\u00f3n de necesidades para el a\u00f1o 2027\",\"datePublished\":\"2021-02-26T12:01:35+00:00\",\"mainEntityOfPage\":{\"@id\":\"https:\/\/amica.es\/es\/politicas-sociales-presenta-el-mapa-de-recursos-de-atencion-a-la-dependencia-con-la-estimacion-de-necesidades-para-el-ano-2027\/\"},\"wordCount\":546,\"publisher\":{\"@id\":\"https:\/\/amica.es\/es\/#organization\"},\"image\":{\"@id\":\"https:\/\/amica.es\/es\/politicas-sociales-presenta-el-mapa-de-recursos-de-atencion-a-la-dependencia-con-la-estimacion-de-necesidades-para-el-ano-2027\/#primaryimage\"},\"thumbnailUrl\":\"https:\/\/amica.es\/es\/wp-content\/uploads\/2021\/02\/210219-Atencion-a-la-dependencia-en-Cantabria.jpg\",\"articleSection\":[\"Noticias\"],\"inLanguage\":\"es\"},{\"@type\":\"WebPage\",\"@id\":\"https:\/\/amica.es\/es\/politicas-sociales-presenta-el-mapa-de-recursos-de-atencion-a-la-dependencia-con-la-estimacion-de-necesidades-para-el-ano-2027\/\",\"url\":\"https:\/\/amica.es\/es\/politicas-sociales-presenta-el-mapa-de-recursos-de-atencion-a-la-dependencia-con-la-estimacion-de-necesidades-para-el-ano-2027\/\",\"name\":\"Pol\u00edticas Sociales presenta el \u2018Mapa de Recursos de Atenci\u00f3n a la Dependencia\u2019 con la estimaci\u00f3n de necesidades para el a\u00f1o 2027 - Amica - Descubriendo Capacidades\",\"isPartOf\":{\"@id\":\"https:\/\/amica.es\/es\/#website\"},\"primaryImageOfPage\":{\"@id\":\"https:\/\/amica.es\/es\/politicas-sociales-presenta-el-mapa-de-recursos-de-atencion-a-la-dependencia-con-la-estimacion-de-necesidades-para-el-ano-2027\/#primaryimage\"},\"image\":{\"@id\":\"https:\/\/amica.es\/es\/politicas-sociales-presenta-el-mapa-de-recursos-de-atencion-a-la-dependencia-con-la-estimacion-de-necesidades-para-el-ano-2027\/#primaryimage\"},\"thumbnailUrl\":\"https:\/\/amica.es\/es\/wp-content\/uploads\/2021\/02\/210219-Atencion-a-la-dependencia-en-Cantabria.jpg\",\"datePublished\":\"2021-02-26T12:01:35+00:00\",\"breadcrumb\":{\"@id\":\"https:\/\/amica.es\/es\/politicas-sociales-presenta-el-mapa-de-recursos-de-atencion-a-la-dependencia-con-la-estimacion-de-necesidades-para-el-ano-2027\/#breadcrumb\"},\"inLanguage\":\"es\",\"potentialAction\":[{\"@type\":\"ReadAction\",\"target\":[\"https:\/\/amica.es\/es\/politicas-sociales-presenta-el-mapa-de-recursos-de-atencion-a-la-dependencia-con-la-estimacion-de-necesidades-para-el-ano-2027\/\"]}]},{\"@type\":\"ImageObject\",\"inLanguage\":\"es\",\"@id\":\"https:\/\/amica.es\/es\/politicas-sociales-presenta-el-mapa-de-recursos-de-atencion-a-la-dependencia-con-la-estimacion-de-necesidades-para-el-ano-2027\/#primaryimage\",\"url\":\"https:\/\/amica.es\/es\/wp-content\/uploads\/2021\/02\/210219-Atencion-a-la-dependencia-en-Cantabria.jpg\",\"contentUrl\":\"https:\/\/amica.es\/es\/wp-content\/uploads\/2021\/02\/210219-Atencion-a-la-dependencia-en-Cantabria.jpg\",\"width\":776,\"height\":451},{\"@type\":\"BreadcrumbList\",\"@id\":\"https:\/\/amica.es\/es\/politicas-sociales-presenta-el-mapa-de-recursos-de-atencion-a-la-dependencia-con-la-estimacion-de-necesidades-para-el-ano-2027\/#breadcrumb\",\"itemListElement\":[{\"@type\":\"ListItem\",\"position\":1,\"name\":\"Portada\",\"item\":\"https:\/\/amica.es\/es\/\"},{\"@type\":\"ListItem\",\"position\":2,\"name\":\"Pol\u00edticas Sociales presenta el \u2018Mapa de Recursos de Atenci\u00f3n a la Dependencia\u2019 con la estimaci\u00f3n de necesidades para el a\u00f1o 2027\"}]},{\"@type\":\"WebSite\",\"@id\":\"https:\/\/amica.es\/es\/#website\",\"url\":\"https:\/\/amica.es\/es\/\",\"name\":\"Amica - Descubriendo Capacidades\",\"description\":\"Apoyando a personas con discapacidad desde 1984\",\"publisher\":{\"@id\":\"https:\/\/amica.es\/es\/#organization\"},\"potentialAction\":[{\"@type\":\"SearchAction\",\"target\":{\"@type\":\"EntryPoint\",\"urlTemplate\":\"https:\/\/amica.es\/es\/?s={search_term_string}\"},\"query-input\":{\"@type\":\"PropertyValueSpecification\",\"valueRequired\":true,\"valueName\":\"search_term_string\"}}],\"inLanguage\":\"es\"},{\"@type\":\"Organization\",\"@id\":\"https:\/\/amica.es\/es\/#organization\",\"name\":\"Asociaci\u00f3n Amica\",\"url\":\"https:\/\/amica.es\/es\/\",\"logo\":{\"@type\":\"ImageObject\",\"inLanguage\":\"es\",\"@id\":\"https:\/\/amica.es\/es\/#\/schema\/logo\/image\/\",\"url\":\"https:\/\/amica.es\/es\/wp-content\/uploads\/2024\/07\/Amica-Logo.png\",\"contentUrl\":\"https:\/\/amica.es\/es\/wp-content\/uploads\/2024\/07\/Amica-Logo.png\",\"width\":1653,\"height\":577,\"caption\":\"Asociaci\u00f3n Amica\"},\"image\":{\"@id\":\"https:\/\/amica.es\/es\/#\/schema\/logo\/image\/\"},\"sameAs\":[\"https:\/\/www.facebook.com\/amicaasociacion\",\"https:\/\/x.com\/asociacionamica\",\"https:\/\/www.youtube.com\/c\/asociacionamicacantabria\",\"https:\/\/es.linkedin.com\/company\/asociacionamica?trk=similar-companies_org_title\",\"https:\/\/www.instagram.com\/asociacionamica\/\"]},{\"@type\":\"Person\",\"@id\":\"https:\/\/amica.es\/es\/#\/schema\/person\/f8237e904e02fbcd642619de8fb2aa7d\",\"name\":\"Comunicaci\u00f3n Amica\",\"image\":{\"@type\":\"ImageObject\",\"inLanguage\":\"es\",\"@id\":\"https:\/\/amica.es\/es\/#\/schema\/person\/image\/\",\"url\":\"https:\/\/secure.gravatar.com\/avatar\/fcf9b00947683a60bff763b288192c315e6cd2b260feccd77e02b66c69e70a1d?s=96&d=mm&r=g\",\"contentUrl\":\"https:\/\/secure.gravatar.com\/avatar\/fcf9b00947683a60bff763b288192c315e6cd2b260feccd77e02b66c69e70a1d?s=96&d=mm&r=g\",\"caption\":\"Comunicaci\u00f3n Amica\"},\"sameAs\":[\"http:\/\/www.amica.es\"],\"url\":\"https:\/\/amica.es\/es\/author\/comunicacion\/\"}]}<\/script>\n<!-- \/ Yoast SEO plugin. -->","yoast_head_json":{"title":"Pol\u00edticas Sociales presenta el \u2018Mapa de Recursos de Atenci\u00f3n a la Dependencia\u2019 con la estimaci\u00f3n de necesidades para el a\u00f1o 2027 - Amica - Descubriendo Capacidades","robots":{"index":"index","follow":"follow","max-snippet":"max-snippet:-1","max-image-preview":"max-image-preview:large","max-video-preview":"max-video-preview:-1"},"canonical":"https:\/\/amica.es\/es\/politicas-sociales-presenta-el-mapa-de-recursos-de-atencion-a-la-dependencia-con-la-estimacion-de-necesidades-para-el-ano-2027\/","og_locale":"es_ES","og_type":"article","og_title":"Pol\u00edticas Sociales presenta el \u2018Mapa de Recursos de Atenci\u00f3n a la Dependencia\u2019 con la estimaci\u00f3n de necesidades para el a\u00f1o 2027 - Amica - Descubriendo Capacidades","og_description":"La consejera de Empleo y Pol\u00edticas Sociales, Ana Bel\u00e9n \u00c1lvarez, ha presentado hoy en rueda de prensa el Mapa de Recursos de Atenci\u00f3n a la Dependencia para Cantabria en el horizonte 2027, un \u201cestudio riguroso que va a permitir que la Comunidad cuente con una planificaci\u00f3n que nos permita adelantarnos a las necesidades futuras yRead more","og_url":"https:\/\/amica.es\/es\/politicas-sociales-presenta-el-mapa-de-recursos-de-atencion-a-la-dependencia-con-la-estimacion-de-necesidades-para-el-ano-2027\/","og_site_name":"Amica - Descubriendo Capacidades","article_publisher":"https:\/\/www.facebook.com\/amicaasociacion","article_published_time":"2021-02-26T12:01:35+00:00","og_image":[{"width":776,"height":451,"url":"https:\/\/amica.es\/es\/wp-content\/uploads\/2021\/02\/210219-Atencion-a-la-dependencia-en-Cantabria.jpg","type":"image\/jpeg"}],"author":"Comunicaci\u00f3n Amica","twitter_card":"summary_large_image","twitter_creator":"@asociacionamica","twitter_site":"@asociacionamica","twitter_misc":{"Escrito por":"Comunicaci\u00f3n Amica","Tiempo de lectura":"3 minutos"},"schema":{"@context":"https:\/\/schema.org","@graph":[{"@type":"Article","@id":"https:\/\/amica.es\/es\/politicas-sociales-presenta-el-mapa-de-recursos-de-atencion-a-la-dependencia-con-la-estimacion-de-necesidades-para-el-ano-2027\/#article","isPartOf":{"@id":"https:\/\/amica.es\/es\/politicas-sociales-presenta-el-mapa-de-recursos-de-atencion-a-la-dependencia-con-la-estimacion-de-necesidades-para-el-ano-2027\/"},"author":{"name":"Comunicaci\u00f3n Amica","@id":"https:\/\/amica.es\/es\/#\/schema\/person\/f8237e904e02fbcd642619de8fb2aa7d"},"headline":"Pol\u00edticas Sociales presenta el \u2018Mapa de Recursos de Atenci\u00f3n a la Dependencia\u2019 con la estimaci\u00f3n de necesidades para el a\u00f1o 2027","datePublished":"2021-02-26T12:01:35+00:00","mainEntityOfPage":{"@id":"https:\/\/amica.es\/es\/politicas-sociales-presenta-el-mapa-de-recursos-de-atencion-a-la-dependencia-con-la-estimacion-de-necesidades-para-el-ano-2027\/"},"wordCount":546,"publisher":{"@id":"https:\/\/amica.es\/es\/#organization"},"image":{"@id":"https:\/\/amica.es\/es\/politicas-sociales-presenta-el-mapa-de-recursos-de-atencion-a-la-dependencia-con-la-estimacion-de-necesidades-para-el-ano-2027\/#primaryimage"},"thumbnailUrl":"https:\/\/amica.es\/es\/wp-content\/uploads\/2021\/02\/210219-Atencion-a-la-dependencia-en-Cantabria.jpg","articleSection":["Noticias"],"inLanguage":"es"},{"@type":"WebPage","@id":"https:\/\/amica.es\/es\/politicas-sociales-presenta-el-mapa-de-recursos-de-atencion-a-la-dependencia-con-la-estimacion-de-necesidades-para-el-ano-2027\/","url":"https:\/\/amica.es\/es\/politicas-sociales-presenta-el-mapa-de-recursos-de-atencion-a-la-dependencia-con-la-estimacion-de-necesidades-para-el-ano-2027\/","name":"Pol\u00edticas Sociales presenta el \u2018Mapa de Recursos de Atenci\u00f3n a la Dependencia\u2019 con la estimaci\u00f3n de necesidades para el a\u00f1o 2027 - Amica - Descubriendo Capacidades","isPartOf":{"@id":"https:\/\/amica.es\/es\/#website"},"primaryImageOfPage":{"@id":"https:\/\/amica.es\/es\/politicas-sociales-presenta-el-mapa-de-recursos-de-atencion-a-la-dependencia-con-la-estimacion-de-necesidades-para-el-ano-2027\/#primaryimage"},"image":{"@id":"https:\/\/amica.es\/es\/politicas-sociales-presenta-el-mapa-de-recursos-de-atencion-a-la-dependencia-con-la-estimacion-de-necesidades-para-el-ano-2027\/#primaryimage"},"thumbnailUrl":"https:\/\/amica.es\/es\/wp-content\/uploads\/2021\/02\/210219-Atencion-a-la-dependencia-en-Cantabria.jpg","datePublished":"2021-02-26T12:01:35+00:00","breadcrumb":{"@id":"https:\/\/amica.es\/es\/politicas-sociales-presenta-el-mapa-de-recursos-de-atencion-a-la-dependencia-con-la-estimacion-de-necesidades-para-el-ano-2027\/#breadcrumb"},"inLanguage":"es","potentialAction":[{"@type":"ReadAction","target":["https:\/\/amica.es\/es\/politicas-sociales-presenta-el-mapa-de-recursos-de-atencion-a-la-dependencia-con-la-estimacion-de-necesidades-para-el-ano-2027\/"]}]},{"@type":"ImageObject","inLanguage":"es","@id":"https:\/\/amica.es\/es\/politicas-sociales-presenta-el-mapa-de-recursos-de-atencion-a-la-dependencia-con-la-estimacion-de-necesidades-para-el-ano-2027\/#primaryimage","url":"https:\/\/amica.es\/es\/wp-content\/uploads\/2021\/02\/210219-Atencion-a-la-dependencia-en-Cantabria.jpg","contentUrl":"https:\/\/amica.es\/es\/wp-content\/uploads\/2021\/02\/210219-Atencion-a-la-dependencia-en-Cantabria.jpg","width":776,"height":451},{"@type":"BreadcrumbList","@id":"https:\/\/amica.es\/es\/politicas-sociales-presenta-el-mapa-de-recursos-de-atencion-a-la-dependencia-con-la-estimacion-de-necesidades-para-el-ano-2027\/#breadcrumb","itemListElement":[{"@type":"ListItem","position":1,"name":"Portada","item":"https:\/\/amica.es\/es\/"},{"@type":"ListItem","position":2,"name":"Pol\u00edticas Sociales presenta el \u2018Mapa de Recursos de Atenci\u00f3n a la Dependencia\u2019 con la estimaci\u00f3n de necesidades para el a\u00f1o 2027"}]},{"@type":"WebSite","@id":"https:\/\/amica.es\/es\/#website","url":"https:\/\/amica.es\/es\/","name":"Amica - Descubriendo Capacidades","description":"Apoyando a personas con discapacidad desde 1984","publisher":{"@id":"https:\/\/amica.es\/es\/#organization"},"potentialAction":[{"@type":"SearchAction","target":{"@type":"EntryPoint","urlTemplate":"https:\/\/amica.es\/es\/?s={search_term_string}"},"query-input":{"@type":"PropertyValueSpecification","valueRequired":true,"valueName":"search_term_string"}}],"inLanguage":"es"},{"@type":"Organization","@id":"https:\/\/amica.es\/es\/#organization","name":"Asociaci\u00f3n Amica","url":"https:\/\/amica.es\/es\/","logo":{"@type":"ImageObject","inLanguage":"es","@id":"https:\/\/amica.es\/es\/#\/schema\/logo\/image\/","url":"https:\/\/amica.es\/es\/wp-content\/uploads\/2024\/07\/Amica-Logo.png","contentUrl":"https:\/\/amica.es\/es\/wp-content\/uploads\/2024\/07\/Amica-Logo.png","width":1653,"height":577,"caption":"Asociaci\u00f3n Amica"},"image":{"@id":"https:\/\/amica.es\/es\/#\/schema\/logo\/image\/"},"sameAs":["https:\/\/www.facebook.com\/amicaasociacion","https:\/\/x.com\/asociacionamica","https:\/\/www.youtube.com\/c\/asociacionamicacantabria","https:\/\/es.linkedin.com\/company\/asociacionamica?trk=similar-companies_org_title","https:\/\/www.instagram.com\/asociacionamica\/"]},{"@type":"Person","@id":"https:\/\/amica.es\/es\/#\/schema\/person\/f8237e904e02fbcd642619de8fb2aa7d","name":"Comunicaci\u00f3n Amica","image":{"@type":"ImageObject","inLanguage":"es","@id":"https:\/\/amica.es\/es\/#\/schema\/person\/image\/","url":"https:\/\/secure.gravatar.com\/avatar\/fcf9b00947683a60bff763b288192c315e6cd2b260feccd77e02b66c69e70a1d?s=96&d=mm&r=g","contentUrl":"https:\/\/secure.gravatar.com\/avatar\/fcf9b00947683a60bff763b288192c315e6cd2b260feccd77e02b66c69e70a1d?s=96&d=mm&r=g","caption":"Comunicaci\u00f3n Amica"},"sameAs":["http:\/\/www.amica.es"],"url":"https:\/\/amica.es\/es\/author\/comunicacion\/"}]}},"_links":{"self":[{"href":"https:\/\/amica.es\/es\/wp-json\/wp\/v2\/posts\/10926","targetHints":{"allow":["GET"]}}],"collection":[{"href":"https:\/\/amica.es\/es\/wp-json\/wp\/v2\/posts"}],"about":[{"href":"https:\/\/amica.es\/es\/wp-json\/wp\/v2\/types\/post"}],"author":[{"embeddable":true,"href":"https:\/\/amica.es\/es\/wp-json\/wp\/v2\/users\/10"}],"replies":[{"embeddable":true,"href":"https:\/\/amica.es\/es\/wp-json\/wp\/v2\/comments?post=10926"}],"version-history":[{"count":1,"href":"https:\/\/amica.es\/es\/wp-json\/wp\/v2\/posts\/10926\/revisions"}],"predecessor-version":[{"id":10928,"href":"https:\/\/amica.es\/es\/wp-json\/wp\/v2\/posts\/10926\/revisions\/10928"}],"wp:featuredmedia":[{"embeddable":true,"href":"https:\/\/amica.es\/es\/wp-json\/wp\/v2\/media\/10927"}],"wp:attachment":[{"href":"https:\/\/amica.es\/es\/wp-json\/wp\/v2\/media?parent=10926"}],"wp:term":[{"taxonomy":"category","embeddable":true,"href":"https:\/\/amica.es\/es\/wp-json\/wp\/v2\/categories?post=10926"},{"taxonomy":"post_tag","embeddable":true,"href":"https:\/\/amica.es\/es\/wp-json\/wp\/v2\/tags?post=10926"}],"curies":[{"name":"wp","href":"https:\/\/api.w.org\/{rel}","templated":true}]}}