{"id":11002,"date":"2021-03-04T13:15:27","date_gmt":"2021-03-04T11:15:27","guid":{"rendered":"https:\/\/amica.es\/es\/?p=11002"},"modified":"2021-03-05T10:36:30","modified_gmt":"2021-03-05T08:36:30","slug":"amica-participa-en-la-presentacion-de-la-estrategia-europea-de-discapacidad-2021-2030-por-la-comision-europea","status":"publish","type":"post","link":"https:\/\/amica.es\/es\/amica-participa-en-la-presentacion-de-la-estrategia-europea-de-discapacidad-2021-2030-por-la-comision-europea\/","title":{"rendered":"Amica participa en la presentaci\u00f3n de la Estrategia Europea de Discapacidad [2021-2030] por la Comisi\u00f3n Europea"},"content":{"rendered":"<p><img loading=\"lazy\" decoding=\"async\" class=\"size-medium wp-image-11003 aligncenter\" src=\"https:\/\/amica.es\/es\/wp-content\/uploads\/2021\/03\/europe-scaled-300x225.jpg\" alt=\"\" width=\"300\" height=\"225\" \/><\/p>\n<p>\u00a1Anunciamos buenas noticias! La Comisi\u00f3n Europea ha publicado el 3 de Marzo de 2021 la <a href=\"https:\/\/ec.europa.eu\/commission\/presscorner\/detail\/es\/ip_21_810\">Estrategia Europea de Discapacidad<\/a> [2021-2030] tras duros meses de trabajo. Esta estrategia pretende establecer las l\u00edneas claras en las que las iniciativas, proyectos y acciones dentro del \u00e1mbito de la discapacidad, deben avanzar para promover y garantizar los derechos, la autonom\u00eda, independencia, participaci\u00f3n e inclusi\u00f3n de las personas con discapacidad.<\/p>\n<p>Por esta raz\u00f3n, hoy Amica asiste a la presentaci\u00f3n virtual de la Estrategia Europea de Discapacidad organizada por la Asociaci\u00f3n Europea de Proveedores de Servicios (EASPD), entidad de la que forma parte. En este encuentro han participado Katarina Ivankovi\u0107 Kne\u017eevi\u0107, Directora de la Direcci\u00f3n General de Empleo, Asuntos Sociales e Inclusi\u00f3n, responsable de presentar la Estrategia e Irene Bertana, representante de EASPD quien analiza y reflexiona sobre los momentos clave del proceso legislativo.<\/p>\n<p>Durante la sesi\u00f3n, tambi\u00e9n se ha podido establecer un debate sobre si la estrategia responde a las necesidades actuales y sobre el impacto que tendr\u00e1 en el desarrollo de servicios y recursos dirigidos a promover una mayor calidad de vida para las personas con discapacidad.<\/p>\n<p>La <strong><span>Estrategia para los derechos de las personas con discapacidad 2021-2030<\/span><\/strong><span> guiar\u00e1 la acci\u00f3n de los Estados miembros y de las instituciones de la UE, bas\u00e1ndose en los logros de los diez anteriores. La nueva estrategia ayudar\u00e1 a cumplir las prioridades de construir una Uni\u00f3n de Igualdad y <\/span><a class=\"ecl-link\" href=\"https:\/\/ec.europa.eu\/social\/main.jsp?catId=1226\"><span>cumplir con el pilar europeo del pilar social<\/span><\/a><span>\u00a0.<\/span><\/p>\n<p class=\"ecl-paragraph\"><span>La Estrategia presentada tiene como objetivo abordar los diversos desaf\u00edos a los que se enfrentan las personas con discapacidad. Su objetivo es avanzar en todos los \u00e1mbitos de la Convenci\u00f3n de las Naciones Unidas sobre los derechos de las personas con discapacidad, tanto a nivel de la UE como de los Estados miembros, y <\/span><span>garantizar que las personas con discapacidad en Europa, independientemente de su sexo, origen racial o \u00e9tnico, religi\u00f3n o creencias, edad u orientaci\u00f3n sexual:<\/span><\/p>\n<ul class=\"ecl-list\">\n<li><span>disfruten de sus derechos humanos,<\/span><\/li>\n<li><span>tengan igualdad de oportunidades,<\/span><\/li>\n<li><span>tengan igualdad de acceso para participar en la sociedad y la econom\u00eda,<\/span><\/li>\n<li><span>sean capaces de decidir d\u00f3nde, c\u00f3mo y con qui\u00e9n viven,<\/span><\/li>\n<li><span>puedan moverse libremente en la UE independientemente de sus necesidades de apoyo,<\/span><\/li>\n<li><span>y no experimenten discriminaci\u00f3n.<\/span><\/li>\n<\/ul>\n","protected":false},"excerpt":{"rendered":"<p>\u00a1Anunciamos buenas noticias! La Comisi\u00f3n Europea ha publicado el 3 de Marzo de 2021 la Estrategia Europea de Discapacidad [2021-2030] tras duros meses de trabajo. Esta estrategia pretende establecer las l\u00edneas claras en las que las iniciativas, proyectos y acciones dentro del \u00e1mbito de la discapacidad, deben avanzar para promover y garantizar los derechos, la<br \/><a href=\"https:\/\/amica.es\/es\/amica-participa-en-la-presentacion-de-la-estrategia-europea-de-discapacidad-2021-2030-por-la-comision-europea\/\" class=\"more\">Read more<\/a><\/p>\n","protected":false},"author":10,"featured_media":11003,"comment_status":"closed","ping_status":"open","sticky":false,"template":"","format":"standard","meta":{"_monsterinsights_skip_tracking":false,"_monsterinsights_sitenote_active":false,"_monsterinsights_sitenote_note":"","_monsterinsights_sitenote_category":0,"_joinchat":[],"footnotes":""},"categories":[27],"tags":[],"class_list":["post-11002","post","type-post","status-publish","format-standard","has-post-thumbnail","hentry","category-noticias-categoria"],"yoast_head":"<!-- This site is optimized with the Yoast SEO plugin v25.6 - https:\/\/yoast.com\/wordpress\/plugins\/seo\/ -->\n<title>Amica participa en la presentaci\u00f3n de la Estrategia Europea de Discapacidad [2021-2030] por la Comisi\u00f3n Europea - Amica - Descubriendo Capacidades<\/title>\n<meta name=\"robots\" content=\"index, follow, max-snippet:-1, max-image-preview:large, max-video-preview:-1\" \/>\n<link rel=\"canonical\" href=\"https:\/\/amica.es\/es\/amica-participa-en-la-presentacion-de-la-estrategia-europea-de-discapacidad-2021-2030-por-la-comision-europea\/\" \/>\n<meta property=\"og:locale\" content=\"es_ES\" \/>\n<meta property=\"og:type\" content=\"article\" \/>\n<meta property=\"og:title\" content=\"Amica participa en la presentaci\u00f3n de la Estrategia Europea de Discapacidad [2021-2030] por la Comisi\u00f3n Europea - Amica - Descubriendo Capacidades\" \/>\n<meta property=\"og:description\" content=\"\u00a1Anunciamos buenas noticias! La Comisi\u00f3n Europea ha publicado el 3 de Marzo de 2021 la Estrategia Europea de Discapacidad [2021-2030] tras duros meses de trabajo. Esta estrategia pretende establecer las l\u00edneas claras en las que las iniciativas, proyectos y acciones dentro del \u00e1mbito de la discapacidad, deben avanzar para promover y garantizar los derechos, laRead more\" \/>\n<meta property=\"og:url\" content=\"https:\/\/amica.es\/es\/amica-participa-en-la-presentacion-de-la-estrategia-europea-de-discapacidad-2021-2030-por-la-comision-europea\/\" \/>\n<meta property=\"og:site_name\" content=\"Amica - Descubriendo Capacidades\" \/>\n<meta property=\"article:publisher\" content=\"https:\/\/www.facebook.com\/amicaasociacion\" \/>\n<meta property=\"article:published_time\" content=\"2021-03-04T11:15:27+00:00\" \/>\n<meta property=\"article:modified_time\" content=\"2021-03-05T08:36:30+00:00\" \/>\n<meta property=\"og:image\" content=\"https:\/\/amica.es\/es\/wp-content\/uploads\/2021\/03\/europe-scaled.jpg\" \/>\n\t<meta property=\"og:image:width\" content=\"2560\" \/>\n\t<meta property=\"og:image:height\" content=\"1920\" \/>\n\t<meta property=\"og:image:type\" content=\"image\/jpeg\" \/>\n<meta name=\"author\" content=\"Comunicaci\u00f3n Amica\" \/>\n<meta name=\"twitter:card\" content=\"summary_large_image\" \/>\n<meta name=\"twitter:creator\" content=\"@asociacionamica\" \/>\n<meta name=\"twitter:site\" content=\"@asociacionamica\" \/>\n<meta name=\"twitter:label1\" content=\"Escrito por\" \/>\n\t<meta name=\"twitter:data1\" content=\"Comunicaci\u00f3n Amica\" \/>\n\t<meta name=\"twitter:label2\" content=\"Tiempo de lectura\" \/>\n\t<meta name=\"twitter:data2\" content=\"2 minutos\" \/>\n<script type=\"application\/ld+json\" class=\"yoast-schema-graph\">{\"@context\":\"https:\/\/schema.org\",\"@graph\":[{\"@type\":\"Article\",\"@id\":\"https:\/\/amica.es\/es\/amica-participa-en-la-presentacion-de-la-estrategia-europea-de-discapacidad-2021-2030-por-la-comision-europea\/#article\",\"isPartOf\":{\"@id\":\"https:\/\/amica.es\/es\/amica-participa-en-la-presentacion-de-la-estrategia-europea-de-discapacidad-2021-2030-por-la-comision-europea\/\"},\"author\":{\"name\":\"Comunicaci\u00f3n Amica\",\"@id\":\"https:\/\/amica.es\/es\/#\/schema\/person\/f8237e904e02fbcd642619de8fb2aa7d\"},\"headline\":\"Amica participa en la presentaci\u00f3n de la Estrategia Europea de Discapacidad [2021-2030] por la Comisi\u00f3n Europea\",\"datePublished\":\"2021-03-04T11:15:27+00:00\",\"dateModified\":\"2021-03-05T08:36:30+00:00\",\"mainEntityOfPage\":{\"@id\":\"https:\/\/amica.es\/es\/amica-participa-en-la-presentacion-de-la-estrategia-europea-de-discapacidad-2021-2030-por-la-comision-europea\/\"},\"wordCount\":404,\"publisher\":{\"@id\":\"https:\/\/amica.es\/es\/#organization\"},\"image\":{\"@id\":\"https:\/\/amica.es\/es\/amica-participa-en-la-presentacion-de-la-estrategia-europea-de-discapacidad-2021-2030-por-la-comision-europea\/#primaryimage\"},\"thumbnailUrl\":\"https:\/\/amica.es\/es\/wp-content\/uploads\/2021\/03\/europe-scaled.jpg\",\"articleSection\":[\"Noticias\"],\"inLanguage\":\"es\"},{\"@type\":\"WebPage\",\"@id\":\"https:\/\/amica.es\/es\/amica-participa-en-la-presentacion-de-la-estrategia-europea-de-discapacidad-2021-2030-por-la-comision-europea\/\",\"url\":\"https:\/\/amica.es\/es\/amica-participa-en-la-presentacion-de-la-estrategia-europea-de-discapacidad-2021-2030-por-la-comision-europea\/\",\"name\":\"Amica participa en la presentaci\u00f3n de la Estrategia Europea de Discapacidad [2021-2030] por la Comisi\u00f3n Europea - Amica - Descubriendo Capacidades\",\"isPartOf\":{\"@id\":\"https:\/\/amica.es\/es\/#website\"},\"primaryImageOfPage\":{\"@id\":\"https:\/\/amica.es\/es\/amica-participa-en-la-presentacion-de-la-estrategia-europea-de-discapacidad-2021-2030-por-la-comision-europea\/#primaryimage\"},\"image\":{\"@id\":\"https:\/\/amica.es\/es\/amica-participa-en-la-presentacion-de-la-estrategia-europea-de-discapacidad-2021-2030-por-la-comision-europea\/#primaryimage\"},\"thumbnailUrl\":\"https:\/\/amica.es\/es\/wp-content\/uploads\/2021\/03\/europe-scaled.jpg\",\"datePublished\":\"2021-03-04T11:15:27+00:00\",\"dateModified\":\"2021-03-05T08:36:30+00:00\",\"breadcrumb\":{\"@id\":\"https:\/\/amica.es\/es\/amica-participa-en-la-presentacion-de-la-estrategia-europea-de-discapacidad-2021-2030-por-la-comision-europea\/#breadcrumb\"},\"inLanguage\":\"es\",\"potentialAction\":[{\"@type\":\"ReadAction\",\"target\":[\"https:\/\/amica.es\/es\/amica-participa-en-la-presentacion-de-la-estrategia-europea-de-discapacidad-2021-2030-por-la-comision-europea\/\"]}]},{\"@type\":\"ImageObject\",\"inLanguage\":\"es\",\"@id\":\"https:\/\/amica.es\/es\/amica-participa-en-la-presentacion-de-la-estrategia-europea-de-discapacidad-2021-2030-por-la-comision-europea\/#primaryimage\",\"url\":\"https:\/\/amica.es\/es\/wp-content\/uploads\/2021\/03\/europe-scaled.jpg\",\"contentUrl\":\"https:\/\/amica.es\/es\/wp-content\/uploads\/2021\/03\/europe-scaled.jpg\",\"width\":2560,\"height\":1920},{\"@type\":\"BreadcrumbList\",\"@id\":\"https:\/\/amica.es\/es\/amica-participa-en-la-presentacion-de-la-estrategia-europea-de-discapacidad-2021-2030-por-la-comision-europea\/#breadcrumb\",\"itemListElement\":[{\"@type\":\"ListItem\",\"position\":1,\"name\":\"Portada\",\"item\":\"https:\/\/amica.es\/es\/\"},{\"@type\":\"ListItem\",\"position\":2,\"name\":\"Amica participa en la presentaci\u00f3n de la Estrategia Europea de Discapacidad [2021-2030] por la Comisi\u00f3n Europea\"}]},{\"@type\":\"WebSite\",\"@id\":\"https:\/\/amica.es\/es\/#website\",\"url\":\"https:\/\/amica.es\/es\/\",\"name\":\"Amica - Descubriendo Capacidades\",\"description\":\"Apoyando a personas con discapacidad desde 1984\",\"publisher\":{\"@id\":\"https:\/\/amica.es\/es\/#organization\"},\"potentialAction\":[{\"@type\":\"SearchAction\",\"target\":{\"@type\":\"EntryPoint\",\"urlTemplate\":\"https:\/\/amica.es\/es\/?s={search_term_string}\"},\"query-input\":{\"@type\":\"PropertyValueSpecification\",\"valueRequired\":true,\"valueName\":\"search_term_string\"}}],\"inLanguage\":\"es\"},{\"@type\":\"Organization\",\"@id\":\"https:\/\/amica.es\/es\/#organization\",\"name\":\"Asociaci\u00f3n Amica\",\"url\":\"https:\/\/amica.es\/es\/\",\"logo\":{\"@type\":\"ImageObject\",\"inLanguage\":\"es\",\"@id\":\"https:\/\/amica.es\/es\/#\/schema\/logo\/image\/\",\"url\":\"https:\/\/amica.es\/es\/wp-content\/uploads\/2024\/07\/Amica-Logo.png\",\"contentUrl\":\"https:\/\/amica.es\/es\/wp-content\/uploads\/2024\/07\/Amica-Logo.png\",\"width\":1653,\"height\":577,\"caption\":\"Asociaci\u00f3n Amica\"},\"image\":{\"@id\":\"https:\/\/amica.es\/es\/#\/schema\/logo\/image\/\"},\"sameAs\":[\"https:\/\/www.facebook.com\/amicaasociacion\",\"https:\/\/x.com\/asociacionamica\",\"https:\/\/www.youtube.com\/c\/asociacionamicacantabria\",\"https:\/\/es.linkedin.com\/company\/asociacionamica?trk=similar-companies_org_title\",\"https:\/\/www.instagram.com\/asociacionamica\/\"]},{\"@type\":\"Person\",\"@id\":\"https:\/\/amica.es\/es\/#\/schema\/person\/f8237e904e02fbcd642619de8fb2aa7d\",\"name\":\"Comunicaci\u00f3n Amica\",\"image\":{\"@type\":\"ImageObject\",\"inLanguage\":\"es\",\"@id\":\"https:\/\/amica.es\/es\/#\/schema\/person\/image\/\",\"url\":\"https:\/\/secure.gravatar.com\/avatar\/fcf9b00947683a60bff763b288192c315e6cd2b260feccd77e02b66c69e70a1d?s=96&d=mm&r=g\",\"contentUrl\":\"https:\/\/secure.gravatar.com\/avatar\/fcf9b00947683a60bff763b288192c315e6cd2b260feccd77e02b66c69e70a1d?s=96&d=mm&r=g\",\"caption\":\"Comunicaci\u00f3n Amica\"},\"sameAs\":[\"http:\/\/www.amica.es\"],\"url\":\"https:\/\/amica.es\/es\/author\/comunicacion\/\"}]}<\/script>\n<!-- \/ Yoast SEO plugin. -->","yoast_head_json":{"title":"Amica participa en la presentaci\u00f3n de la Estrategia Europea de Discapacidad [2021-2030] por la Comisi\u00f3n Europea - Amica - Descubriendo Capacidades","robots":{"index":"index","follow":"follow","max-snippet":"max-snippet:-1","max-image-preview":"max-image-preview:large","max-video-preview":"max-video-preview:-1"},"canonical":"https:\/\/amica.es\/es\/amica-participa-en-la-presentacion-de-la-estrategia-europea-de-discapacidad-2021-2030-por-la-comision-europea\/","og_locale":"es_ES","og_type":"article","og_title":"Amica participa en la presentaci\u00f3n de la Estrategia Europea de Discapacidad [2021-2030] por la Comisi\u00f3n Europea - Amica - Descubriendo Capacidades","og_description":"\u00a1Anunciamos buenas noticias! La Comisi\u00f3n Europea ha publicado el 3 de Marzo de 2021 la Estrategia Europea de Discapacidad [2021-2030] tras duros meses de trabajo. Esta estrategia pretende establecer las l\u00edneas claras en las que las iniciativas, proyectos y acciones dentro del \u00e1mbito de la discapacidad, deben avanzar para promover y garantizar los derechos, laRead more","og_url":"https:\/\/amica.es\/es\/amica-participa-en-la-presentacion-de-la-estrategia-europea-de-discapacidad-2021-2030-por-la-comision-europea\/","og_site_name":"Amica - Descubriendo Capacidades","article_publisher":"https:\/\/www.facebook.com\/amicaasociacion","article_published_time":"2021-03-04T11:15:27+00:00","article_modified_time":"2021-03-05T08:36:30+00:00","og_image":[{"width":2560,"height":1920,"url":"https:\/\/amica.es\/es\/wp-content\/uploads\/2021\/03\/europe-scaled.jpg","type":"image\/jpeg"}],"author":"Comunicaci\u00f3n Amica","twitter_card":"summary_large_image","twitter_creator":"@asociacionamica","twitter_site":"@asociacionamica","twitter_misc":{"Escrito por":"Comunicaci\u00f3n Amica","Tiempo de lectura":"2 minutos"},"schema":{"@context":"https:\/\/schema.org","@graph":[{"@type":"Article","@id":"https:\/\/amica.es\/es\/amica-participa-en-la-presentacion-de-la-estrategia-europea-de-discapacidad-2021-2030-por-la-comision-europea\/#article","isPartOf":{"@id":"https:\/\/amica.es\/es\/amica-participa-en-la-presentacion-de-la-estrategia-europea-de-discapacidad-2021-2030-por-la-comision-europea\/"},"author":{"name":"Comunicaci\u00f3n Amica","@id":"https:\/\/amica.es\/es\/#\/schema\/person\/f8237e904e02fbcd642619de8fb2aa7d"},"headline":"Amica participa en la presentaci\u00f3n de la Estrategia Europea de Discapacidad [2021-2030] por la Comisi\u00f3n Europea","datePublished":"2021-03-04T11:15:27+00:00","dateModified":"2021-03-05T08:36:30+00:00","mainEntityOfPage":{"@id":"https:\/\/amica.es\/es\/amica-participa-en-la-presentacion-de-la-estrategia-europea-de-discapacidad-2021-2030-por-la-comision-europea\/"},"wordCount":404,"publisher":{"@id":"https:\/\/amica.es\/es\/#organization"},"image":{"@id":"https:\/\/amica.es\/es\/amica-participa-en-la-presentacion-de-la-estrategia-europea-de-discapacidad-2021-2030-por-la-comision-europea\/#primaryimage"},"thumbnailUrl":"https:\/\/amica.es\/es\/wp-content\/uploads\/2021\/03\/europe-scaled.jpg","articleSection":["Noticias"],"inLanguage":"es"},{"@type":"WebPage","@id":"https:\/\/amica.es\/es\/amica-participa-en-la-presentacion-de-la-estrategia-europea-de-discapacidad-2021-2030-por-la-comision-europea\/","url":"https:\/\/amica.es\/es\/amica-participa-en-la-presentacion-de-la-estrategia-europea-de-discapacidad-2021-2030-por-la-comision-europea\/","name":"Amica participa en la presentaci\u00f3n de la Estrategia Europea de Discapacidad [2021-2030] por la Comisi\u00f3n Europea - Amica - Descubriendo Capacidades","isPartOf":{"@id":"https:\/\/amica.es\/es\/#website"},"primaryImageOfPage":{"@id":"https:\/\/amica.es\/es\/amica-participa-en-la-presentacion-de-la-estrategia-europea-de-discapacidad-2021-2030-por-la-comision-europea\/#primaryimage"},"image":{"@id":"https:\/\/amica.es\/es\/amica-participa-en-la-presentacion-de-la-estrategia-europea-de-discapacidad-2021-2030-por-la-comision-europea\/#primaryimage"},"thumbnailUrl":"https:\/\/amica.es\/es\/wp-content\/uploads\/2021\/03\/europe-scaled.jpg","datePublished":"2021-03-04T11:15:27+00:00","dateModified":"2021-03-05T08:36:30+00:00","breadcrumb":{"@id":"https:\/\/amica.es\/es\/amica-participa-en-la-presentacion-de-la-estrategia-europea-de-discapacidad-2021-2030-por-la-comision-europea\/#breadcrumb"},"inLanguage":"es","potentialAction":[{"@type":"ReadAction","target":["https:\/\/amica.es\/es\/amica-participa-en-la-presentacion-de-la-estrategia-europea-de-discapacidad-2021-2030-por-la-comision-europea\/"]}]},{"@type":"ImageObject","inLanguage":"es","@id":"https:\/\/amica.es\/es\/amica-participa-en-la-presentacion-de-la-estrategia-europea-de-discapacidad-2021-2030-por-la-comision-europea\/#primaryimage","url":"https:\/\/amica.es\/es\/wp-content\/uploads\/2021\/03\/europe-scaled.jpg","contentUrl":"https:\/\/amica.es\/es\/wp-content\/uploads\/2021\/03\/europe-scaled.jpg","width":2560,"height":1920},{"@type":"BreadcrumbList","@id":"https:\/\/amica.es\/es\/amica-participa-en-la-presentacion-de-la-estrategia-europea-de-discapacidad-2021-2030-por-la-comision-europea\/#breadcrumb","itemListElement":[{"@type":"ListItem","position":1,"name":"Portada","item":"https:\/\/amica.es\/es\/"},{"@type":"ListItem","position":2,"name":"Amica participa en la presentaci\u00f3n de la Estrategia Europea de Discapacidad [2021-2030] por la Comisi\u00f3n Europea"}]},{"@type":"WebSite","@id":"https:\/\/amica.es\/es\/#website","url":"https:\/\/amica.es\/es\/","name":"Amica - Descubriendo Capacidades","description":"Apoyando a personas con discapacidad desde 1984","publisher":{"@id":"https:\/\/amica.es\/es\/#organization"},"potentialAction":[{"@type":"SearchAction","target":{"@type":"EntryPoint","urlTemplate":"https:\/\/amica.es\/es\/?s={search_term_string}"},"query-input":{"@type":"PropertyValueSpecification","valueRequired":true,"valueName":"search_term_string"}}],"inLanguage":"es"},{"@type":"Organization","@id":"https:\/\/amica.es\/es\/#organization","name":"Asociaci\u00f3n Amica","url":"https:\/\/amica.es\/es\/","logo":{"@type":"ImageObject","inLanguage":"es","@id":"https:\/\/amica.es\/es\/#\/schema\/logo\/image\/","url":"https:\/\/amica.es\/es\/wp-content\/uploads\/2024\/07\/Amica-Logo.png","contentUrl":"https:\/\/amica.es\/es\/wp-content\/uploads\/2024\/07\/Amica-Logo.png","width":1653,"height":577,"caption":"Asociaci\u00f3n Amica"},"image":{"@id":"https:\/\/amica.es\/es\/#\/schema\/logo\/image\/"},"sameAs":["https:\/\/www.facebook.com\/amicaasociacion","https:\/\/x.com\/asociacionamica","https:\/\/www.youtube.com\/c\/asociacionamicacantabria","https:\/\/es.linkedin.com\/company\/asociacionamica?trk=similar-companies_org_title","https:\/\/www.instagram.com\/asociacionamica\/"]},{"@type":"Person","@id":"https:\/\/amica.es\/es\/#\/schema\/person\/f8237e904e02fbcd642619de8fb2aa7d","name":"Comunicaci\u00f3n Amica","image":{"@type":"ImageObject","inLanguage":"es","@id":"https:\/\/amica.es\/es\/#\/schema\/person\/image\/","url":"https:\/\/secure.gravatar.com\/avatar\/fcf9b00947683a60bff763b288192c315e6cd2b260feccd77e02b66c69e70a1d?s=96&d=mm&r=g","contentUrl":"https:\/\/secure.gravatar.com\/avatar\/fcf9b00947683a60bff763b288192c315e6cd2b260feccd77e02b66c69e70a1d?s=96&d=mm&r=g","caption":"Comunicaci\u00f3n Amica"},"sameAs":["http:\/\/www.amica.es"],"url":"https:\/\/amica.es\/es\/author\/comunicacion\/"}]}},"_links":{"self":[{"href":"https:\/\/amica.es\/es\/wp-json\/wp\/v2\/posts\/11002","targetHints":{"allow":["GET"]}}],"collection":[{"href":"https:\/\/amica.es\/es\/wp-json\/wp\/v2\/posts"}],"about":[{"href":"https:\/\/amica.es\/es\/wp-json\/wp\/v2\/types\/post"}],"author":[{"embeddable":true,"href":"https:\/\/amica.es\/es\/wp-json\/wp\/v2\/users\/10"}],"replies":[{"embeddable":true,"href":"https:\/\/amica.es\/es\/wp-json\/wp\/v2\/comments?post=11002"}],"version-history":[{"count":5,"href":"https:\/\/amica.es\/es\/wp-json\/wp\/v2\/posts\/11002\/revisions"}],"predecessor-version":[{"id":11015,"href":"https:\/\/amica.es\/es\/wp-json\/wp\/v2\/posts\/11002\/revisions\/11015"}],"wp:featuredmedia":[{"embeddable":true,"href":"https:\/\/amica.es\/es\/wp-json\/wp\/v2\/media\/11003"}],"wp:attachment":[{"href":"https:\/\/amica.es\/es\/wp-json\/wp\/v2\/media?parent=11002"}],"wp:term":[{"taxonomy":"category","embeddable":true,"href":"https:\/\/amica.es\/es\/wp-json\/wp\/v2\/categories?post=11002"},{"taxonomy":"post_tag","embeddable":true,"href":"https:\/\/amica.es\/es\/wp-json\/wp\/v2\/tags?post=11002"}],"curies":[{"name":"wp","href":"https:\/\/api.w.org\/{rel}","templated":true}]}}