{"id":11017,"date":"2021-03-05T13:12:51","date_gmt":"2021-03-05T11:12:51","guid":{"rendered":"https:\/\/amica.es\/es\/?p=11017"},"modified":"2021-03-05T13:12:51","modified_gmt":"2021-03-05T11:12:51","slug":"amica-participa-en-el-proyecto-self-como-empresa-lider-en-economia-social","status":"publish","type":"post","link":"https:\/\/amica.es\/es\/amica-participa-en-el-proyecto-self-como-empresa-lider-en-economia-social\/","title":{"rendered":"Amica participa en el Proyecto SELF como empresa l\u00edder en econom\u00eda social"},"content":{"rendered":"<p>Amica participar\u00e1 en un proyecto liderado por el Gobierno de Cantabria y financiado por la Uni\u00f3n Europea a trav\u00e9s del <a href=\"https:\/\/plataformapyme.es\/es-es\/Internacional\/PoliticaEuropeaPyme\/Paginas\/COSME.aspx\">Programa COSME<\/a>. El proyecto SELF &#8211; Social Economy Leads the Future tiene como objetivo crear un modelo de gobernanza local-regional para el impulso de la econom\u00eda social como mecanismo de desarrollo en los territorios rurales.<\/p>\n<p>En dicho proyecto, que lidera el Gobierno de Cantabria, trabajar\u00e1 conjuntamente con otras entidades de la regi\u00f3n como Amica, Fundaci\u00f3n CUIN Cantabria, Talleres Juveniles Brumas, Centro Internacional Santander Emprendimiento (CISE), Asociaci\u00f3n Cooperativas y Sociedades Laborales de Cantabria (ACEL), y Red C\u00e1ntabra de Desarrollo Rural, as\u00ed como con entidades de Lombardia (Italia), Vidzeme (Letonia) y Voivodato de Pomerania (Polonia).<\/p>\n<p>El viernes 5 de Marzo, Amica ha participado en la Jornada de Lanzamiento del proyecto cuya apertura institucional fue realizada por Ana Bel\u00e9n \u00c1lvarez, consejera de Pol\u00edtica Social y Empleo, y Mar\u00eda S\u00e1nchez, consejera de Econom\u00eda y Hacienda, ambas del Gobierno de Cantabria.<\/p>\n<p>En primer lugar, se expusieron y debatieron cuestiones relevantes para impulsar este proyecto orientado al desarrollo de las econom\u00eda sociales en las que pusieron de manifiesto la importancia de la b\u00fasqueda de &#8220;Soluciones p\u00fablicas colaborativas en la adaptaci\u00f3n territorial a una nuevas realidades socioecon\u00f3micas&#8221; a cargo de Maravillas Esp\u00edn, directora general de Trabajadores Aut\u00f3nomos, Responsabilidad Social y Econom\u00eda Social del Ministerio de Trabajo y Econom\u00eda Social,<\/p>\n<p>En segundo lugar, se ofreci\u00f3 una visi\u00f3n global de las &#8220;Perspectivas regionales del consorcio SELF&#8221; en la que han participado Gustavo Garc\u00eda, director general de Trabajo del Gobierno de Cantabria; Regita Zeila, directora de la Asociaci\u00f3n de Emprendimiento Social de Letonia; Gloria Sainaghi, t\u00e9cnico de planificaci\u00f3n comunitaria y desarrollo rural, D.G. Agricultura, Alimentaci\u00f3n y Sistemas Verdes, Gobierno de Lombard\u00eda; Ludwik Szakiel, subdirector del Departamento de Desarrollo Econ\u00f3mico, Oficina del Mariscal del Voivodato de Pomorskie.<\/p>\n<p>La participaci\u00f3n de Amica es este proyecto cobra especial importancia, como empresa l\u00edder en econom\u00eda social en Cantabria, pues uno de sus objetivos es promover el desarrollo de territorios rurales a trav\u00e9s de la generaci\u00f3n de nuevas oportunidades de empleo para las personas dinamizando y aportando valor en el entorno comunitario y a su vez crear una red de trabajo colaborativo con entidades, no solo de la regi\u00f3n sino tambi\u00e9n de otros pa\u00edses, que sea capaz de transferir buenas pr\u00e1cticas que fortalezcan el modelo de econom\u00eda social.<\/p>\n<p>&nbsp;<\/p>\n","protected":false},"excerpt":{"rendered":"<p>Amica participar\u00e1 en un proyecto liderado por el Gobierno de Cantabria y financiado por la Uni\u00f3n Europea a trav\u00e9s del Programa COSME. El proyecto SELF &#8211; Social Economy Leads the Future tiene como objetivo crear un modelo de gobernanza local-regional para el impulso de la econom\u00eda social como mecanismo de desarrollo en los territorios rurales.<br \/><a href=\"https:\/\/amica.es\/es\/amica-participa-en-el-proyecto-self-como-empresa-lider-en-economia-social\/\" class=\"more\">Read more<\/a><\/p>\n","protected":false},"author":10,"featured_media":11018,"comment_status":"closed","ping_status":"open","sticky":false,"template":"","format":"standard","meta":{"_monsterinsights_skip_tracking":false,"_monsterinsights_sitenote_active":false,"_monsterinsights_sitenote_note":"","_monsterinsights_sitenote_category":0,"_joinchat":[],"footnotes":""},"categories":[27],"tags":[],"class_list":["post-11017","post","type-post","status-publish","format-standard","has-post-thumbnail","hentry","category-noticias-categoria"],"yoast_head":"<!-- This site is optimized with the Yoast SEO plugin v25.6 - https:\/\/yoast.com\/wordpress\/plugins\/seo\/ -->\n<title>Amica participa en el Proyecto SELF como empresa l\u00edder en econom\u00eda social - Amica - Descubriendo Capacidades<\/title>\n<meta name=\"robots\" content=\"index, follow, max-snippet:-1, max-image-preview:large, max-video-preview:-1\" \/>\n<link rel=\"canonical\" href=\"https:\/\/amica.es\/es\/amica-participa-en-el-proyecto-self-como-empresa-lider-en-economia-social\/\" \/>\n<meta property=\"og:locale\" content=\"es_ES\" \/>\n<meta property=\"og:type\" content=\"article\" \/>\n<meta property=\"og:title\" content=\"Amica participa en el Proyecto SELF como empresa l\u00edder en econom\u00eda social - Amica - Descubriendo Capacidades\" \/>\n<meta property=\"og:description\" content=\"Amica participar\u00e1 en un proyecto liderado por el Gobierno de Cantabria y financiado por la Uni\u00f3n Europea a trav\u00e9s del Programa COSME. El proyecto SELF &#8211; Social Economy Leads the Future tiene como objetivo crear un modelo de gobernanza local-regional para el impulso de la econom\u00eda social como mecanismo de desarrollo en los territorios rurales.Read more\" \/>\n<meta property=\"og:url\" content=\"https:\/\/amica.es\/es\/amica-participa-en-el-proyecto-self-como-empresa-lider-en-economia-social\/\" \/>\n<meta property=\"og:site_name\" content=\"Amica - Descubriendo Capacidades\" \/>\n<meta property=\"article:publisher\" content=\"https:\/\/www.facebook.com\/amicaasociacion\" \/>\n<meta property=\"article:published_time\" content=\"2021-03-05T11:12:51+00:00\" \/>\n<meta property=\"og:image\" content=\"https:\/\/amica.es\/es\/wp-content\/uploads\/2021\/03\/Imagen2-e1614939433625.jpg\" \/>\n\t<meta property=\"og:image:width\" content=\"473\" \/>\n\t<meta property=\"og:image:height\" content=\"267\" \/>\n\t<meta property=\"og:image:type\" content=\"image\/jpeg\" \/>\n<meta name=\"author\" content=\"Comunicaci\u00f3n Amica\" \/>\n<meta name=\"twitter:card\" content=\"summary_large_image\" \/>\n<meta name=\"twitter:creator\" content=\"@asociacionamica\" \/>\n<meta name=\"twitter:site\" content=\"@asociacionamica\" \/>\n<meta name=\"twitter:label1\" content=\"Escrito por\" \/>\n\t<meta name=\"twitter:data1\" content=\"Comunicaci\u00f3n Amica\" \/>\n\t<meta name=\"twitter:label2\" content=\"Tiempo de lectura\" \/>\n\t<meta name=\"twitter:data2\" content=\"2 minutos\" \/>\n<script type=\"application\/ld+json\" class=\"yoast-schema-graph\">{\"@context\":\"https:\/\/schema.org\",\"@graph\":[{\"@type\":\"Article\",\"@id\":\"https:\/\/amica.es\/es\/amica-participa-en-el-proyecto-self-como-empresa-lider-en-economia-social\/#article\",\"isPartOf\":{\"@id\":\"https:\/\/amica.es\/es\/amica-participa-en-el-proyecto-self-como-empresa-lider-en-economia-social\/\"},\"author\":{\"name\":\"Comunicaci\u00f3n Amica\",\"@id\":\"https:\/\/amica.es\/es\/#\/schema\/person\/f8237e904e02fbcd642619de8fb2aa7d\"},\"headline\":\"Amica participa en el Proyecto SELF como empresa l\u00edder en econom\u00eda social\",\"datePublished\":\"2021-03-05T11:12:51+00:00\",\"mainEntityOfPage\":{\"@id\":\"https:\/\/amica.es\/es\/amica-participa-en-el-proyecto-self-como-empresa-lider-en-economia-social\/\"},\"wordCount\":437,\"publisher\":{\"@id\":\"https:\/\/amica.es\/es\/#organization\"},\"image\":{\"@id\":\"https:\/\/amica.es\/es\/amica-participa-en-el-proyecto-self-como-empresa-lider-en-economia-social\/#primaryimage\"},\"thumbnailUrl\":\"https:\/\/amica.es\/es\/wp-content\/uploads\/2021\/03\/Imagen2-e1614939433625.jpg\",\"articleSection\":[\"Noticias\"],\"inLanguage\":\"es\"},{\"@type\":\"WebPage\",\"@id\":\"https:\/\/amica.es\/es\/amica-participa-en-el-proyecto-self-como-empresa-lider-en-economia-social\/\",\"url\":\"https:\/\/amica.es\/es\/amica-participa-en-el-proyecto-self-como-empresa-lider-en-economia-social\/\",\"name\":\"Amica participa en el Proyecto SELF como empresa l\u00edder en econom\u00eda social - Amica - Descubriendo Capacidades\",\"isPartOf\":{\"@id\":\"https:\/\/amica.es\/es\/#website\"},\"primaryImageOfPage\":{\"@id\":\"https:\/\/amica.es\/es\/amica-participa-en-el-proyecto-self-como-empresa-lider-en-economia-social\/#primaryimage\"},\"image\":{\"@id\":\"https:\/\/amica.es\/es\/amica-participa-en-el-proyecto-self-como-empresa-lider-en-economia-social\/#primaryimage\"},\"thumbnailUrl\":\"https:\/\/amica.es\/es\/wp-content\/uploads\/2021\/03\/Imagen2-e1614939433625.jpg\",\"datePublished\":\"2021-03-05T11:12:51+00:00\",\"breadcrumb\":{\"@id\":\"https:\/\/amica.es\/es\/amica-participa-en-el-proyecto-self-como-empresa-lider-en-economia-social\/#breadcrumb\"},\"inLanguage\":\"es\",\"potentialAction\":[{\"@type\":\"ReadAction\",\"target\":[\"https:\/\/amica.es\/es\/amica-participa-en-el-proyecto-self-como-empresa-lider-en-economia-social\/\"]}]},{\"@type\":\"ImageObject\",\"inLanguage\":\"es\",\"@id\":\"https:\/\/amica.es\/es\/amica-participa-en-el-proyecto-self-como-empresa-lider-en-economia-social\/#primaryimage\",\"url\":\"https:\/\/amica.es\/es\/wp-content\/uploads\/2021\/03\/Imagen2-e1614939433625.jpg\",\"contentUrl\":\"https:\/\/amica.es\/es\/wp-content\/uploads\/2021\/03\/Imagen2-e1614939433625.jpg\",\"width\":473,\"height\":267},{\"@type\":\"BreadcrumbList\",\"@id\":\"https:\/\/amica.es\/es\/amica-participa-en-el-proyecto-self-como-empresa-lider-en-economia-social\/#breadcrumb\",\"itemListElement\":[{\"@type\":\"ListItem\",\"position\":1,\"name\":\"Portada\",\"item\":\"https:\/\/amica.es\/es\/\"},{\"@type\":\"ListItem\",\"position\":2,\"name\":\"Amica participa en el Proyecto SELF como empresa l\u00edder en econom\u00eda social\"}]},{\"@type\":\"WebSite\",\"@id\":\"https:\/\/amica.es\/es\/#website\",\"url\":\"https:\/\/amica.es\/es\/\",\"name\":\"Amica - Descubriendo Capacidades\",\"description\":\"Apoyando a personas con discapacidad desde 1984\",\"publisher\":{\"@id\":\"https:\/\/amica.es\/es\/#organization\"},\"potentialAction\":[{\"@type\":\"SearchAction\",\"target\":{\"@type\":\"EntryPoint\",\"urlTemplate\":\"https:\/\/amica.es\/es\/?s={search_term_string}\"},\"query-input\":{\"@type\":\"PropertyValueSpecification\",\"valueRequired\":true,\"valueName\":\"search_term_string\"}}],\"inLanguage\":\"es\"},{\"@type\":\"Organization\",\"@id\":\"https:\/\/amica.es\/es\/#organization\",\"name\":\"Asociaci\u00f3n Amica\",\"url\":\"https:\/\/amica.es\/es\/\",\"logo\":{\"@type\":\"ImageObject\",\"inLanguage\":\"es\",\"@id\":\"https:\/\/amica.es\/es\/#\/schema\/logo\/image\/\",\"url\":\"https:\/\/amica.es\/es\/wp-content\/uploads\/2024\/07\/Amica-Logo.png\",\"contentUrl\":\"https:\/\/amica.es\/es\/wp-content\/uploads\/2024\/07\/Amica-Logo.png\",\"width\":1653,\"height\":577,\"caption\":\"Asociaci\u00f3n Amica\"},\"image\":{\"@id\":\"https:\/\/amica.es\/es\/#\/schema\/logo\/image\/\"},\"sameAs\":[\"https:\/\/www.facebook.com\/amicaasociacion\",\"https:\/\/x.com\/asociacionamica\",\"https:\/\/www.youtube.com\/c\/asociacionamicacantabria\",\"https:\/\/es.linkedin.com\/company\/asociacionamica?trk=similar-companies_org_title\",\"https:\/\/www.instagram.com\/asociacionamica\/\"]},{\"@type\":\"Person\",\"@id\":\"https:\/\/amica.es\/es\/#\/schema\/person\/f8237e904e02fbcd642619de8fb2aa7d\",\"name\":\"Comunicaci\u00f3n Amica\",\"image\":{\"@type\":\"ImageObject\",\"inLanguage\":\"es\",\"@id\":\"https:\/\/amica.es\/es\/#\/schema\/person\/image\/\",\"url\":\"https:\/\/secure.gravatar.com\/avatar\/fcf9b00947683a60bff763b288192c315e6cd2b260feccd77e02b66c69e70a1d?s=96&d=mm&r=g\",\"contentUrl\":\"https:\/\/secure.gravatar.com\/avatar\/fcf9b00947683a60bff763b288192c315e6cd2b260feccd77e02b66c69e70a1d?s=96&d=mm&r=g\",\"caption\":\"Comunicaci\u00f3n Amica\"},\"sameAs\":[\"http:\/\/www.amica.es\"],\"url\":\"https:\/\/amica.es\/es\/author\/comunicacion\/\"}]}<\/script>\n<!-- \/ Yoast SEO plugin. -->","yoast_head_json":{"title":"Amica participa en el Proyecto SELF como empresa l\u00edder en econom\u00eda social - Amica - Descubriendo Capacidades","robots":{"index":"index","follow":"follow","max-snippet":"max-snippet:-1","max-image-preview":"max-image-preview:large","max-video-preview":"max-video-preview:-1"},"canonical":"https:\/\/amica.es\/es\/amica-participa-en-el-proyecto-self-como-empresa-lider-en-economia-social\/","og_locale":"es_ES","og_type":"article","og_title":"Amica participa en el Proyecto SELF como empresa l\u00edder en econom\u00eda social - Amica - Descubriendo Capacidades","og_description":"Amica participar\u00e1 en un proyecto liderado por el Gobierno de Cantabria y financiado por la Uni\u00f3n Europea a trav\u00e9s del Programa COSME. El proyecto SELF &#8211; Social Economy Leads the Future tiene como objetivo crear un modelo de gobernanza local-regional para el impulso de la econom\u00eda social como mecanismo de desarrollo en los territorios rurales.Read more","og_url":"https:\/\/amica.es\/es\/amica-participa-en-el-proyecto-self-como-empresa-lider-en-economia-social\/","og_site_name":"Amica - Descubriendo Capacidades","article_publisher":"https:\/\/www.facebook.com\/amicaasociacion","article_published_time":"2021-03-05T11:12:51+00:00","og_image":[{"width":473,"height":267,"url":"https:\/\/amica.es\/es\/wp-content\/uploads\/2021\/03\/Imagen2-e1614939433625.jpg","type":"image\/jpeg"}],"author":"Comunicaci\u00f3n Amica","twitter_card":"summary_large_image","twitter_creator":"@asociacionamica","twitter_site":"@asociacionamica","twitter_misc":{"Escrito por":"Comunicaci\u00f3n Amica","Tiempo de lectura":"2 minutos"},"schema":{"@context":"https:\/\/schema.org","@graph":[{"@type":"Article","@id":"https:\/\/amica.es\/es\/amica-participa-en-el-proyecto-self-como-empresa-lider-en-economia-social\/#article","isPartOf":{"@id":"https:\/\/amica.es\/es\/amica-participa-en-el-proyecto-self-como-empresa-lider-en-economia-social\/"},"author":{"name":"Comunicaci\u00f3n Amica","@id":"https:\/\/amica.es\/es\/#\/schema\/person\/f8237e904e02fbcd642619de8fb2aa7d"},"headline":"Amica participa en el Proyecto SELF como empresa l\u00edder en econom\u00eda social","datePublished":"2021-03-05T11:12:51+00:00","mainEntityOfPage":{"@id":"https:\/\/amica.es\/es\/amica-participa-en-el-proyecto-self-como-empresa-lider-en-economia-social\/"},"wordCount":437,"publisher":{"@id":"https:\/\/amica.es\/es\/#organization"},"image":{"@id":"https:\/\/amica.es\/es\/amica-participa-en-el-proyecto-self-como-empresa-lider-en-economia-social\/#primaryimage"},"thumbnailUrl":"https:\/\/amica.es\/es\/wp-content\/uploads\/2021\/03\/Imagen2-e1614939433625.jpg","articleSection":["Noticias"],"inLanguage":"es"},{"@type":"WebPage","@id":"https:\/\/amica.es\/es\/amica-participa-en-el-proyecto-self-como-empresa-lider-en-economia-social\/","url":"https:\/\/amica.es\/es\/amica-participa-en-el-proyecto-self-como-empresa-lider-en-economia-social\/","name":"Amica participa en el Proyecto SELF como empresa l\u00edder en econom\u00eda social - Amica - Descubriendo Capacidades","isPartOf":{"@id":"https:\/\/amica.es\/es\/#website"},"primaryImageOfPage":{"@id":"https:\/\/amica.es\/es\/amica-participa-en-el-proyecto-self-como-empresa-lider-en-economia-social\/#primaryimage"},"image":{"@id":"https:\/\/amica.es\/es\/amica-participa-en-el-proyecto-self-como-empresa-lider-en-economia-social\/#primaryimage"},"thumbnailUrl":"https:\/\/amica.es\/es\/wp-content\/uploads\/2021\/03\/Imagen2-e1614939433625.jpg","datePublished":"2021-03-05T11:12:51+00:00","breadcrumb":{"@id":"https:\/\/amica.es\/es\/amica-participa-en-el-proyecto-self-como-empresa-lider-en-economia-social\/#breadcrumb"},"inLanguage":"es","potentialAction":[{"@type":"ReadAction","target":["https:\/\/amica.es\/es\/amica-participa-en-el-proyecto-self-como-empresa-lider-en-economia-social\/"]}]},{"@type":"ImageObject","inLanguage":"es","@id":"https:\/\/amica.es\/es\/amica-participa-en-el-proyecto-self-como-empresa-lider-en-economia-social\/#primaryimage","url":"https:\/\/amica.es\/es\/wp-content\/uploads\/2021\/03\/Imagen2-e1614939433625.jpg","contentUrl":"https:\/\/amica.es\/es\/wp-content\/uploads\/2021\/03\/Imagen2-e1614939433625.jpg","width":473,"height":267},{"@type":"BreadcrumbList","@id":"https:\/\/amica.es\/es\/amica-participa-en-el-proyecto-self-como-empresa-lider-en-economia-social\/#breadcrumb","itemListElement":[{"@type":"ListItem","position":1,"name":"Portada","item":"https:\/\/amica.es\/es\/"},{"@type":"ListItem","position":2,"name":"Amica participa en el Proyecto SELF como empresa l\u00edder en econom\u00eda social"}]},{"@type":"WebSite","@id":"https:\/\/amica.es\/es\/#website","url":"https:\/\/amica.es\/es\/","name":"Amica - Descubriendo Capacidades","description":"Apoyando a personas con discapacidad desde 1984","publisher":{"@id":"https:\/\/amica.es\/es\/#organization"},"potentialAction":[{"@type":"SearchAction","target":{"@type":"EntryPoint","urlTemplate":"https:\/\/amica.es\/es\/?s={search_term_string}"},"query-input":{"@type":"PropertyValueSpecification","valueRequired":true,"valueName":"search_term_string"}}],"inLanguage":"es"},{"@type":"Organization","@id":"https:\/\/amica.es\/es\/#organization","name":"Asociaci\u00f3n Amica","url":"https:\/\/amica.es\/es\/","logo":{"@type":"ImageObject","inLanguage":"es","@id":"https:\/\/amica.es\/es\/#\/schema\/logo\/image\/","url":"https:\/\/amica.es\/es\/wp-content\/uploads\/2024\/07\/Amica-Logo.png","contentUrl":"https:\/\/amica.es\/es\/wp-content\/uploads\/2024\/07\/Amica-Logo.png","width":1653,"height":577,"caption":"Asociaci\u00f3n Amica"},"image":{"@id":"https:\/\/amica.es\/es\/#\/schema\/logo\/image\/"},"sameAs":["https:\/\/www.facebook.com\/amicaasociacion","https:\/\/x.com\/asociacionamica","https:\/\/www.youtube.com\/c\/asociacionamicacantabria","https:\/\/es.linkedin.com\/company\/asociacionamica?trk=similar-companies_org_title","https:\/\/www.instagram.com\/asociacionamica\/"]},{"@type":"Person","@id":"https:\/\/amica.es\/es\/#\/schema\/person\/f8237e904e02fbcd642619de8fb2aa7d","name":"Comunicaci\u00f3n Amica","image":{"@type":"ImageObject","inLanguage":"es","@id":"https:\/\/amica.es\/es\/#\/schema\/person\/image\/","url":"https:\/\/secure.gravatar.com\/avatar\/fcf9b00947683a60bff763b288192c315e6cd2b260feccd77e02b66c69e70a1d?s=96&d=mm&r=g","contentUrl":"https:\/\/secure.gravatar.com\/avatar\/fcf9b00947683a60bff763b288192c315e6cd2b260feccd77e02b66c69e70a1d?s=96&d=mm&r=g","caption":"Comunicaci\u00f3n Amica"},"sameAs":["http:\/\/www.amica.es"],"url":"https:\/\/amica.es\/es\/author\/comunicacion\/"}]}},"_links":{"self":[{"href":"https:\/\/amica.es\/es\/wp-json\/wp\/v2\/posts\/11017","targetHints":{"allow":["GET"]}}],"collection":[{"href":"https:\/\/amica.es\/es\/wp-json\/wp\/v2\/posts"}],"about":[{"href":"https:\/\/amica.es\/es\/wp-json\/wp\/v2\/types\/post"}],"author":[{"embeddable":true,"href":"https:\/\/amica.es\/es\/wp-json\/wp\/v2\/users\/10"}],"replies":[{"embeddable":true,"href":"https:\/\/amica.es\/es\/wp-json\/wp\/v2\/comments?post=11017"}],"version-history":[{"count":4,"href":"https:\/\/amica.es\/es\/wp-json\/wp\/v2\/posts\/11017\/revisions"}],"predecessor-version":[{"id":11022,"href":"https:\/\/amica.es\/es\/wp-json\/wp\/v2\/posts\/11017\/revisions\/11022"}],"wp:featuredmedia":[{"embeddable":true,"href":"https:\/\/amica.es\/es\/wp-json\/wp\/v2\/media\/11018"}],"wp:attachment":[{"href":"https:\/\/amica.es\/es\/wp-json\/wp\/v2\/media?parent=11017"}],"wp:term":[{"taxonomy":"category","embeddable":true,"href":"https:\/\/amica.es\/es\/wp-json\/wp\/v2\/categories?post=11017"},{"taxonomy":"post_tag","embeddable":true,"href":"https:\/\/amica.es\/es\/wp-json\/wp\/v2\/tags?post=11017"}],"curies":[{"name":"wp","href":"https:\/\/api.w.org\/{rel}","templated":true}]}}