{"id":11037,"date":"2021-03-08T19:29:29","date_gmt":"2021-03-08T17:29:29","guid":{"rendered":"https:\/\/amica.es\/es\/?p=11037"},"modified":"2021-03-08T19:30:50","modified_gmt":"2021-03-08T17:30:50","slug":"la-exposicion-llega-a-la-universidad-europea-del-atlantico-en-el-pctcan","status":"publish","type":"post","link":"https:\/\/amica.es\/es\/la-exposicion-llega-a-la-universidad-europea-del-atlantico-en-el-pctcan\/","title":{"rendered":"La exposici\u00f3n &#8220;El reciclaje de los envases&#8221; llega a la Universidad Europea del Atl\u00e1ntico en el PCTCAN"},"content":{"rendered":"<p><img loading=\"lazy\" decoding=\"async\" class=\" wp-image-11041 alignleft\" src=\"https:\/\/amica.es\/es\/wp-content\/uploads\/2021\/03\/Copia-de-El-reciclaje-de-los-envases-1-212x300.jpg\" alt=\"\" width=\"231\" height=\"327\" srcset=\"https:\/\/amica.es\/es\/wp-content\/uploads\/2021\/03\/Copia-de-El-reciclaje-de-los-envases-1-212x300.jpg 212w, https:\/\/amica.es\/es\/wp-content\/uploads\/2021\/03\/Copia-de-El-reciclaje-de-los-envases-1-535x757.jpg 535w, https:\/\/amica.es\/es\/wp-content\/uploads\/2021\/03\/Copia-de-El-reciclaje-de-los-envases-1-724x1024.jpg 724w, https:\/\/amica.es\/es\/wp-content\/uploads\/2021\/03\/Copia-de-El-reciclaje-de-los-envases-1-1086x1536.jpg 1086w, https:\/\/amica.es\/es\/wp-content\/uploads\/2021\/03\/Copia-de-El-reciclaje-de-los-envases-1-1448x2048.jpg 1448w, https:\/\/amica.es\/es\/wp-content\/uploads\/2021\/03\/Copia-de-El-reciclaje-de-los-envases-1.jpg 1587w\" sizes=\"auto, (max-width: 231px) 100vw, 231px\" \/><\/p>\n<p>Desde\u00a0 el\u00a0pasado mes de diciembre Amica junto al Ayuntamiento de Santander y Ecoembes viene organizando la exposici\u00f3n itinerante \u201cEl reciclaje de los envases\u201d que se va mostrando en diferentes ubicaciones de la ciudad con el objetivo de acercar a la ciudadan\u00eda el proceso de reciclado que siguen los envases una vez son depositados en el contenedor amarillo.<\/p>\n<p>Del 8 al 26 de marzo, esta interesante exposici\u00f3n recalar\u00e1 en la <a href=\"https:\/\/www.uneatlantico.es\/\">Universidad Europea del Atl\u00e1ntico<\/a>, en el Parque Tecnol\u00f3gico (PCTCAN) de la capital de la Comunidad.\u00a0Todas las personas que se acerquen a la exposici\u00f3n podr\u00e1n\u00a0<strong>descargarse gratuitamente a trav\u00e9s de un c\u00f3digo QR una gu\u00eda de reciclaje<\/strong>, donde encontrar\u00e1n informaci\u00f3n pr\u00e1ctica y sencilla para solucionar las dudas que pueden surgir a la hora de gestionar los residuos en nuestro d\u00eda a d\u00eda.<\/p>\n<p><img loading=\"lazy\" decoding=\"async\" class=\"wp-image-11038 aligncenter\" src=\"https:\/\/amica.es\/es\/wp-content\/uploads\/2021\/03\/20210308_120312_HDR-scaled-300x225.jpg\" alt=\"\" width=\"369\" height=\"277\" \/><\/p>\n","protected":false},"excerpt":{"rendered":"<p>Desde\u00a0 el\u00a0pasado mes de diciembre Amica junto al Ayuntamiento de Santander y Ecoembes viene organizando la exposici\u00f3n itinerante \u201cEl reciclaje de los envases\u201d que se va mostrando en diferentes ubicaciones de la ciudad con el objetivo de acercar a la ciudadan\u00eda el proceso de reciclado que siguen los envases una vez son depositados en el<br \/><a href=\"https:\/\/amica.es\/es\/la-exposicion-llega-a-la-universidad-europea-del-atlantico-en-el-pctcan\/\" class=\"more\">Read more<\/a><\/p>\n","protected":false},"author":10,"featured_media":11039,"comment_status":"closed","ping_status":"open","sticky":false,"template":"","format":"standard","meta":{"_monsterinsights_skip_tracking":false,"_monsterinsights_sitenote_active":false,"_monsterinsights_sitenote_note":"","_monsterinsights_sitenote_category":0,"_joinchat":[],"footnotes":""},"categories":[27],"tags":[],"class_list":["post-11037","post","type-post","status-publish","format-standard","has-post-thumbnail","hentry","category-noticias-categoria"],"yoast_head":"<!-- This site is optimized with the Yoast SEO plugin v25.6 - https:\/\/yoast.com\/wordpress\/plugins\/seo\/ -->\n<title>La exposici\u00f3n &quot;El reciclaje de los envases&quot; llega a la Universidad Europea del Atl\u00e1ntico en el PCTCAN - Amica - Descubriendo Capacidades<\/title>\n<meta name=\"robots\" content=\"index, follow, max-snippet:-1, max-image-preview:large, max-video-preview:-1\" \/>\n<link rel=\"canonical\" href=\"https:\/\/amica.es\/es\/la-exposicion-llega-a-la-universidad-europea-del-atlantico-en-el-pctcan\/\" \/>\n<meta property=\"og:locale\" content=\"es_ES\" \/>\n<meta property=\"og:type\" content=\"article\" \/>\n<meta property=\"og:title\" content=\"La exposici\u00f3n &quot;El reciclaje de los envases&quot; llega a la Universidad Europea del Atl\u00e1ntico en el PCTCAN - Amica - Descubriendo Capacidades\" \/>\n<meta property=\"og:description\" content=\"Desde\u00a0 el\u00a0pasado mes de diciembre Amica junto al Ayuntamiento de Santander y Ecoembes viene organizando la exposici\u00f3n itinerante \u201cEl reciclaje de los envases\u201d que se va mostrando en diferentes ubicaciones de la ciudad con el objetivo de acercar a la ciudadan\u00eda el proceso de reciclado que siguen los envases una vez son depositados en elRead more\" \/>\n<meta property=\"og:url\" content=\"https:\/\/amica.es\/es\/la-exposicion-llega-a-la-universidad-europea-del-atlantico-en-el-pctcan\/\" \/>\n<meta property=\"og:site_name\" content=\"Amica - Descubriendo Capacidades\" \/>\n<meta property=\"article:publisher\" content=\"https:\/\/www.facebook.com\/amicaasociacion\" \/>\n<meta property=\"article:published_time\" content=\"2021-03-08T17:29:29+00:00\" \/>\n<meta property=\"article:modified_time\" content=\"2021-03-08T17:30:50+00:00\" \/>\n<meta property=\"og:image\" content=\"https:\/\/amica.es\/es\/wp-content\/uploads\/2021\/03\/Copia-de-El-reciclaje-de-los-envases.jpg\" \/>\n\t<meta property=\"og:image:width\" content=\"1587\" \/>\n\t<meta property=\"og:image:height\" content=\"2245\" \/>\n\t<meta property=\"og:image:type\" content=\"image\/jpeg\" \/>\n<meta name=\"author\" content=\"Comunicaci\u00f3n Amica\" \/>\n<meta name=\"twitter:card\" content=\"summary_large_image\" \/>\n<meta name=\"twitter:creator\" content=\"@asociacionamica\" \/>\n<meta name=\"twitter:site\" content=\"@asociacionamica\" \/>\n<meta name=\"twitter:label1\" content=\"Escrito por\" \/>\n\t<meta name=\"twitter:data1\" content=\"Comunicaci\u00f3n Amica\" \/>\n\t<meta name=\"twitter:label2\" content=\"Tiempo de lectura\" \/>\n\t<meta name=\"twitter:data2\" content=\"1 minuto\" \/>\n<script type=\"application\/ld+json\" class=\"yoast-schema-graph\">{\"@context\":\"https:\/\/schema.org\",\"@graph\":[{\"@type\":\"Article\",\"@id\":\"https:\/\/amica.es\/es\/la-exposicion-llega-a-la-universidad-europea-del-atlantico-en-el-pctcan\/#article\",\"isPartOf\":{\"@id\":\"https:\/\/amica.es\/es\/la-exposicion-llega-a-la-universidad-europea-del-atlantico-en-el-pctcan\/\"},\"author\":{\"name\":\"Comunicaci\u00f3n Amica\",\"@id\":\"https:\/\/amica.es\/es\/#\/schema\/person\/f8237e904e02fbcd642619de8fb2aa7d\"},\"headline\":\"La exposici\u00f3n &#8220;El reciclaje de los envases&#8221; llega a la Universidad Europea del Atl\u00e1ntico en el PCTCAN\",\"datePublished\":\"2021-03-08T17:29:29+00:00\",\"dateModified\":\"2021-03-08T17:30:50+00:00\",\"mainEntityOfPage\":{\"@id\":\"https:\/\/amica.es\/es\/la-exposicion-llega-a-la-universidad-europea-del-atlantico-en-el-pctcan\/\"},\"wordCount\":164,\"publisher\":{\"@id\":\"https:\/\/amica.es\/es\/#organization\"},\"image\":{\"@id\":\"https:\/\/amica.es\/es\/la-exposicion-llega-a-la-universidad-europea-del-atlantico-en-el-pctcan\/#primaryimage\"},\"thumbnailUrl\":\"https:\/\/amica.es\/es\/wp-content\/uploads\/2021\/03\/Copia-de-El-reciclaje-de-los-envases.jpg\",\"articleSection\":[\"Noticias\"],\"inLanguage\":\"es\"},{\"@type\":\"WebPage\",\"@id\":\"https:\/\/amica.es\/es\/la-exposicion-llega-a-la-universidad-europea-del-atlantico-en-el-pctcan\/\",\"url\":\"https:\/\/amica.es\/es\/la-exposicion-llega-a-la-universidad-europea-del-atlantico-en-el-pctcan\/\",\"name\":\"La exposici\u00f3n \\\"El reciclaje de los envases\\\" llega a la Universidad Europea del Atl\u00e1ntico en el PCTCAN - Amica - Descubriendo Capacidades\",\"isPartOf\":{\"@id\":\"https:\/\/amica.es\/es\/#website\"},\"primaryImageOfPage\":{\"@id\":\"https:\/\/amica.es\/es\/la-exposicion-llega-a-la-universidad-europea-del-atlantico-en-el-pctcan\/#primaryimage\"},\"image\":{\"@id\":\"https:\/\/amica.es\/es\/la-exposicion-llega-a-la-universidad-europea-del-atlantico-en-el-pctcan\/#primaryimage\"},\"thumbnailUrl\":\"https:\/\/amica.es\/es\/wp-content\/uploads\/2021\/03\/Copia-de-El-reciclaje-de-los-envases.jpg\",\"datePublished\":\"2021-03-08T17:29:29+00:00\",\"dateModified\":\"2021-03-08T17:30:50+00:00\",\"breadcrumb\":{\"@id\":\"https:\/\/amica.es\/es\/la-exposicion-llega-a-la-universidad-europea-del-atlantico-en-el-pctcan\/#breadcrumb\"},\"inLanguage\":\"es\",\"potentialAction\":[{\"@type\":\"ReadAction\",\"target\":[\"https:\/\/amica.es\/es\/la-exposicion-llega-a-la-universidad-europea-del-atlantico-en-el-pctcan\/\"]}]},{\"@type\":\"ImageObject\",\"inLanguage\":\"es\",\"@id\":\"https:\/\/amica.es\/es\/la-exposicion-llega-a-la-universidad-europea-del-atlantico-en-el-pctcan\/#primaryimage\",\"url\":\"https:\/\/amica.es\/es\/wp-content\/uploads\/2021\/03\/Copia-de-El-reciclaje-de-los-envases.jpg\",\"contentUrl\":\"https:\/\/amica.es\/es\/wp-content\/uploads\/2021\/03\/Copia-de-El-reciclaje-de-los-envases.jpg\",\"width\":1587,\"height\":2245},{\"@type\":\"BreadcrumbList\",\"@id\":\"https:\/\/amica.es\/es\/la-exposicion-llega-a-la-universidad-europea-del-atlantico-en-el-pctcan\/#breadcrumb\",\"itemListElement\":[{\"@type\":\"ListItem\",\"position\":1,\"name\":\"Portada\",\"item\":\"https:\/\/amica.es\/es\/\"},{\"@type\":\"ListItem\",\"position\":2,\"name\":\"La exposici\u00f3n &#8220;El reciclaje de los envases&#8221; llega a la Universidad Europea del Atl\u00e1ntico en el PCTCAN\"}]},{\"@type\":\"WebSite\",\"@id\":\"https:\/\/amica.es\/es\/#website\",\"url\":\"https:\/\/amica.es\/es\/\",\"name\":\"Amica - Descubriendo Capacidades\",\"description\":\"Apoyando a personas con discapacidad desde 1984\",\"publisher\":{\"@id\":\"https:\/\/amica.es\/es\/#organization\"},\"potentialAction\":[{\"@type\":\"SearchAction\",\"target\":{\"@type\":\"EntryPoint\",\"urlTemplate\":\"https:\/\/amica.es\/es\/?s={search_term_string}\"},\"query-input\":{\"@type\":\"PropertyValueSpecification\",\"valueRequired\":true,\"valueName\":\"search_term_string\"}}],\"inLanguage\":\"es\"},{\"@type\":\"Organization\",\"@id\":\"https:\/\/amica.es\/es\/#organization\",\"name\":\"Asociaci\u00f3n Amica\",\"url\":\"https:\/\/amica.es\/es\/\",\"logo\":{\"@type\":\"ImageObject\",\"inLanguage\":\"es\",\"@id\":\"https:\/\/amica.es\/es\/#\/schema\/logo\/image\/\",\"url\":\"https:\/\/amica.es\/es\/wp-content\/uploads\/2024\/07\/Amica-Logo.png\",\"contentUrl\":\"https:\/\/amica.es\/es\/wp-content\/uploads\/2024\/07\/Amica-Logo.png\",\"width\":1653,\"height\":577,\"caption\":\"Asociaci\u00f3n Amica\"},\"image\":{\"@id\":\"https:\/\/amica.es\/es\/#\/schema\/logo\/image\/\"},\"sameAs\":[\"https:\/\/www.facebook.com\/amicaasociacion\",\"https:\/\/x.com\/asociacionamica\",\"https:\/\/www.youtube.com\/c\/asociacionamicacantabria\",\"https:\/\/es.linkedin.com\/company\/asociacionamica?trk=similar-companies_org_title\",\"https:\/\/www.instagram.com\/asociacionamica\/\"]},{\"@type\":\"Person\",\"@id\":\"https:\/\/amica.es\/es\/#\/schema\/person\/f8237e904e02fbcd642619de8fb2aa7d\",\"name\":\"Comunicaci\u00f3n Amica\",\"image\":{\"@type\":\"ImageObject\",\"inLanguage\":\"es\",\"@id\":\"https:\/\/amica.es\/es\/#\/schema\/person\/image\/\",\"url\":\"https:\/\/secure.gravatar.com\/avatar\/fcf9b00947683a60bff763b288192c315e6cd2b260feccd77e02b66c69e70a1d?s=96&d=mm&r=g\",\"contentUrl\":\"https:\/\/secure.gravatar.com\/avatar\/fcf9b00947683a60bff763b288192c315e6cd2b260feccd77e02b66c69e70a1d?s=96&d=mm&r=g\",\"caption\":\"Comunicaci\u00f3n Amica\"},\"sameAs\":[\"http:\/\/www.amica.es\"],\"url\":\"https:\/\/amica.es\/es\/author\/comunicacion\/\"}]}<\/script>\n<!-- \/ Yoast SEO plugin. -->","yoast_head_json":{"title":"La exposici\u00f3n \"El reciclaje de los envases\" llega a la Universidad Europea del Atl\u00e1ntico en el PCTCAN - Amica - Descubriendo Capacidades","robots":{"index":"index","follow":"follow","max-snippet":"max-snippet:-1","max-image-preview":"max-image-preview:large","max-video-preview":"max-video-preview:-1"},"canonical":"https:\/\/amica.es\/es\/la-exposicion-llega-a-la-universidad-europea-del-atlantico-en-el-pctcan\/","og_locale":"es_ES","og_type":"article","og_title":"La exposici\u00f3n \"El reciclaje de los envases\" llega a la Universidad Europea del Atl\u00e1ntico en el PCTCAN - Amica - Descubriendo Capacidades","og_description":"Desde\u00a0 el\u00a0pasado mes de diciembre Amica junto al Ayuntamiento de Santander y Ecoembes viene organizando la exposici\u00f3n itinerante \u201cEl reciclaje de los envases\u201d que se va mostrando en diferentes ubicaciones de la ciudad con el objetivo de acercar a la ciudadan\u00eda el proceso de reciclado que siguen los envases una vez son depositados en elRead more","og_url":"https:\/\/amica.es\/es\/la-exposicion-llega-a-la-universidad-europea-del-atlantico-en-el-pctcan\/","og_site_name":"Amica - Descubriendo Capacidades","article_publisher":"https:\/\/www.facebook.com\/amicaasociacion","article_published_time":"2021-03-08T17:29:29+00:00","article_modified_time":"2021-03-08T17:30:50+00:00","og_image":[{"width":1587,"height":2245,"url":"https:\/\/amica.es\/es\/wp-content\/uploads\/2021\/03\/Copia-de-El-reciclaje-de-los-envases.jpg","type":"image\/jpeg"}],"author":"Comunicaci\u00f3n Amica","twitter_card":"summary_large_image","twitter_creator":"@asociacionamica","twitter_site":"@asociacionamica","twitter_misc":{"Escrito por":"Comunicaci\u00f3n Amica","Tiempo de lectura":"1 minuto"},"schema":{"@context":"https:\/\/schema.org","@graph":[{"@type":"Article","@id":"https:\/\/amica.es\/es\/la-exposicion-llega-a-la-universidad-europea-del-atlantico-en-el-pctcan\/#article","isPartOf":{"@id":"https:\/\/amica.es\/es\/la-exposicion-llega-a-la-universidad-europea-del-atlantico-en-el-pctcan\/"},"author":{"name":"Comunicaci\u00f3n Amica","@id":"https:\/\/amica.es\/es\/#\/schema\/person\/f8237e904e02fbcd642619de8fb2aa7d"},"headline":"La exposici\u00f3n &#8220;El reciclaje de los envases&#8221; llega a la Universidad Europea del Atl\u00e1ntico en el PCTCAN","datePublished":"2021-03-08T17:29:29+00:00","dateModified":"2021-03-08T17:30:50+00:00","mainEntityOfPage":{"@id":"https:\/\/amica.es\/es\/la-exposicion-llega-a-la-universidad-europea-del-atlantico-en-el-pctcan\/"},"wordCount":164,"publisher":{"@id":"https:\/\/amica.es\/es\/#organization"},"image":{"@id":"https:\/\/amica.es\/es\/la-exposicion-llega-a-la-universidad-europea-del-atlantico-en-el-pctcan\/#primaryimage"},"thumbnailUrl":"https:\/\/amica.es\/es\/wp-content\/uploads\/2021\/03\/Copia-de-El-reciclaje-de-los-envases.jpg","articleSection":["Noticias"],"inLanguage":"es"},{"@type":"WebPage","@id":"https:\/\/amica.es\/es\/la-exposicion-llega-a-la-universidad-europea-del-atlantico-en-el-pctcan\/","url":"https:\/\/amica.es\/es\/la-exposicion-llega-a-la-universidad-europea-del-atlantico-en-el-pctcan\/","name":"La exposici\u00f3n \"El reciclaje de los envases\" llega a la Universidad Europea del Atl\u00e1ntico en el PCTCAN - Amica - Descubriendo Capacidades","isPartOf":{"@id":"https:\/\/amica.es\/es\/#website"},"primaryImageOfPage":{"@id":"https:\/\/amica.es\/es\/la-exposicion-llega-a-la-universidad-europea-del-atlantico-en-el-pctcan\/#primaryimage"},"image":{"@id":"https:\/\/amica.es\/es\/la-exposicion-llega-a-la-universidad-europea-del-atlantico-en-el-pctcan\/#primaryimage"},"thumbnailUrl":"https:\/\/amica.es\/es\/wp-content\/uploads\/2021\/03\/Copia-de-El-reciclaje-de-los-envases.jpg","datePublished":"2021-03-08T17:29:29+00:00","dateModified":"2021-03-08T17:30:50+00:00","breadcrumb":{"@id":"https:\/\/amica.es\/es\/la-exposicion-llega-a-la-universidad-europea-del-atlantico-en-el-pctcan\/#breadcrumb"},"inLanguage":"es","potentialAction":[{"@type":"ReadAction","target":["https:\/\/amica.es\/es\/la-exposicion-llega-a-la-universidad-europea-del-atlantico-en-el-pctcan\/"]}]},{"@type":"ImageObject","inLanguage":"es","@id":"https:\/\/amica.es\/es\/la-exposicion-llega-a-la-universidad-europea-del-atlantico-en-el-pctcan\/#primaryimage","url":"https:\/\/amica.es\/es\/wp-content\/uploads\/2021\/03\/Copia-de-El-reciclaje-de-los-envases.jpg","contentUrl":"https:\/\/amica.es\/es\/wp-content\/uploads\/2021\/03\/Copia-de-El-reciclaje-de-los-envases.jpg","width":1587,"height":2245},{"@type":"BreadcrumbList","@id":"https:\/\/amica.es\/es\/la-exposicion-llega-a-la-universidad-europea-del-atlantico-en-el-pctcan\/#breadcrumb","itemListElement":[{"@type":"ListItem","position":1,"name":"Portada","item":"https:\/\/amica.es\/es\/"},{"@type":"ListItem","position":2,"name":"La exposici\u00f3n &#8220;El reciclaje de los envases&#8221; llega a la Universidad Europea del Atl\u00e1ntico en el PCTCAN"}]},{"@type":"WebSite","@id":"https:\/\/amica.es\/es\/#website","url":"https:\/\/amica.es\/es\/","name":"Amica - Descubriendo Capacidades","description":"Apoyando a personas con discapacidad desde 1984","publisher":{"@id":"https:\/\/amica.es\/es\/#organization"},"potentialAction":[{"@type":"SearchAction","target":{"@type":"EntryPoint","urlTemplate":"https:\/\/amica.es\/es\/?s={search_term_string}"},"query-input":{"@type":"PropertyValueSpecification","valueRequired":true,"valueName":"search_term_string"}}],"inLanguage":"es"},{"@type":"Organization","@id":"https:\/\/amica.es\/es\/#organization","name":"Asociaci\u00f3n Amica","url":"https:\/\/amica.es\/es\/","logo":{"@type":"ImageObject","inLanguage":"es","@id":"https:\/\/amica.es\/es\/#\/schema\/logo\/image\/","url":"https:\/\/amica.es\/es\/wp-content\/uploads\/2024\/07\/Amica-Logo.png","contentUrl":"https:\/\/amica.es\/es\/wp-content\/uploads\/2024\/07\/Amica-Logo.png","width":1653,"height":577,"caption":"Asociaci\u00f3n Amica"},"image":{"@id":"https:\/\/amica.es\/es\/#\/schema\/logo\/image\/"},"sameAs":["https:\/\/www.facebook.com\/amicaasociacion","https:\/\/x.com\/asociacionamica","https:\/\/www.youtube.com\/c\/asociacionamicacantabria","https:\/\/es.linkedin.com\/company\/asociacionamica?trk=similar-companies_org_title","https:\/\/www.instagram.com\/asociacionamica\/"]},{"@type":"Person","@id":"https:\/\/amica.es\/es\/#\/schema\/person\/f8237e904e02fbcd642619de8fb2aa7d","name":"Comunicaci\u00f3n Amica","image":{"@type":"ImageObject","inLanguage":"es","@id":"https:\/\/amica.es\/es\/#\/schema\/person\/image\/","url":"https:\/\/secure.gravatar.com\/avatar\/fcf9b00947683a60bff763b288192c315e6cd2b260feccd77e02b66c69e70a1d?s=96&d=mm&r=g","contentUrl":"https:\/\/secure.gravatar.com\/avatar\/fcf9b00947683a60bff763b288192c315e6cd2b260feccd77e02b66c69e70a1d?s=96&d=mm&r=g","caption":"Comunicaci\u00f3n Amica"},"sameAs":["http:\/\/www.amica.es"],"url":"https:\/\/amica.es\/es\/author\/comunicacion\/"}]}},"_links":{"self":[{"href":"https:\/\/amica.es\/es\/wp-json\/wp\/v2\/posts\/11037","targetHints":{"allow":["GET"]}}],"collection":[{"href":"https:\/\/amica.es\/es\/wp-json\/wp\/v2\/posts"}],"about":[{"href":"https:\/\/amica.es\/es\/wp-json\/wp\/v2\/types\/post"}],"author":[{"embeddable":true,"href":"https:\/\/amica.es\/es\/wp-json\/wp\/v2\/users\/10"}],"replies":[{"embeddable":true,"href":"https:\/\/amica.es\/es\/wp-json\/wp\/v2\/comments?post=11037"}],"version-history":[{"count":4,"href":"https:\/\/amica.es\/es\/wp-json\/wp\/v2\/posts\/11037\/revisions"}],"predecessor-version":[{"id":11044,"href":"https:\/\/amica.es\/es\/wp-json\/wp\/v2\/posts\/11037\/revisions\/11044"}],"wp:featuredmedia":[{"embeddable":true,"href":"https:\/\/amica.es\/es\/wp-json\/wp\/v2\/media\/11039"}],"wp:attachment":[{"href":"https:\/\/amica.es\/es\/wp-json\/wp\/v2\/media?parent=11037"}],"wp:term":[{"taxonomy":"category","embeddable":true,"href":"https:\/\/amica.es\/es\/wp-json\/wp\/v2\/categories?post=11037"},{"taxonomy":"post_tag","embeddable":true,"href":"https:\/\/amica.es\/es\/wp-json\/wp\/v2\/tags?post=11037"}],"curies":[{"name":"wp","href":"https:\/\/api.w.org\/{rel}","templated":true}]}}