{"id":11081,"date":"2021-03-16T16:00:21","date_gmt":"2021-03-16T14:00:21","guid":{"rendered":"https:\/\/amica.es\/es\/?p=11081"},"modified":"2021-03-19T14:03:30","modified_gmt":"2021-03-19T12:03:30","slug":"ciclo-de-conferencias-me-pongo-al-dia","status":"publish","type":"post","link":"https:\/\/amica.es\/es\/ciclo-de-conferencias-me-pongo-al-dia\/","title":{"rendered":"Ciclo de conferencias \u00a1Me pongo al d\u00eda!"},"content":{"rendered":"<p>Este a\u00f1o, en el Programa &#8220;Avanzando en la edad&#8221;, hemos decidido llevar a cabo una iniciativa nueva.<\/p>\n<p>Hemos puesto en marcha un ciclo de charlas dirigidas a personas mayores de 55 a\u00f1os con el objetivo de crear un espacio de encuentro y adquisici\u00f3n de conocimiento sobre temas de actualidad y de inter\u00e9s que nos permitan estar informados y conectados a nuestra realidad actual.<\/p>\n<p>El 10 de Marzo se llev\u00f3 a cabo la charla online -!Salud y Disfrute! Quiero una vida activa y saludable \u00bfC\u00f3mo conseguirlo?- Impartida por dos profesionales involucradas en el programa; una persona del grupo de Formaci\u00f3n de Marisma que tuvo la oportunidad de compartir su buena pr\u00e1ctica ofreciendo herramientas para el cuidado de su salud, con el apoyo uno de los fisioterapeutas de Amica<\/p>\n<p>En la charla participaron siete personas de las zonas de Torrelavega y Santander. Esta primera experiencia ha sido valorada muy positivamente y nos da \u00e1nimos para continuar llevando a cabo esta experiencia. Todas las personas participaron activamente y tras la charla recibieron a trav\u00e9s de WhatsApp un Kit de herramientas para promover un estilo de vida saludable.<\/p>\n<p><img loading=\"lazy\" decoding=\"async\" class=\" wp-image-11082 aligncenter\" src=\"https:\/\/amica.es\/es\/wp-content\/uploads\/2021\/03\/210301_Mepongoald\u00eda_Vidaactiva-300x169.png\" alt=\"\" width=\"540\" height=\"304\" \/><\/p>\n","protected":false},"excerpt":{"rendered":"<p>Este a\u00f1o, en el Programa &#8220;Avanzando en la edad&#8221;, hemos decidido llevar a cabo una iniciativa nueva. Hemos puesto en marcha un ciclo de charlas dirigidas a personas mayores de 55 a\u00f1os con el objetivo de crear un espacio de encuentro y adquisici\u00f3n de conocimiento sobre temas de actualidad y de inter\u00e9s que nos permitan<br \/><a href=\"https:\/\/amica.es\/es\/ciclo-de-conferencias-me-pongo-al-dia\/\" class=\"more\">Read more<\/a><\/p>\n","protected":false},"author":10,"featured_media":11082,"comment_status":"closed","ping_status":"open","sticky":false,"template":"","format":"standard","meta":{"_monsterinsights_skip_tracking":false,"_monsterinsights_sitenote_active":false,"_monsterinsights_sitenote_note":"","_monsterinsights_sitenote_category":0,"_joinchat":[],"footnotes":""},"categories":[27],"tags":[],"class_list":["post-11081","post","type-post","status-publish","format-standard","has-post-thumbnail","hentry","category-noticias-categoria"],"yoast_head":"<!-- This site is optimized with the Yoast SEO plugin v25.6 - https:\/\/yoast.com\/wordpress\/plugins\/seo\/ -->\n<title>Ciclo de conferencias \u00a1Me pongo al d\u00eda! - Amica - Descubriendo Capacidades<\/title>\n<meta name=\"robots\" content=\"index, follow, max-snippet:-1, max-image-preview:large, max-video-preview:-1\" \/>\n<link rel=\"canonical\" href=\"https:\/\/amica.es\/es\/ciclo-de-conferencias-me-pongo-al-dia\/\" \/>\n<meta property=\"og:locale\" content=\"es_ES\" \/>\n<meta property=\"og:type\" content=\"article\" \/>\n<meta property=\"og:title\" content=\"Ciclo de conferencias \u00a1Me pongo al d\u00eda! - Amica - Descubriendo Capacidades\" \/>\n<meta property=\"og:description\" content=\"Este a\u00f1o, en el Programa &#8220;Avanzando en la edad&#8221;, hemos decidido llevar a cabo una iniciativa nueva. Hemos puesto en marcha un ciclo de charlas dirigidas a personas mayores de 55 a\u00f1os con el objetivo de crear un espacio de encuentro y adquisici\u00f3n de conocimiento sobre temas de actualidad y de inter\u00e9s que nos permitanRead more\" \/>\n<meta property=\"og:url\" content=\"https:\/\/amica.es\/es\/ciclo-de-conferencias-me-pongo-al-dia\/\" \/>\n<meta property=\"og:site_name\" content=\"Amica - Descubriendo Capacidades\" \/>\n<meta property=\"article:publisher\" content=\"https:\/\/www.facebook.com\/amicaasociacion\" \/>\n<meta property=\"article:published_time\" content=\"2021-03-16T14:00:21+00:00\" \/>\n<meta property=\"article:modified_time\" content=\"2021-03-19T12:03:30+00:00\" \/>\n<meta property=\"og:image\" content=\"https:\/\/amica.es\/es\/wp-content\/uploads\/2021\/03\/210301_Mepongoald\u00eda_Vidaactiva.png\" \/>\n\t<meta property=\"og:image:width\" content=\"1920\" \/>\n\t<meta property=\"og:image:height\" content=\"1080\" \/>\n\t<meta property=\"og:image:type\" content=\"image\/png\" \/>\n<meta name=\"author\" content=\"Comunicaci\u00f3n Amica\" \/>\n<meta name=\"twitter:card\" content=\"summary_large_image\" \/>\n<meta name=\"twitter:creator\" content=\"@asociacionamica\" \/>\n<meta name=\"twitter:site\" content=\"@asociacionamica\" \/>\n<meta name=\"twitter:label1\" content=\"Escrito por\" \/>\n\t<meta name=\"twitter:data1\" content=\"Comunicaci\u00f3n Amica\" \/>\n\t<meta name=\"twitter:label2\" content=\"Tiempo de lectura\" \/>\n\t<meta name=\"twitter:data2\" content=\"1 minuto\" \/>\n<script type=\"application\/ld+json\" class=\"yoast-schema-graph\">{\"@context\":\"https:\/\/schema.org\",\"@graph\":[{\"@type\":\"Article\",\"@id\":\"https:\/\/amica.es\/es\/ciclo-de-conferencias-me-pongo-al-dia\/#article\",\"isPartOf\":{\"@id\":\"https:\/\/amica.es\/es\/ciclo-de-conferencias-me-pongo-al-dia\/\"},\"author\":{\"name\":\"Comunicaci\u00f3n Amica\",\"@id\":\"https:\/\/amica.es\/es\/#\/schema\/person\/f8237e904e02fbcd642619de8fb2aa7d\"},\"headline\":\"Ciclo de conferencias \u00a1Me pongo al d\u00eda!\",\"datePublished\":\"2021-03-16T14:00:21+00:00\",\"dateModified\":\"2021-03-19T12:03:30+00:00\",\"mainEntityOfPage\":{\"@id\":\"https:\/\/amica.es\/es\/ciclo-de-conferencias-me-pongo-al-dia\/\"},\"wordCount\":200,\"publisher\":{\"@id\":\"https:\/\/amica.es\/es\/#organization\"},\"image\":{\"@id\":\"https:\/\/amica.es\/es\/ciclo-de-conferencias-me-pongo-al-dia\/#primaryimage\"},\"thumbnailUrl\":\"https:\/\/amica.es\/es\/wp-content\/uploads\/2021\/03\/210301_Mepongoald\u00eda_Vidaactiva.png\",\"articleSection\":[\"Noticias\"],\"inLanguage\":\"es\"},{\"@type\":\"WebPage\",\"@id\":\"https:\/\/amica.es\/es\/ciclo-de-conferencias-me-pongo-al-dia\/\",\"url\":\"https:\/\/amica.es\/es\/ciclo-de-conferencias-me-pongo-al-dia\/\",\"name\":\"Ciclo de conferencias \u00a1Me pongo al d\u00eda! - Amica - Descubriendo Capacidades\",\"isPartOf\":{\"@id\":\"https:\/\/amica.es\/es\/#website\"},\"primaryImageOfPage\":{\"@id\":\"https:\/\/amica.es\/es\/ciclo-de-conferencias-me-pongo-al-dia\/#primaryimage\"},\"image\":{\"@id\":\"https:\/\/amica.es\/es\/ciclo-de-conferencias-me-pongo-al-dia\/#primaryimage\"},\"thumbnailUrl\":\"https:\/\/amica.es\/es\/wp-content\/uploads\/2021\/03\/210301_Mepongoald\u00eda_Vidaactiva.png\",\"datePublished\":\"2021-03-16T14:00:21+00:00\",\"dateModified\":\"2021-03-19T12:03:30+00:00\",\"breadcrumb\":{\"@id\":\"https:\/\/amica.es\/es\/ciclo-de-conferencias-me-pongo-al-dia\/#breadcrumb\"},\"inLanguage\":\"es\",\"potentialAction\":[{\"@type\":\"ReadAction\",\"target\":[\"https:\/\/amica.es\/es\/ciclo-de-conferencias-me-pongo-al-dia\/\"]}]},{\"@type\":\"ImageObject\",\"inLanguage\":\"es\",\"@id\":\"https:\/\/amica.es\/es\/ciclo-de-conferencias-me-pongo-al-dia\/#primaryimage\",\"url\":\"https:\/\/amica.es\/es\/wp-content\/uploads\/2021\/03\/210301_Mepongoald\u00eda_Vidaactiva.png\",\"contentUrl\":\"https:\/\/amica.es\/es\/wp-content\/uploads\/2021\/03\/210301_Mepongoald\u00eda_Vidaactiva.png\",\"width\":1920,\"height\":1080},{\"@type\":\"BreadcrumbList\",\"@id\":\"https:\/\/amica.es\/es\/ciclo-de-conferencias-me-pongo-al-dia\/#breadcrumb\",\"itemListElement\":[{\"@type\":\"ListItem\",\"position\":1,\"name\":\"Portada\",\"item\":\"https:\/\/amica.es\/es\/\"},{\"@type\":\"ListItem\",\"position\":2,\"name\":\"Ciclo de conferencias \u00a1Me pongo al d\u00eda!\"}]},{\"@type\":\"WebSite\",\"@id\":\"https:\/\/amica.es\/es\/#website\",\"url\":\"https:\/\/amica.es\/es\/\",\"name\":\"Amica - Descubriendo Capacidades\",\"description\":\"Apoyando a personas con discapacidad desde 1984\",\"publisher\":{\"@id\":\"https:\/\/amica.es\/es\/#organization\"},\"potentialAction\":[{\"@type\":\"SearchAction\",\"target\":{\"@type\":\"EntryPoint\",\"urlTemplate\":\"https:\/\/amica.es\/es\/?s={search_term_string}\"},\"query-input\":{\"@type\":\"PropertyValueSpecification\",\"valueRequired\":true,\"valueName\":\"search_term_string\"}}],\"inLanguage\":\"es\"},{\"@type\":\"Organization\",\"@id\":\"https:\/\/amica.es\/es\/#organization\",\"name\":\"Asociaci\u00f3n Amica\",\"url\":\"https:\/\/amica.es\/es\/\",\"logo\":{\"@type\":\"ImageObject\",\"inLanguage\":\"es\",\"@id\":\"https:\/\/amica.es\/es\/#\/schema\/logo\/image\/\",\"url\":\"https:\/\/amica.es\/es\/wp-content\/uploads\/2024\/07\/Amica-Logo.png\",\"contentUrl\":\"https:\/\/amica.es\/es\/wp-content\/uploads\/2024\/07\/Amica-Logo.png\",\"width\":1653,\"height\":577,\"caption\":\"Asociaci\u00f3n Amica\"},\"image\":{\"@id\":\"https:\/\/amica.es\/es\/#\/schema\/logo\/image\/\"},\"sameAs\":[\"https:\/\/www.facebook.com\/amicaasociacion\",\"https:\/\/x.com\/asociacionamica\",\"https:\/\/www.youtube.com\/c\/asociacionamicacantabria\",\"https:\/\/es.linkedin.com\/company\/asociacionamica?trk=similar-companies_org_title\",\"https:\/\/www.instagram.com\/asociacionamica\/\"]},{\"@type\":\"Person\",\"@id\":\"https:\/\/amica.es\/es\/#\/schema\/person\/f8237e904e02fbcd642619de8fb2aa7d\",\"name\":\"Comunicaci\u00f3n Amica\",\"image\":{\"@type\":\"ImageObject\",\"inLanguage\":\"es\",\"@id\":\"https:\/\/amica.es\/es\/#\/schema\/person\/image\/\",\"url\":\"https:\/\/secure.gravatar.com\/avatar\/fcf9b00947683a60bff763b288192c315e6cd2b260feccd77e02b66c69e70a1d?s=96&d=mm&r=g\",\"contentUrl\":\"https:\/\/secure.gravatar.com\/avatar\/fcf9b00947683a60bff763b288192c315e6cd2b260feccd77e02b66c69e70a1d?s=96&d=mm&r=g\",\"caption\":\"Comunicaci\u00f3n Amica\"},\"sameAs\":[\"http:\/\/www.amica.es\"],\"url\":\"https:\/\/amica.es\/es\/author\/comunicacion\/\"}]}<\/script>\n<!-- \/ Yoast SEO plugin. -->","yoast_head_json":{"title":"Ciclo de conferencias \u00a1Me pongo al d\u00eda! - Amica - Descubriendo Capacidades","robots":{"index":"index","follow":"follow","max-snippet":"max-snippet:-1","max-image-preview":"max-image-preview:large","max-video-preview":"max-video-preview:-1"},"canonical":"https:\/\/amica.es\/es\/ciclo-de-conferencias-me-pongo-al-dia\/","og_locale":"es_ES","og_type":"article","og_title":"Ciclo de conferencias \u00a1Me pongo al d\u00eda! - Amica - Descubriendo Capacidades","og_description":"Este a\u00f1o, en el Programa &#8220;Avanzando en la edad&#8221;, hemos decidido llevar a cabo una iniciativa nueva. Hemos puesto en marcha un ciclo de charlas dirigidas a personas mayores de 55 a\u00f1os con el objetivo de crear un espacio de encuentro y adquisici\u00f3n de conocimiento sobre temas de actualidad y de inter\u00e9s que nos permitanRead more","og_url":"https:\/\/amica.es\/es\/ciclo-de-conferencias-me-pongo-al-dia\/","og_site_name":"Amica - Descubriendo Capacidades","article_publisher":"https:\/\/www.facebook.com\/amicaasociacion","article_published_time":"2021-03-16T14:00:21+00:00","article_modified_time":"2021-03-19T12:03:30+00:00","og_image":[{"width":1920,"height":1080,"url":"https:\/\/amica.es\/es\/wp-content\/uploads\/2021\/03\/210301_Mepongoald\u00eda_Vidaactiva.png","type":"image\/png"}],"author":"Comunicaci\u00f3n Amica","twitter_card":"summary_large_image","twitter_creator":"@asociacionamica","twitter_site":"@asociacionamica","twitter_misc":{"Escrito por":"Comunicaci\u00f3n Amica","Tiempo de lectura":"1 minuto"},"schema":{"@context":"https:\/\/schema.org","@graph":[{"@type":"Article","@id":"https:\/\/amica.es\/es\/ciclo-de-conferencias-me-pongo-al-dia\/#article","isPartOf":{"@id":"https:\/\/amica.es\/es\/ciclo-de-conferencias-me-pongo-al-dia\/"},"author":{"name":"Comunicaci\u00f3n Amica","@id":"https:\/\/amica.es\/es\/#\/schema\/person\/f8237e904e02fbcd642619de8fb2aa7d"},"headline":"Ciclo de conferencias \u00a1Me pongo al d\u00eda!","datePublished":"2021-03-16T14:00:21+00:00","dateModified":"2021-03-19T12:03:30+00:00","mainEntityOfPage":{"@id":"https:\/\/amica.es\/es\/ciclo-de-conferencias-me-pongo-al-dia\/"},"wordCount":200,"publisher":{"@id":"https:\/\/amica.es\/es\/#organization"},"image":{"@id":"https:\/\/amica.es\/es\/ciclo-de-conferencias-me-pongo-al-dia\/#primaryimage"},"thumbnailUrl":"https:\/\/amica.es\/es\/wp-content\/uploads\/2021\/03\/210301_Mepongoald\u00eda_Vidaactiva.png","articleSection":["Noticias"],"inLanguage":"es"},{"@type":"WebPage","@id":"https:\/\/amica.es\/es\/ciclo-de-conferencias-me-pongo-al-dia\/","url":"https:\/\/amica.es\/es\/ciclo-de-conferencias-me-pongo-al-dia\/","name":"Ciclo de conferencias \u00a1Me pongo al d\u00eda! - Amica - Descubriendo Capacidades","isPartOf":{"@id":"https:\/\/amica.es\/es\/#website"},"primaryImageOfPage":{"@id":"https:\/\/amica.es\/es\/ciclo-de-conferencias-me-pongo-al-dia\/#primaryimage"},"image":{"@id":"https:\/\/amica.es\/es\/ciclo-de-conferencias-me-pongo-al-dia\/#primaryimage"},"thumbnailUrl":"https:\/\/amica.es\/es\/wp-content\/uploads\/2021\/03\/210301_Mepongoald\u00eda_Vidaactiva.png","datePublished":"2021-03-16T14:00:21+00:00","dateModified":"2021-03-19T12:03:30+00:00","breadcrumb":{"@id":"https:\/\/amica.es\/es\/ciclo-de-conferencias-me-pongo-al-dia\/#breadcrumb"},"inLanguage":"es","potentialAction":[{"@type":"ReadAction","target":["https:\/\/amica.es\/es\/ciclo-de-conferencias-me-pongo-al-dia\/"]}]},{"@type":"ImageObject","inLanguage":"es","@id":"https:\/\/amica.es\/es\/ciclo-de-conferencias-me-pongo-al-dia\/#primaryimage","url":"https:\/\/amica.es\/es\/wp-content\/uploads\/2021\/03\/210301_Mepongoald\u00eda_Vidaactiva.png","contentUrl":"https:\/\/amica.es\/es\/wp-content\/uploads\/2021\/03\/210301_Mepongoald\u00eda_Vidaactiva.png","width":1920,"height":1080},{"@type":"BreadcrumbList","@id":"https:\/\/amica.es\/es\/ciclo-de-conferencias-me-pongo-al-dia\/#breadcrumb","itemListElement":[{"@type":"ListItem","position":1,"name":"Portada","item":"https:\/\/amica.es\/es\/"},{"@type":"ListItem","position":2,"name":"Ciclo de conferencias \u00a1Me pongo al d\u00eda!"}]},{"@type":"WebSite","@id":"https:\/\/amica.es\/es\/#website","url":"https:\/\/amica.es\/es\/","name":"Amica - Descubriendo Capacidades","description":"Apoyando a personas con discapacidad desde 1984","publisher":{"@id":"https:\/\/amica.es\/es\/#organization"},"potentialAction":[{"@type":"SearchAction","target":{"@type":"EntryPoint","urlTemplate":"https:\/\/amica.es\/es\/?s={search_term_string}"},"query-input":{"@type":"PropertyValueSpecification","valueRequired":true,"valueName":"search_term_string"}}],"inLanguage":"es"},{"@type":"Organization","@id":"https:\/\/amica.es\/es\/#organization","name":"Asociaci\u00f3n Amica","url":"https:\/\/amica.es\/es\/","logo":{"@type":"ImageObject","inLanguage":"es","@id":"https:\/\/amica.es\/es\/#\/schema\/logo\/image\/","url":"https:\/\/amica.es\/es\/wp-content\/uploads\/2024\/07\/Amica-Logo.png","contentUrl":"https:\/\/amica.es\/es\/wp-content\/uploads\/2024\/07\/Amica-Logo.png","width":1653,"height":577,"caption":"Asociaci\u00f3n Amica"},"image":{"@id":"https:\/\/amica.es\/es\/#\/schema\/logo\/image\/"},"sameAs":["https:\/\/www.facebook.com\/amicaasociacion","https:\/\/x.com\/asociacionamica","https:\/\/www.youtube.com\/c\/asociacionamicacantabria","https:\/\/es.linkedin.com\/company\/asociacionamica?trk=similar-companies_org_title","https:\/\/www.instagram.com\/asociacionamica\/"]},{"@type":"Person","@id":"https:\/\/amica.es\/es\/#\/schema\/person\/f8237e904e02fbcd642619de8fb2aa7d","name":"Comunicaci\u00f3n Amica","image":{"@type":"ImageObject","inLanguage":"es","@id":"https:\/\/amica.es\/es\/#\/schema\/person\/image\/","url":"https:\/\/secure.gravatar.com\/avatar\/fcf9b00947683a60bff763b288192c315e6cd2b260feccd77e02b66c69e70a1d?s=96&d=mm&r=g","contentUrl":"https:\/\/secure.gravatar.com\/avatar\/fcf9b00947683a60bff763b288192c315e6cd2b260feccd77e02b66c69e70a1d?s=96&d=mm&r=g","caption":"Comunicaci\u00f3n Amica"},"sameAs":["http:\/\/www.amica.es"],"url":"https:\/\/amica.es\/es\/author\/comunicacion\/"}]}},"_links":{"self":[{"href":"https:\/\/amica.es\/es\/wp-json\/wp\/v2\/posts\/11081","targetHints":{"allow":["GET"]}}],"collection":[{"href":"https:\/\/amica.es\/es\/wp-json\/wp\/v2\/posts"}],"about":[{"href":"https:\/\/amica.es\/es\/wp-json\/wp\/v2\/types\/post"}],"author":[{"embeddable":true,"href":"https:\/\/amica.es\/es\/wp-json\/wp\/v2\/users\/10"}],"replies":[{"embeddable":true,"href":"https:\/\/amica.es\/es\/wp-json\/wp\/v2\/comments?post=11081"}],"version-history":[{"count":3,"href":"https:\/\/amica.es\/es\/wp-json\/wp\/v2\/posts\/11081\/revisions"}],"predecessor-version":[{"id":11094,"href":"https:\/\/amica.es\/es\/wp-json\/wp\/v2\/posts\/11081\/revisions\/11094"}],"wp:featuredmedia":[{"embeddable":true,"href":"https:\/\/amica.es\/es\/wp-json\/wp\/v2\/media\/11082"}],"wp:attachment":[{"href":"https:\/\/amica.es\/es\/wp-json\/wp\/v2\/media?parent=11081"}],"wp:term":[{"taxonomy":"category","embeddable":true,"href":"https:\/\/amica.es\/es\/wp-json\/wp\/v2\/categories?post=11081"},{"taxonomy":"post_tag","embeddable":true,"href":"https:\/\/amica.es\/es\/wp-json\/wp\/v2\/tags?post=11081"}],"curies":[{"name":"wp","href":"https:\/\/api.w.org\/{rel}","templated":true}]}}