{"id":11084,"date":"2021-03-16T13:39:08","date_gmt":"2021-03-16T11:39:08","guid":{"rendered":"https:\/\/amica.es\/es\/?p=11084"},"modified":"2021-03-16T13:39:08","modified_gmt":"2021-03-16T11:39:08","slug":"11084-2","status":"publish","type":"post","link":"https:\/\/amica.es\/es\/11084-2\/","title":{"rendered":"Amica en el I Encuentro de Centros educativos de personas con discapacidad organizado por la Fundaci\u00f3n Bot\u00edn"},"content":{"rendered":"<p><img loading=\"lazy\" decoding=\"async\" class=\"size-medium wp-image-11085 aligncenter\" src=\"https:\/\/amica.es\/es\/wp-content\/uploads\/2021\/03\/1615565790529-scaled-300x224.jpg\" alt=\"\" width=\"300\" height=\"224\" \/><\/p>\n<p>El pasado mi\u00e9rcoles 10 de Marzo, Amica particip\u00f3 en el &#8220;I Encuentro de centros educativos de educaci\u00f3n especial\u201d, organizado por la Fundaci\u00f3n Bot\u00edn, puesto que somos uno de los centros participantes en el Programa Educaci\u00f3n Responsable que potencia el desarrollo emocional, social, cognitivo y creativo de las personas, en distintos pa\u00edses del mundo.<\/p>\n<p>El encuentro fue un intercambio de experiencias y buenas pr\u00e1cticas de los diferentes centros participantes procedentes de toda la geograf\u00eda espa\u00f1ola que sirvi\u00f3, por un lado, para el conocimiento entre centros de las distintas actividades realizadas y, por otro lado, para establecer un acuerdo de elaboraci\u00f3n de un \u201cbanco de recursos\u201d de material adaptado por los centros, referido a los distintos recursos del programa.<\/p>\n","protected":false},"excerpt":{"rendered":"<p>El pasado mi\u00e9rcoles 10 de Marzo, Amica particip\u00f3 en el &#8220;I Encuentro de centros educativos de educaci\u00f3n especial\u201d, organizado por la Fundaci\u00f3n Bot\u00edn, puesto que somos uno de los centros participantes en el Programa Educaci\u00f3n Responsable que potencia el desarrollo emocional, social, cognitivo y creativo de las personas, en distintos pa\u00edses del mundo. El encuentro<br \/><a href=\"https:\/\/amica.es\/es\/11084-2\/\" class=\"more\">Read more<\/a><\/p>\n","protected":false},"author":10,"featured_media":0,"comment_status":"closed","ping_status":"open","sticky":false,"template":"","format":"standard","meta":{"_monsterinsights_skip_tracking":false,"_monsterinsights_sitenote_active":false,"_monsterinsights_sitenote_note":"","_monsterinsights_sitenote_category":0,"_joinchat":[],"footnotes":""},"categories":[27],"tags":[],"class_list":["post-11084","post","type-post","status-publish","format-standard","hentry","category-noticias-categoria"],"yoast_head":"<!-- This site is optimized with the Yoast SEO plugin v25.6 - https:\/\/yoast.com\/wordpress\/plugins\/seo\/ -->\n<title>Amica en el I Encuentro de Centros educativos de personas con discapacidad organizado por la Fundaci\u00f3n Bot\u00edn - Amica - Descubriendo Capacidades<\/title>\n<meta name=\"robots\" content=\"index, follow, max-snippet:-1, max-image-preview:large, max-video-preview:-1\" \/>\n<link rel=\"canonical\" href=\"https:\/\/amica.es\/es\/11084-2\/\" \/>\n<meta property=\"og:locale\" content=\"es_ES\" \/>\n<meta property=\"og:type\" content=\"article\" \/>\n<meta property=\"og:title\" content=\"Amica en el I Encuentro de Centros educativos de personas con discapacidad organizado por la Fundaci\u00f3n Bot\u00edn - Amica - Descubriendo Capacidades\" \/>\n<meta property=\"og:description\" content=\"El pasado mi\u00e9rcoles 10 de Marzo, Amica particip\u00f3 en el &#8220;I Encuentro de centros educativos de educaci\u00f3n especial\u201d, organizado por la Fundaci\u00f3n Bot\u00edn, puesto que somos uno de los centros participantes en el Programa Educaci\u00f3n Responsable que potencia el desarrollo emocional, social, cognitivo y creativo de las personas, en distintos pa\u00edses del mundo. El encuentroRead more\" \/>\n<meta property=\"og:url\" content=\"https:\/\/amica.es\/es\/11084-2\/\" \/>\n<meta property=\"og:site_name\" content=\"Amica - Descubriendo Capacidades\" \/>\n<meta property=\"article:publisher\" content=\"https:\/\/www.facebook.com\/amicaasociacion\" \/>\n<meta property=\"article:published_time\" content=\"2021-03-16T11:39:08+00:00\" \/>\n<meta property=\"og:image\" content=\"https:\/\/amica.es\/es\/wp-content\/uploads\/2021\/03\/1615565790529-scaled-300x224.jpg\" \/>\n<meta name=\"author\" content=\"Comunicaci\u00f3n Amica\" \/>\n<meta name=\"twitter:card\" content=\"summary_large_image\" \/>\n<meta name=\"twitter:creator\" content=\"@asociacionamica\" \/>\n<meta name=\"twitter:site\" content=\"@asociacionamica\" \/>\n<meta name=\"twitter:label1\" content=\"Escrito por\" \/>\n\t<meta name=\"twitter:data1\" content=\"Comunicaci\u00f3n Amica\" \/>\n\t<meta name=\"twitter:label2\" content=\"Tiempo de lectura\" \/>\n\t<meta name=\"twitter:data2\" content=\"1 minuto\" \/>\n<script type=\"application\/ld+json\" class=\"yoast-schema-graph\">{\"@context\":\"https:\/\/schema.org\",\"@graph\":[{\"@type\":\"Article\",\"@id\":\"https:\/\/amica.es\/es\/11084-2\/#article\",\"isPartOf\":{\"@id\":\"https:\/\/amica.es\/es\/11084-2\/\"},\"author\":{\"name\":\"Comunicaci\u00f3n Amica\",\"@id\":\"https:\/\/amica.es\/es\/#\/schema\/person\/f8237e904e02fbcd642619de8fb2aa7d\"},\"headline\":\"Amica en el I Encuentro de Centros educativos de personas con discapacidad organizado por la Fundaci\u00f3n Bot\u00edn\",\"datePublished\":\"2021-03-16T11:39:08+00:00\",\"mainEntityOfPage\":{\"@id\":\"https:\/\/amica.es\/es\/11084-2\/\"},\"wordCount\":145,\"publisher\":{\"@id\":\"https:\/\/amica.es\/es\/#organization\"},\"image\":{\"@id\":\"https:\/\/amica.es\/es\/11084-2\/#primaryimage\"},\"thumbnailUrl\":\"https:\/\/amica.es\/es\/wp-content\/uploads\/2021\/03\/1615565790529-scaled-300x224.jpg\",\"articleSection\":[\"Noticias\"],\"inLanguage\":\"es\"},{\"@type\":\"WebPage\",\"@id\":\"https:\/\/amica.es\/es\/11084-2\/\",\"url\":\"https:\/\/amica.es\/es\/11084-2\/\",\"name\":\"Amica en el I Encuentro de Centros educativos de personas con discapacidad organizado por la Fundaci\u00f3n Bot\u00edn - Amica - Descubriendo Capacidades\",\"isPartOf\":{\"@id\":\"https:\/\/amica.es\/es\/#website\"},\"primaryImageOfPage\":{\"@id\":\"https:\/\/amica.es\/es\/11084-2\/#primaryimage\"},\"image\":{\"@id\":\"https:\/\/amica.es\/es\/11084-2\/#primaryimage\"},\"thumbnailUrl\":\"https:\/\/amica.es\/es\/wp-content\/uploads\/2021\/03\/1615565790529-scaled-300x224.jpg\",\"datePublished\":\"2021-03-16T11:39:08+00:00\",\"breadcrumb\":{\"@id\":\"https:\/\/amica.es\/es\/11084-2\/#breadcrumb\"},\"inLanguage\":\"es\",\"potentialAction\":[{\"@type\":\"ReadAction\",\"target\":[\"https:\/\/amica.es\/es\/11084-2\/\"]}]},{\"@type\":\"ImageObject\",\"inLanguage\":\"es\",\"@id\":\"https:\/\/amica.es\/es\/11084-2\/#primaryimage\",\"url\":\"https:\/\/amica.es\/es\/wp-content\/uploads\/2021\/03\/1615565790529-scaled.jpg\",\"contentUrl\":\"https:\/\/amica.es\/es\/wp-content\/uploads\/2021\/03\/1615565790529-scaled.jpg\",\"width\":2560,\"height\":1915},{\"@type\":\"BreadcrumbList\",\"@id\":\"https:\/\/amica.es\/es\/11084-2\/#breadcrumb\",\"itemListElement\":[{\"@type\":\"ListItem\",\"position\":1,\"name\":\"Portada\",\"item\":\"https:\/\/amica.es\/es\/\"},{\"@type\":\"ListItem\",\"position\":2,\"name\":\"Amica en el I Encuentro de Centros educativos de personas con discapacidad organizado por la Fundaci\u00f3n Bot\u00edn\"}]},{\"@type\":\"WebSite\",\"@id\":\"https:\/\/amica.es\/es\/#website\",\"url\":\"https:\/\/amica.es\/es\/\",\"name\":\"Amica - Descubriendo Capacidades\",\"description\":\"Apoyando a personas con discapacidad desde 1984\",\"publisher\":{\"@id\":\"https:\/\/amica.es\/es\/#organization\"},\"potentialAction\":[{\"@type\":\"SearchAction\",\"target\":{\"@type\":\"EntryPoint\",\"urlTemplate\":\"https:\/\/amica.es\/es\/?s={search_term_string}\"},\"query-input\":{\"@type\":\"PropertyValueSpecification\",\"valueRequired\":true,\"valueName\":\"search_term_string\"}}],\"inLanguage\":\"es\"},{\"@type\":\"Organization\",\"@id\":\"https:\/\/amica.es\/es\/#organization\",\"name\":\"Asociaci\u00f3n Amica\",\"url\":\"https:\/\/amica.es\/es\/\",\"logo\":{\"@type\":\"ImageObject\",\"inLanguage\":\"es\",\"@id\":\"https:\/\/amica.es\/es\/#\/schema\/logo\/image\/\",\"url\":\"https:\/\/amica.es\/es\/wp-content\/uploads\/2024\/07\/Amica-Logo.png\",\"contentUrl\":\"https:\/\/amica.es\/es\/wp-content\/uploads\/2024\/07\/Amica-Logo.png\",\"width\":1653,\"height\":577,\"caption\":\"Asociaci\u00f3n Amica\"},\"image\":{\"@id\":\"https:\/\/amica.es\/es\/#\/schema\/logo\/image\/\"},\"sameAs\":[\"https:\/\/www.facebook.com\/amicaasociacion\",\"https:\/\/x.com\/asociacionamica\",\"https:\/\/www.youtube.com\/c\/asociacionamicacantabria\",\"https:\/\/es.linkedin.com\/company\/asociacionamica?trk=similar-companies_org_title\",\"https:\/\/www.instagram.com\/asociacionamica\/\"]},{\"@type\":\"Person\",\"@id\":\"https:\/\/amica.es\/es\/#\/schema\/person\/f8237e904e02fbcd642619de8fb2aa7d\",\"name\":\"Comunicaci\u00f3n Amica\",\"image\":{\"@type\":\"ImageObject\",\"inLanguage\":\"es\",\"@id\":\"https:\/\/amica.es\/es\/#\/schema\/person\/image\/\",\"url\":\"https:\/\/secure.gravatar.com\/avatar\/fcf9b00947683a60bff763b288192c315e6cd2b260feccd77e02b66c69e70a1d?s=96&d=mm&r=g\",\"contentUrl\":\"https:\/\/secure.gravatar.com\/avatar\/fcf9b00947683a60bff763b288192c315e6cd2b260feccd77e02b66c69e70a1d?s=96&d=mm&r=g\",\"caption\":\"Comunicaci\u00f3n Amica\"},\"sameAs\":[\"http:\/\/www.amica.es\"],\"url\":\"https:\/\/amica.es\/es\/author\/comunicacion\/\"}]}<\/script>\n<!-- \/ Yoast SEO plugin. -->","yoast_head_json":{"title":"Amica en el I Encuentro de Centros educativos de personas con discapacidad organizado por la Fundaci\u00f3n Bot\u00edn - Amica - Descubriendo Capacidades","robots":{"index":"index","follow":"follow","max-snippet":"max-snippet:-1","max-image-preview":"max-image-preview:large","max-video-preview":"max-video-preview:-1"},"canonical":"https:\/\/amica.es\/es\/11084-2\/","og_locale":"es_ES","og_type":"article","og_title":"Amica en el I Encuentro de Centros educativos de personas con discapacidad organizado por la Fundaci\u00f3n Bot\u00edn - Amica - Descubriendo Capacidades","og_description":"El pasado mi\u00e9rcoles 10 de Marzo, Amica particip\u00f3 en el &#8220;I Encuentro de centros educativos de educaci\u00f3n especial\u201d, organizado por la Fundaci\u00f3n Bot\u00edn, puesto que somos uno de los centros participantes en el Programa Educaci\u00f3n Responsable que potencia el desarrollo emocional, social, cognitivo y creativo de las personas, en distintos pa\u00edses del mundo. El encuentroRead more","og_url":"https:\/\/amica.es\/es\/11084-2\/","og_site_name":"Amica - Descubriendo Capacidades","article_publisher":"https:\/\/www.facebook.com\/amicaasociacion","article_published_time":"2021-03-16T11:39:08+00:00","og_image":[{"url":"https:\/\/amica.es\/es\/wp-content\/uploads\/2021\/03\/1615565790529-scaled-300x224.jpg","type":"","width":"","height":""}],"author":"Comunicaci\u00f3n Amica","twitter_card":"summary_large_image","twitter_creator":"@asociacionamica","twitter_site":"@asociacionamica","twitter_misc":{"Escrito por":"Comunicaci\u00f3n Amica","Tiempo de lectura":"1 minuto"},"schema":{"@context":"https:\/\/schema.org","@graph":[{"@type":"Article","@id":"https:\/\/amica.es\/es\/11084-2\/#article","isPartOf":{"@id":"https:\/\/amica.es\/es\/11084-2\/"},"author":{"name":"Comunicaci\u00f3n Amica","@id":"https:\/\/amica.es\/es\/#\/schema\/person\/f8237e904e02fbcd642619de8fb2aa7d"},"headline":"Amica en el I Encuentro de Centros educativos de personas con discapacidad organizado por la Fundaci\u00f3n Bot\u00edn","datePublished":"2021-03-16T11:39:08+00:00","mainEntityOfPage":{"@id":"https:\/\/amica.es\/es\/11084-2\/"},"wordCount":145,"publisher":{"@id":"https:\/\/amica.es\/es\/#organization"},"image":{"@id":"https:\/\/amica.es\/es\/11084-2\/#primaryimage"},"thumbnailUrl":"https:\/\/amica.es\/es\/wp-content\/uploads\/2021\/03\/1615565790529-scaled-300x224.jpg","articleSection":["Noticias"],"inLanguage":"es"},{"@type":"WebPage","@id":"https:\/\/amica.es\/es\/11084-2\/","url":"https:\/\/amica.es\/es\/11084-2\/","name":"Amica en el I Encuentro de Centros educativos de personas con discapacidad organizado por la Fundaci\u00f3n Bot\u00edn - Amica - Descubriendo Capacidades","isPartOf":{"@id":"https:\/\/amica.es\/es\/#website"},"primaryImageOfPage":{"@id":"https:\/\/amica.es\/es\/11084-2\/#primaryimage"},"image":{"@id":"https:\/\/amica.es\/es\/11084-2\/#primaryimage"},"thumbnailUrl":"https:\/\/amica.es\/es\/wp-content\/uploads\/2021\/03\/1615565790529-scaled-300x224.jpg","datePublished":"2021-03-16T11:39:08+00:00","breadcrumb":{"@id":"https:\/\/amica.es\/es\/11084-2\/#breadcrumb"},"inLanguage":"es","potentialAction":[{"@type":"ReadAction","target":["https:\/\/amica.es\/es\/11084-2\/"]}]},{"@type":"ImageObject","inLanguage":"es","@id":"https:\/\/amica.es\/es\/11084-2\/#primaryimage","url":"https:\/\/amica.es\/es\/wp-content\/uploads\/2021\/03\/1615565790529-scaled.jpg","contentUrl":"https:\/\/amica.es\/es\/wp-content\/uploads\/2021\/03\/1615565790529-scaled.jpg","width":2560,"height":1915},{"@type":"BreadcrumbList","@id":"https:\/\/amica.es\/es\/11084-2\/#breadcrumb","itemListElement":[{"@type":"ListItem","position":1,"name":"Portada","item":"https:\/\/amica.es\/es\/"},{"@type":"ListItem","position":2,"name":"Amica en el I Encuentro de Centros educativos de personas con discapacidad organizado por la Fundaci\u00f3n Bot\u00edn"}]},{"@type":"WebSite","@id":"https:\/\/amica.es\/es\/#website","url":"https:\/\/amica.es\/es\/","name":"Amica - Descubriendo Capacidades","description":"Apoyando a personas con discapacidad desde 1984","publisher":{"@id":"https:\/\/amica.es\/es\/#organization"},"potentialAction":[{"@type":"SearchAction","target":{"@type":"EntryPoint","urlTemplate":"https:\/\/amica.es\/es\/?s={search_term_string}"},"query-input":{"@type":"PropertyValueSpecification","valueRequired":true,"valueName":"search_term_string"}}],"inLanguage":"es"},{"@type":"Organization","@id":"https:\/\/amica.es\/es\/#organization","name":"Asociaci\u00f3n Amica","url":"https:\/\/amica.es\/es\/","logo":{"@type":"ImageObject","inLanguage":"es","@id":"https:\/\/amica.es\/es\/#\/schema\/logo\/image\/","url":"https:\/\/amica.es\/es\/wp-content\/uploads\/2024\/07\/Amica-Logo.png","contentUrl":"https:\/\/amica.es\/es\/wp-content\/uploads\/2024\/07\/Amica-Logo.png","width":1653,"height":577,"caption":"Asociaci\u00f3n Amica"},"image":{"@id":"https:\/\/amica.es\/es\/#\/schema\/logo\/image\/"},"sameAs":["https:\/\/www.facebook.com\/amicaasociacion","https:\/\/x.com\/asociacionamica","https:\/\/www.youtube.com\/c\/asociacionamicacantabria","https:\/\/es.linkedin.com\/company\/asociacionamica?trk=similar-companies_org_title","https:\/\/www.instagram.com\/asociacionamica\/"]},{"@type":"Person","@id":"https:\/\/amica.es\/es\/#\/schema\/person\/f8237e904e02fbcd642619de8fb2aa7d","name":"Comunicaci\u00f3n Amica","image":{"@type":"ImageObject","inLanguage":"es","@id":"https:\/\/amica.es\/es\/#\/schema\/person\/image\/","url":"https:\/\/secure.gravatar.com\/avatar\/fcf9b00947683a60bff763b288192c315e6cd2b260feccd77e02b66c69e70a1d?s=96&d=mm&r=g","contentUrl":"https:\/\/secure.gravatar.com\/avatar\/fcf9b00947683a60bff763b288192c315e6cd2b260feccd77e02b66c69e70a1d?s=96&d=mm&r=g","caption":"Comunicaci\u00f3n Amica"},"sameAs":["http:\/\/www.amica.es"],"url":"https:\/\/amica.es\/es\/author\/comunicacion\/"}]}},"_links":{"self":[{"href":"https:\/\/amica.es\/es\/wp-json\/wp\/v2\/posts\/11084","targetHints":{"allow":["GET"]}}],"collection":[{"href":"https:\/\/amica.es\/es\/wp-json\/wp\/v2\/posts"}],"about":[{"href":"https:\/\/amica.es\/es\/wp-json\/wp\/v2\/types\/post"}],"author":[{"embeddable":true,"href":"https:\/\/amica.es\/es\/wp-json\/wp\/v2\/users\/10"}],"replies":[{"embeddable":true,"href":"https:\/\/amica.es\/es\/wp-json\/wp\/v2\/comments?post=11084"}],"version-history":[{"count":2,"href":"https:\/\/amica.es\/es\/wp-json\/wp\/v2\/posts\/11084\/revisions"}],"predecessor-version":[{"id":11091,"href":"https:\/\/amica.es\/es\/wp-json\/wp\/v2\/posts\/11084\/revisions\/11091"}],"wp:attachment":[{"href":"https:\/\/amica.es\/es\/wp-json\/wp\/v2\/media?parent=11084"}],"wp:term":[{"taxonomy":"category","embeddable":true,"href":"https:\/\/amica.es\/es\/wp-json\/wp\/v2\/categories?post=11084"},{"taxonomy":"post_tag","embeddable":true,"href":"https:\/\/amica.es\/es\/wp-json\/wp\/v2\/tags?post=11084"}],"curies":[{"name":"wp","href":"https:\/\/api.w.org\/{rel}","templated":true}]}}