{"id":11087,"date":"2021-03-17T16:00:01","date_gmt":"2021-03-17T14:00:01","guid":{"rendered":"https:\/\/amica.es\/es\/?p=11087"},"modified":"2021-03-16T13:50:22","modified_gmt":"2021-03-16T11:50:22","slug":"la-fundacion-cermi-mujeres-presenta-el-protocolo-para-la-atencion-a-mujeres-con-discapacidad-victimas-de-violencia","status":"publish","type":"post","link":"https:\/\/amica.es\/es\/la-fundacion-cermi-mujeres-presenta-el-protocolo-para-la-atencion-a-mujeres-con-discapacidad-victimas-de-violencia\/","title":{"rendered":"La Fundaci\u00f3n CERMI Mujeres presenta el Protocolo para la Atenci\u00f3n a Mujeres con Discapacidad V\u00edctimas de Violencia"},"content":{"rendered":"<p>&nbsp;<\/p>\n<p><strong>\u00a0Fuente: CERMI Mujeres<\/strong><\/p>\n<p>La <strong>Fundaci\u00f3n CERMI Mujeres<\/strong> (FCM) ha presentado este viernes el <a href=\"https:\/\/www.fundacioncermimujeres.es\/es\/novedades\/protocolo-para-la-atencion-mujeres-con-discapacidad-victimas-de-violencia\"><strong>Protocolo para la Atenci\u00f3n a Mujeres con Discapacidad V\u00edctimas de Violencia <\/strong><\/a>con el objetivo de poner a disposici\u00f3n de la comunidad y profesionales un instrumento para atenderlas y contribuir as\u00ed a <strong>mejorar su calidad de vida y defender sus derechos. <\/strong><\/p>\n<p>La elaboraci\u00f3n del protocolo se ha puesto en marcha gracias a la <strong><a href=\"https:\/\/www.fundacionmutua.es\/\">Fundaci\u00f3n Mutua Madrile\u00f1a<\/a>, <\/strong>que concedi\u00f3 apoyo econ\u00f3mico a la Fundaci\u00f3n CERMI Mujeres a trav\u00e9s de su <strong>VIII Convocatoria de Ayudas a Proyectos Sociales<\/strong>.<\/p>\n<p>Durante el acto de presentaci\u00f3n ha participado la gerente de RSC y Proyectos Sociales de Mutua Madrile\u00f1a, <strong>Conchita Navarro<\/strong>, quien ha destacado que \u201cla mujer con discapacidad que sufre violencia de g\u00e9nero se encuentra en una situaci\u00f3n de doble vulnerabilidad\u201d. \u201cPor eso este protocolo es muy necesario y un proyecto de gran calado, y as\u00ed lo valoramos desde Fundaci\u00f3n Mutua Madrile\u00f1a cuando decidimos apoyarlo a trav\u00e9s de nuestra convocatoria de Ayudas a Proyectos Sociales\u201d, ha concluido.<\/p>\n<p>Esta gu\u00eda ha sido sometida a consideraci\u00f3n del <strong>Consejo de Participaci\u00f3n de la Fundaci\u00f3n CERMI Mujeres<\/strong>, \u00f3rgano consultivo donde tienen presencia todas las organizaciones del sector de la discapacidad aglutinadas en torno al CERMI, tanto por tipos de discapacidad como por territorios.<\/p>\n<p>De esta manera, la consultora de la Fundaci\u00f3n CERMI Mujeres y experta en salud sexual, derechos sociales y reproductivos y en igualdad de las mujeres, Esther Castellanos, ha presentado esta gu\u00eda que se suma al trabajo desarrollado desde la entidad en relaci\u00f3n a la orientaci\u00f3n jur\u00eddica. \u201cSupone una<strong> herramienta imprescindible para profesionales que trabajan en atenci\u00f3n a v\u00edctimas de violencia <\/strong>y para <strong>personas que trabajan en el \u00e1mbito de la discapacidad<\/strong>\u201d, ha manifestado Castellano.<\/p>\n<p>En este sentido, ha destacado que se ha realizado contando con la experiencia y trayectoria de las mujeres referentes de las comisiones de mujeres e igualdad de los CERMIS auton\u00f3micos y de las entidades a nivel estatal a trav\u00e9s de grupos de trabo adem\u00e1s de expertas del \u00e1mbito jur\u00eddico, sociosanitario, de investigaci\u00f3n, del mundo acad\u00e9mico, de cuerpos y fuerzas de seguridad del estado y que ha contado con una importante perspectiva local.<\/p>\n<p>Y es que, los datos de la <a href=\"https:\/\/violenciagenero.igualdad.gob.es\/violenciaEnCifras\/macroencuesta2015\/Macroencuesta2019\/home.htm\"><strong>Macroencuesta de Violencia contra la Mujer 2019<\/strong><\/a> evidencian que la prevalencia de la violencia a la que est\u00e1n expuestas las mujeres con discapacidad es siempre mayor que las que no tienen discapacidad. De hecho, el <strong>20,7% de las mujeres con discapacidad est\u00e1n o estuvieron expuestas a violencia f\u00edsica o sexual de manos de sus parejas o exparejas<\/strong>, frente al 13,8% de mujeres sin discapacidad v\u00edctimas de esta forma de violencia.<\/p>\n<p>De esta manera, Castellano ha asegurado que es \u201cfundamental considerar <strong>otras formas de violencia distintas<\/strong> a las que contempla la ley como esterilizaciones no consentidas, violencia sexual, violencia econ\u00f3mica o patrimonial\u201d. Ante este marco de discapacidad y tipos de violencia a los que est\u00e1n expuestas las mujeres \u201ces importante generar un <strong>protocolo que ayude de alguna manera atender a las mujeres en esa relaci\u00f3n con profesionale<\/strong>s\u201d, ha recalcado la experta.<\/p>\n<p>As\u00ed, ha destacado los ocho principios rectores con los que cuenta el protocolo. El primero se centra en tener en cuenta c\u00f3mo se conceptualiza la violencia teniendo como referencia el <strong>marco conceptual del convenio de Estambul<\/strong> que Espa\u00f1a ratific\u00f3 a en 2014. Tambi\u00e9n es necesario contemplar el <strong>enfoque de g\u00e9nero interseccional,<\/strong> <strong>garantizar la accesibilidad universal a los recursos y eliminar barreras<\/strong> y que exista una coordinaci\u00f3n entre los dientitos \u00e1mbitos como el sanitario, policial, judicial o de igualdad para que haya una actuaci\u00f3n integral.<\/p>\n<p>El quinto principio tiene que ver con el <strong>poder de las administraciones locales<\/strong> puesto que es el nivel m\u00e1s cercano de la ciudadan\u00eda. Tambi\u00e9n ha destacado la formaci\u00f3n como v\u00eda efectiva para implementar este protocolo ya que \u201ctiene que haber un <strong>compromiso a todos los niveles<\/strong> y formar espec\u00edficamente a los profesionales de la salud, por ejemplo\u201d.<\/p>\n<p>Otro de los principios rectores tiene relaci\u00f3n con la figura de la <strong>asistencia personal,<\/strong> que facilita el proceso judicial y acompa\u00f1a a la mujer. En este sentido, Castellano ha recordado que \u201ceste es uno de los retos que plantea el protocolo\u201d. Por \u00faltimo, ha recalcado que la integralidad y la <strong>recuperaci\u00f3n de las mujeres para que logren tomar el control de su vida<\/strong> es un derecho fundamental que debe garantizarse por ley.<\/p>\n<p>Por \u00faltimo, durante su intervenci\u00f3n ha a\u00f1adido que el protocolo <strong>considera la heterogeneidad y la diversidad de las mujeres<\/strong>, \u201cya que tiene que ser tenida en cuenta en la atenci\u00f3n\u201d. \u201cPuede haber mujeres con par\u00e1lisis cerebral, sordociegas, con discapacidad visual, psicosocial o intelectual o con da\u00f1o cerebral adquirido y todas deben ser atendidas\u201d, ha manifestado.<\/p>\n<p>Seleccionar <a href=\"https:\/\/www.fundacioncermimujeres.es\/es\/novedades\/protocolo-para-la-atencion-mujeres-con-discapacidad-victimas-de-violencia\">aqu\u00ed para ver el protocolo<\/a> que tambi\u00e9n est\u00e1 disponible en la p\u00e1gina web de la Fundaci\u00f3n CERMI Mujeres.<\/p>\n<p>&nbsp;<\/p>\n<p><img loading=\"lazy\" decoding=\"async\" class=\" wp-image-11088 aligncenter\" src=\"https:\/\/amica.es\/es\/wp-content\/uploads\/2021\/03\/Presentaci\u00f3n-protocolo-FCM-300x144.jpg\" alt=\"\" width=\"480\" height=\"230\" \/><\/p>\n","protected":false},"excerpt":{"rendered":"<p>&nbsp; \u00a0Fuente: CERMI Mujeres La Fundaci\u00f3n CERMI Mujeres (FCM) ha presentado este viernes el Protocolo para la Atenci\u00f3n a Mujeres con Discapacidad V\u00edctimas de Violencia con el objetivo de poner a disposici\u00f3n de la comunidad y profesionales un instrumento para atenderlas y contribuir as\u00ed a mejorar su calidad de vida y defender sus derechos. La<br \/><a href=\"https:\/\/amica.es\/es\/la-fundacion-cermi-mujeres-presenta-el-protocolo-para-la-atencion-a-mujeres-con-discapacidad-victimas-de-violencia\/\" class=\"more\">Read more<\/a><\/p>\n","protected":false},"author":10,"featured_media":11088,"comment_status":"closed","ping_status":"open","sticky":false,"template":"","format":"standard","meta":{"_monsterinsights_skip_tracking":false,"_monsterinsights_sitenote_active":false,"_monsterinsights_sitenote_note":"","_monsterinsights_sitenote_category":0,"_joinchat":[],"footnotes":""},"categories":[27],"tags":[],"class_list":["post-11087","post","type-post","status-publish","format-standard","has-post-thumbnail","hentry","category-noticias-categoria"],"yoast_head":"<!-- This site is optimized with the Yoast SEO plugin v25.6 - https:\/\/yoast.com\/wordpress\/plugins\/seo\/ -->\n<title>La Fundaci\u00f3n CERMI Mujeres presenta el Protocolo para la Atenci\u00f3n a Mujeres con Discapacidad V\u00edctimas de Violencia - Amica - Descubriendo Capacidades<\/title>\n<meta name=\"robots\" content=\"index, follow, max-snippet:-1, max-image-preview:large, max-video-preview:-1\" \/>\n<link rel=\"canonical\" href=\"https:\/\/amica.es\/es\/la-fundacion-cermi-mujeres-presenta-el-protocolo-para-la-atencion-a-mujeres-con-discapacidad-victimas-de-violencia\/\" \/>\n<meta property=\"og:locale\" content=\"es_ES\" \/>\n<meta property=\"og:type\" content=\"article\" \/>\n<meta property=\"og:title\" content=\"La Fundaci\u00f3n CERMI Mujeres presenta el Protocolo para la Atenci\u00f3n a Mujeres con Discapacidad V\u00edctimas de Violencia - Amica - Descubriendo Capacidades\" \/>\n<meta property=\"og:description\" content=\"&nbsp; \u00a0Fuente: CERMI Mujeres La Fundaci\u00f3n CERMI Mujeres (FCM) ha presentado este viernes el Protocolo para la Atenci\u00f3n a Mujeres con Discapacidad V\u00edctimas de Violencia con el objetivo de poner a disposici\u00f3n de la comunidad y profesionales un instrumento para atenderlas y contribuir as\u00ed a mejorar su calidad de vida y defender sus derechos. LaRead more\" \/>\n<meta property=\"og:url\" content=\"https:\/\/amica.es\/es\/la-fundacion-cermi-mujeres-presenta-el-protocolo-para-la-atencion-a-mujeres-con-discapacidad-victimas-de-violencia\/\" \/>\n<meta property=\"og:site_name\" content=\"Amica - Descubriendo Capacidades\" \/>\n<meta property=\"article:publisher\" content=\"https:\/\/www.facebook.com\/amicaasociacion\" \/>\n<meta property=\"article:published_time\" content=\"2021-03-17T14:00:01+00:00\" \/>\n<meta property=\"og:image\" content=\"https:\/\/amica.es\/es\/wp-content\/uploads\/2021\/03\/Presentaci\u00f3n-protocolo-FCM-e1615889548195.jpg\" \/>\n\t<meta property=\"og:image:width\" content=\"587\" \/>\n\t<meta property=\"og:image:height\" content=\"411\" \/>\n\t<meta property=\"og:image:type\" content=\"image\/jpeg\" \/>\n<meta name=\"author\" content=\"Comunicaci\u00f3n Amica\" \/>\n<meta name=\"twitter:card\" content=\"summary_large_image\" \/>\n<meta name=\"twitter:creator\" content=\"@asociacionamica\" \/>\n<meta name=\"twitter:site\" content=\"@asociacionamica\" \/>\n<meta name=\"twitter:label1\" content=\"Escrito por\" \/>\n\t<meta name=\"twitter:data1\" content=\"Comunicaci\u00f3n Amica\" \/>\n\t<meta name=\"twitter:label2\" content=\"Tiempo de lectura\" \/>\n\t<meta name=\"twitter:data2\" content=\"4 minutos\" \/>\n<script type=\"application\/ld+json\" class=\"yoast-schema-graph\">{\"@context\":\"https:\/\/schema.org\",\"@graph\":[{\"@type\":\"Article\",\"@id\":\"https:\/\/amica.es\/es\/la-fundacion-cermi-mujeres-presenta-el-protocolo-para-la-atencion-a-mujeres-con-discapacidad-victimas-de-violencia\/#article\",\"isPartOf\":{\"@id\":\"https:\/\/amica.es\/es\/la-fundacion-cermi-mujeres-presenta-el-protocolo-para-la-atencion-a-mujeres-con-discapacidad-victimas-de-violencia\/\"},\"author\":{\"name\":\"Comunicaci\u00f3n Amica\",\"@id\":\"https:\/\/amica.es\/es\/#\/schema\/person\/f8237e904e02fbcd642619de8fb2aa7d\"},\"headline\":\"La Fundaci\u00f3n CERMI Mujeres presenta el Protocolo para la Atenci\u00f3n a Mujeres con Discapacidad V\u00edctimas de Violencia\",\"datePublished\":\"2021-03-17T14:00:01+00:00\",\"mainEntityOfPage\":{\"@id\":\"https:\/\/amica.es\/es\/la-fundacion-cermi-mujeres-presenta-el-protocolo-para-la-atencion-a-mujeres-con-discapacidad-victimas-de-violencia\/\"},\"wordCount\":868,\"publisher\":{\"@id\":\"https:\/\/amica.es\/es\/#organization\"},\"image\":{\"@id\":\"https:\/\/amica.es\/es\/la-fundacion-cermi-mujeres-presenta-el-protocolo-para-la-atencion-a-mujeres-con-discapacidad-victimas-de-violencia\/#primaryimage\"},\"thumbnailUrl\":\"https:\/\/amica.es\/es\/wp-content\/uploads\/2021\/03\/Presentaci\u00f3n-protocolo-FCM-e1615889548195.jpg\",\"articleSection\":[\"Noticias\"],\"inLanguage\":\"es\"},{\"@type\":\"WebPage\",\"@id\":\"https:\/\/amica.es\/es\/la-fundacion-cermi-mujeres-presenta-el-protocolo-para-la-atencion-a-mujeres-con-discapacidad-victimas-de-violencia\/\",\"url\":\"https:\/\/amica.es\/es\/la-fundacion-cermi-mujeres-presenta-el-protocolo-para-la-atencion-a-mujeres-con-discapacidad-victimas-de-violencia\/\",\"name\":\"La Fundaci\u00f3n CERMI Mujeres presenta el Protocolo para la Atenci\u00f3n a Mujeres con Discapacidad V\u00edctimas de Violencia - Amica - Descubriendo Capacidades\",\"isPartOf\":{\"@id\":\"https:\/\/amica.es\/es\/#website\"},\"primaryImageOfPage\":{\"@id\":\"https:\/\/amica.es\/es\/la-fundacion-cermi-mujeres-presenta-el-protocolo-para-la-atencion-a-mujeres-con-discapacidad-victimas-de-violencia\/#primaryimage\"},\"image\":{\"@id\":\"https:\/\/amica.es\/es\/la-fundacion-cermi-mujeres-presenta-el-protocolo-para-la-atencion-a-mujeres-con-discapacidad-victimas-de-violencia\/#primaryimage\"},\"thumbnailUrl\":\"https:\/\/amica.es\/es\/wp-content\/uploads\/2021\/03\/Presentaci\u00f3n-protocolo-FCM-e1615889548195.jpg\",\"datePublished\":\"2021-03-17T14:00:01+00:00\",\"breadcrumb\":{\"@id\":\"https:\/\/amica.es\/es\/la-fundacion-cermi-mujeres-presenta-el-protocolo-para-la-atencion-a-mujeres-con-discapacidad-victimas-de-violencia\/#breadcrumb\"},\"inLanguage\":\"es\",\"potentialAction\":[{\"@type\":\"ReadAction\",\"target\":[\"https:\/\/amica.es\/es\/la-fundacion-cermi-mujeres-presenta-el-protocolo-para-la-atencion-a-mujeres-con-discapacidad-victimas-de-violencia\/\"]}]},{\"@type\":\"ImageObject\",\"inLanguage\":\"es\",\"@id\":\"https:\/\/amica.es\/es\/la-fundacion-cermi-mujeres-presenta-el-protocolo-para-la-atencion-a-mujeres-con-discapacidad-victimas-de-violencia\/#primaryimage\",\"url\":\"https:\/\/amica.es\/es\/wp-content\/uploads\/2021\/03\/Presentaci\u00f3n-protocolo-FCM-e1615889548195.jpg\",\"contentUrl\":\"https:\/\/amica.es\/es\/wp-content\/uploads\/2021\/03\/Presentaci\u00f3n-protocolo-FCM-e1615889548195.jpg\",\"width\":587,\"height\":411},{\"@type\":\"BreadcrumbList\",\"@id\":\"https:\/\/amica.es\/es\/la-fundacion-cermi-mujeres-presenta-el-protocolo-para-la-atencion-a-mujeres-con-discapacidad-victimas-de-violencia\/#breadcrumb\",\"itemListElement\":[{\"@type\":\"ListItem\",\"position\":1,\"name\":\"Portada\",\"item\":\"https:\/\/amica.es\/es\/\"},{\"@type\":\"ListItem\",\"position\":2,\"name\":\"La Fundaci\u00f3n CERMI Mujeres presenta el Protocolo para la Atenci\u00f3n a Mujeres con Discapacidad V\u00edctimas de Violencia\"}]},{\"@type\":\"WebSite\",\"@id\":\"https:\/\/amica.es\/es\/#website\",\"url\":\"https:\/\/amica.es\/es\/\",\"name\":\"Amica - Descubriendo Capacidades\",\"description\":\"Apoyando a personas con discapacidad desde 1984\",\"publisher\":{\"@id\":\"https:\/\/amica.es\/es\/#organization\"},\"potentialAction\":[{\"@type\":\"SearchAction\",\"target\":{\"@type\":\"EntryPoint\",\"urlTemplate\":\"https:\/\/amica.es\/es\/?s={search_term_string}\"},\"query-input\":{\"@type\":\"PropertyValueSpecification\",\"valueRequired\":true,\"valueName\":\"search_term_string\"}}],\"inLanguage\":\"es\"},{\"@type\":\"Organization\",\"@id\":\"https:\/\/amica.es\/es\/#organization\",\"name\":\"Asociaci\u00f3n Amica\",\"url\":\"https:\/\/amica.es\/es\/\",\"logo\":{\"@type\":\"ImageObject\",\"inLanguage\":\"es\",\"@id\":\"https:\/\/amica.es\/es\/#\/schema\/logo\/image\/\",\"url\":\"https:\/\/amica.es\/es\/wp-content\/uploads\/2024\/07\/Amica-Logo.png\",\"contentUrl\":\"https:\/\/amica.es\/es\/wp-content\/uploads\/2024\/07\/Amica-Logo.png\",\"width\":1653,\"height\":577,\"caption\":\"Asociaci\u00f3n Amica\"},\"image\":{\"@id\":\"https:\/\/amica.es\/es\/#\/schema\/logo\/image\/\"},\"sameAs\":[\"https:\/\/www.facebook.com\/amicaasociacion\",\"https:\/\/x.com\/asociacionamica\",\"https:\/\/www.youtube.com\/c\/asociacionamicacantabria\",\"https:\/\/es.linkedin.com\/company\/asociacionamica?trk=similar-companies_org_title\",\"https:\/\/www.instagram.com\/asociacionamica\/\"]},{\"@type\":\"Person\",\"@id\":\"https:\/\/amica.es\/es\/#\/schema\/person\/f8237e904e02fbcd642619de8fb2aa7d\",\"name\":\"Comunicaci\u00f3n Amica\",\"image\":{\"@type\":\"ImageObject\",\"inLanguage\":\"es\",\"@id\":\"https:\/\/amica.es\/es\/#\/schema\/person\/image\/\",\"url\":\"https:\/\/secure.gravatar.com\/avatar\/fcf9b00947683a60bff763b288192c315e6cd2b260feccd77e02b66c69e70a1d?s=96&d=mm&r=g\",\"contentUrl\":\"https:\/\/secure.gravatar.com\/avatar\/fcf9b00947683a60bff763b288192c315e6cd2b260feccd77e02b66c69e70a1d?s=96&d=mm&r=g\",\"caption\":\"Comunicaci\u00f3n Amica\"},\"sameAs\":[\"http:\/\/www.amica.es\"],\"url\":\"https:\/\/amica.es\/es\/author\/comunicacion\/\"}]}<\/script>\n<!-- \/ Yoast SEO plugin. -->","yoast_head_json":{"title":"La Fundaci\u00f3n CERMI Mujeres presenta el Protocolo para la Atenci\u00f3n a Mujeres con Discapacidad V\u00edctimas de Violencia - Amica - Descubriendo Capacidades","robots":{"index":"index","follow":"follow","max-snippet":"max-snippet:-1","max-image-preview":"max-image-preview:large","max-video-preview":"max-video-preview:-1"},"canonical":"https:\/\/amica.es\/es\/la-fundacion-cermi-mujeres-presenta-el-protocolo-para-la-atencion-a-mujeres-con-discapacidad-victimas-de-violencia\/","og_locale":"es_ES","og_type":"article","og_title":"La Fundaci\u00f3n CERMI Mujeres presenta el Protocolo para la Atenci\u00f3n a Mujeres con Discapacidad V\u00edctimas de Violencia - Amica - Descubriendo Capacidades","og_description":"&nbsp; \u00a0Fuente: CERMI Mujeres La Fundaci\u00f3n CERMI Mujeres (FCM) ha presentado este viernes el Protocolo para la Atenci\u00f3n a Mujeres con Discapacidad V\u00edctimas de Violencia con el objetivo de poner a disposici\u00f3n de la comunidad y profesionales un instrumento para atenderlas y contribuir as\u00ed a mejorar su calidad de vida y defender sus derechos. LaRead more","og_url":"https:\/\/amica.es\/es\/la-fundacion-cermi-mujeres-presenta-el-protocolo-para-la-atencion-a-mujeres-con-discapacidad-victimas-de-violencia\/","og_site_name":"Amica - Descubriendo Capacidades","article_publisher":"https:\/\/www.facebook.com\/amicaasociacion","article_published_time":"2021-03-17T14:00:01+00:00","og_image":[{"width":587,"height":411,"url":"https:\/\/amica.es\/es\/wp-content\/uploads\/2021\/03\/Presentaci\u00f3n-protocolo-FCM-e1615889548195.jpg","type":"image\/jpeg"}],"author":"Comunicaci\u00f3n Amica","twitter_card":"summary_large_image","twitter_creator":"@asociacionamica","twitter_site":"@asociacionamica","twitter_misc":{"Escrito por":"Comunicaci\u00f3n Amica","Tiempo de lectura":"4 minutos"},"schema":{"@context":"https:\/\/schema.org","@graph":[{"@type":"Article","@id":"https:\/\/amica.es\/es\/la-fundacion-cermi-mujeres-presenta-el-protocolo-para-la-atencion-a-mujeres-con-discapacidad-victimas-de-violencia\/#article","isPartOf":{"@id":"https:\/\/amica.es\/es\/la-fundacion-cermi-mujeres-presenta-el-protocolo-para-la-atencion-a-mujeres-con-discapacidad-victimas-de-violencia\/"},"author":{"name":"Comunicaci\u00f3n Amica","@id":"https:\/\/amica.es\/es\/#\/schema\/person\/f8237e904e02fbcd642619de8fb2aa7d"},"headline":"La Fundaci\u00f3n CERMI Mujeres presenta el Protocolo para la Atenci\u00f3n a Mujeres con Discapacidad V\u00edctimas de Violencia","datePublished":"2021-03-17T14:00:01+00:00","mainEntityOfPage":{"@id":"https:\/\/amica.es\/es\/la-fundacion-cermi-mujeres-presenta-el-protocolo-para-la-atencion-a-mujeres-con-discapacidad-victimas-de-violencia\/"},"wordCount":868,"publisher":{"@id":"https:\/\/amica.es\/es\/#organization"},"image":{"@id":"https:\/\/amica.es\/es\/la-fundacion-cermi-mujeres-presenta-el-protocolo-para-la-atencion-a-mujeres-con-discapacidad-victimas-de-violencia\/#primaryimage"},"thumbnailUrl":"https:\/\/amica.es\/es\/wp-content\/uploads\/2021\/03\/Presentaci\u00f3n-protocolo-FCM-e1615889548195.jpg","articleSection":["Noticias"],"inLanguage":"es"},{"@type":"WebPage","@id":"https:\/\/amica.es\/es\/la-fundacion-cermi-mujeres-presenta-el-protocolo-para-la-atencion-a-mujeres-con-discapacidad-victimas-de-violencia\/","url":"https:\/\/amica.es\/es\/la-fundacion-cermi-mujeres-presenta-el-protocolo-para-la-atencion-a-mujeres-con-discapacidad-victimas-de-violencia\/","name":"La Fundaci\u00f3n CERMI Mujeres presenta el Protocolo para la Atenci\u00f3n a Mujeres con Discapacidad V\u00edctimas de Violencia - Amica - Descubriendo Capacidades","isPartOf":{"@id":"https:\/\/amica.es\/es\/#website"},"primaryImageOfPage":{"@id":"https:\/\/amica.es\/es\/la-fundacion-cermi-mujeres-presenta-el-protocolo-para-la-atencion-a-mujeres-con-discapacidad-victimas-de-violencia\/#primaryimage"},"image":{"@id":"https:\/\/amica.es\/es\/la-fundacion-cermi-mujeres-presenta-el-protocolo-para-la-atencion-a-mujeres-con-discapacidad-victimas-de-violencia\/#primaryimage"},"thumbnailUrl":"https:\/\/amica.es\/es\/wp-content\/uploads\/2021\/03\/Presentaci\u00f3n-protocolo-FCM-e1615889548195.jpg","datePublished":"2021-03-17T14:00:01+00:00","breadcrumb":{"@id":"https:\/\/amica.es\/es\/la-fundacion-cermi-mujeres-presenta-el-protocolo-para-la-atencion-a-mujeres-con-discapacidad-victimas-de-violencia\/#breadcrumb"},"inLanguage":"es","potentialAction":[{"@type":"ReadAction","target":["https:\/\/amica.es\/es\/la-fundacion-cermi-mujeres-presenta-el-protocolo-para-la-atencion-a-mujeres-con-discapacidad-victimas-de-violencia\/"]}]},{"@type":"ImageObject","inLanguage":"es","@id":"https:\/\/amica.es\/es\/la-fundacion-cermi-mujeres-presenta-el-protocolo-para-la-atencion-a-mujeres-con-discapacidad-victimas-de-violencia\/#primaryimage","url":"https:\/\/amica.es\/es\/wp-content\/uploads\/2021\/03\/Presentaci\u00f3n-protocolo-FCM-e1615889548195.jpg","contentUrl":"https:\/\/amica.es\/es\/wp-content\/uploads\/2021\/03\/Presentaci\u00f3n-protocolo-FCM-e1615889548195.jpg","width":587,"height":411},{"@type":"BreadcrumbList","@id":"https:\/\/amica.es\/es\/la-fundacion-cermi-mujeres-presenta-el-protocolo-para-la-atencion-a-mujeres-con-discapacidad-victimas-de-violencia\/#breadcrumb","itemListElement":[{"@type":"ListItem","position":1,"name":"Portada","item":"https:\/\/amica.es\/es\/"},{"@type":"ListItem","position":2,"name":"La Fundaci\u00f3n CERMI Mujeres presenta el Protocolo para la Atenci\u00f3n a Mujeres con Discapacidad V\u00edctimas de Violencia"}]},{"@type":"WebSite","@id":"https:\/\/amica.es\/es\/#website","url":"https:\/\/amica.es\/es\/","name":"Amica - Descubriendo Capacidades","description":"Apoyando a personas con discapacidad desde 1984","publisher":{"@id":"https:\/\/amica.es\/es\/#organization"},"potentialAction":[{"@type":"SearchAction","target":{"@type":"EntryPoint","urlTemplate":"https:\/\/amica.es\/es\/?s={search_term_string}"},"query-input":{"@type":"PropertyValueSpecification","valueRequired":true,"valueName":"search_term_string"}}],"inLanguage":"es"},{"@type":"Organization","@id":"https:\/\/amica.es\/es\/#organization","name":"Asociaci\u00f3n Amica","url":"https:\/\/amica.es\/es\/","logo":{"@type":"ImageObject","inLanguage":"es","@id":"https:\/\/amica.es\/es\/#\/schema\/logo\/image\/","url":"https:\/\/amica.es\/es\/wp-content\/uploads\/2024\/07\/Amica-Logo.png","contentUrl":"https:\/\/amica.es\/es\/wp-content\/uploads\/2024\/07\/Amica-Logo.png","width":1653,"height":577,"caption":"Asociaci\u00f3n Amica"},"image":{"@id":"https:\/\/amica.es\/es\/#\/schema\/logo\/image\/"},"sameAs":["https:\/\/www.facebook.com\/amicaasociacion","https:\/\/x.com\/asociacionamica","https:\/\/www.youtube.com\/c\/asociacionamicacantabria","https:\/\/es.linkedin.com\/company\/asociacionamica?trk=similar-companies_org_title","https:\/\/www.instagram.com\/asociacionamica\/"]},{"@type":"Person","@id":"https:\/\/amica.es\/es\/#\/schema\/person\/f8237e904e02fbcd642619de8fb2aa7d","name":"Comunicaci\u00f3n Amica","image":{"@type":"ImageObject","inLanguage":"es","@id":"https:\/\/amica.es\/es\/#\/schema\/person\/image\/","url":"https:\/\/secure.gravatar.com\/avatar\/fcf9b00947683a60bff763b288192c315e6cd2b260feccd77e02b66c69e70a1d?s=96&d=mm&r=g","contentUrl":"https:\/\/secure.gravatar.com\/avatar\/fcf9b00947683a60bff763b288192c315e6cd2b260feccd77e02b66c69e70a1d?s=96&d=mm&r=g","caption":"Comunicaci\u00f3n Amica"},"sameAs":["http:\/\/www.amica.es"],"url":"https:\/\/amica.es\/es\/author\/comunicacion\/"}]}},"_links":{"self":[{"href":"https:\/\/amica.es\/es\/wp-json\/wp\/v2\/posts\/11087","targetHints":{"allow":["GET"]}}],"collection":[{"href":"https:\/\/amica.es\/es\/wp-json\/wp\/v2\/posts"}],"about":[{"href":"https:\/\/amica.es\/es\/wp-json\/wp\/v2\/types\/post"}],"author":[{"embeddable":true,"href":"https:\/\/amica.es\/es\/wp-json\/wp\/v2\/users\/10"}],"replies":[{"embeddable":true,"href":"https:\/\/amica.es\/es\/wp-json\/wp\/v2\/comments?post=11087"}],"version-history":[{"count":3,"href":"https:\/\/amica.es\/es\/wp-json\/wp\/v2\/posts\/11087\/revisions"}],"predecessor-version":[{"id":11096,"href":"https:\/\/amica.es\/es\/wp-json\/wp\/v2\/posts\/11087\/revisions\/11096"}],"wp:featuredmedia":[{"embeddable":true,"href":"https:\/\/amica.es\/es\/wp-json\/wp\/v2\/media\/11088"}],"wp:attachment":[{"href":"https:\/\/amica.es\/es\/wp-json\/wp\/v2\/media?parent=11087"}],"wp:term":[{"taxonomy":"category","embeddable":true,"href":"https:\/\/amica.es\/es\/wp-json\/wp\/v2\/categories?post=11087"},{"taxonomy":"post_tag","embeddable":true,"href":"https:\/\/amica.es\/es\/wp-json\/wp\/v2\/tags?post=11087"}],"curies":[{"name":"wp","href":"https:\/\/api.w.org\/{rel}","templated":true}]}}