{"id":11101,"date":"2021-03-19T14:04:21","date_gmt":"2021-03-19T12:04:21","guid":{"rendered":"https:\/\/amica.es\/es\/?p=11101"},"modified":"2021-03-19T14:07:19","modified_gmt":"2021-03-19T12:07:19","slug":"derecho-civil-y-discapacidad","status":"publish","type":"post","link":"https:\/\/amica.es\/es\/derecho-civil-y-discapacidad\/","title":{"rendered":"Importante reforma del Derecho Civil en materia de discapacidad"},"content":{"rendered":"<div class=\"srvm-nw__ptl\"><\/div>\n<div class=\"srvm-nw__meta detail-row\"><img loading=\"lazy\" decoding=\"async\" class=\"size-medium wp-image-11102 aligncenter\" src=\"https:\/\/amica.es\/es\/wp-content\/uploads\/2021\/03\/M1-1761958-1-300x200.jpg\" alt=\"\" width=\"300\" height=\"200\" \/><\/div>\n<div class=\"srvm-nw__share-wrapper\">\n<div class=\"srvm-nw__share\">\n<p>Fuente: SERVIMEDIA<\/p>\n<\/div>\n<\/div>\n<div class=\"srvm-nw__body\">\n<p>El Comit\u00e9 Espa\u00f1ol de Representantes de Personas con Discapacidad (Cermi) celebra el \u201camplio respaldo parlamentario\u201d a la gran reforma del derecho civil en materia de discapacidad, que seg\u00fan la entidad supondr\u00e1 un cambio &#8220;real y efectivo&#8221; en la vida de las personas con discapacidad y sus familias.<\/p>\n<p>As\u00ed lo manifiesta la plataforma de la discapacidad tras la aprobaci\u00f3n, este martes, por parte de la Comisi\u00f3n de Justicia del Congreso de los Diputados, del informe elaborado por la ponencia sobre el proyecto de ley por la que se reforma la legislaci\u00f3n civil y procesal para el apoyo a las personas con discapacidad en el ejercicio de su capacidad jur\u00eddica.<\/p>\n<p>El objetivo es adaptar el ordenamiento jur\u00eddico espa\u00f1ol la Convenci\u00f3n Internacional sobre los Derechos de las Personas con Discapacidad, que en su art\u00edculo 12 reconoce la igualdad jur\u00eddica de este colectivo y proh\u00edbe su discriminaci\u00f3n.<\/p>\n<p>Se trata de una iniciativa legislativa remitida el pasado a\u00f1o como proyecto de ley por el Gobierno, que fue enriquecida con numerosas enmiendas que han contado con un amplio respaldo en la c\u00e1mara y que fue ampliamente demandada por el sector de la discapacidad en la que el Cermi y sus organizaciones han venido trabajando en los \u00faltimos a\u00f1os.<\/p>\n<p>Para el sector social de la discapacidad esta reforma supone un \u201cgran paso para implantar la igualdad capacidad jur\u00eddica de todas las personas con discapacidad estableciendo un modelo de apoyos a la toma de decisiones para acabar con la incapacitaci\u00f3n judicial ya que actualmente tienen ciertos derechos restringidos, actuando con supervisi\u00f3n en el tr\u00e1fico jur\u00eddico\u201d.<\/p>\n<p>La reforma, pasa a partir de ahora en el Senado, donde continuar\u00e1 su tr\u00e1mite parlamentario y ser\u00e1 susceptible de nuevas mejoras a trav\u00e9s de nuevas enmiendas, ampliando lo ya aprobado por el Congreso.<\/p>\n<p>Todos los grupos parlamentarios que apoyaron la iniciativa agradecieron la labor de persuasi\u00f3n y de insistencia con el Gobierno del Cermi para que llegara a articularse esta norma y destacaron el poder determinante que ha tenido la sociedad civil organizada en la adopci\u00f3n de esta gran reforma del Derecho Privado Espa\u00f1ol.<\/p>\n<p>Un grupo reducido del Cermi sigui\u00f3 presencialmente los debates y la votaci\u00f3n del proyecto de ley en la sede del Congreso y al t\u00e9rmino del debate se fotografi\u00f3 con los ponentes y portavoces de los grupos parlamentarios que trabajaron la iniciativa.<\/p>\n<\/div>\n","protected":false},"excerpt":{"rendered":"<p>Fuente: SERVIMEDIA El Comit\u00e9 Espa\u00f1ol de Representantes de Personas con Discapacidad (Cermi) celebra el \u201camplio respaldo parlamentario\u201d a la gran reforma del derecho civil en materia de discapacidad, que seg\u00fan la entidad supondr\u00e1 un cambio &#8220;real y efectivo&#8221; en la vida de las personas con discapacidad y sus familias. As\u00ed lo manifiesta la plataforma de<br \/><a href=\"https:\/\/amica.es\/es\/derecho-civil-y-discapacidad\/\" class=\"more\">Read more<\/a><\/p>\n","protected":false},"author":10,"featured_media":11102,"comment_status":"closed","ping_status":"open","sticky":false,"template":"","format":"standard","meta":{"_monsterinsights_skip_tracking":false,"_monsterinsights_sitenote_active":false,"_monsterinsights_sitenote_note":"","_monsterinsights_sitenote_category":0,"_joinchat":[],"footnotes":""},"categories":[27],"tags":[],"class_list":["post-11101","post","type-post","status-publish","format-standard","has-post-thumbnail","hentry","category-noticias-categoria"],"yoast_head":"<!-- This site is optimized with the Yoast SEO plugin v25.6 - https:\/\/yoast.com\/wordpress\/plugins\/seo\/ -->\n<title>Importante reforma del Derecho Civil en materia de discapacidad - Amica - Descubriendo Capacidades<\/title>\n<meta name=\"robots\" content=\"index, follow, max-snippet:-1, max-image-preview:large, max-video-preview:-1\" \/>\n<link rel=\"canonical\" href=\"https:\/\/amica.es\/es\/derecho-civil-y-discapacidad\/\" \/>\n<meta property=\"og:locale\" content=\"es_ES\" \/>\n<meta property=\"og:type\" content=\"article\" \/>\n<meta property=\"og:title\" content=\"Importante reforma del Derecho Civil en materia de discapacidad - Amica - Descubriendo Capacidades\" \/>\n<meta property=\"og:description\" content=\"Fuente: SERVIMEDIA El Comit\u00e9 Espa\u00f1ol de Representantes de Personas con Discapacidad (Cermi) celebra el \u201camplio respaldo parlamentario\u201d a la gran reforma del derecho civil en materia de discapacidad, que seg\u00fan la entidad supondr\u00e1 un cambio &#8220;real y efectivo&#8221; en la vida de las personas con discapacidad y sus familias. As\u00ed lo manifiesta la plataforma deRead more\" \/>\n<meta property=\"og:url\" content=\"https:\/\/amica.es\/es\/derecho-civil-y-discapacidad\/\" \/>\n<meta property=\"og:site_name\" content=\"Amica - Descubriendo Capacidades\" \/>\n<meta property=\"article:publisher\" content=\"https:\/\/www.facebook.com\/amicaasociacion\" \/>\n<meta property=\"article:published_time\" content=\"2021-03-19T12:04:21+00:00\" \/>\n<meta property=\"article:modified_time\" content=\"2021-03-19T12:07:19+00:00\" \/>\n<meta property=\"og:image\" content=\"https:\/\/amica.es\/es\/wp-content\/uploads\/2021\/03\/M1-1761958-1.jpg\" \/>\n\t<meta property=\"og:image:width\" content=\"800\" \/>\n\t<meta property=\"og:image:height\" content=\"533\" \/>\n\t<meta property=\"og:image:type\" content=\"image\/jpeg\" \/>\n<meta name=\"author\" content=\"Comunicaci\u00f3n Amica\" \/>\n<meta name=\"twitter:card\" content=\"summary_large_image\" \/>\n<meta name=\"twitter:creator\" content=\"@asociacionamica\" \/>\n<meta name=\"twitter:site\" content=\"@asociacionamica\" \/>\n<meta name=\"twitter:label1\" content=\"Escrito por\" \/>\n\t<meta name=\"twitter:data1\" content=\"Comunicaci\u00f3n Amica\" \/>\n\t<meta name=\"twitter:label2\" content=\"Tiempo de lectura\" \/>\n\t<meta name=\"twitter:data2\" content=\"2 minutos\" \/>\n<script type=\"application\/ld+json\" class=\"yoast-schema-graph\">{\"@context\":\"https:\/\/schema.org\",\"@graph\":[{\"@type\":\"Article\",\"@id\":\"https:\/\/amica.es\/es\/derecho-civil-y-discapacidad\/#article\",\"isPartOf\":{\"@id\":\"https:\/\/amica.es\/es\/derecho-civil-y-discapacidad\/\"},\"author\":{\"name\":\"Comunicaci\u00f3n Amica\",\"@id\":\"https:\/\/amica.es\/es\/#\/schema\/person\/f8237e904e02fbcd642619de8fb2aa7d\"},\"headline\":\"Importante reforma del Derecho Civil en materia de discapacidad\",\"datePublished\":\"2021-03-19T12:04:21+00:00\",\"dateModified\":\"2021-03-19T12:07:19+00:00\",\"mainEntityOfPage\":{\"@id\":\"https:\/\/amica.es\/es\/derecho-civil-y-discapacidad\/\"},\"wordCount\":420,\"publisher\":{\"@id\":\"https:\/\/amica.es\/es\/#organization\"},\"image\":{\"@id\":\"https:\/\/amica.es\/es\/derecho-civil-y-discapacidad\/#primaryimage\"},\"thumbnailUrl\":\"https:\/\/amica.es\/es\/wp-content\/uploads\/2021\/03\/M1-1761958-1.jpg\",\"articleSection\":[\"Noticias\"],\"inLanguage\":\"es\"},{\"@type\":\"WebPage\",\"@id\":\"https:\/\/amica.es\/es\/derecho-civil-y-discapacidad\/\",\"url\":\"https:\/\/amica.es\/es\/derecho-civil-y-discapacidad\/\",\"name\":\"Importante reforma del Derecho Civil en materia de discapacidad - Amica - Descubriendo Capacidades\",\"isPartOf\":{\"@id\":\"https:\/\/amica.es\/es\/#website\"},\"primaryImageOfPage\":{\"@id\":\"https:\/\/amica.es\/es\/derecho-civil-y-discapacidad\/#primaryimage\"},\"image\":{\"@id\":\"https:\/\/amica.es\/es\/derecho-civil-y-discapacidad\/#primaryimage\"},\"thumbnailUrl\":\"https:\/\/amica.es\/es\/wp-content\/uploads\/2021\/03\/M1-1761958-1.jpg\",\"datePublished\":\"2021-03-19T12:04:21+00:00\",\"dateModified\":\"2021-03-19T12:07:19+00:00\",\"breadcrumb\":{\"@id\":\"https:\/\/amica.es\/es\/derecho-civil-y-discapacidad\/#breadcrumb\"},\"inLanguage\":\"es\",\"potentialAction\":[{\"@type\":\"ReadAction\",\"target\":[\"https:\/\/amica.es\/es\/derecho-civil-y-discapacidad\/\"]}]},{\"@type\":\"ImageObject\",\"inLanguage\":\"es\",\"@id\":\"https:\/\/amica.es\/es\/derecho-civil-y-discapacidad\/#primaryimage\",\"url\":\"https:\/\/amica.es\/es\/wp-content\/uploads\/2021\/03\/M1-1761958-1.jpg\",\"contentUrl\":\"https:\/\/amica.es\/es\/wp-content\/uploads\/2021\/03\/M1-1761958-1.jpg\",\"width\":800,\"height\":533},{\"@type\":\"BreadcrumbList\",\"@id\":\"https:\/\/amica.es\/es\/derecho-civil-y-discapacidad\/#breadcrumb\",\"itemListElement\":[{\"@type\":\"ListItem\",\"position\":1,\"name\":\"Portada\",\"item\":\"https:\/\/amica.es\/es\/\"},{\"@type\":\"ListItem\",\"position\":2,\"name\":\"Importante reforma del Derecho Civil en materia de discapacidad\"}]},{\"@type\":\"WebSite\",\"@id\":\"https:\/\/amica.es\/es\/#website\",\"url\":\"https:\/\/amica.es\/es\/\",\"name\":\"Amica - Descubriendo Capacidades\",\"description\":\"Apoyando a personas con discapacidad desde 1984\",\"publisher\":{\"@id\":\"https:\/\/amica.es\/es\/#organization\"},\"potentialAction\":[{\"@type\":\"SearchAction\",\"target\":{\"@type\":\"EntryPoint\",\"urlTemplate\":\"https:\/\/amica.es\/es\/?s={search_term_string}\"},\"query-input\":{\"@type\":\"PropertyValueSpecification\",\"valueRequired\":true,\"valueName\":\"search_term_string\"}}],\"inLanguage\":\"es\"},{\"@type\":\"Organization\",\"@id\":\"https:\/\/amica.es\/es\/#organization\",\"name\":\"Asociaci\u00f3n Amica\",\"url\":\"https:\/\/amica.es\/es\/\",\"logo\":{\"@type\":\"ImageObject\",\"inLanguage\":\"es\",\"@id\":\"https:\/\/amica.es\/es\/#\/schema\/logo\/image\/\",\"url\":\"https:\/\/amica.es\/es\/wp-content\/uploads\/2024\/07\/Amica-Logo.png\",\"contentUrl\":\"https:\/\/amica.es\/es\/wp-content\/uploads\/2024\/07\/Amica-Logo.png\",\"width\":1653,\"height\":577,\"caption\":\"Asociaci\u00f3n Amica\"},\"image\":{\"@id\":\"https:\/\/amica.es\/es\/#\/schema\/logo\/image\/\"},\"sameAs\":[\"https:\/\/www.facebook.com\/amicaasociacion\",\"https:\/\/x.com\/asociacionamica\",\"https:\/\/www.youtube.com\/c\/asociacionamicacantabria\",\"https:\/\/es.linkedin.com\/company\/asociacionamica?trk=similar-companies_org_title\",\"https:\/\/www.instagram.com\/asociacionamica\/\"]},{\"@type\":\"Person\",\"@id\":\"https:\/\/amica.es\/es\/#\/schema\/person\/f8237e904e02fbcd642619de8fb2aa7d\",\"name\":\"Comunicaci\u00f3n Amica\",\"image\":{\"@type\":\"ImageObject\",\"inLanguage\":\"es\",\"@id\":\"https:\/\/amica.es\/es\/#\/schema\/person\/image\/\",\"url\":\"https:\/\/secure.gravatar.com\/avatar\/fcf9b00947683a60bff763b288192c315e6cd2b260feccd77e02b66c69e70a1d?s=96&d=mm&r=g\",\"contentUrl\":\"https:\/\/secure.gravatar.com\/avatar\/fcf9b00947683a60bff763b288192c315e6cd2b260feccd77e02b66c69e70a1d?s=96&d=mm&r=g\",\"caption\":\"Comunicaci\u00f3n Amica\"},\"sameAs\":[\"http:\/\/www.amica.es\"],\"url\":\"https:\/\/amica.es\/es\/author\/comunicacion\/\"}]}<\/script>\n<!-- \/ Yoast SEO plugin. -->","yoast_head_json":{"title":"Importante reforma del Derecho Civil en materia de discapacidad - Amica - Descubriendo Capacidades","robots":{"index":"index","follow":"follow","max-snippet":"max-snippet:-1","max-image-preview":"max-image-preview:large","max-video-preview":"max-video-preview:-1"},"canonical":"https:\/\/amica.es\/es\/derecho-civil-y-discapacidad\/","og_locale":"es_ES","og_type":"article","og_title":"Importante reforma del Derecho Civil en materia de discapacidad - Amica - Descubriendo Capacidades","og_description":"Fuente: SERVIMEDIA El Comit\u00e9 Espa\u00f1ol de Representantes de Personas con Discapacidad (Cermi) celebra el \u201camplio respaldo parlamentario\u201d a la gran reforma del derecho civil en materia de discapacidad, que seg\u00fan la entidad supondr\u00e1 un cambio &#8220;real y efectivo&#8221; en la vida de las personas con discapacidad y sus familias. As\u00ed lo manifiesta la plataforma deRead more","og_url":"https:\/\/amica.es\/es\/derecho-civil-y-discapacidad\/","og_site_name":"Amica - Descubriendo Capacidades","article_publisher":"https:\/\/www.facebook.com\/amicaasociacion","article_published_time":"2021-03-19T12:04:21+00:00","article_modified_time":"2021-03-19T12:07:19+00:00","og_image":[{"width":800,"height":533,"url":"https:\/\/amica.es\/es\/wp-content\/uploads\/2021\/03\/M1-1761958-1.jpg","type":"image\/jpeg"}],"author":"Comunicaci\u00f3n Amica","twitter_card":"summary_large_image","twitter_creator":"@asociacionamica","twitter_site":"@asociacionamica","twitter_misc":{"Escrito por":"Comunicaci\u00f3n Amica","Tiempo de lectura":"2 minutos"},"schema":{"@context":"https:\/\/schema.org","@graph":[{"@type":"Article","@id":"https:\/\/amica.es\/es\/derecho-civil-y-discapacidad\/#article","isPartOf":{"@id":"https:\/\/amica.es\/es\/derecho-civil-y-discapacidad\/"},"author":{"name":"Comunicaci\u00f3n Amica","@id":"https:\/\/amica.es\/es\/#\/schema\/person\/f8237e904e02fbcd642619de8fb2aa7d"},"headline":"Importante reforma del Derecho Civil en materia de discapacidad","datePublished":"2021-03-19T12:04:21+00:00","dateModified":"2021-03-19T12:07:19+00:00","mainEntityOfPage":{"@id":"https:\/\/amica.es\/es\/derecho-civil-y-discapacidad\/"},"wordCount":420,"publisher":{"@id":"https:\/\/amica.es\/es\/#organization"},"image":{"@id":"https:\/\/amica.es\/es\/derecho-civil-y-discapacidad\/#primaryimage"},"thumbnailUrl":"https:\/\/amica.es\/es\/wp-content\/uploads\/2021\/03\/M1-1761958-1.jpg","articleSection":["Noticias"],"inLanguage":"es"},{"@type":"WebPage","@id":"https:\/\/amica.es\/es\/derecho-civil-y-discapacidad\/","url":"https:\/\/amica.es\/es\/derecho-civil-y-discapacidad\/","name":"Importante reforma del Derecho Civil en materia de discapacidad - Amica - Descubriendo Capacidades","isPartOf":{"@id":"https:\/\/amica.es\/es\/#website"},"primaryImageOfPage":{"@id":"https:\/\/amica.es\/es\/derecho-civil-y-discapacidad\/#primaryimage"},"image":{"@id":"https:\/\/amica.es\/es\/derecho-civil-y-discapacidad\/#primaryimage"},"thumbnailUrl":"https:\/\/amica.es\/es\/wp-content\/uploads\/2021\/03\/M1-1761958-1.jpg","datePublished":"2021-03-19T12:04:21+00:00","dateModified":"2021-03-19T12:07:19+00:00","breadcrumb":{"@id":"https:\/\/amica.es\/es\/derecho-civil-y-discapacidad\/#breadcrumb"},"inLanguage":"es","potentialAction":[{"@type":"ReadAction","target":["https:\/\/amica.es\/es\/derecho-civil-y-discapacidad\/"]}]},{"@type":"ImageObject","inLanguage":"es","@id":"https:\/\/amica.es\/es\/derecho-civil-y-discapacidad\/#primaryimage","url":"https:\/\/amica.es\/es\/wp-content\/uploads\/2021\/03\/M1-1761958-1.jpg","contentUrl":"https:\/\/amica.es\/es\/wp-content\/uploads\/2021\/03\/M1-1761958-1.jpg","width":800,"height":533},{"@type":"BreadcrumbList","@id":"https:\/\/amica.es\/es\/derecho-civil-y-discapacidad\/#breadcrumb","itemListElement":[{"@type":"ListItem","position":1,"name":"Portada","item":"https:\/\/amica.es\/es\/"},{"@type":"ListItem","position":2,"name":"Importante reforma del Derecho Civil en materia de discapacidad"}]},{"@type":"WebSite","@id":"https:\/\/amica.es\/es\/#website","url":"https:\/\/amica.es\/es\/","name":"Amica - Descubriendo Capacidades","description":"Apoyando a personas con discapacidad desde 1984","publisher":{"@id":"https:\/\/amica.es\/es\/#organization"},"potentialAction":[{"@type":"SearchAction","target":{"@type":"EntryPoint","urlTemplate":"https:\/\/amica.es\/es\/?s={search_term_string}"},"query-input":{"@type":"PropertyValueSpecification","valueRequired":true,"valueName":"search_term_string"}}],"inLanguage":"es"},{"@type":"Organization","@id":"https:\/\/amica.es\/es\/#organization","name":"Asociaci\u00f3n Amica","url":"https:\/\/amica.es\/es\/","logo":{"@type":"ImageObject","inLanguage":"es","@id":"https:\/\/amica.es\/es\/#\/schema\/logo\/image\/","url":"https:\/\/amica.es\/es\/wp-content\/uploads\/2024\/07\/Amica-Logo.png","contentUrl":"https:\/\/amica.es\/es\/wp-content\/uploads\/2024\/07\/Amica-Logo.png","width":1653,"height":577,"caption":"Asociaci\u00f3n Amica"},"image":{"@id":"https:\/\/amica.es\/es\/#\/schema\/logo\/image\/"},"sameAs":["https:\/\/www.facebook.com\/amicaasociacion","https:\/\/x.com\/asociacionamica","https:\/\/www.youtube.com\/c\/asociacionamicacantabria","https:\/\/es.linkedin.com\/company\/asociacionamica?trk=similar-companies_org_title","https:\/\/www.instagram.com\/asociacionamica\/"]},{"@type":"Person","@id":"https:\/\/amica.es\/es\/#\/schema\/person\/f8237e904e02fbcd642619de8fb2aa7d","name":"Comunicaci\u00f3n Amica","image":{"@type":"ImageObject","inLanguage":"es","@id":"https:\/\/amica.es\/es\/#\/schema\/person\/image\/","url":"https:\/\/secure.gravatar.com\/avatar\/fcf9b00947683a60bff763b288192c315e6cd2b260feccd77e02b66c69e70a1d?s=96&d=mm&r=g","contentUrl":"https:\/\/secure.gravatar.com\/avatar\/fcf9b00947683a60bff763b288192c315e6cd2b260feccd77e02b66c69e70a1d?s=96&d=mm&r=g","caption":"Comunicaci\u00f3n Amica"},"sameAs":["http:\/\/www.amica.es"],"url":"https:\/\/amica.es\/es\/author\/comunicacion\/"}]}},"_links":{"self":[{"href":"https:\/\/amica.es\/es\/wp-json\/wp\/v2\/posts\/11101","targetHints":{"allow":["GET"]}}],"collection":[{"href":"https:\/\/amica.es\/es\/wp-json\/wp\/v2\/posts"}],"about":[{"href":"https:\/\/amica.es\/es\/wp-json\/wp\/v2\/types\/post"}],"author":[{"embeddable":true,"href":"https:\/\/amica.es\/es\/wp-json\/wp\/v2\/users\/10"}],"replies":[{"embeddable":true,"href":"https:\/\/amica.es\/es\/wp-json\/wp\/v2\/comments?post=11101"}],"version-history":[{"count":1,"href":"https:\/\/amica.es\/es\/wp-json\/wp\/v2\/posts\/11101\/revisions"}],"predecessor-version":[{"id":11103,"href":"https:\/\/amica.es\/es\/wp-json\/wp\/v2\/posts\/11101\/revisions\/11103"}],"wp:featuredmedia":[{"embeddable":true,"href":"https:\/\/amica.es\/es\/wp-json\/wp\/v2\/media\/11102"}],"wp:attachment":[{"href":"https:\/\/amica.es\/es\/wp-json\/wp\/v2\/media?parent=11101"}],"wp:term":[{"taxonomy":"category","embeddable":true,"href":"https:\/\/amica.es\/es\/wp-json\/wp\/v2\/categories?post=11101"},{"taxonomy":"post_tag","embeddable":true,"href":"https:\/\/amica.es\/es\/wp-json\/wp\/v2\/tags?post=11101"}],"curies":[{"name":"wp","href":"https:\/\/api.w.org\/{rel}","templated":true}]}}