{"id":11108,"date":"2021-03-12T14:03:00","date_gmt":"2021-03-12T12:03:00","guid":{"rendered":"https:\/\/amica.es\/es\/?p=11108"},"modified":"2021-03-19T14:08:10","modified_gmt":"2021-03-19T12:08:10","slug":"11108-2","status":"publish","type":"post","link":"https:\/\/amica.es\/es\/11108-2\/","title":{"rendered":"Amica asiste a la Gala con motivo del D\u00eda de la Mujer"},"content":{"rendered":"<p><img loading=\"lazy\" decoding=\"async\" class=\"size-medium wp-image-11109 aligncenter\" src=\"https:\/\/amica.es\/es\/wp-content\/uploads\/2021\/03\/IMG_20210309_174902-1024x864-1-300x180.jpg\" alt=\"\" width=\"300\" height=\"180\" \/><\/p>\n<p style=\"font-weight: 400\">El pasado 9 de marzo, Mercedes del Hoyo, presidenta de Amica, asisti\u00f3 a la Gala, organizada por el Gobierno de Cantabria, con motivo del D\u00eda Internacional de la Mujer 2021.\u00a0 Durante el acto, el presidente de Cantabria, Miguel \u00c1ngel Revilla y el vicepresidente, Pablo Zuloaga, reivindicaron el papel esencial de las mujeres durante la pandemia en diferentes \u00e1mbitos como los hospitales, los centros de salud, las residencias de mayores o los hogares. Se\u00f1alando que a\u00fan queda mucho por recorrer en el camino hacia la igualdad y animando al colectivo feminista a seguir alzando la voz para que la mujer termine por conquistar espacios a los que todav\u00eda tiene dif\u00edcil acceder. La gala, celebrada en la Sala Argenta del Palacio de Festivales de Santander, reconoci\u00f3\u00a0\u00a0a tres asociaciones de Cantabria por su trabajo con el empoderamiento femenino: Consuelo Berg\u00e9s, la Asociaci\u00f3n de mujeres de Herrer\u00edas y la Asociaci\u00f3n de La Yeza.<\/p>\n","protected":false},"excerpt":{"rendered":"<p>El pasado 9 de marzo, Mercedes del Hoyo, presidenta de Amica, asisti\u00f3 a la Gala, organizada por el Gobierno de Cantabria, con motivo del D\u00eda Internacional de la Mujer 2021.\u00a0 Durante el acto, el presidente de Cantabria, Miguel \u00c1ngel Revilla y el vicepresidente, Pablo Zuloaga, reivindicaron el papel esencial de las mujeres durante la pandemia<br \/><a href=\"https:\/\/amica.es\/es\/11108-2\/\" class=\"more\">Read more<\/a><\/p>\n","protected":false},"author":10,"featured_media":11109,"comment_status":"closed","ping_status":"open","sticky":false,"template":"","format":"standard","meta":{"_monsterinsights_skip_tracking":false,"_monsterinsights_sitenote_active":false,"_monsterinsights_sitenote_note":"","_monsterinsights_sitenote_category":0,"_joinchat":[],"footnotes":""},"categories":[27],"tags":[],"class_list":["post-11108","post","type-post","status-publish","format-standard","has-post-thumbnail","hentry","category-noticias-categoria"],"yoast_head":"<!-- This site is optimized with the Yoast SEO plugin v25.6 - https:\/\/yoast.com\/wordpress\/plugins\/seo\/ -->\n<title>Amica asiste a la Gala con motivo del D\u00eda de la Mujer - Amica - Descubriendo Capacidades<\/title>\n<meta name=\"robots\" content=\"index, follow, max-snippet:-1, max-image-preview:large, max-video-preview:-1\" \/>\n<link rel=\"canonical\" href=\"https:\/\/amica.es\/es\/11108-2\/\" \/>\n<meta property=\"og:locale\" content=\"es_ES\" \/>\n<meta property=\"og:type\" content=\"article\" \/>\n<meta property=\"og:title\" content=\"Amica asiste a la Gala con motivo del D\u00eda de la Mujer - Amica - Descubriendo Capacidades\" \/>\n<meta property=\"og:description\" content=\"El pasado 9 de marzo, Mercedes del Hoyo, presidenta de Amica, asisti\u00f3 a la Gala, organizada por el Gobierno de Cantabria, con motivo del D\u00eda Internacional de la Mujer 2021.\u00a0 Durante el acto, el presidente de Cantabria, Miguel \u00c1ngel Revilla y el vicepresidente, Pablo Zuloaga, reivindicaron el papel esencial de las mujeres durante la pandemiaRead more\" \/>\n<meta property=\"og:url\" content=\"https:\/\/amica.es\/es\/11108-2\/\" \/>\n<meta property=\"og:site_name\" content=\"Amica - Descubriendo Capacidades\" \/>\n<meta property=\"article:publisher\" content=\"https:\/\/www.facebook.com\/amicaasociacion\" \/>\n<meta property=\"article:published_time\" content=\"2021-03-12T12:03:00+00:00\" \/>\n<meta property=\"article:modified_time\" content=\"2021-03-19T12:08:10+00:00\" \/>\n<meta property=\"og:image\" content=\"https:\/\/amica.es\/es\/wp-content\/uploads\/2021\/03\/IMG_20210309_174902-1024x864-1.jpg\" \/>\n\t<meta property=\"og:image:width\" content=\"634\" \/>\n\t<meta property=\"og:image:height\" content=\"381\" \/>\n\t<meta property=\"og:image:type\" content=\"image\/jpeg\" \/>\n<meta name=\"author\" content=\"Comunicaci\u00f3n Amica\" \/>\n<meta name=\"twitter:card\" content=\"summary_large_image\" \/>\n<meta name=\"twitter:creator\" content=\"@asociacionamica\" \/>\n<meta name=\"twitter:site\" content=\"@asociacionamica\" \/>\n<meta name=\"twitter:label1\" content=\"Escrito por\" \/>\n\t<meta name=\"twitter:data1\" content=\"Comunicaci\u00f3n Amica\" \/>\n\t<meta name=\"twitter:label2\" content=\"Tiempo de lectura\" \/>\n\t<meta name=\"twitter:data2\" content=\"1 minuto\" \/>\n<script type=\"application\/ld+json\" class=\"yoast-schema-graph\">{\"@context\":\"https:\/\/schema.org\",\"@graph\":[{\"@type\":\"Article\",\"@id\":\"https:\/\/amica.es\/es\/11108-2\/#article\",\"isPartOf\":{\"@id\":\"https:\/\/amica.es\/es\/11108-2\/\"},\"author\":{\"name\":\"Comunicaci\u00f3n Amica\",\"@id\":\"https:\/\/amica.es\/es\/#\/schema\/person\/f8237e904e02fbcd642619de8fb2aa7d\"},\"headline\":\"Amica asiste a la Gala con motivo del D\u00eda de la Mujer\",\"datePublished\":\"2021-03-12T12:03:00+00:00\",\"dateModified\":\"2021-03-19T12:08:10+00:00\",\"mainEntityOfPage\":{\"@id\":\"https:\/\/amica.es\/es\/11108-2\/\"},\"wordCount\":170,\"publisher\":{\"@id\":\"https:\/\/amica.es\/es\/#organization\"},\"image\":{\"@id\":\"https:\/\/amica.es\/es\/11108-2\/#primaryimage\"},\"thumbnailUrl\":\"https:\/\/amica.es\/es\/wp-content\/uploads\/2021\/03\/IMG_20210309_174902-1024x864-1.jpg\",\"articleSection\":[\"Noticias\"],\"inLanguage\":\"es\"},{\"@type\":\"WebPage\",\"@id\":\"https:\/\/amica.es\/es\/11108-2\/\",\"url\":\"https:\/\/amica.es\/es\/11108-2\/\",\"name\":\"Amica asiste a la Gala con motivo del D\u00eda de la Mujer - Amica - Descubriendo Capacidades\",\"isPartOf\":{\"@id\":\"https:\/\/amica.es\/es\/#website\"},\"primaryImageOfPage\":{\"@id\":\"https:\/\/amica.es\/es\/11108-2\/#primaryimage\"},\"image\":{\"@id\":\"https:\/\/amica.es\/es\/11108-2\/#primaryimage\"},\"thumbnailUrl\":\"https:\/\/amica.es\/es\/wp-content\/uploads\/2021\/03\/IMG_20210309_174902-1024x864-1.jpg\",\"datePublished\":\"2021-03-12T12:03:00+00:00\",\"dateModified\":\"2021-03-19T12:08:10+00:00\",\"breadcrumb\":{\"@id\":\"https:\/\/amica.es\/es\/11108-2\/#breadcrumb\"},\"inLanguage\":\"es\",\"potentialAction\":[{\"@type\":\"ReadAction\",\"target\":[\"https:\/\/amica.es\/es\/11108-2\/\"]}]},{\"@type\":\"ImageObject\",\"inLanguage\":\"es\",\"@id\":\"https:\/\/amica.es\/es\/11108-2\/#primaryimage\",\"url\":\"https:\/\/amica.es\/es\/wp-content\/uploads\/2021\/03\/IMG_20210309_174902-1024x864-1.jpg\",\"contentUrl\":\"https:\/\/amica.es\/es\/wp-content\/uploads\/2021\/03\/IMG_20210309_174902-1024x864-1.jpg\",\"width\":634,\"height\":381},{\"@type\":\"BreadcrumbList\",\"@id\":\"https:\/\/amica.es\/es\/11108-2\/#breadcrumb\",\"itemListElement\":[{\"@type\":\"ListItem\",\"position\":1,\"name\":\"Portada\",\"item\":\"https:\/\/amica.es\/es\/\"},{\"@type\":\"ListItem\",\"position\":2,\"name\":\"Amica asiste a la Gala con motivo del D\u00eda de la Mujer\"}]},{\"@type\":\"WebSite\",\"@id\":\"https:\/\/amica.es\/es\/#website\",\"url\":\"https:\/\/amica.es\/es\/\",\"name\":\"Amica - Descubriendo Capacidades\",\"description\":\"Apoyando a personas con discapacidad desde 1984\",\"publisher\":{\"@id\":\"https:\/\/amica.es\/es\/#organization\"},\"potentialAction\":[{\"@type\":\"SearchAction\",\"target\":{\"@type\":\"EntryPoint\",\"urlTemplate\":\"https:\/\/amica.es\/es\/?s={search_term_string}\"},\"query-input\":{\"@type\":\"PropertyValueSpecification\",\"valueRequired\":true,\"valueName\":\"search_term_string\"}}],\"inLanguage\":\"es\"},{\"@type\":\"Organization\",\"@id\":\"https:\/\/amica.es\/es\/#organization\",\"name\":\"Asociaci\u00f3n Amica\",\"url\":\"https:\/\/amica.es\/es\/\",\"logo\":{\"@type\":\"ImageObject\",\"inLanguage\":\"es\",\"@id\":\"https:\/\/amica.es\/es\/#\/schema\/logo\/image\/\",\"url\":\"https:\/\/amica.es\/es\/wp-content\/uploads\/2024\/07\/Amica-Logo.png\",\"contentUrl\":\"https:\/\/amica.es\/es\/wp-content\/uploads\/2024\/07\/Amica-Logo.png\",\"width\":1653,\"height\":577,\"caption\":\"Asociaci\u00f3n Amica\"},\"image\":{\"@id\":\"https:\/\/amica.es\/es\/#\/schema\/logo\/image\/\"},\"sameAs\":[\"https:\/\/www.facebook.com\/amicaasociacion\",\"https:\/\/x.com\/asociacionamica\",\"https:\/\/www.youtube.com\/c\/asociacionamicacantabria\",\"https:\/\/es.linkedin.com\/company\/asociacionamica?trk=similar-companies_org_title\",\"https:\/\/www.instagram.com\/asociacionamica\/\"]},{\"@type\":\"Person\",\"@id\":\"https:\/\/amica.es\/es\/#\/schema\/person\/f8237e904e02fbcd642619de8fb2aa7d\",\"name\":\"Comunicaci\u00f3n Amica\",\"image\":{\"@type\":\"ImageObject\",\"inLanguage\":\"es\",\"@id\":\"https:\/\/amica.es\/es\/#\/schema\/person\/image\/\",\"url\":\"https:\/\/secure.gravatar.com\/avatar\/fcf9b00947683a60bff763b288192c315e6cd2b260feccd77e02b66c69e70a1d?s=96&d=mm&r=g\",\"contentUrl\":\"https:\/\/secure.gravatar.com\/avatar\/fcf9b00947683a60bff763b288192c315e6cd2b260feccd77e02b66c69e70a1d?s=96&d=mm&r=g\",\"caption\":\"Comunicaci\u00f3n Amica\"},\"sameAs\":[\"http:\/\/www.amica.es\"],\"url\":\"https:\/\/amica.es\/es\/author\/comunicacion\/\"}]}<\/script>\n<!-- \/ Yoast SEO plugin. -->","yoast_head_json":{"title":"Amica asiste a la Gala con motivo del D\u00eda de la Mujer - Amica - Descubriendo Capacidades","robots":{"index":"index","follow":"follow","max-snippet":"max-snippet:-1","max-image-preview":"max-image-preview:large","max-video-preview":"max-video-preview:-1"},"canonical":"https:\/\/amica.es\/es\/11108-2\/","og_locale":"es_ES","og_type":"article","og_title":"Amica asiste a la Gala con motivo del D\u00eda de la Mujer - Amica - Descubriendo Capacidades","og_description":"El pasado 9 de marzo, Mercedes del Hoyo, presidenta de Amica, asisti\u00f3 a la Gala, organizada por el Gobierno de Cantabria, con motivo del D\u00eda Internacional de la Mujer 2021.\u00a0 Durante el acto, el presidente de Cantabria, Miguel \u00c1ngel Revilla y el vicepresidente, Pablo Zuloaga, reivindicaron el papel esencial de las mujeres durante la pandemiaRead more","og_url":"https:\/\/amica.es\/es\/11108-2\/","og_site_name":"Amica - Descubriendo Capacidades","article_publisher":"https:\/\/www.facebook.com\/amicaasociacion","article_published_time":"2021-03-12T12:03:00+00:00","article_modified_time":"2021-03-19T12:08:10+00:00","og_image":[{"width":634,"height":381,"url":"https:\/\/amica.es\/es\/wp-content\/uploads\/2021\/03\/IMG_20210309_174902-1024x864-1.jpg","type":"image\/jpeg"}],"author":"Comunicaci\u00f3n Amica","twitter_card":"summary_large_image","twitter_creator":"@asociacionamica","twitter_site":"@asociacionamica","twitter_misc":{"Escrito por":"Comunicaci\u00f3n Amica","Tiempo de lectura":"1 minuto"},"schema":{"@context":"https:\/\/schema.org","@graph":[{"@type":"Article","@id":"https:\/\/amica.es\/es\/11108-2\/#article","isPartOf":{"@id":"https:\/\/amica.es\/es\/11108-2\/"},"author":{"name":"Comunicaci\u00f3n Amica","@id":"https:\/\/amica.es\/es\/#\/schema\/person\/f8237e904e02fbcd642619de8fb2aa7d"},"headline":"Amica asiste a la Gala con motivo del D\u00eda de la Mujer","datePublished":"2021-03-12T12:03:00+00:00","dateModified":"2021-03-19T12:08:10+00:00","mainEntityOfPage":{"@id":"https:\/\/amica.es\/es\/11108-2\/"},"wordCount":170,"publisher":{"@id":"https:\/\/amica.es\/es\/#organization"},"image":{"@id":"https:\/\/amica.es\/es\/11108-2\/#primaryimage"},"thumbnailUrl":"https:\/\/amica.es\/es\/wp-content\/uploads\/2021\/03\/IMG_20210309_174902-1024x864-1.jpg","articleSection":["Noticias"],"inLanguage":"es"},{"@type":"WebPage","@id":"https:\/\/amica.es\/es\/11108-2\/","url":"https:\/\/amica.es\/es\/11108-2\/","name":"Amica asiste a la Gala con motivo del D\u00eda de la Mujer - Amica - Descubriendo Capacidades","isPartOf":{"@id":"https:\/\/amica.es\/es\/#website"},"primaryImageOfPage":{"@id":"https:\/\/amica.es\/es\/11108-2\/#primaryimage"},"image":{"@id":"https:\/\/amica.es\/es\/11108-2\/#primaryimage"},"thumbnailUrl":"https:\/\/amica.es\/es\/wp-content\/uploads\/2021\/03\/IMG_20210309_174902-1024x864-1.jpg","datePublished":"2021-03-12T12:03:00+00:00","dateModified":"2021-03-19T12:08:10+00:00","breadcrumb":{"@id":"https:\/\/amica.es\/es\/11108-2\/#breadcrumb"},"inLanguage":"es","potentialAction":[{"@type":"ReadAction","target":["https:\/\/amica.es\/es\/11108-2\/"]}]},{"@type":"ImageObject","inLanguage":"es","@id":"https:\/\/amica.es\/es\/11108-2\/#primaryimage","url":"https:\/\/amica.es\/es\/wp-content\/uploads\/2021\/03\/IMG_20210309_174902-1024x864-1.jpg","contentUrl":"https:\/\/amica.es\/es\/wp-content\/uploads\/2021\/03\/IMG_20210309_174902-1024x864-1.jpg","width":634,"height":381},{"@type":"BreadcrumbList","@id":"https:\/\/amica.es\/es\/11108-2\/#breadcrumb","itemListElement":[{"@type":"ListItem","position":1,"name":"Portada","item":"https:\/\/amica.es\/es\/"},{"@type":"ListItem","position":2,"name":"Amica asiste a la Gala con motivo del D\u00eda de la Mujer"}]},{"@type":"WebSite","@id":"https:\/\/amica.es\/es\/#website","url":"https:\/\/amica.es\/es\/","name":"Amica - Descubriendo Capacidades","description":"Apoyando a personas con discapacidad desde 1984","publisher":{"@id":"https:\/\/amica.es\/es\/#organization"},"potentialAction":[{"@type":"SearchAction","target":{"@type":"EntryPoint","urlTemplate":"https:\/\/amica.es\/es\/?s={search_term_string}"},"query-input":{"@type":"PropertyValueSpecification","valueRequired":true,"valueName":"search_term_string"}}],"inLanguage":"es"},{"@type":"Organization","@id":"https:\/\/amica.es\/es\/#organization","name":"Asociaci\u00f3n Amica","url":"https:\/\/amica.es\/es\/","logo":{"@type":"ImageObject","inLanguage":"es","@id":"https:\/\/amica.es\/es\/#\/schema\/logo\/image\/","url":"https:\/\/amica.es\/es\/wp-content\/uploads\/2024\/07\/Amica-Logo.png","contentUrl":"https:\/\/amica.es\/es\/wp-content\/uploads\/2024\/07\/Amica-Logo.png","width":1653,"height":577,"caption":"Asociaci\u00f3n Amica"},"image":{"@id":"https:\/\/amica.es\/es\/#\/schema\/logo\/image\/"},"sameAs":["https:\/\/www.facebook.com\/amicaasociacion","https:\/\/x.com\/asociacionamica","https:\/\/www.youtube.com\/c\/asociacionamicacantabria","https:\/\/es.linkedin.com\/company\/asociacionamica?trk=similar-companies_org_title","https:\/\/www.instagram.com\/asociacionamica\/"]},{"@type":"Person","@id":"https:\/\/amica.es\/es\/#\/schema\/person\/f8237e904e02fbcd642619de8fb2aa7d","name":"Comunicaci\u00f3n Amica","image":{"@type":"ImageObject","inLanguage":"es","@id":"https:\/\/amica.es\/es\/#\/schema\/person\/image\/","url":"https:\/\/secure.gravatar.com\/avatar\/fcf9b00947683a60bff763b288192c315e6cd2b260feccd77e02b66c69e70a1d?s=96&d=mm&r=g","contentUrl":"https:\/\/secure.gravatar.com\/avatar\/fcf9b00947683a60bff763b288192c315e6cd2b260feccd77e02b66c69e70a1d?s=96&d=mm&r=g","caption":"Comunicaci\u00f3n Amica"},"sameAs":["http:\/\/www.amica.es"],"url":"https:\/\/amica.es\/es\/author\/comunicacion\/"}]}},"_links":{"self":[{"href":"https:\/\/amica.es\/es\/wp-json\/wp\/v2\/posts\/11108","targetHints":{"allow":["GET"]}}],"collection":[{"href":"https:\/\/amica.es\/es\/wp-json\/wp\/v2\/posts"}],"about":[{"href":"https:\/\/amica.es\/es\/wp-json\/wp\/v2\/types\/post"}],"author":[{"embeddable":true,"href":"https:\/\/amica.es\/es\/wp-json\/wp\/v2\/users\/10"}],"replies":[{"embeddable":true,"href":"https:\/\/amica.es\/es\/wp-json\/wp\/v2\/comments?post=11108"}],"version-history":[{"count":3,"href":"https:\/\/amica.es\/es\/wp-json\/wp\/v2\/posts\/11108\/revisions"}],"predecessor-version":[{"id":11117,"href":"https:\/\/amica.es\/es\/wp-json\/wp\/v2\/posts\/11108\/revisions\/11117"}],"wp:featuredmedia":[{"embeddable":true,"href":"https:\/\/amica.es\/es\/wp-json\/wp\/v2\/media\/11109"}],"wp:attachment":[{"href":"https:\/\/amica.es\/es\/wp-json\/wp\/v2\/media?parent=11108"}],"wp:term":[{"taxonomy":"category","embeddable":true,"href":"https:\/\/amica.es\/es\/wp-json\/wp\/v2\/categories?post=11108"},{"taxonomy":"post_tag","embeddable":true,"href":"https:\/\/amica.es\/es\/wp-json\/wp\/v2\/tags?post=11108"}],"curies":[{"name":"wp","href":"https:\/\/api.w.org\/{rel}","templated":true}]}}