{"id":12230,"date":"2021-10-11T18:56:39","date_gmt":"2021-10-11T16:56:39","guid":{"rendered":"https:\/\/amica.es\/es\/?p=12230"},"modified":"2021-10-15T12:43:54","modified_gmt":"2021-10-15T10:43:54","slug":"jornada-economia-sostenible","status":"publish","type":"post","link":"https:\/\/amica.es\/es\/jornada-economia-sostenible\/","title":{"rendered":"JORNADA \u201cECONOM\u00cdA SOSTENIBLE. Impacto social, econ\u00f3mico y medioambiental\u201d en Campus Diversia"},"content":{"rendered":"<div class=\"wpb-content-wrapper\">[vc_row][vc_column][vc_column_text]El pr\u00f3ximo 22 de octubre de 2021 se celebrar\u00e1 en la sede del Campus Diversia en Valencia una nueva jornada sobre Econom\u00eda Sostenible centrada en <em><strong>&#8220;Impacto Social, Econ\u00f3mico y Medio Ambiental&#8221;<\/strong><\/em><\/p>\n<p>Esta jornada se enmarca dentro de las acciones previstas en el programa &#8220;Promoci\u00f3n de la econom\u00eda sostenible en el Campus Diversia&#8221; que se desarrolla con la financiado de la Conselleria de Econom\u00eda Sostenible de la Generalitat, Sectores Productivos, Comercio y Trabajo y cuenta con la colaboraci\u00f3n de de la Mancomunidad Hoya Bu\u00f1ol-Chiva.[\/vc_column_text]<style type=\"text\/css\" >#b_kahs8i5iahpub0cko0lt a{color:#ffffff; background:#81d742; margin-top:0px; margin-bottom:50px;  margin-left:0px; margin-right:0px; font-weight:900; border-radius:0px;}#b_kahs8i5iahpub0cko0lt a:hover{color: ; background:#65ad35 ;}<\/style><div class=\"ta_center tf_btn_pos\" id=\"b_kahs8i5iahpub0cko0lt\" ><a class=\"rd_normal_bt mediumlarge_rd_bt  \" href=\"https:\/\/docs.google.com\/forms\/d\/e\/1FAIpQLSeCV3brbPbv0F86bssEcApIQmeKeBfV3HvdW7ZAO0NnAIzaGQ\/viewform?usp=sf_link\" target=\"yes\"   >INSCRIBETE<\/a><\/div>[vc_column_text]\n<table border=\"0\" width=\"540\" cellspacing=\"0\" cellpadding=\"0\" align=\"center\">\n<tbody>\n<tr align=\"center\" valign=\"top\">\n<td colspan=\"3\">PREPROGRAMA<\/td>\n<\/tr>\n<tr align=\"left\" valign=\"top\">\n<td colspan=\"3\"><b>10:45 h<\/b>.- Recepci\u00f3n y cata de aceite<\/p>\n<p><b>11:05 h<\/b>.- Inauguraci\u00f3n.<\/p>\n<ul>\n<li>D. Miguel Esteban T\u00f3rtola, Presidente de la Mancomunidad La Hoya de Bu\u00f1ol-Chiva.<\/li>\n<\/ul>\n<p><b>11:15 h<\/b>.- Modelo de la contabilidad social:<\/p>\n<ul>\n<li>Metodolog\u00eda de medici\u00f3n.\u00a0Alfonso Etxanove, secretario de GEAccounting<\/li>\n<li>Experiencia de aplicaci\u00f3n en Amica: Balance social y monetizaci\u00f3n de \u00a0\u00a0los resultados<i>.<\/i>\u00a0Francisca G\u00f3mez, responsable calidad y comunicaci\u00f3n de Amica.<\/li>\n<\/ul>\n<p><b>12:00 h<\/b>.- Mesa redonda &#8211; Debate: Iniciativas de econom\u00eda sostenible.<i>\u00a0<\/i>Impacto social en la\u00a0<b>Mancomunidad La Hoya Bu\u00f1ol-Chiva.<\/b><\/p>\n<p><u>Modera:<\/u><br \/>\nTomas Castillo, director-gerente de Amica<br \/>\n<u>\u00a0Intervienen<\/u>:<\/p>\n<ul>\n<li>Proyecto Agrocompostaje. Ra\u00fal Moral Herrero, Catedr\u00e1tico de la Universidad Miguel Hern\u00e1ndez de Elche y Ana Garc\u00eda R\u00e1ndez. Ing. Agr\u00f3nomo. M\u00e1ster en gesti\u00f3n, tratamiento y valorizaci\u00f3n de residuos org\u00e1nicos. Investigador Universidad Miguel Hern\u00e1ndez.<\/li>\n<li>Cooperativa Agr\u00edcola Virgen de los Desamparados, Y\u00e1tova. Jos\u00e9 Tom\u00e1s Mor\u00e1n, Gerente.<\/li>\n<li>Proyectos de innovaci\u00f3n. Emilio Garc\u00eda, Representante del Ayuntamiento de Y\u00e1tova.<\/li>\n<li>Proyectos Experimentales de la Mancomunidad La Hoya, coordinados por Carmen Soto, ADL.<\/li>\n<li>Campus Diversia: Motor de Innovaci\u00f3n Social. Marcelino Arce Coordinador<\/li>\n<\/ul>\n<p><b>13.15 h<\/b>.- Conclusiones de la jornada y clausura.<\/p>\n<ul>\n<li>Tom\u00e1s Castillo Arenal, Director-Gerente, Asociaci\u00f3n Amica.<\/li>\n<li>Rafael Climent Gonz\u00e1lez, Conseller de Economia Sostenible, Sectores Productivos, Comercio y Trabajo<b><\/b><\/li>\n<\/ul>\n<p><b>13.45 h<\/b>.-<b>\u00a0<\/b>Visita al huerto accesible y plantaci\u00f3n de un olivo milenario.<\/p>\n<p><b>14.15 h<\/b>.- Paella comunitaria.<\/td>\n<\/tr>\n<tr>\n<td colspan=\"3\"><strong>Con la colaboraci\u00f3n de:\u00a0<\/strong><\/td>\n<\/tr>\n<tr align=\"left\" valign=\"top\">\n<td><img loading=\"lazy\" decoding=\"async\" class=\"CToWUd\" src=\"https:\/\/ci3.googleusercontent.com\/proxy\/BfzC09_gy_iFi7PTRSxy5lOSUyevhedSfFw6gYP26u-ToNvniG0XxEctapJ_aZSRZMbDGYTZkaP6kQrBJAZvNj_HyJnU756JT405OgJFDw96pVCh-dRvJduUdVia_nKfdBPBscQrWxBCcDu2dtd7QSEMG0s7b7rSeI27T_IsruQRcBRnz_vQtNxQ3u332bmfk57Ullsy2PTqUROUhK0SmqSH-1yGCWFNHlrgSHy257MYcvR7KrL1=s0-d-e1-ft#https:\/\/mailrelay.amica.es\/data\/b3e32615736960de4c1af218610fa180d363f0cc\/media_files\/25\/original\/Captura_de_pantalla_2020-10-29_055305_logo_conselleria_%281%29.jpg\" alt=\"\" width=\"180\" height=\"97\" \/><\/td>\n<td><\/td>\n<td><img loading=\"lazy\" decoding=\"async\" class=\"CToWUd\" src=\"https:\/\/ci4.googleusercontent.com\/proxy\/kA4k4XnfdyomJSCaHkUXRKT2GaWXzLZxh7bKSCbw4NUXitTSapQC1CgbvRBfbte4OYzCWiFtocbBLEWd0sQ0PtSEM_MkGPttOl1pR8wmCnDw3Ffd_u6Wf1cBziqgxNtByKsz8--8-o56CkWWg-XUrB-q5ljjiwWXZOchB_bul0bY3uckPnlnzTJ7yyYxKy2waA=s0-d-e1-ft#https:\/\/mailrelay.amica.es\/data\/b3e32615736960de4c1af218610fa180d363f0cc\/media_files\/27\/original\/logo-mancomunidad-la-hoya.png\" alt=\"\" width=\"180\" height=\"80\" \/><\/td>\n<\/tr>\n<\/tbody>\n<\/table>\n[\/vc_column_text][\/vc_column][\/vc_row]\n<\/div>","protected":false},"excerpt":{"rendered":"<p>[vc_row][vc_column][vc_column_text]El pr\u00f3ximo 22 de octubre de 2021 se celebrar\u00e1 en la sede del Campus Diversia en Valencia una nueva jornada sobre Econom\u00eda Sostenible centrada en &#8220;Impacto Social, Econ\u00f3mico y Medio Ambiental&#8221; Esta jornada se enmarca dentro de las acciones previstas en el programa &#8220;Promoci\u00f3n de la econom\u00eda sostenible en el Campus Diversia&#8221; que se desarrolla<br \/><a href=\"https:\/\/amica.es\/es\/jornada-economia-sostenible\/\" class=\"more\">Read more<\/a><\/p>\n","protected":false},"author":6,"featured_media":12231,"comment_status":"closed","ping_status":"open","sticky":false,"template":"","format":"standard","meta":{"_monsterinsights_skip_tracking":false,"_monsterinsights_sitenote_active":false,"_monsterinsights_sitenote_note":"","_monsterinsights_sitenote_category":0,"_joinchat":[],"footnotes":""},"categories":[27],"tags":[],"class_list":["post-12230","post","type-post","status-publish","format-standard","has-post-thumbnail","hentry","category-noticias-categoria"],"yoast_head":"<!-- This site is optimized with the Yoast SEO plugin v25.6 - https:\/\/yoast.com\/wordpress\/plugins\/seo\/ -->\n<title>JORNADA \u201cECONOM\u00cdA SOSTENIBLE. Impacto social, econ\u00f3mico y medioambiental\u201d en Campus Diversia - Amica - Descubriendo Capacidades<\/title>\n<meta name=\"robots\" content=\"index, follow, max-snippet:-1, max-image-preview:large, max-video-preview:-1\" \/>\n<link rel=\"canonical\" href=\"https:\/\/amica.es\/es\/jornada-economia-sostenible\/\" \/>\n<meta property=\"og:locale\" content=\"es_ES\" \/>\n<meta property=\"og:type\" content=\"article\" \/>\n<meta property=\"og:title\" content=\"JORNADA \u201cECONOM\u00cdA SOSTENIBLE. Impacto social, econ\u00f3mico y medioambiental\u201d en Campus Diversia - Amica - Descubriendo Capacidades\" \/>\n<meta property=\"og:description\" content=\"[vc_row][vc_column][vc_column_text]El pr\u00f3ximo 22 de octubre de 2021 se celebrar\u00e1 en la sede del Campus Diversia en Valencia una nueva jornada sobre Econom\u00eda Sostenible centrada en &#8220;Impacto Social, Econ\u00f3mico y Medio Ambiental&#8221; Esta jornada se enmarca dentro de las acciones previstas en el programa &#8220;Promoci\u00f3n de la econom\u00eda sostenible en el Campus Diversia&#8221; que se desarrollaRead more\" \/>\n<meta property=\"og:url\" content=\"https:\/\/amica.es\/es\/jornada-economia-sostenible\/\" \/>\n<meta property=\"og:site_name\" content=\"Amica - Descubriendo Capacidades\" \/>\n<meta property=\"article:publisher\" content=\"https:\/\/www.facebook.com\/amicaasociacion\" \/>\n<meta property=\"article:published_time\" content=\"2021-10-11T16:56:39+00:00\" \/>\n<meta property=\"article:modified_time\" content=\"2021-10-15T10:43:54+00:00\" \/>\n<meta property=\"og:image\" content=\"https:\/\/amica.es\/es\/wp-content\/uploads\/2021\/10\/Captura-de-pantalla-2020-10-29-055028-portada-.jpg\" \/>\n\t<meta property=\"og:image:width\" content=\"915\" \/>\n\t<meta property=\"og:image:height\" content=\"339\" \/>\n\t<meta property=\"og:image:type\" content=\"image\/jpeg\" \/>\n<meta name=\"author\" content=\"Amica\" \/>\n<meta name=\"twitter:card\" content=\"summary_large_image\" \/>\n<meta name=\"twitter:creator\" content=\"@asociacionamica\" \/>\n<meta name=\"twitter:site\" content=\"@asociacionamica\" \/>\n<meta name=\"twitter:label1\" content=\"Escrito por\" \/>\n\t<meta name=\"twitter:data1\" content=\"Amica\" \/>\n\t<meta name=\"twitter:label2\" content=\"Tiempo de lectura\" \/>\n\t<meta name=\"twitter:data2\" content=\"2 minutos\" \/>\n<script type=\"application\/ld+json\" class=\"yoast-schema-graph\">{\"@context\":\"https:\/\/schema.org\",\"@graph\":[{\"@type\":\"Article\",\"@id\":\"https:\/\/amica.es\/es\/jornada-economia-sostenible\/#article\",\"isPartOf\":{\"@id\":\"https:\/\/amica.es\/es\/jornada-economia-sostenible\/\"},\"author\":{\"name\":\"Amica\",\"@id\":\"https:\/\/amica.es\/es\/#\/schema\/person\/47bd418878a5e9d16456ac6163b28c99\"},\"headline\":\"JORNADA \u201cECONOM\u00cdA SOSTENIBLE. Impacto social, econ\u00f3mico y medioambiental\u201d en Campus Diversia\",\"datePublished\":\"2021-10-11T16:56:39+00:00\",\"dateModified\":\"2021-10-15T10:43:54+00:00\",\"mainEntityOfPage\":{\"@id\":\"https:\/\/amica.es\/es\/jornada-economia-sostenible\/\"},\"wordCount\":406,\"publisher\":{\"@id\":\"https:\/\/amica.es\/es\/#organization\"},\"image\":{\"@id\":\"https:\/\/amica.es\/es\/jornada-economia-sostenible\/#primaryimage\"},\"thumbnailUrl\":\"https:\/\/amica.es\/es\/wp-content\/uploads\/2021\/10\/Captura-de-pantalla-2020-10-29-055028-portada-.jpg\",\"articleSection\":[\"Noticias\"],\"inLanguage\":\"es\"},{\"@type\":\"WebPage\",\"@id\":\"https:\/\/amica.es\/es\/jornada-economia-sostenible\/\",\"url\":\"https:\/\/amica.es\/es\/jornada-economia-sostenible\/\",\"name\":\"JORNADA \u201cECONOM\u00cdA SOSTENIBLE. Impacto social, econ\u00f3mico y medioambiental\u201d en Campus Diversia - Amica - Descubriendo Capacidades\",\"isPartOf\":{\"@id\":\"https:\/\/amica.es\/es\/#website\"},\"primaryImageOfPage\":{\"@id\":\"https:\/\/amica.es\/es\/jornada-economia-sostenible\/#primaryimage\"},\"image\":{\"@id\":\"https:\/\/amica.es\/es\/jornada-economia-sostenible\/#primaryimage\"},\"thumbnailUrl\":\"https:\/\/amica.es\/es\/wp-content\/uploads\/2021\/10\/Captura-de-pantalla-2020-10-29-055028-portada-.jpg\",\"datePublished\":\"2021-10-11T16:56:39+00:00\",\"dateModified\":\"2021-10-15T10:43:54+00:00\",\"breadcrumb\":{\"@id\":\"https:\/\/amica.es\/es\/jornada-economia-sostenible\/#breadcrumb\"},\"inLanguage\":\"es\",\"potentialAction\":[{\"@type\":\"ReadAction\",\"target\":[\"https:\/\/amica.es\/es\/jornada-economia-sostenible\/\"]}]},{\"@type\":\"ImageObject\",\"inLanguage\":\"es\",\"@id\":\"https:\/\/amica.es\/es\/jornada-economia-sostenible\/#primaryimage\",\"url\":\"https:\/\/amica.es\/es\/wp-content\/uploads\/2021\/10\/Captura-de-pantalla-2020-10-29-055028-portada-.jpg\",\"contentUrl\":\"https:\/\/amica.es\/es\/wp-content\/uploads\/2021\/10\/Captura-de-pantalla-2020-10-29-055028-portada-.jpg\",\"width\":915,\"height\":339},{\"@type\":\"BreadcrumbList\",\"@id\":\"https:\/\/amica.es\/es\/jornada-economia-sostenible\/#breadcrumb\",\"itemListElement\":[{\"@type\":\"ListItem\",\"position\":1,\"name\":\"Portada\",\"item\":\"https:\/\/amica.es\/es\/\"},{\"@type\":\"ListItem\",\"position\":2,\"name\":\"JORNADA \u201cECONOM\u00cdA SOSTENIBLE. Impacto social, econ\u00f3mico y medioambiental\u201d en Campus Diversia\"}]},{\"@type\":\"WebSite\",\"@id\":\"https:\/\/amica.es\/es\/#website\",\"url\":\"https:\/\/amica.es\/es\/\",\"name\":\"Amica - Descubriendo Capacidades\",\"description\":\"Apoyando a personas con discapacidad desde 1984\",\"publisher\":{\"@id\":\"https:\/\/amica.es\/es\/#organization\"},\"potentialAction\":[{\"@type\":\"SearchAction\",\"target\":{\"@type\":\"EntryPoint\",\"urlTemplate\":\"https:\/\/amica.es\/es\/?s={search_term_string}\"},\"query-input\":{\"@type\":\"PropertyValueSpecification\",\"valueRequired\":true,\"valueName\":\"search_term_string\"}}],\"inLanguage\":\"es\"},{\"@type\":\"Organization\",\"@id\":\"https:\/\/amica.es\/es\/#organization\",\"name\":\"Asociaci\u00f3n Amica\",\"url\":\"https:\/\/amica.es\/es\/\",\"logo\":{\"@type\":\"ImageObject\",\"inLanguage\":\"es\",\"@id\":\"https:\/\/amica.es\/es\/#\/schema\/logo\/image\/\",\"url\":\"https:\/\/amica.es\/es\/wp-content\/uploads\/2024\/07\/Amica-Logo.png\",\"contentUrl\":\"https:\/\/amica.es\/es\/wp-content\/uploads\/2024\/07\/Amica-Logo.png\",\"width\":1653,\"height\":577,\"caption\":\"Asociaci\u00f3n Amica\"},\"image\":{\"@id\":\"https:\/\/amica.es\/es\/#\/schema\/logo\/image\/\"},\"sameAs\":[\"https:\/\/www.facebook.com\/amicaasociacion\",\"https:\/\/x.com\/asociacionamica\",\"https:\/\/www.youtube.com\/c\/asociacionamicacantabria\",\"https:\/\/es.linkedin.com\/company\/asociacionamica?trk=similar-companies_org_title\",\"https:\/\/www.instagram.com\/asociacionamica\/\"]},{\"@type\":\"Person\",\"@id\":\"https:\/\/amica.es\/es\/#\/schema\/person\/47bd418878a5e9d16456ac6163b28c99\",\"name\":\"Amica\",\"image\":{\"@type\":\"ImageObject\",\"inLanguage\":\"es\",\"@id\":\"https:\/\/amica.es\/es\/#\/schema\/person\/image\/\",\"url\":\"https:\/\/secure.gravatar.com\/avatar\/d56f520c138d97d674bbadf2c65825caa9312fa8f08c6bb15cfaa23e57d913f9?s=96&d=mm&r=g\",\"contentUrl\":\"https:\/\/secure.gravatar.com\/avatar\/d56f520c138d97d674bbadf2c65825caa9312fa8f08c6bb15cfaa23e57d913f9?s=96&d=mm&r=g\",\"caption\":\"Amica\"},\"url\":\"https:\/\/amica.es\/es\/author\/mjosea\/\"}]}<\/script>\n<!-- \/ Yoast SEO plugin. -->","yoast_head_json":{"title":"JORNADA \u201cECONOM\u00cdA SOSTENIBLE. Impacto social, econ\u00f3mico y medioambiental\u201d en Campus Diversia - Amica - Descubriendo Capacidades","robots":{"index":"index","follow":"follow","max-snippet":"max-snippet:-1","max-image-preview":"max-image-preview:large","max-video-preview":"max-video-preview:-1"},"canonical":"https:\/\/amica.es\/es\/jornada-economia-sostenible\/","og_locale":"es_ES","og_type":"article","og_title":"JORNADA \u201cECONOM\u00cdA SOSTENIBLE. Impacto social, econ\u00f3mico y medioambiental\u201d en Campus Diversia - Amica - Descubriendo Capacidades","og_description":"[vc_row][vc_column][vc_column_text]El pr\u00f3ximo 22 de octubre de 2021 se celebrar\u00e1 en la sede del Campus Diversia en Valencia una nueva jornada sobre Econom\u00eda Sostenible centrada en &#8220;Impacto Social, Econ\u00f3mico y Medio Ambiental&#8221; Esta jornada se enmarca dentro de las acciones previstas en el programa &#8220;Promoci\u00f3n de la econom\u00eda sostenible en el Campus Diversia&#8221; que se desarrollaRead more","og_url":"https:\/\/amica.es\/es\/jornada-economia-sostenible\/","og_site_name":"Amica - Descubriendo Capacidades","article_publisher":"https:\/\/www.facebook.com\/amicaasociacion","article_published_time":"2021-10-11T16:56:39+00:00","article_modified_time":"2021-10-15T10:43:54+00:00","og_image":[{"width":915,"height":339,"url":"https:\/\/amica.es\/es\/wp-content\/uploads\/2021\/10\/Captura-de-pantalla-2020-10-29-055028-portada-.jpg","type":"image\/jpeg"}],"author":"Amica","twitter_card":"summary_large_image","twitter_creator":"@asociacionamica","twitter_site":"@asociacionamica","twitter_misc":{"Escrito por":"Amica","Tiempo de lectura":"2 minutos"},"schema":{"@context":"https:\/\/schema.org","@graph":[{"@type":"Article","@id":"https:\/\/amica.es\/es\/jornada-economia-sostenible\/#article","isPartOf":{"@id":"https:\/\/amica.es\/es\/jornada-economia-sostenible\/"},"author":{"name":"Amica","@id":"https:\/\/amica.es\/es\/#\/schema\/person\/47bd418878a5e9d16456ac6163b28c99"},"headline":"JORNADA \u201cECONOM\u00cdA SOSTENIBLE. Impacto social, econ\u00f3mico y medioambiental\u201d en Campus Diversia","datePublished":"2021-10-11T16:56:39+00:00","dateModified":"2021-10-15T10:43:54+00:00","mainEntityOfPage":{"@id":"https:\/\/amica.es\/es\/jornada-economia-sostenible\/"},"wordCount":406,"publisher":{"@id":"https:\/\/amica.es\/es\/#organization"},"image":{"@id":"https:\/\/amica.es\/es\/jornada-economia-sostenible\/#primaryimage"},"thumbnailUrl":"https:\/\/amica.es\/es\/wp-content\/uploads\/2021\/10\/Captura-de-pantalla-2020-10-29-055028-portada-.jpg","articleSection":["Noticias"],"inLanguage":"es"},{"@type":"WebPage","@id":"https:\/\/amica.es\/es\/jornada-economia-sostenible\/","url":"https:\/\/amica.es\/es\/jornada-economia-sostenible\/","name":"JORNADA \u201cECONOM\u00cdA SOSTENIBLE. Impacto social, econ\u00f3mico y medioambiental\u201d en Campus Diversia - Amica - Descubriendo Capacidades","isPartOf":{"@id":"https:\/\/amica.es\/es\/#website"},"primaryImageOfPage":{"@id":"https:\/\/amica.es\/es\/jornada-economia-sostenible\/#primaryimage"},"image":{"@id":"https:\/\/amica.es\/es\/jornada-economia-sostenible\/#primaryimage"},"thumbnailUrl":"https:\/\/amica.es\/es\/wp-content\/uploads\/2021\/10\/Captura-de-pantalla-2020-10-29-055028-portada-.jpg","datePublished":"2021-10-11T16:56:39+00:00","dateModified":"2021-10-15T10:43:54+00:00","breadcrumb":{"@id":"https:\/\/amica.es\/es\/jornada-economia-sostenible\/#breadcrumb"},"inLanguage":"es","potentialAction":[{"@type":"ReadAction","target":["https:\/\/amica.es\/es\/jornada-economia-sostenible\/"]}]},{"@type":"ImageObject","inLanguage":"es","@id":"https:\/\/amica.es\/es\/jornada-economia-sostenible\/#primaryimage","url":"https:\/\/amica.es\/es\/wp-content\/uploads\/2021\/10\/Captura-de-pantalla-2020-10-29-055028-portada-.jpg","contentUrl":"https:\/\/amica.es\/es\/wp-content\/uploads\/2021\/10\/Captura-de-pantalla-2020-10-29-055028-portada-.jpg","width":915,"height":339},{"@type":"BreadcrumbList","@id":"https:\/\/amica.es\/es\/jornada-economia-sostenible\/#breadcrumb","itemListElement":[{"@type":"ListItem","position":1,"name":"Portada","item":"https:\/\/amica.es\/es\/"},{"@type":"ListItem","position":2,"name":"JORNADA \u201cECONOM\u00cdA SOSTENIBLE. Impacto social, econ\u00f3mico y medioambiental\u201d en Campus Diversia"}]},{"@type":"WebSite","@id":"https:\/\/amica.es\/es\/#website","url":"https:\/\/amica.es\/es\/","name":"Amica - Descubriendo Capacidades","description":"Apoyando a personas con discapacidad desde 1984","publisher":{"@id":"https:\/\/amica.es\/es\/#organization"},"potentialAction":[{"@type":"SearchAction","target":{"@type":"EntryPoint","urlTemplate":"https:\/\/amica.es\/es\/?s={search_term_string}"},"query-input":{"@type":"PropertyValueSpecification","valueRequired":true,"valueName":"search_term_string"}}],"inLanguage":"es"},{"@type":"Organization","@id":"https:\/\/amica.es\/es\/#organization","name":"Asociaci\u00f3n Amica","url":"https:\/\/amica.es\/es\/","logo":{"@type":"ImageObject","inLanguage":"es","@id":"https:\/\/amica.es\/es\/#\/schema\/logo\/image\/","url":"https:\/\/amica.es\/es\/wp-content\/uploads\/2024\/07\/Amica-Logo.png","contentUrl":"https:\/\/amica.es\/es\/wp-content\/uploads\/2024\/07\/Amica-Logo.png","width":1653,"height":577,"caption":"Asociaci\u00f3n Amica"},"image":{"@id":"https:\/\/amica.es\/es\/#\/schema\/logo\/image\/"},"sameAs":["https:\/\/www.facebook.com\/amicaasociacion","https:\/\/x.com\/asociacionamica","https:\/\/www.youtube.com\/c\/asociacionamicacantabria","https:\/\/es.linkedin.com\/company\/asociacionamica?trk=similar-companies_org_title","https:\/\/www.instagram.com\/asociacionamica\/"]},{"@type":"Person","@id":"https:\/\/amica.es\/es\/#\/schema\/person\/47bd418878a5e9d16456ac6163b28c99","name":"Amica","image":{"@type":"ImageObject","inLanguage":"es","@id":"https:\/\/amica.es\/es\/#\/schema\/person\/image\/","url":"https:\/\/secure.gravatar.com\/avatar\/d56f520c138d97d674bbadf2c65825caa9312fa8f08c6bb15cfaa23e57d913f9?s=96&d=mm&r=g","contentUrl":"https:\/\/secure.gravatar.com\/avatar\/d56f520c138d97d674bbadf2c65825caa9312fa8f08c6bb15cfaa23e57d913f9?s=96&d=mm&r=g","caption":"Amica"},"url":"https:\/\/amica.es\/es\/author\/mjosea\/"}]}},"_links":{"self":[{"href":"https:\/\/amica.es\/es\/wp-json\/wp\/v2\/posts\/12230","targetHints":{"allow":["GET"]}}],"collection":[{"href":"https:\/\/amica.es\/es\/wp-json\/wp\/v2\/posts"}],"about":[{"href":"https:\/\/amica.es\/es\/wp-json\/wp\/v2\/types\/post"}],"author":[{"embeddable":true,"href":"https:\/\/amica.es\/es\/wp-json\/wp\/v2\/users\/6"}],"replies":[{"embeddable":true,"href":"https:\/\/amica.es\/es\/wp-json\/wp\/v2\/comments?post=12230"}],"version-history":[{"count":7,"href":"https:\/\/amica.es\/es\/wp-json\/wp\/v2\/posts\/12230\/revisions"}],"predecessor-version":[{"id":12267,"href":"https:\/\/amica.es\/es\/wp-json\/wp\/v2\/posts\/12230\/revisions\/12267"}],"wp:featuredmedia":[{"embeddable":true,"href":"https:\/\/amica.es\/es\/wp-json\/wp\/v2\/media\/12231"}],"wp:attachment":[{"href":"https:\/\/amica.es\/es\/wp-json\/wp\/v2\/media?parent=12230"}],"wp:term":[{"taxonomy":"category","embeddable":true,"href":"https:\/\/amica.es\/es\/wp-json\/wp\/v2\/categories?post=12230"},{"taxonomy":"post_tag","embeddable":true,"href":"https:\/\/amica.es\/es\/wp-json\/wp\/v2\/tags?post=12230"}],"curies":[{"name":"wp","href":"https:\/\/api.w.org\/{rel}","templated":true}]}}