{"id":13505,"date":"2022-03-02T17:24:41","date_gmt":"2022-03-02T15:24:41","guid":{"rendered":"https:\/\/amica.es\/es\/?p=13505"},"modified":"2022-03-03T11:34:34","modified_gmt":"2022-03-03T09:34:34","slug":"celebracion-de-la-jornada-coloquio","status":"publish","type":"post","link":"https:\/\/amica.es\/es\/celebracion-de-la-jornada-coloquio\/","title":{"rendered":"Celebraci\u00f3n de la jornada coloquio: \u201cIgualdad, inclusi\u00f3n y diversidad: elementos clave para alcanzar los ODS\u201d"},"content":{"rendered":"<div class=\"wpb-content-wrapper\">[vc_row][vc_column][vc_column_text]Organizado por\u00a0<a href=\"https:\/\/www.linkedin.com\/company\/apd\/\">APD<\/a>\u00a0junto a\u00a0<a href=\"https:\/\/www.linkedin.com\/company\/sodercan\/\">SODERCAN | Sociedad para el Desarrollo de Cantabria<\/a>, y en colaboraci\u00f3n con\u00a0<a href=\"https:\/\/www.linkedin.com\/company\/asociacionamica\/\">Amica<\/a>\u00a0y\u00a0<a href=\"https:\/\/www.linkedin.com\/company\/peoplematters_2\/\">Peoplematters<\/a>, el 1 de marzo, se ha desarrollado en la\u00a0<a href=\"https:\/\/www.linkedin.com\/company\/camara-de-comercio-de-cantabria\/\">C\u00e1mara de Comercio de Cantabria<\/a>,\u00a0 la jornada coloquio: <strong>\u201c<em>Igualdad, inclusi\u00f3n y diversidad: elementos clave para alcanzar los ODS<\/em>\u201d<\/strong>, con el objetivo de trasladar\u00a0a las organizaciones\u00a0las ventajas de incorporar\u00a0en su estrategia\u00a0pol\u00edticas de igualdad, inclusi\u00f3n y gesti\u00f3n de la diversidad<\/p>\n<p>Como ponentes en la misma, han participado Gustavo Garc\u00eda Garc\u00eda, Director General de Trabajo del Gobierno de Cantabria; Cristina Solar, Directora de APD Cantabria; Beatriz Ardid Gallo, Directora de L\u00ednea de Negocio Igualdad, Diversidad e Inclusi\u00f3n de Peoplematters; y Tomas Castillo Arenal, Director Gerente de Amica.<\/p>\n<p>En la jornada se ha destacado, el papel que la empresa juega en la sociedad, siendo, actualmente, mucho m\u00e1s relevante, ya que puede contribuir a la transformaci\u00f3n de esta. Pol\u00edticas de igualdad, inclusi\u00f3n y gesti\u00f3n de la diversidad pueden ayudar a las organizaciones a alcanzar los Objetivos de Desarrollo Sostenible y conseguir una mayor rentabilidad y bien com\u00fan en la sociedad<\/p>\n<p>Los ponentes han reiterado la necesidad de impulsar empresas en las que sus intereses coincidan con los que <strong>demanda la sociedad<\/strong>, <strong>organizaciones que respondan, <\/strong>no a cuotas y prejuicios, sino<strong> a\u00a0<\/strong><strong>competencias, habilidades, conocimientos y actitudes<\/strong>\u00a0<strong>aportadas por personas diferentes que se complementan y crean equipos competitivos que dan respuesta a las necesidades del mercado y la sociedad<\/strong>.[\/vc_column_text][vc_row_inner][vc_column_inner width=&#8221;1\/2&#8243;][vc_single_image image=&#8221;13507&#8243; img_size=&#8221;full&#8221; alignment=&#8221;center&#8221; onclick=&#8221;link_image&#8221;][\/vc_column_inner][vc_column_inner width=&#8221;1\/2&#8243;][vc_single_image image=&#8221;13508&#8243; img_size=&#8221;full&#8221; alignment=&#8221;center&#8221; onclick=&#8221;link_image&#8221;][\/vc_column_inner][\/vc_row_inner][\/vc_column][\/vc_row]\n<\/div>","protected":false},"excerpt":{"rendered":"<p>[vc_row][vc_column][vc_column_text]Organizado por\u00a0APD\u00a0junto a\u00a0SODERCAN | Sociedad para el Desarrollo de Cantabria, y en colaboraci\u00f3n con\u00a0Amica\u00a0y\u00a0Peoplematters, el 1 de marzo, se ha desarrollado en la\u00a0C\u00e1mara de Comercio de Cantabria,\u00a0 la jornada coloquio: \u201cIgualdad, inclusi\u00f3n y diversidad: elementos clave para alcanzar los ODS\u201d, con el objetivo de trasladar\u00a0a las organizaciones\u00a0las ventajas de incorporar\u00a0en su estrategia\u00a0pol\u00edticas de igualdad, inclusi\u00f3n<br \/><a href=\"https:\/\/amica.es\/es\/celebracion-de-la-jornada-coloquio\/\" class=\"more\">Read more<\/a><\/p>\n","protected":false},"author":1,"featured_media":13510,"comment_status":"closed","ping_status":"open","sticky":false,"template":"","format":"standard","meta":{"_monsterinsights_skip_tracking":false,"_monsterinsights_sitenote_active":false,"_monsterinsights_sitenote_note":"","_monsterinsights_sitenote_category":0,"_joinchat":[],"footnotes":""},"categories":[27],"tags":[],"class_list":["post-13505","post","type-post","status-publish","format-standard","has-post-thumbnail","hentry","category-noticias-categoria"],"yoast_head":"<!-- This site is optimized with the Yoast SEO plugin v25.6 - https:\/\/yoast.com\/wordpress\/plugins\/seo\/ -->\n<title>Celebraci\u00f3n de la jornada coloquio: \u201cIgualdad, inclusi\u00f3n y diversidad: elementos clave para alcanzar los ODS\u201d - Amica - Descubriendo Capacidades<\/title>\n<meta name=\"robots\" content=\"index, follow, max-snippet:-1, max-image-preview:large, max-video-preview:-1\" \/>\n<link rel=\"canonical\" href=\"https:\/\/amica.es\/es\/celebracion-de-la-jornada-coloquio\/\" \/>\n<meta property=\"og:locale\" content=\"es_ES\" \/>\n<meta property=\"og:type\" content=\"article\" \/>\n<meta property=\"og:title\" content=\"Celebraci\u00f3n de la jornada coloquio: \u201cIgualdad, inclusi\u00f3n y diversidad: elementos clave para alcanzar los ODS\u201d - Amica - Descubriendo Capacidades\" \/>\n<meta property=\"og:description\" content=\"[vc_row][vc_column][vc_column_text]Organizado por\u00a0APD\u00a0junto a\u00a0SODERCAN | Sociedad para el Desarrollo de Cantabria, y en colaboraci\u00f3n con\u00a0Amica\u00a0y\u00a0Peoplematters, el 1 de marzo, se ha desarrollado en la\u00a0C\u00e1mara de Comercio de Cantabria,\u00a0 la jornada coloquio: \u201cIgualdad, inclusi\u00f3n y diversidad: elementos clave para alcanzar los ODS\u201d, con el objetivo de trasladar\u00a0a las organizaciones\u00a0las ventajas de incorporar\u00a0en su estrategia\u00a0pol\u00edticas de igualdad, inclusi\u00f3nRead more\" \/>\n<meta property=\"og:url\" content=\"https:\/\/amica.es\/es\/celebracion-de-la-jornada-coloquio\/\" \/>\n<meta property=\"og:site_name\" content=\"Amica - Descubriendo Capacidades\" \/>\n<meta property=\"article:publisher\" content=\"https:\/\/www.facebook.com\/amicaasociacion\" \/>\n<meta property=\"article:published_time\" content=\"2022-03-02T15:24:41+00:00\" \/>\n<meta property=\"article:modified_time\" content=\"2022-03-03T09:34:34+00:00\" \/>\n<meta property=\"og:image\" content=\"https:\/\/amica.es\/es\/wp-content\/uploads\/2022\/03\/coloquio.jpg\" \/>\n\t<meta property=\"og:image:width\" content=\"1170\" \/>\n\t<meta property=\"og:image:height\" content=\"600\" \/>\n\t<meta property=\"og:image:type\" content=\"image\/jpeg\" \/>\n<meta name=\"author\" content=\"Amica\" \/>\n<meta name=\"twitter:card\" content=\"summary_large_image\" \/>\n<meta name=\"twitter:creator\" content=\"@asociacionamica\" \/>\n<meta name=\"twitter:site\" content=\"@asociacionamica\" \/>\n<meta name=\"twitter:label1\" content=\"Escrito por\" \/>\n\t<meta name=\"twitter:data1\" content=\"Amica\" \/>\n\t<meta name=\"twitter:label2\" content=\"Tiempo de lectura\" \/>\n\t<meta name=\"twitter:data2\" content=\"2 minutos\" \/>\n<script type=\"application\/ld+json\" class=\"yoast-schema-graph\">{\"@context\":\"https:\/\/schema.org\",\"@graph\":[{\"@type\":\"Article\",\"@id\":\"https:\/\/amica.es\/es\/celebracion-de-la-jornada-coloquio\/#article\",\"isPartOf\":{\"@id\":\"https:\/\/amica.es\/es\/celebracion-de-la-jornada-coloquio\/\"},\"author\":{\"name\":\"Amica\",\"@id\":\"https:\/\/amica.es\/es\/#\/schema\/person\/3cd2092cb91816a2341c0113d3e18515\"},\"headline\":\"Celebraci\u00f3n de la jornada coloquio: \u201cIgualdad, inclusi\u00f3n y diversidad: elementos clave para alcanzar los ODS\u201d\",\"datePublished\":\"2022-03-02T15:24:41+00:00\",\"dateModified\":\"2022-03-03T09:34:34+00:00\",\"mainEntityOfPage\":{\"@id\":\"https:\/\/amica.es\/es\/celebracion-de-la-jornada-coloquio\/\"},\"wordCount\":325,\"publisher\":{\"@id\":\"https:\/\/amica.es\/es\/#organization\"},\"image\":{\"@id\":\"https:\/\/amica.es\/es\/celebracion-de-la-jornada-coloquio\/#primaryimage\"},\"thumbnailUrl\":\"https:\/\/amica.es\/es\/wp-content\/uploads\/2022\/03\/coloquio.jpg\",\"articleSection\":[\"Noticias\"],\"inLanguage\":\"es\"},{\"@type\":\"WebPage\",\"@id\":\"https:\/\/amica.es\/es\/celebracion-de-la-jornada-coloquio\/\",\"url\":\"https:\/\/amica.es\/es\/celebracion-de-la-jornada-coloquio\/\",\"name\":\"Celebraci\u00f3n de la jornada coloquio: \u201cIgualdad, inclusi\u00f3n y diversidad: elementos clave para alcanzar los ODS\u201d - Amica - Descubriendo Capacidades\",\"isPartOf\":{\"@id\":\"https:\/\/amica.es\/es\/#website\"},\"primaryImageOfPage\":{\"@id\":\"https:\/\/amica.es\/es\/celebracion-de-la-jornada-coloquio\/#primaryimage\"},\"image\":{\"@id\":\"https:\/\/amica.es\/es\/celebracion-de-la-jornada-coloquio\/#primaryimage\"},\"thumbnailUrl\":\"https:\/\/amica.es\/es\/wp-content\/uploads\/2022\/03\/coloquio.jpg\",\"datePublished\":\"2022-03-02T15:24:41+00:00\",\"dateModified\":\"2022-03-03T09:34:34+00:00\",\"breadcrumb\":{\"@id\":\"https:\/\/amica.es\/es\/celebracion-de-la-jornada-coloquio\/#breadcrumb\"},\"inLanguage\":\"es\",\"potentialAction\":[{\"@type\":\"ReadAction\",\"target\":[\"https:\/\/amica.es\/es\/celebracion-de-la-jornada-coloquio\/\"]}]},{\"@type\":\"ImageObject\",\"inLanguage\":\"es\",\"@id\":\"https:\/\/amica.es\/es\/celebracion-de-la-jornada-coloquio\/#primaryimage\",\"url\":\"https:\/\/amica.es\/es\/wp-content\/uploads\/2022\/03\/coloquio.jpg\",\"contentUrl\":\"https:\/\/amica.es\/es\/wp-content\/uploads\/2022\/03\/coloquio.jpg\",\"width\":1170,\"height\":600,\"caption\":\"Celebraci\u00f3n de la jornada coloquio: \u201cIgualdad, inclusi\u00f3n y diversidad: elementos clave para alcanzar los ODS\u201d\"},{\"@type\":\"BreadcrumbList\",\"@id\":\"https:\/\/amica.es\/es\/celebracion-de-la-jornada-coloquio\/#breadcrumb\",\"itemListElement\":[{\"@type\":\"ListItem\",\"position\":1,\"name\":\"Portada\",\"item\":\"https:\/\/amica.es\/es\/\"},{\"@type\":\"ListItem\",\"position\":2,\"name\":\"Celebraci\u00f3n de la jornada coloquio: \u201cIgualdad, inclusi\u00f3n y diversidad: elementos clave para alcanzar los ODS\u201d\"}]},{\"@type\":\"WebSite\",\"@id\":\"https:\/\/amica.es\/es\/#website\",\"url\":\"https:\/\/amica.es\/es\/\",\"name\":\"Amica - Descubriendo Capacidades\",\"description\":\"Apoyando a personas con discapacidad desde 1984\",\"publisher\":{\"@id\":\"https:\/\/amica.es\/es\/#organization\"},\"potentialAction\":[{\"@type\":\"SearchAction\",\"target\":{\"@type\":\"EntryPoint\",\"urlTemplate\":\"https:\/\/amica.es\/es\/?s={search_term_string}\"},\"query-input\":{\"@type\":\"PropertyValueSpecification\",\"valueRequired\":true,\"valueName\":\"search_term_string\"}}],\"inLanguage\":\"es\"},{\"@type\":\"Organization\",\"@id\":\"https:\/\/amica.es\/es\/#organization\",\"name\":\"Asociaci\u00f3n Amica\",\"url\":\"https:\/\/amica.es\/es\/\",\"logo\":{\"@type\":\"ImageObject\",\"inLanguage\":\"es\",\"@id\":\"https:\/\/amica.es\/es\/#\/schema\/logo\/image\/\",\"url\":\"https:\/\/amica.es\/es\/wp-content\/uploads\/2024\/07\/Amica-Logo.png\",\"contentUrl\":\"https:\/\/amica.es\/es\/wp-content\/uploads\/2024\/07\/Amica-Logo.png\",\"width\":1653,\"height\":577,\"caption\":\"Asociaci\u00f3n Amica\"},\"image\":{\"@id\":\"https:\/\/amica.es\/es\/#\/schema\/logo\/image\/\"},\"sameAs\":[\"https:\/\/www.facebook.com\/amicaasociacion\",\"https:\/\/x.com\/asociacionamica\",\"https:\/\/www.youtube.com\/c\/asociacionamicacantabria\",\"https:\/\/es.linkedin.com\/company\/asociacionamica?trk=similar-companies_org_title\",\"https:\/\/www.instagram.com\/asociacionamica\/\"]},{\"@type\":\"Person\",\"@id\":\"https:\/\/amica.es\/es\/#\/schema\/person\/3cd2092cb91816a2341c0113d3e18515\",\"name\":\"Amica\",\"image\":{\"@type\":\"ImageObject\",\"inLanguage\":\"es\",\"@id\":\"https:\/\/amica.es\/es\/#\/schema\/person\/image\/\",\"url\":\"https:\/\/secure.gravatar.com\/avatar\/8eb6878d5df96a3415ff3a99d14be16a87aa23729250353a10c1268cbbd7503f?s=96&d=mm&r=g\",\"contentUrl\":\"https:\/\/secure.gravatar.com\/avatar\/8eb6878d5df96a3415ff3a99d14be16a87aa23729250353a10c1268cbbd7503f?s=96&d=mm&r=g\",\"caption\":\"Amica\"},\"url\":\"https:\/\/amica.es\/es\/author\/amcapaz17ica\/\"}]}<\/script>\n<!-- \/ Yoast SEO plugin. -->","yoast_head_json":{"title":"Celebraci\u00f3n de la jornada coloquio: \u201cIgualdad, inclusi\u00f3n y diversidad: elementos clave para alcanzar los ODS\u201d - Amica - Descubriendo Capacidades","robots":{"index":"index","follow":"follow","max-snippet":"max-snippet:-1","max-image-preview":"max-image-preview:large","max-video-preview":"max-video-preview:-1"},"canonical":"https:\/\/amica.es\/es\/celebracion-de-la-jornada-coloquio\/","og_locale":"es_ES","og_type":"article","og_title":"Celebraci\u00f3n de la jornada coloquio: \u201cIgualdad, inclusi\u00f3n y diversidad: elementos clave para alcanzar los ODS\u201d - Amica - Descubriendo Capacidades","og_description":"[vc_row][vc_column][vc_column_text]Organizado por\u00a0APD\u00a0junto a\u00a0SODERCAN | Sociedad para el Desarrollo de Cantabria, y en colaboraci\u00f3n con\u00a0Amica\u00a0y\u00a0Peoplematters, el 1 de marzo, se ha desarrollado en la\u00a0C\u00e1mara de Comercio de Cantabria,\u00a0 la jornada coloquio: \u201cIgualdad, inclusi\u00f3n y diversidad: elementos clave para alcanzar los ODS\u201d, con el objetivo de trasladar\u00a0a las organizaciones\u00a0las ventajas de incorporar\u00a0en su estrategia\u00a0pol\u00edticas de igualdad, inclusi\u00f3nRead more","og_url":"https:\/\/amica.es\/es\/celebracion-de-la-jornada-coloquio\/","og_site_name":"Amica - Descubriendo Capacidades","article_publisher":"https:\/\/www.facebook.com\/amicaasociacion","article_published_time":"2022-03-02T15:24:41+00:00","article_modified_time":"2022-03-03T09:34:34+00:00","og_image":[{"width":1170,"height":600,"url":"https:\/\/amica.es\/es\/wp-content\/uploads\/2022\/03\/coloquio.jpg","type":"image\/jpeg"}],"author":"Amica","twitter_card":"summary_large_image","twitter_creator":"@asociacionamica","twitter_site":"@asociacionamica","twitter_misc":{"Escrito por":"Amica","Tiempo de lectura":"2 minutos"},"schema":{"@context":"https:\/\/schema.org","@graph":[{"@type":"Article","@id":"https:\/\/amica.es\/es\/celebracion-de-la-jornada-coloquio\/#article","isPartOf":{"@id":"https:\/\/amica.es\/es\/celebracion-de-la-jornada-coloquio\/"},"author":{"name":"Amica","@id":"https:\/\/amica.es\/es\/#\/schema\/person\/3cd2092cb91816a2341c0113d3e18515"},"headline":"Celebraci\u00f3n de la jornada coloquio: \u201cIgualdad, inclusi\u00f3n y diversidad: elementos clave para alcanzar los ODS\u201d","datePublished":"2022-03-02T15:24:41+00:00","dateModified":"2022-03-03T09:34:34+00:00","mainEntityOfPage":{"@id":"https:\/\/amica.es\/es\/celebracion-de-la-jornada-coloquio\/"},"wordCount":325,"publisher":{"@id":"https:\/\/amica.es\/es\/#organization"},"image":{"@id":"https:\/\/amica.es\/es\/celebracion-de-la-jornada-coloquio\/#primaryimage"},"thumbnailUrl":"https:\/\/amica.es\/es\/wp-content\/uploads\/2022\/03\/coloquio.jpg","articleSection":["Noticias"],"inLanguage":"es"},{"@type":"WebPage","@id":"https:\/\/amica.es\/es\/celebracion-de-la-jornada-coloquio\/","url":"https:\/\/amica.es\/es\/celebracion-de-la-jornada-coloquio\/","name":"Celebraci\u00f3n de la jornada coloquio: \u201cIgualdad, inclusi\u00f3n y diversidad: elementos clave para alcanzar los ODS\u201d - Amica - Descubriendo Capacidades","isPartOf":{"@id":"https:\/\/amica.es\/es\/#website"},"primaryImageOfPage":{"@id":"https:\/\/amica.es\/es\/celebracion-de-la-jornada-coloquio\/#primaryimage"},"image":{"@id":"https:\/\/amica.es\/es\/celebracion-de-la-jornada-coloquio\/#primaryimage"},"thumbnailUrl":"https:\/\/amica.es\/es\/wp-content\/uploads\/2022\/03\/coloquio.jpg","datePublished":"2022-03-02T15:24:41+00:00","dateModified":"2022-03-03T09:34:34+00:00","breadcrumb":{"@id":"https:\/\/amica.es\/es\/celebracion-de-la-jornada-coloquio\/#breadcrumb"},"inLanguage":"es","potentialAction":[{"@type":"ReadAction","target":["https:\/\/amica.es\/es\/celebracion-de-la-jornada-coloquio\/"]}]},{"@type":"ImageObject","inLanguage":"es","@id":"https:\/\/amica.es\/es\/celebracion-de-la-jornada-coloquio\/#primaryimage","url":"https:\/\/amica.es\/es\/wp-content\/uploads\/2022\/03\/coloquio.jpg","contentUrl":"https:\/\/amica.es\/es\/wp-content\/uploads\/2022\/03\/coloquio.jpg","width":1170,"height":600,"caption":"Celebraci\u00f3n de la jornada coloquio: \u201cIgualdad, inclusi\u00f3n y diversidad: elementos clave para alcanzar los ODS\u201d"},{"@type":"BreadcrumbList","@id":"https:\/\/amica.es\/es\/celebracion-de-la-jornada-coloquio\/#breadcrumb","itemListElement":[{"@type":"ListItem","position":1,"name":"Portada","item":"https:\/\/amica.es\/es\/"},{"@type":"ListItem","position":2,"name":"Celebraci\u00f3n de la jornada coloquio: \u201cIgualdad, inclusi\u00f3n y diversidad: elementos clave para alcanzar los ODS\u201d"}]},{"@type":"WebSite","@id":"https:\/\/amica.es\/es\/#website","url":"https:\/\/amica.es\/es\/","name":"Amica - Descubriendo Capacidades","description":"Apoyando a personas con discapacidad desde 1984","publisher":{"@id":"https:\/\/amica.es\/es\/#organization"},"potentialAction":[{"@type":"SearchAction","target":{"@type":"EntryPoint","urlTemplate":"https:\/\/amica.es\/es\/?s={search_term_string}"},"query-input":{"@type":"PropertyValueSpecification","valueRequired":true,"valueName":"search_term_string"}}],"inLanguage":"es"},{"@type":"Organization","@id":"https:\/\/amica.es\/es\/#organization","name":"Asociaci\u00f3n Amica","url":"https:\/\/amica.es\/es\/","logo":{"@type":"ImageObject","inLanguage":"es","@id":"https:\/\/amica.es\/es\/#\/schema\/logo\/image\/","url":"https:\/\/amica.es\/es\/wp-content\/uploads\/2024\/07\/Amica-Logo.png","contentUrl":"https:\/\/amica.es\/es\/wp-content\/uploads\/2024\/07\/Amica-Logo.png","width":1653,"height":577,"caption":"Asociaci\u00f3n Amica"},"image":{"@id":"https:\/\/amica.es\/es\/#\/schema\/logo\/image\/"},"sameAs":["https:\/\/www.facebook.com\/amicaasociacion","https:\/\/x.com\/asociacionamica","https:\/\/www.youtube.com\/c\/asociacionamicacantabria","https:\/\/es.linkedin.com\/company\/asociacionamica?trk=similar-companies_org_title","https:\/\/www.instagram.com\/asociacionamica\/"]},{"@type":"Person","@id":"https:\/\/amica.es\/es\/#\/schema\/person\/3cd2092cb91816a2341c0113d3e18515","name":"Amica","image":{"@type":"ImageObject","inLanguage":"es","@id":"https:\/\/amica.es\/es\/#\/schema\/person\/image\/","url":"https:\/\/secure.gravatar.com\/avatar\/8eb6878d5df96a3415ff3a99d14be16a87aa23729250353a10c1268cbbd7503f?s=96&d=mm&r=g","contentUrl":"https:\/\/secure.gravatar.com\/avatar\/8eb6878d5df96a3415ff3a99d14be16a87aa23729250353a10c1268cbbd7503f?s=96&d=mm&r=g","caption":"Amica"},"url":"https:\/\/amica.es\/es\/author\/amcapaz17ica\/"}]}},"_links":{"self":[{"href":"https:\/\/amica.es\/es\/wp-json\/wp\/v2\/posts\/13505","targetHints":{"allow":["GET"]}}],"collection":[{"href":"https:\/\/amica.es\/es\/wp-json\/wp\/v2\/posts"}],"about":[{"href":"https:\/\/amica.es\/es\/wp-json\/wp\/v2\/types\/post"}],"author":[{"embeddable":true,"href":"https:\/\/amica.es\/es\/wp-json\/wp\/v2\/users\/1"}],"replies":[{"embeddable":true,"href":"https:\/\/amica.es\/es\/wp-json\/wp\/v2\/comments?post=13505"}],"version-history":[{"count":2,"href":"https:\/\/amica.es\/es\/wp-json\/wp\/v2\/posts\/13505\/revisions"}],"predecessor-version":[{"id":13526,"href":"https:\/\/amica.es\/es\/wp-json\/wp\/v2\/posts\/13505\/revisions\/13526"}],"wp:featuredmedia":[{"embeddable":true,"href":"https:\/\/amica.es\/es\/wp-json\/wp\/v2\/media\/13510"}],"wp:attachment":[{"href":"https:\/\/amica.es\/es\/wp-json\/wp\/v2\/media?parent=13505"}],"wp:term":[{"taxonomy":"category","embeddable":true,"href":"https:\/\/amica.es\/es\/wp-json\/wp\/v2\/categories?post=13505"},{"taxonomy":"post_tag","embeddable":true,"href":"https:\/\/amica.es\/es\/wp-json\/wp\/v2\/tags?post=13505"}],"curies":[{"name":"wp","href":"https:\/\/api.w.org\/{rel}","templated":true}]}}