{"id":14210,"date":"2022-05-30T18:17:15","date_gmt":"2022-05-30T16:17:15","guid":{"rendered":"https:\/\/amica.es\/es\/?p=14210"},"modified":"2022-05-30T18:17:15","modified_gmt":"2022-05-30T16:17:15","slug":"en-que-consiste-el-dia-mundial-de-la-esclerosis-multiple","status":"publish","type":"post","link":"https:\/\/amica.es\/es\/en-que-consiste-el-dia-mundial-de-la-esclerosis-multiple\/","title":{"rendered":"En qu\u00e9 consiste el D\u00eda Mundial de la Esclerosis M\u00faltiple"},"content":{"rendered":"<p>El<strong>\u00a030 de mayo<\/strong>\u00a0se celebra el<strong>\u00a0D\u00eda Mundial de la Esclerosis M\u00faltiple (EM)<\/strong>. Alrededor de este d\u00eda, toda la comunidad mundial de EM pasa a la acci\u00f3n compartiendo historias y sensibilizando a la sociedad acerca del impacto que tiene esta enfermedad cr\u00f3nica, heterog\u00e9nea y cambiante, en las vidas de las personas con EM y sus familias.<\/p>\n<p>El tema central internacional de la campana gira desde el a\u00f1o 2020 en torno a las<strong>\u00a0#ConexionesEM<\/strong>. Es una oportunidad para abogar por una atenci\u00f3n de calidad, celebrar las redes de apoyo y apostar por el autocuidado.<\/p>\n<p><strong>\u201cLa persona con Esclerosis M\u00faltiple, en el centro\u201d\u00a0<\/strong>ser\u00e1 el lema de nuestra campa\u00f1a en 2022.<\/p>\n<h4>Conoce nuestras reivindicaciones<\/h4>\n<p>Por el D\u00eda Mundial de la Esclerosis M\u00faltiple las personas con Esclerosis M\u00faltiple pedimos\u00a0<strong>hacer efectiva su participaci\u00f3n de forma urgente en las pol\u00edticas sanitarias<\/strong>. En las decisiones relacionadas con su calidad de vida, la voz de las personas con Esclerosis M\u00faltiple ha de ser tenida en cuenta para cambiar el futuro de la EM. La participaci\u00f3n de las personas con Esclerosis M\u00faltiple en las pol\u00edticas sanitarias es imprescindible y urgente. Participar en la b\u00fasqueda de soluciones beneficia a todos y todas.<\/p>\n<h4>C\u00f3mo participar<\/h4>\n<p><strong>LUNES 30 DE MAYO A LAS 21:30 HORAS:<\/strong>\u00a0El Ayuntamiento de Santander iluminar\u00e1 su fachada con motivo de la celebraci\u00f3n del D\u00eda Mundial por la Esclerosis M\u00faltiple. \u00a1Ven a acompa\u00f1arnos, juntos somos m\u00e1s fuertes!<\/p>\n<p>Leeremos las reivindicaciones y nos haremos una foto con todos los asistentes.<\/p>\n<p><strong>Adem\u00e1s:<\/strong><br \/>\nComparte el video promocional. Incluyendo el hashtag\u00a0<strong>#ConexionesEM<\/strong>\u00a0en mensajes, o bien compartiendo contenidos y materiales (<a href=\"https:\/\/www.youtube.com\/watch?v=Kg_oci-xSiU\" target=\"_blank\" rel=\"noopener\">V\u00cdDEO<\/a>,\u00a0<a href=\"https:\/\/esclerosismultiple.com\/wp-content\/uploads\/2022\/05\/DMEM2022_Cartel_m-scaled.jpg\" target=\"_blank\" rel=\"noopener\">CARTEL<\/a>,\u00a0<a href=\"https:\/\/esclerosismultiple.com\/wp-content\/uploads\/2022\/05\/DMEM2022_Flyer_m-scaled.jpg\" target=\"_blank\" rel=\"noopener\">FLYER<\/a>) que sirven para informar y concienciar acerca de la Esclerosis M\u00faltiple. As\u00ed, haremos visible \u2018la enfermedad de las mil caras\u2019 y ayudaremos a su comprensi\u00f3n.<\/p>\n<p>M\u00e1ndanos mensajes a trav\u00e9s de correo electr\u00f3nico (<a href=\"mailto:info@esclerosismultiplecantabria.org\">info@esclerosismultiplecantabria.org<\/a>) o WhatsApp (606 84 98 64) respondiendo a esta pregunta:\u00a0<strong>Qu\u00e9 te hace sentirte EN EL CENTRO de las decisiones relacionadas con tu calidad de vida? \u00bfQu\u00e9 te hace sentirte fuera de \u00e9l?.<\/strong><\/p>\n<p>Gracias por tu colaboraci\u00f3n.<\/p>\n<p>M\u00e1s informaci\u00f3n: <a href=\"https:\/\/www.cocemfecantabria.org\/en-que-consiste-el-dia-mundial-de-la-esclerosis-multiple\/\">Cocemfe Cantabria<\/a><\/p>\n\t\t\t<div \n\t\t\tclass=\"yotu-playlist yotuwp yotu-limit-min yotu-limit-max yotu-player-full  yotu-thumb-169  yotu-template-grid\" \n\t\t\tdata-page=\"1\"\n\t\t\tid=\"yotuwp-69f5f7b1e9b24\"\n\t\t\tdata-yotu=\"69f5f7b21ed1e\"\n\t\t\tdata-total=\"1\"\n\t\t\tdata-settings=\"eyJ0eXBlIjoidmlkZW9zIiwiaWQiOiJLZ19vY2kteFNpVSIsInBhZ2luYXRpb24iOiJvZmYiLCJwYWdpdHlwZSI6InBhZ2VyIiwiY29sdW1uIjoiMSIsInBlcl9wYWdlIjoiMSIsInRlbXBsYXRlIjoiZ3JpZCIsInRpdGxlIjoib24iLCJkZXNjcmlwdGlvbiI6Im9mZiIsInRodW1icmF0aW8iOiIxNjkiLCJtZXRhIjoib2ZmIiwibWV0YV9kYXRhIjoib2ZmIiwibWV0YV9wb3NpdGlvbiI6Im9mZiIsImRhdGVfZm9ybWF0Ijoib2ZmIiwibWV0YV9hbGlnbiI6Im9mZiIsInN1YnNjcmliZSI6Im9mZiIsImR1cmF0aW9uIjoib2ZmIiwibWV0YV9pY29uIjoib2ZmIiwibmV4dHRleHQiOiIiLCJwcmV2dGV4dCI6IiIsImxvYWRtb3JldGV4dCI6IiIsInBsYXllciI6eyJtb2RlIjoibGFyZ2UiLCJ3aWR0aCI6IjAiLCJzY3JvbGxpbmciOiIxMDAiLCJhdXRvcGxheSI6MCwiY29udHJvbHMiOjEsIm1vZGVzdGJyYW5kaW5nIjoxLCJsb29wIjowLCJhdXRvbmV4dCI6MCwic2hvd2luZm8iOjEsInJlbCI6MCwicGxheWluZyI6MCwicGxheWluZ19kZXNjcmlwdGlvbiI6MCwidGh1bWJuYWlscyI6MCwiY2NfbG9hZF9wb2xpY3kiOiIxIiwiY2NfbGFuZ19wcmVmIjoiMSIsImhsIjoiIiwiaXZfbG9hZF9wb2xpY3kiOiIxIn0sImxhc3RfdGFiIjoiYXBpIiwidXNlX2FzX21vZGFsIjoib2ZmIiwibW9kYWxfaWQiOiJvZmYiLCJsYXN0X3VwZGF0ZSI6IjE1ODI1NDUwMzEiLCJzdHlsaW5nIjp7InBhZ2VyX2xheW91dCI6ImRlZmF1bHQiLCJidXR0b24iOiIxIiwiYnV0dG9uX2NvbG9yIjoiIiwiYnV0dG9uX2JnX2NvbG9yIjoiIiwiYnV0dG9uX2NvbG9yX2hvdmVyIjoiIiwiYnV0dG9uX2JnX2NvbG9yX2hvdmVyIjoiIiwidmlkZW9fc3R5bGUiOiIiLCJwbGF5aWNvbl9jb2xvciI6IiIsImhvdmVyX2ljb24iOiIiLCJnYWxsZXJ5X2JnIjoiIn0sImVmZmVjdHMiOnsidmlkZW9fYm94IjoiIiwiZmxpcF9lZmZlY3QiOiIifSwiZ2FsbGVyeV9pZCI6IjY5ZjVmN2IxZTliMjQifQ==\"\n\t\t\tdata-player=\"large\"\n\t\t\tdata-showdesc=\"off\" >\n\t\t\t\t<div>\n\t\t\t\t\t\t\t\t\t\t<div class=\"yotu-wrapper-player\" style=\"\">\n\t\t\t\t\t\t\t\t\t\t\t\t<div class=\"yotu-player\">\n\t\t\t\t\t\t\t<div class=\"yotu-video-placeholder\" id=\"yotu-player-69f5f7b21ed1e\"><\/div>\n\t\t\t\t\t\t<\/div>\n\t\t\t\t\t\t<div class=\"yotu-playing-status\"><\/div>\n\t\t\t\t\t\t\t\t\t\t\t<\/div>\n\n\t\t\t\t\t<div class=\"yotu-videos yotu-mode-grid yotu-column-1 yotu-player-mode-large\">\n\t<ul>\n\t\t\t\t\t<li class=\" yotu-first yotu-last\">\n\t\t\t\t\t\t\t\t<a href=\"#Kg_oci-xSiU\" class=\"yotu-video\" data-videoid=\"Kg_oci-xSiU\" data-title=\"D\u00eda Mundial de la Esclerosis M\u00faltiple 2022: mensajes de personas que conviven con la EM\" title=\"D\u00eda Mundial de la Esclerosis M\u00faltiple 2022: mensajes de personas que conviven con la EM\">\n\t\t\t\t\t<div class=\"yotu-video-thumb-wrp\">\n\t\t\t\t\t\t<div>\n\t\t\t\t\t\t\t\t\t\t\t\t\t\t<img decoding=\"async\" class=\"yotu-video-thumb\" src=\"https:\/\/i.ytimg.com\/vi\/Kg_oci-xSiU\/sddefault.jpg\" alt=\"D\u00eda Mundial de la Esclerosis M\u00faltiple 2022: mensajes de personas que conviven con la EM\">\t\n\t\t\t\t\t\t\t\t\t\t\t\t\t<\/div>\n\t\t\t\t\t<\/div>\n\t\t\t\t\t\t\t\t\t\t\t<h3 class=\"yotu-video-title\">D\u00eda Mundial de la Esclerosis M\u00faltiple 2022: mensajes de personas que conviven con la EM<\/h3>\n\t\t\t\t\t\t\t\t\t\t\t\t\t\t\t\t\t\t\t<\/a>\n\t\t\t\t\t\t\t<\/li>\n\t\t\t\t\n\t\t\t\t<\/ul>\n<\/div>\t\t\t\t<\/div>\n\t\t\t<\/div>\n\t\t\t\n","protected":false},"excerpt":{"rendered":"<p>El\u00a030 de mayo\u00a0se celebra el\u00a0D\u00eda Mundial de la Esclerosis M\u00faltiple (EM). Alrededor de este d\u00eda, toda la comunidad mundial de EM pasa a la acci\u00f3n compartiendo historias y sensibilizando a la sociedad acerca del impacto que tiene esta enfermedad cr\u00f3nica, heterog\u00e9nea y cambiante, en las vidas de las personas con EM y sus familias. El<br \/><a href=\"https:\/\/amica.es\/es\/en-que-consiste-el-dia-mundial-de-la-esclerosis-multiple\/\" class=\"more\">Read more<\/a><\/p>\n","protected":false},"author":6,"featured_media":14211,"comment_status":"closed","ping_status":"open","sticky":false,"template":"","format":"standard","meta":{"_monsterinsights_skip_tracking":false,"_monsterinsights_sitenote_active":false,"_monsterinsights_sitenote_note":"","_monsterinsights_sitenote_category":0,"_joinchat":[],"footnotes":""},"categories":[27],"tags":[],"class_list":["post-14210","post","type-post","status-publish","format-standard","has-post-thumbnail","hentry","category-noticias-categoria"],"yoast_head":"<!-- This site is optimized with the Yoast SEO plugin v25.6 - https:\/\/yoast.com\/wordpress\/plugins\/seo\/ -->\n<title>En qu\u00e9 consiste el D\u00eda Mundial de la Esclerosis M\u00faltiple - Amica - Descubriendo Capacidades<\/title>\n<meta name=\"robots\" content=\"index, follow, max-snippet:-1, max-image-preview:large, max-video-preview:-1\" \/>\n<link rel=\"canonical\" href=\"https:\/\/amica.es\/es\/en-que-consiste-el-dia-mundial-de-la-esclerosis-multiple\/\" \/>\n<meta property=\"og:locale\" content=\"es_ES\" \/>\n<meta property=\"og:type\" content=\"article\" \/>\n<meta property=\"og:title\" content=\"En qu\u00e9 consiste el D\u00eda Mundial de la Esclerosis M\u00faltiple - Amica - Descubriendo Capacidades\" \/>\n<meta property=\"og:description\" content=\"El\u00a030 de mayo\u00a0se celebra el\u00a0D\u00eda Mundial de la Esclerosis M\u00faltiple (EM). Alrededor de este d\u00eda, toda la comunidad mundial de EM pasa a la acci\u00f3n compartiendo historias y sensibilizando a la sociedad acerca del impacto que tiene esta enfermedad cr\u00f3nica, heterog\u00e9nea y cambiante, en las vidas de las personas con EM y sus familias. ElRead more\" \/>\n<meta property=\"og:url\" content=\"https:\/\/amica.es\/es\/en-que-consiste-el-dia-mundial-de-la-esclerosis-multiple\/\" \/>\n<meta property=\"og:site_name\" content=\"Amica - Descubriendo Capacidades\" \/>\n<meta property=\"article:publisher\" content=\"https:\/\/www.facebook.com\/amicaasociacion\" \/>\n<meta property=\"article:published_time\" content=\"2022-05-30T16:17:15+00:00\" \/>\n<meta property=\"og:image\" content=\"https:\/\/amica.es\/es\/wp-content\/uploads\/2022\/05\/DMEM2022_Flyer_m-scaled-1-1536x1075-1.jpg\" \/>\n\t<meta property=\"og:image:width\" content=\"1536\" \/>\n\t<meta property=\"og:image:height\" content=\"1075\" \/>\n\t<meta property=\"og:image:type\" content=\"image\/jpeg\" \/>\n<meta name=\"author\" content=\"Amica\" \/>\n<meta name=\"twitter:card\" content=\"summary_large_image\" \/>\n<meta name=\"twitter:creator\" content=\"@asociacionamica\" \/>\n<meta name=\"twitter:site\" content=\"@asociacionamica\" \/>\n<meta name=\"twitter:label1\" content=\"Escrito por\" \/>\n\t<meta name=\"twitter:data1\" content=\"Amica\" \/>\n\t<meta name=\"twitter:label2\" content=\"Tiempo de lectura\" \/>\n\t<meta name=\"twitter:data2\" content=\"2 minutos\" \/>\n<script type=\"application\/ld+json\" class=\"yoast-schema-graph\">{\"@context\":\"https:\/\/schema.org\",\"@graph\":[{\"@type\":\"Article\",\"@id\":\"https:\/\/amica.es\/es\/en-que-consiste-el-dia-mundial-de-la-esclerosis-multiple\/#article\",\"isPartOf\":{\"@id\":\"https:\/\/amica.es\/es\/en-que-consiste-el-dia-mundial-de-la-esclerosis-multiple\/\"},\"author\":{\"name\":\"Amica\",\"@id\":\"https:\/\/amica.es\/es\/#\/schema\/person\/47bd418878a5e9d16456ac6163b28c99\"},\"headline\":\"En qu\u00e9 consiste el D\u00eda Mundial de la Esclerosis M\u00faltiple\",\"datePublished\":\"2022-05-30T16:17:15+00:00\",\"mainEntityOfPage\":{\"@id\":\"https:\/\/amica.es\/es\/en-que-consiste-el-dia-mundial-de-la-esclerosis-multiple\/\"},\"wordCount\":384,\"publisher\":{\"@id\":\"https:\/\/amica.es\/es\/#organization\"},\"image\":{\"@id\":\"https:\/\/amica.es\/es\/en-que-consiste-el-dia-mundial-de-la-esclerosis-multiple\/#primaryimage\"},\"thumbnailUrl\":\"https:\/\/amica.es\/es\/wp-content\/uploads\/2022\/05\/DMEM2022_Flyer_m-scaled-1-1536x1075-1.jpg\",\"articleSection\":[\"Noticias\"],\"inLanguage\":\"es\"},{\"@type\":\"WebPage\",\"@id\":\"https:\/\/amica.es\/es\/en-que-consiste-el-dia-mundial-de-la-esclerosis-multiple\/\",\"url\":\"https:\/\/amica.es\/es\/en-que-consiste-el-dia-mundial-de-la-esclerosis-multiple\/\",\"name\":\"En qu\u00e9 consiste el D\u00eda Mundial de la Esclerosis M\u00faltiple - Amica - Descubriendo Capacidades\",\"isPartOf\":{\"@id\":\"https:\/\/amica.es\/es\/#website\"},\"primaryImageOfPage\":{\"@id\":\"https:\/\/amica.es\/es\/en-que-consiste-el-dia-mundial-de-la-esclerosis-multiple\/#primaryimage\"},\"image\":{\"@id\":\"https:\/\/amica.es\/es\/en-que-consiste-el-dia-mundial-de-la-esclerosis-multiple\/#primaryimage\"},\"thumbnailUrl\":\"https:\/\/amica.es\/es\/wp-content\/uploads\/2022\/05\/DMEM2022_Flyer_m-scaled-1-1536x1075-1.jpg\",\"datePublished\":\"2022-05-30T16:17:15+00:00\",\"breadcrumb\":{\"@id\":\"https:\/\/amica.es\/es\/en-que-consiste-el-dia-mundial-de-la-esclerosis-multiple\/#breadcrumb\"},\"inLanguage\":\"es\",\"potentialAction\":[{\"@type\":\"ReadAction\",\"target\":[\"https:\/\/amica.es\/es\/en-que-consiste-el-dia-mundial-de-la-esclerosis-multiple\/\"]}]},{\"@type\":\"ImageObject\",\"inLanguage\":\"es\",\"@id\":\"https:\/\/amica.es\/es\/en-que-consiste-el-dia-mundial-de-la-esclerosis-multiple\/#primaryimage\",\"url\":\"https:\/\/amica.es\/es\/wp-content\/uploads\/2022\/05\/DMEM2022_Flyer_m-scaled-1-1536x1075-1.jpg\",\"contentUrl\":\"https:\/\/amica.es\/es\/wp-content\/uploads\/2022\/05\/DMEM2022_Flyer_m-scaled-1-1536x1075-1.jpg\",\"width\":1536,\"height\":1075},{\"@type\":\"BreadcrumbList\",\"@id\":\"https:\/\/amica.es\/es\/en-que-consiste-el-dia-mundial-de-la-esclerosis-multiple\/#breadcrumb\",\"itemListElement\":[{\"@type\":\"ListItem\",\"position\":1,\"name\":\"Portada\",\"item\":\"https:\/\/amica.es\/es\/\"},{\"@type\":\"ListItem\",\"position\":2,\"name\":\"En qu\u00e9 consiste el D\u00eda Mundial de la Esclerosis M\u00faltiple\"}]},{\"@type\":\"WebSite\",\"@id\":\"https:\/\/amica.es\/es\/#website\",\"url\":\"https:\/\/amica.es\/es\/\",\"name\":\"Amica - Descubriendo Capacidades\",\"description\":\"Apoyando a personas con discapacidad desde 1984\",\"publisher\":{\"@id\":\"https:\/\/amica.es\/es\/#organization\"},\"potentialAction\":[{\"@type\":\"SearchAction\",\"target\":{\"@type\":\"EntryPoint\",\"urlTemplate\":\"https:\/\/amica.es\/es\/?s={search_term_string}\"},\"query-input\":{\"@type\":\"PropertyValueSpecification\",\"valueRequired\":true,\"valueName\":\"search_term_string\"}}],\"inLanguage\":\"es\"},{\"@type\":\"Organization\",\"@id\":\"https:\/\/amica.es\/es\/#organization\",\"name\":\"Asociaci\u00f3n Amica\",\"url\":\"https:\/\/amica.es\/es\/\",\"logo\":{\"@type\":\"ImageObject\",\"inLanguage\":\"es\",\"@id\":\"https:\/\/amica.es\/es\/#\/schema\/logo\/image\/\",\"url\":\"https:\/\/amica.es\/es\/wp-content\/uploads\/2024\/07\/Amica-Logo.png\",\"contentUrl\":\"https:\/\/amica.es\/es\/wp-content\/uploads\/2024\/07\/Amica-Logo.png\",\"width\":1653,\"height\":577,\"caption\":\"Asociaci\u00f3n Amica\"},\"image\":{\"@id\":\"https:\/\/amica.es\/es\/#\/schema\/logo\/image\/\"},\"sameAs\":[\"https:\/\/www.facebook.com\/amicaasociacion\",\"https:\/\/x.com\/asociacionamica\",\"https:\/\/www.youtube.com\/c\/asociacionamicacantabria\",\"https:\/\/es.linkedin.com\/company\/asociacionamica?trk=similar-companies_org_title\",\"https:\/\/www.instagram.com\/asociacionamica\/\"]},{\"@type\":\"Person\",\"@id\":\"https:\/\/amica.es\/es\/#\/schema\/person\/47bd418878a5e9d16456ac6163b28c99\",\"name\":\"Amica\",\"image\":{\"@type\":\"ImageObject\",\"inLanguage\":\"es\",\"@id\":\"https:\/\/amica.es\/es\/#\/schema\/person\/image\/\",\"url\":\"https:\/\/secure.gravatar.com\/avatar\/d56f520c138d97d674bbadf2c65825caa9312fa8f08c6bb15cfaa23e57d913f9?s=96&d=mm&r=g\",\"contentUrl\":\"https:\/\/secure.gravatar.com\/avatar\/d56f520c138d97d674bbadf2c65825caa9312fa8f08c6bb15cfaa23e57d913f9?s=96&d=mm&r=g\",\"caption\":\"Amica\"},\"url\":\"https:\/\/amica.es\/es\/author\/mjosea\/\"}]}<\/script>\n<!-- \/ Yoast SEO plugin. -->","yoast_head_json":{"title":"En qu\u00e9 consiste el D\u00eda Mundial de la Esclerosis M\u00faltiple - Amica - Descubriendo Capacidades","robots":{"index":"index","follow":"follow","max-snippet":"max-snippet:-1","max-image-preview":"max-image-preview:large","max-video-preview":"max-video-preview:-1"},"canonical":"https:\/\/amica.es\/es\/en-que-consiste-el-dia-mundial-de-la-esclerosis-multiple\/","og_locale":"es_ES","og_type":"article","og_title":"En qu\u00e9 consiste el D\u00eda Mundial de la Esclerosis M\u00faltiple - Amica - Descubriendo Capacidades","og_description":"El\u00a030 de mayo\u00a0se celebra el\u00a0D\u00eda Mundial de la Esclerosis M\u00faltiple (EM). Alrededor de este d\u00eda, toda la comunidad mundial de EM pasa a la acci\u00f3n compartiendo historias y sensibilizando a la sociedad acerca del impacto que tiene esta enfermedad cr\u00f3nica, heterog\u00e9nea y cambiante, en las vidas de las personas con EM y sus familias. ElRead more","og_url":"https:\/\/amica.es\/es\/en-que-consiste-el-dia-mundial-de-la-esclerosis-multiple\/","og_site_name":"Amica - Descubriendo Capacidades","article_publisher":"https:\/\/www.facebook.com\/amicaasociacion","article_published_time":"2022-05-30T16:17:15+00:00","og_image":[{"width":1536,"height":1075,"url":"https:\/\/amica.es\/es\/wp-content\/uploads\/2022\/05\/DMEM2022_Flyer_m-scaled-1-1536x1075-1.jpg","type":"image\/jpeg"}],"author":"Amica","twitter_card":"summary_large_image","twitter_creator":"@asociacionamica","twitter_site":"@asociacionamica","twitter_misc":{"Escrito por":"Amica","Tiempo de lectura":"2 minutos"},"schema":{"@context":"https:\/\/schema.org","@graph":[{"@type":"Article","@id":"https:\/\/amica.es\/es\/en-que-consiste-el-dia-mundial-de-la-esclerosis-multiple\/#article","isPartOf":{"@id":"https:\/\/amica.es\/es\/en-que-consiste-el-dia-mundial-de-la-esclerosis-multiple\/"},"author":{"name":"Amica","@id":"https:\/\/amica.es\/es\/#\/schema\/person\/47bd418878a5e9d16456ac6163b28c99"},"headline":"En qu\u00e9 consiste el D\u00eda Mundial de la Esclerosis M\u00faltiple","datePublished":"2022-05-30T16:17:15+00:00","mainEntityOfPage":{"@id":"https:\/\/amica.es\/es\/en-que-consiste-el-dia-mundial-de-la-esclerosis-multiple\/"},"wordCount":384,"publisher":{"@id":"https:\/\/amica.es\/es\/#organization"},"image":{"@id":"https:\/\/amica.es\/es\/en-que-consiste-el-dia-mundial-de-la-esclerosis-multiple\/#primaryimage"},"thumbnailUrl":"https:\/\/amica.es\/es\/wp-content\/uploads\/2022\/05\/DMEM2022_Flyer_m-scaled-1-1536x1075-1.jpg","articleSection":["Noticias"],"inLanguage":"es"},{"@type":"WebPage","@id":"https:\/\/amica.es\/es\/en-que-consiste-el-dia-mundial-de-la-esclerosis-multiple\/","url":"https:\/\/amica.es\/es\/en-que-consiste-el-dia-mundial-de-la-esclerosis-multiple\/","name":"En qu\u00e9 consiste el D\u00eda Mundial de la Esclerosis M\u00faltiple - Amica - Descubriendo Capacidades","isPartOf":{"@id":"https:\/\/amica.es\/es\/#website"},"primaryImageOfPage":{"@id":"https:\/\/amica.es\/es\/en-que-consiste-el-dia-mundial-de-la-esclerosis-multiple\/#primaryimage"},"image":{"@id":"https:\/\/amica.es\/es\/en-que-consiste-el-dia-mundial-de-la-esclerosis-multiple\/#primaryimage"},"thumbnailUrl":"https:\/\/amica.es\/es\/wp-content\/uploads\/2022\/05\/DMEM2022_Flyer_m-scaled-1-1536x1075-1.jpg","datePublished":"2022-05-30T16:17:15+00:00","breadcrumb":{"@id":"https:\/\/amica.es\/es\/en-que-consiste-el-dia-mundial-de-la-esclerosis-multiple\/#breadcrumb"},"inLanguage":"es","potentialAction":[{"@type":"ReadAction","target":["https:\/\/amica.es\/es\/en-que-consiste-el-dia-mundial-de-la-esclerosis-multiple\/"]}]},{"@type":"ImageObject","inLanguage":"es","@id":"https:\/\/amica.es\/es\/en-que-consiste-el-dia-mundial-de-la-esclerosis-multiple\/#primaryimage","url":"https:\/\/amica.es\/es\/wp-content\/uploads\/2022\/05\/DMEM2022_Flyer_m-scaled-1-1536x1075-1.jpg","contentUrl":"https:\/\/amica.es\/es\/wp-content\/uploads\/2022\/05\/DMEM2022_Flyer_m-scaled-1-1536x1075-1.jpg","width":1536,"height":1075},{"@type":"BreadcrumbList","@id":"https:\/\/amica.es\/es\/en-que-consiste-el-dia-mundial-de-la-esclerosis-multiple\/#breadcrumb","itemListElement":[{"@type":"ListItem","position":1,"name":"Portada","item":"https:\/\/amica.es\/es\/"},{"@type":"ListItem","position":2,"name":"En qu\u00e9 consiste el D\u00eda Mundial de la Esclerosis M\u00faltiple"}]},{"@type":"WebSite","@id":"https:\/\/amica.es\/es\/#website","url":"https:\/\/amica.es\/es\/","name":"Amica - Descubriendo Capacidades","description":"Apoyando a personas con discapacidad desde 1984","publisher":{"@id":"https:\/\/amica.es\/es\/#organization"},"potentialAction":[{"@type":"SearchAction","target":{"@type":"EntryPoint","urlTemplate":"https:\/\/amica.es\/es\/?s={search_term_string}"},"query-input":{"@type":"PropertyValueSpecification","valueRequired":true,"valueName":"search_term_string"}}],"inLanguage":"es"},{"@type":"Organization","@id":"https:\/\/amica.es\/es\/#organization","name":"Asociaci\u00f3n Amica","url":"https:\/\/amica.es\/es\/","logo":{"@type":"ImageObject","inLanguage":"es","@id":"https:\/\/amica.es\/es\/#\/schema\/logo\/image\/","url":"https:\/\/amica.es\/es\/wp-content\/uploads\/2024\/07\/Amica-Logo.png","contentUrl":"https:\/\/amica.es\/es\/wp-content\/uploads\/2024\/07\/Amica-Logo.png","width":1653,"height":577,"caption":"Asociaci\u00f3n Amica"},"image":{"@id":"https:\/\/amica.es\/es\/#\/schema\/logo\/image\/"},"sameAs":["https:\/\/www.facebook.com\/amicaasociacion","https:\/\/x.com\/asociacionamica","https:\/\/www.youtube.com\/c\/asociacionamicacantabria","https:\/\/es.linkedin.com\/company\/asociacionamica?trk=similar-companies_org_title","https:\/\/www.instagram.com\/asociacionamica\/"]},{"@type":"Person","@id":"https:\/\/amica.es\/es\/#\/schema\/person\/47bd418878a5e9d16456ac6163b28c99","name":"Amica","image":{"@type":"ImageObject","inLanguage":"es","@id":"https:\/\/amica.es\/es\/#\/schema\/person\/image\/","url":"https:\/\/secure.gravatar.com\/avatar\/d56f520c138d97d674bbadf2c65825caa9312fa8f08c6bb15cfaa23e57d913f9?s=96&d=mm&r=g","contentUrl":"https:\/\/secure.gravatar.com\/avatar\/d56f520c138d97d674bbadf2c65825caa9312fa8f08c6bb15cfaa23e57d913f9?s=96&d=mm&r=g","caption":"Amica"},"url":"https:\/\/amica.es\/es\/author\/mjosea\/"}]}},"_links":{"self":[{"href":"https:\/\/amica.es\/es\/wp-json\/wp\/v2\/posts\/14210","targetHints":{"allow":["GET"]}}],"collection":[{"href":"https:\/\/amica.es\/es\/wp-json\/wp\/v2\/posts"}],"about":[{"href":"https:\/\/amica.es\/es\/wp-json\/wp\/v2\/types\/post"}],"author":[{"embeddable":true,"href":"https:\/\/amica.es\/es\/wp-json\/wp\/v2\/users\/6"}],"replies":[{"embeddable":true,"href":"https:\/\/amica.es\/es\/wp-json\/wp\/v2\/comments?post=14210"}],"version-history":[{"count":1,"href":"https:\/\/amica.es\/es\/wp-json\/wp\/v2\/posts\/14210\/revisions"}],"predecessor-version":[{"id":14212,"href":"https:\/\/amica.es\/es\/wp-json\/wp\/v2\/posts\/14210\/revisions\/14212"}],"wp:featuredmedia":[{"embeddable":true,"href":"https:\/\/amica.es\/es\/wp-json\/wp\/v2\/media\/14211"}],"wp:attachment":[{"href":"https:\/\/amica.es\/es\/wp-json\/wp\/v2\/media?parent=14210"}],"wp:term":[{"taxonomy":"category","embeddable":true,"href":"https:\/\/amica.es\/es\/wp-json\/wp\/v2\/categories?post=14210"},{"taxonomy":"post_tag","embeddable":true,"href":"https:\/\/amica.es\/es\/wp-json\/wp\/v2\/tags?post=14210"}],"curies":[{"name":"wp","href":"https:\/\/api.w.org\/{rel}","templated":true}]}}