{"id":14303,"date":"2022-06-13T15:29:47","date_gmt":"2022-06-13T13:29:47","guid":{"rendered":"https:\/\/amica.es\/es\/?p=14303"},"modified":"2022-06-13T15:29:47","modified_gmt":"2022-06-13T13:29:47","slug":"campeonato-de-espana-de-slalom-en-silla-de-ruedas-2","status":"publish","type":"post","link":"https:\/\/amica.es\/es\/campeonato-de-espana-de-slalom-en-silla-de-ruedas-2\/","title":{"rendered":"Campeonato de Espa\u00f1a de Slalom en silla de ruedas"},"content":{"rendered":"<p>Los deportistas de Amica, Albert Dalley e Ismael Alonso junto con Miguel y Agust\u00edn del CDE de personas con discapacidad de Cantabria se desplazaron hasta Alicante el pasado 4 de junio para disputar el Campeonato de Espa\u00f1a en silla de ruedas.<\/p>\n<p>Fue un fin de semana intenso y competido en el que los cuatro deportistas sacaron su m\u00e1ximo nivel consiguiendo muy buenas marcas.\u00a0En el Caso de Agust\u00edn se alz\u00f3 con la medalla de oro en su categor\u00eda en cronometrada y con la de plata en la prueba individual.\u00a0Por su parte Miguel, consigui\u00f3 dos medallas de plata en las dos pruebas, cronometrada e individual.\u00a0Albert inici\u00f3 su andadura con un tiempo excelente para finalmente lograr un 5\u00ba puesto en cronometrada y 6\u00ba en individual, mejorando con respecto al a\u00f1o anterior.\u00a0En el caso de nuestro joven deportista Ismael Alonso, era su debut en un Campeonato de Espa\u00f1a y la experiencia ha sido magn\u00edfica. Complet\u00f3 todos los recorridos sin apenas fallos, logrando dos cuartos puestos y una mochila cargada de experiencia e ilusi\u00f3n para futuros Campeonatos.<\/p>\n<p>&nbsp;<\/p>\n<p>&nbsp;<\/p>\n","protected":false},"excerpt":{"rendered":"<p>Los deportistas de Amica, Albert Dalley e Ismael Alonso junto con Miguel y Agust\u00edn del CDE de personas con discapacidad de Cantabria se desplazaron hasta Alicante el pasado 4 de junio para disputar el Campeonato de Espa\u00f1a en silla de ruedas. Fue un fin de semana intenso y competido en el que los cuatro deportistas<br \/><a href=\"https:\/\/amica.es\/es\/campeonato-de-espana-de-slalom-en-silla-de-ruedas-2\/\" class=\"more\">Read more<\/a><\/p>\n","protected":false},"author":2,"featured_media":14304,"comment_status":"closed","ping_status":"open","sticky":false,"template":"","format":"standard","meta":{"_monsterinsights_skip_tracking":false,"_monsterinsights_sitenote_active":false,"_monsterinsights_sitenote_note":"","_monsterinsights_sitenote_category":0,"_joinchat":[],"footnotes":""},"categories":[27],"tags":[],"class_list":["post-14303","post","type-post","status-publish","format-standard","has-post-thumbnail","hentry","category-noticias-categoria"],"yoast_head":"<!-- This site is optimized with the Yoast SEO plugin v25.6 - https:\/\/yoast.com\/wordpress\/plugins\/seo\/ -->\n<title>Campeonato de Espa\u00f1a de Slalom en silla de ruedas - Amica - Descubriendo Capacidades<\/title>\n<meta name=\"robots\" content=\"index, follow, max-snippet:-1, max-image-preview:large, max-video-preview:-1\" \/>\n<link rel=\"canonical\" href=\"https:\/\/amica.es\/es\/campeonato-de-espana-de-slalom-en-silla-de-ruedas-2\/\" \/>\n<meta property=\"og:locale\" content=\"es_ES\" \/>\n<meta property=\"og:type\" content=\"article\" \/>\n<meta property=\"og:title\" content=\"Campeonato de Espa\u00f1a de Slalom en silla de ruedas - Amica - Descubriendo Capacidades\" \/>\n<meta property=\"og:description\" content=\"Los deportistas de Amica, Albert Dalley e Ismael Alonso junto con Miguel y Agust\u00edn del CDE de personas con discapacidad de Cantabria se desplazaron hasta Alicante el pasado 4 de junio para disputar el Campeonato de Espa\u00f1a en silla de ruedas. Fue un fin de semana intenso y competido en el que los cuatro deportistasRead more\" \/>\n<meta property=\"og:url\" content=\"https:\/\/amica.es\/es\/campeonato-de-espana-de-slalom-en-silla-de-ruedas-2\/\" \/>\n<meta property=\"og:site_name\" content=\"Amica - Descubriendo Capacidades\" \/>\n<meta property=\"article:publisher\" content=\"https:\/\/www.facebook.com\/amicaasociacion\" \/>\n<meta property=\"article:published_time\" content=\"2022-06-13T13:29:47+00:00\" \/>\n<meta property=\"og:image\" content=\"https:\/\/amica.es\/es\/wp-content\/uploads\/2022\/06\/Slalom.jpg\" \/>\n\t<meta property=\"og:image:width\" content=\"1600\" \/>\n\t<meta property=\"og:image:height\" content=\"753\" \/>\n\t<meta property=\"og:image:type\" content=\"image\/jpeg\" \/>\n<meta name=\"author\" content=\"Amica\" \/>\n<meta name=\"twitter:card\" content=\"summary_large_image\" \/>\n<meta name=\"twitter:creator\" content=\"@asociacionamica\" \/>\n<meta name=\"twitter:site\" content=\"@asociacionamica\" \/>\n<meta name=\"twitter:label1\" content=\"Escrito por\" \/>\n\t<meta name=\"twitter:data1\" content=\"Amica\" \/>\n\t<meta name=\"twitter:label2\" content=\"Tiempo de lectura\" \/>\n\t<meta name=\"twitter:data2\" content=\"1 minuto\" \/>\n<script type=\"application\/ld+json\" class=\"yoast-schema-graph\">{\"@context\":\"https:\/\/schema.org\",\"@graph\":[{\"@type\":\"Article\",\"@id\":\"https:\/\/amica.es\/es\/campeonato-de-espana-de-slalom-en-silla-de-ruedas-2\/#article\",\"isPartOf\":{\"@id\":\"https:\/\/amica.es\/es\/campeonato-de-espana-de-slalom-en-silla-de-ruedas-2\/\"},\"author\":{\"name\":\"Amica\",\"@id\":\"https:\/\/amica.es\/es\/#\/schema\/person\/b7e8b0c408a5e87f36a07b01f864b116\"},\"headline\":\"Campeonato de Espa\u00f1a de Slalom en silla de ruedas\",\"datePublished\":\"2022-06-13T13:29:47+00:00\",\"mainEntityOfPage\":{\"@id\":\"https:\/\/amica.es\/es\/campeonato-de-espana-de-slalom-en-silla-de-ruedas-2\/\"},\"wordCount\":194,\"publisher\":{\"@id\":\"https:\/\/amica.es\/es\/#organization\"},\"image\":{\"@id\":\"https:\/\/amica.es\/es\/campeonato-de-espana-de-slalom-en-silla-de-ruedas-2\/#primaryimage\"},\"thumbnailUrl\":\"https:\/\/amica.es\/es\/wp-content\/uploads\/2022\/06\/Slalom.jpg\",\"articleSection\":[\"Noticias\"],\"inLanguage\":\"es\"},{\"@type\":\"WebPage\",\"@id\":\"https:\/\/amica.es\/es\/campeonato-de-espana-de-slalom-en-silla-de-ruedas-2\/\",\"url\":\"https:\/\/amica.es\/es\/campeonato-de-espana-de-slalom-en-silla-de-ruedas-2\/\",\"name\":\"Campeonato de Espa\u00f1a de Slalom en silla de ruedas - Amica - Descubriendo Capacidades\",\"isPartOf\":{\"@id\":\"https:\/\/amica.es\/es\/#website\"},\"primaryImageOfPage\":{\"@id\":\"https:\/\/amica.es\/es\/campeonato-de-espana-de-slalom-en-silla-de-ruedas-2\/#primaryimage\"},\"image\":{\"@id\":\"https:\/\/amica.es\/es\/campeonato-de-espana-de-slalom-en-silla-de-ruedas-2\/#primaryimage\"},\"thumbnailUrl\":\"https:\/\/amica.es\/es\/wp-content\/uploads\/2022\/06\/Slalom.jpg\",\"datePublished\":\"2022-06-13T13:29:47+00:00\",\"breadcrumb\":{\"@id\":\"https:\/\/amica.es\/es\/campeonato-de-espana-de-slalom-en-silla-de-ruedas-2\/#breadcrumb\"},\"inLanguage\":\"es\",\"potentialAction\":[{\"@type\":\"ReadAction\",\"target\":[\"https:\/\/amica.es\/es\/campeonato-de-espana-de-slalom-en-silla-de-ruedas-2\/\"]}]},{\"@type\":\"ImageObject\",\"inLanguage\":\"es\",\"@id\":\"https:\/\/amica.es\/es\/campeonato-de-espana-de-slalom-en-silla-de-ruedas-2\/#primaryimage\",\"url\":\"https:\/\/amica.es\/es\/wp-content\/uploads\/2022\/06\/Slalom.jpg\",\"contentUrl\":\"https:\/\/amica.es\/es\/wp-content\/uploads\/2022\/06\/Slalom.jpg\",\"width\":1600,\"height\":753},{\"@type\":\"BreadcrumbList\",\"@id\":\"https:\/\/amica.es\/es\/campeonato-de-espana-de-slalom-en-silla-de-ruedas-2\/#breadcrumb\",\"itemListElement\":[{\"@type\":\"ListItem\",\"position\":1,\"name\":\"Portada\",\"item\":\"https:\/\/amica.es\/es\/\"},{\"@type\":\"ListItem\",\"position\":2,\"name\":\"Campeonato de Espa\u00f1a de Slalom en silla de ruedas\"}]},{\"@type\":\"WebSite\",\"@id\":\"https:\/\/amica.es\/es\/#website\",\"url\":\"https:\/\/amica.es\/es\/\",\"name\":\"Amica - Descubriendo Capacidades\",\"description\":\"Apoyando a personas con discapacidad desde 1984\",\"publisher\":{\"@id\":\"https:\/\/amica.es\/es\/#organization\"},\"potentialAction\":[{\"@type\":\"SearchAction\",\"target\":{\"@type\":\"EntryPoint\",\"urlTemplate\":\"https:\/\/amica.es\/es\/?s={search_term_string}\"},\"query-input\":{\"@type\":\"PropertyValueSpecification\",\"valueRequired\":true,\"valueName\":\"search_term_string\"}}],\"inLanguage\":\"es\"},{\"@type\":\"Organization\",\"@id\":\"https:\/\/amica.es\/es\/#organization\",\"name\":\"Asociaci\u00f3n Amica\",\"url\":\"https:\/\/amica.es\/es\/\",\"logo\":{\"@type\":\"ImageObject\",\"inLanguage\":\"es\",\"@id\":\"https:\/\/amica.es\/es\/#\/schema\/logo\/image\/\",\"url\":\"https:\/\/amica.es\/es\/wp-content\/uploads\/2024\/07\/Amica-Logo.png\",\"contentUrl\":\"https:\/\/amica.es\/es\/wp-content\/uploads\/2024\/07\/Amica-Logo.png\",\"width\":1653,\"height\":577,\"caption\":\"Asociaci\u00f3n Amica\"},\"image\":{\"@id\":\"https:\/\/amica.es\/es\/#\/schema\/logo\/image\/\"},\"sameAs\":[\"https:\/\/www.facebook.com\/amicaasociacion\",\"https:\/\/x.com\/asociacionamica\",\"https:\/\/www.youtube.com\/c\/asociacionamicacantabria\",\"https:\/\/es.linkedin.com\/company\/asociacionamica?trk=similar-companies_org_title\",\"https:\/\/www.instagram.com\/asociacionamica\/\"]},{\"@type\":\"Person\",\"@id\":\"https:\/\/amica.es\/es\/#\/schema\/person\/b7e8b0c408a5e87f36a07b01f864b116\",\"name\":\"Amica\",\"image\":{\"@type\":\"ImageObject\",\"inLanguage\":\"es\",\"@id\":\"https:\/\/amica.es\/es\/#\/schema\/person\/image\/\",\"url\":\"https:\/\/secure.gravatar.com\/avatar\/1c2a67639258ebac6bef8bd3441253734b1d8f61e87e0c96351c701696c455e4?s=96&d=mm&r=g\",\"contentUrl\":\"https:\/\/secure.gravatar.com\/avatar\/1c2a67639258ebac6bef8bd3441253734b1d8f61e87e0c96351c701696c455e4?s=96&d=mm&r=g\",\"caption\":\"Amica\"},\"url\":\"https:\/\/amica.es\/es\/author\/paqamiccapz\/\"}]}<\/script>\n<!-- \/ Yoast SEO plugin. -->","yoast_head_json":{"title":"Campeonato de Espa\u00f1a de Slalom en silla de ruedas - Amica - Descubriendo Capacidades","robots":{"index":"index","follow":"follow","max-snippet":"max-snippet:-1","max-image-preview":"max-image-preview:large","max-video-preview":"max-video-preview:-1"},"canonical":"https:\/\/amica.es\/es\/campeonato-de-espana-de-slalom-en-silla-de-ruedas-2\/","og_locale":"es_ES","og_type":"article","og_title":"Campeonato de Espa\u00f1a de Slalom en silla de ruedas - Amica - Descubriendo Capacidades","og_description":"Los deportistas de Amica, Albert Dalley e Ismael Alonso junto con Miguel y Agust\u00edn del CDE de personas con discapacidad de Cantabria se desplazaron hasta Alicante el pasado 4 de junio para disputar el Campeonato de Espa\u00f1a en silla de ruedas. Fue un fin de semana intenso y competido en el que los cuatro deportistasRead more","og_url":"https:\/\/amica.es\/es\/campeonato-de-espana-de-slalom-en-silla-de-ruedas-2\/","og_site_name":"Amica - Descubriendo Capacidades","article_publisher":"https:\/\/www.facebook.com\/amicaasociacion","article_published_time":"2022-06-13T13:29:47+00:00","og_image":[{"width":1600,"height":753,"url":"https:\/\/amica.es\/es\/wp-content\/uploads\/2022\/06\/Slalom.jpg","type":"image\/jpeg"}],"author":"Amica","twitter_card":"summary_large_image","twitter_creator":"@asociacionamica","twitter_site":"@asociacionamica","twitter_misc":{"Escrito por":"Amica","Tiempo de lectura":"1 minuto"},"schema":{"@context":"https:\/\/schema.org","@graph":[{"@type":"Article","@id":"https:\/\/amica.es\/es\/campeonato-de-espana-de-slalom-en-silla-de-ruedas-2\/#article","isPartOf":{"@id":"https:\/\/amica.es\/es\/campeonato-de-espana-de-slalom-en-silla-de-ruedas-2\/"},"author":{"name":"Amica","@id":"https:\/\/amica.es\/es\/#\/schema\/person\/b7e8b0c408a5e87f36a07b01f864b116"},"headline":"Campeonato de Espa\u00f1a de Slalom en silla de ruedas","datePublished":"2022-06-13T13:29:47+00:00","mainEntityOfPage":{"@id":"https:\/\/amica.es\/es\/campeonato-de-espana-de-slalom-en-silla-de-ruedas-2\/"},"wordCount":194,"publisher":{"@id":"https:\/\/amica.es\/es\/#organization"},"image":{"@id":"https:\/\/amica.es\/es\/campeonato-de-espana-de-slalom-en-silla-de-ruedas-2\/#primaryimage"},"thumbnailUrl":"https:\/\/amica.es\/es\/wp-content\/uploads\/2022\/06\/Slalom.jpg","articleSection":["Noticias"],"inLanguage":"es"},{"@type":"WebPage","@id":"https:\/\/amica.es\/es\/campeonato-de-espana-de-slalom-en-silla-de-ruedas-2\/","url":"https:\/\/amica.es\/es\/campeonato-de-espana-de-slalom-en-silla-de-ruedas-2\/","name":"Campeonato de Espa\u00f1a de Slalom en silla de ruedas - Amica - Descubriendo Capacidades","isPartOf":{"@id":"https:\/\/amica.es\/es\/#website"},"primaryImageOfPage":{"@id":"https:\/\/amica.es\/es\/campeonato-de-espana-de-slalom-en-silla-de-ruedas-2\/#primaryimage"},"image":{"@id":"https:\/\/amica.es\/es\/campeonato-de-espana-de-slalom-en-silla-de-ruedas-2\/#primaryimage"},"thumbnailUrl":"https:\/\/amica.es\/es\/wp-content\/uploads\/2022\/06\/Slalom.jpg","datePublished":"2022-06-13T13:29:47+00:00","breadcrumb":{"@id":"https:\/\/amica.es\/es\/campeonato-de-espana-de-slalom-en-silla-de-ruedas-2\/#breadcrumb"},"inLanguage":"es","potentialAction":[{"@type":"ReadAction","target":["https:\/\/amica.es\/es\/campeonato-de-espana-de-slalom-en-silla-de-ruedas-2\/"]}]},{"@type":"ImageObject","inLanguage":"es","@id":"https:\/\/amica.es\/es\/campeonato-de-espana-de-slalom-en-silla-de-ruedas-2\/#primaryimage","url":"https:\/\/amica.es\/es\/wp-content\/uploads\/2022\/06\/Slalom.jpg","contentUrl":"https:\/\/amica.es\/es\/wp-content\/uploads\/2022\/06\/Slalom.jpg","width":1600,"height":753},{"@type":"BreadcrumbList","@id":"https:\/\/amica.es\/es\/campeonato-de-espana-de-slalom-en-silla-de-ruedas-2\/#breadcrumb","itemListElement":[{"@type":"ListItem","position":1,"name":"Portada","item":"https:\/\/amica.es\/es\/"},{"@type":"ListItem","position":2,"name":"Campeonato de Espa\u00f1a de Slalom en silla de ruedas"}]},{"@type":"WebSite","@id":"https:\/\/amica.es\/es\/#website","url":"https:\/\/amica.es\/es\/","name":"Amica - Descubriendo Capacidades","description":"Apoyando a personas con discapacidad desde 1984","publisher":{"@id":"https:\/\/amica.es\/es\/#organization"},"potentialAction":[{"@type":"SearchAction","target":{"@type":"EntryPoint","urlTemplate":"https:\/\/amica.es\/es\/?s={search_term_string}"},"query-input":{"@type":"PropertyValueSpecification","valueRequired":true,"valueName":"search_term_string"}}],"inLanguage":"es"},{"@type":"Organization","@id":"https:\/\/amica.es\/es\/#organization","name":"Asociaci\u00f3n Amica","url":"https:\/\/amica.es\/es\/","logo":{"@type":"ImageObject","inLanguage":"es","@id":"https:\/\/amica.es\/es\/#\/schema\/logo\/image\/","url":"https:\/\/amica.es\/es\/wp-content\/uploads\/2024\/07\/Amica-Logo.png","contentUrl":"https:\/\/amica.es\/es\/wp-content\/uploads\/2024\/07\/Amica-Logo.png","width":1653,"height":577,"caption":"Asociaci\u00f3n Amica"},"image":{"@id":"https:\/\/amica.es\/es\/#\/schema\/logo\/image\/"},"sameAs":["https:\/\/www.facebook.com\/amicaasociacion","https:\/\/x.com\/asociacionamica","https:\/\/www.youtube.com\/c\/asociacionamicacantabria","https:\/\/es.linkedin.com\/company\/asociacionamica?trk=similar-companies_org_title","https:\/\/www.instagram.com\/asociacionamica\/"]},{"@type":"Person","@id":"https:\/\/amica.es\/es\/#\/schema\/person\/b7e8b0c408a5e87f36a07b01f864b116","name":"Amica","image":{"@type":"ImageObject","inLanguage":"es","@id":"https:\/\/amica.es\/es\/#\/schema\/person\/image\/","url":"https:\/\/secure.gravatar.com\/avatar\/1c2a67639258ebac6bef8bd3441253734b1d8f61e87e0c96351c701696c455e4?s=96&d=mm&r=g","contentUrl":"https:\/\/secure.gravatar.com\/avatar\/1c2a67639258ebac6bef8bd3441253734b1d8f61e87e0c96351c701696c455e4?s=96&d=mm&r=g","caption":"Amica"},"url":"https:\/\/amica.es\/es\/author\/paqamiccapz\/"}]}},"_links":{"self":[{"href":"https:\/\/amica.es\/es\/wp-json\/wp\/v2\/posts\/14303","targetHints":{"allow":["GET"]}}],"collection":[{"href":"https:\/\/amica.es\/es\/wp-json\/wp\/v2\/posts"}],"about":[{"href":"https:\/\/amica.es\/es\/wp-json\/wp\/v2\/types\/post"}],"author":[{"embeddable":true,"href":"https:\/\/amica.es\/es\/wp-json\/wp\/v2\/users\/2"}],"replies":[{"embeddable":true,"href":"https:\/\/amica.es\/es\/wp-json\/wp\/v2\/comments?post=14303"}],"version-history":[{"count":1,"href":"https:\/\/amica.es\/es\/wp-json\/wp\/v2\/posts\/14303\/revisions"}],"predecessor-version":[{"id":14305,"href":"https:\/\/amica.es\/es\/wp-json\/wp\/v2\/posts\/14303\/revisions\/14305"}],"wp:featuredmedia":[{"embeddable":true,"href":"https:\/\/amica.es\/es\/wp-json\/wp\/v2\/media\/14304"}],"wp:attachment":[{"href":"https:\/\/amica.es\/es\/wp-json\/wp\/v2\/media?parent=14303"}],"wp:term":[{"taxonomy":"category","embeddable":true,"href":"https:\/\/amica.es\/es\/wp-json\/wp\/v2\/categories?post=14303"},{"taxonomy":"post_tag","embeddable":true,"href":"https:\/\/amica.es\/es\/wp-json\/wp\/v2\/tags?post=14303"}],"curies":[{"name":"wp","href":"https:\/\/api.w.org\/{rel}","templated":true}]}}