{"id":14455,"date":"2022-07-06T08:32:13","date_gmt":"2022-07-06T06:32:13","guid":{"rendered":"https:\/\/amica.es\/es\/?p=14455"},"modified":"2022-07-06T08:32:13","modified_gmt":"2022-07-06T06:32:13","slug":"amica-celebra-su-38-aniversario-con-una-fiesta-multitudinaria","status":"publish","type":"post","link":"https:\/\/amica.es\/es\/amica-celebra-su-38-aniversario-con-una-fiesta-multitudinaria\/","title":{"rendered":"Amica celebra su 38 aniversario con una fiesta multitudinaria"},"content":{"rendered":"<div class=\"wpb-content-wrapper\"><p>El s\u00e1bado 2 de julio celebramos nuestro 38 Aniversario de Amica con una fiesta popular solidaria que tuvo lugar en la plaza de La Llama de Torrelavega<\/p>\n<p>Despu\u00e9s de 2 a\u00f1os sin poder reunirnos, el pasado s\u00e1bado nos reencontramos para celebrar la fiesta del 38 aniversario de nuestra asociaci\u00f3n. La tarde estuvo cargada de sorpresas en una plaza de La Llama llena de gente. La inauguraci\u00f3n corri\u00f3 a cargo de Jes\u00fas R\u00edos, Tere Gonz\u00e1lez, Bel\u00e9n y Pili Bustamante, que dieron comienzo al encuentro, en el que los cientos de asistentes pudieron disfrutar del magn\u00edfico mercadillo solidario de productos elaborados en todos los centros de Amica.<img loading=\"lazy\" decoding=\"async\" class=\"alignright wp-image-14494\" src=\"https:\/\/amica.es\/es\/wp-content\/uploads\/2022\/07\/IMG-20220702-WA0032-1-768x1152.jpg\" alt=\"Tarta Aniversario Amica\" width=\"208\" height=\"312\" \/><\/p>\n<p>Adem\u00e1s, pudimos disfrutar de un espacio dedicado a los productos t\u00edpicos de Cantabria, con sus excelentes quesos, arroz con leche, sobaos, hojaldres y patatas fritas, entre otros. Todo ello gracias a la colaboraci\u00f3n solidaria de Agua de Solares, Ed\u00e9n Tea, Granja Cuda\u00f1a, La Jarradilla, Royal 3, Pasiega de Pe\u00f1a Pelada, Patatas Vallucas, Sobaos Serafina, Smartfit, Quesoba, Caf\u00e9s Dromedario, El Bardal, Cartes Sals\u00f3n, Tanis y Lafuente.<\/p>\n<p>Como novedad, este a\u00f1o tambi\u00e9n se pudieron adquirir libros infantiles procedentes de la Librer\u00eda solidaria de Amica y productos ecol\u00f3gicos del campus Diversia. El deporte adaptado, los juegos de sal\u00f3n, el bingo y el taller de elaboraci\u00f3n de bocadillos fueron otras actividades que tuvieron espacio en la jornada, en la que tambi\u00e9n se expusieron obras de Fran, Tino y Arturo y se realiz\u00f3 un taller de creatividad que tuvo una alta participaci\u00f3n entre los ni\u00f1os y las ni\u00f1as que acudieron a la fiesta.<\/p>\n<p>Tambi\u00e9n hubo espacio para la m\u00fasica con actuaciones como la del grupo Cart\u00e9s Sals\u00f3n, que nos animaron con su exhibici\u00f3n de sevillanas, y para el deporte y el baile, con clases de zumba y bailes latinos por parte del gimnasio Smartfit de Torrelavega. El broche de fin de fiesta lo puso el grupo Los Resilientes.<\/p>\n<p>Tom\u00e1s Castillo y Mercedes del Hoyo agradecieron a todas las personas asistentes y soplaron las velas de una magn\u00edfica tarta elaborada por Maite, que logr\u00f3 sorprendernos como cada a\u00f1o.<\/p>\n<p>Desde Amica queremos transmitir un agradecimiento muy especial a todas las personas que nos acompa\u00f1aron, as\u00ed como a las entidades colaboradoras en este evento, en el que la recaudaci\u00f3n final fue de 2.059 euros. Gracias igualmente al Ayuntamiento de Torrelavega por la cesi\u00f3n del espacio en el que poder reunirnos. Y por supuesto, gracias a todas las personas que forman Amica: familiares, voluntariado, amigos y amigas que participaron en la organizaci\u00f3n y a todas las personas que acudisteis a nuestra llamada y disfrutasteis junto a nosotros de la tarde. Juntos hemos conseguido que sea todo un \u00e9xito. Y es que es una satisfacci\u00f3n enorme comprobar que, tras 38 a\u00f1os, en Amica seguimos conservando intacta la ilusi\u00f3n por este proyecto.<\/p>\n[\/vc_column_text]<div class=\"rd_img_gallery_ctn clearfix\" style=\"margin:0px auto 0px;\"><a class=\"ig_col_4 \" href=\"https:\/\/amica.es\/es\/wp-content\/uploads\/2022\/07\/DSC_0636-1024x683.jpg\"  rel=\"prettyPhoto[rel-730951682]\" ><img loading=\"lazy\" decoding=\"async\" width=\"1170\" height=\"780\" src=\"https:\/\/amica.es\/es\/wp-content\/uploads\/2022\/07\/DSC_0636.jpg\" class=\"attachment-full\" alt=\"Fiesta 38 aniversario Amica\" title=\"DSC_0636\" srcset=\"https:\/\/amica.es\/es\/wp-content\/uploads\/2022\/07\/DSC_0636.jpg 1170w, https:\/\/amica.es\/es\/wp-content\/uploads\/2022\/07\/DSC_0636-535x357.jpg 535w, https:\/\/amica.es\/es\/wp-content\/uploads\/2022\/07\/DSC_0636-1024x683.jpg 1024w\" sizes=\"auto, (max-width: 1170px) 100vw, 1170px\" \/><\/a><a class=\"ig_col_4 \" href=\"https:\/\/amica.es\/es\/wp-content\/uploads\/2022\/07\/DSC_0609-1024x683.jpg\"  rel=\"prettyPhoto[rel-730951682]\" ><img loading=\"lazy\" decoding=\"async\" width=\"1170\" height=\"780\" src=\"https:\/\/amica.es\/es\/wp-content\/uploads\/2022\/07\/DSC_0609.jpg\" class=\"attachment-full\" alt=\"Fiesta 38 aniversario Amica\" title=\"DSC_0609\" srcset=\"https:\/\/amica.es\/es\/wp-content\/uploads\/2022\/07\/DSC_0609.jpg 1170w, https:\/\/amica.es\/es\/wp-content\/uploads\/2022\/07\/DSC_0609-535x357.jpg 535w, https:\/\/amica.es\/es\/wp-content\/uploads\/2022\/07\/DSC_0609-1024x683.jpg 1024w\" sizes=\"auto, (max-width: 1170px) 100vw, 1170px\" \/><\/a><a class=\"ig_col_4 \" href=\"https:\/\/amica.es\/es\/wp-content\/uploads\/2022\/07\/DSC_0560-1024x683.jpg\"  rel=\"prettyPhoto[rel-730951682]\" ><img loading=\"lazy\" decoding=\"async\" width=\"1170\" height=\"780\" src=\"https:\/\/amica.es\/es\/wp-content\/uploads\/2022\/07\/DSC_0560.jpg\" class=\"attachment-full\" alt=\"Fiesta 38 aniversario Amica\" title=\"DSC_0560\" srcset=\"https:\/\/amica.es\/es\/wp-content\/uploads\/2022\/07\/DSC_0560.jpg 1170w, https:\/\/amica.es\/es\/wp-content\/uploads\/2022\/07\/DSC_0560-535x357.jpg 535w, https:\/\/amica.es\/es\/wp-content\/uploads\/2022\/07\/DSC_0560-1024x683.jpg 1024w\" sizes=\"auto, (max-width: 1170px) 100vw, 1170px\" \/><\/a><a class=\"ig_col_4 \" href=\"https:\/\/amica.es\/es\/wp-content\/uploads\/2022\/07\/DSC_0549-1024x683.jpg\"  rel=\"prettyPhoto[rel-730951682]\" ><img loading=\"lazy\" decoding=\"async\" width=\"1170\" height=\"780\" src=\"https:\/\/amica.es\/es\/wp-content\/uploads\/2022\/07\/DSC_0549.jpg\" class=\"attachment-full\" alt=\"Fiesta 38 aniversario Amica\" title=\"DSC_0549\" srcset=\"https:\/\/amica.es\/es\/wp-content\/uploads\/2022\/07\/DSC_0549.jpg 1170w, https:\/\/amica.es\/es\/wp-content\/uploads\/2022\/07\/DSC_0549-535x357.jpg 535w, https:\/\/amica.es\/es\/wp-content\/uploads\/2022\/07\/DSC_0549-1024x683.jpg 1024w\" sizes=\"auto, (max-width: 1170px) 100vw, 1170px\" \/><\/a><a class=\"ig_col_4 \" href=\"https:\/\/amica.es\/es\/wp-content\/uploads\/2022\/07\/noticia-fiesta-2-1024x576.jpg\"  rel=\"prettyPhoto[rel-730951682]\" ><img loading=\"lazy\" decoding=\"async\" width=\"1170\" height=\"658\" src=\"https:\/\/amica.es\/es\/wp-content\/uploads\/2022\/07\/noticia-fiesta-2.jpg\" class=\"attachment-full\" alt=\"Fiesta 38 aniversario Amica\" title=\"noticia fiesta (2)\" srcset=\"https:\/\/amica.es\/es\/wp-content\/uploads\/2022\/07\/noticia-fiesta-2.jpg 1170w, https:\/\/amica.es\/es\/wp-content\/uploads\/2022\/07\/noticia-fiesta-2-535x301.jpg 535w, https:\/\/amica.es\/es\/wp-content\/uploads\/2022\/07\/noticia-fiesta-2-1024x576.jpg 1024w\" sizes=\"auto, (max-width: 1170px) 100vw, 1170px\" \/><\/a><a class=\"ig_col_4 \" href=\"https:\/\/amica.es\/es\/wp-content\/uploads\/2022\/07\/noticia-fiesta-1-1024x576.jpg\"  rel=\"prettyPhoto[rel-730951682]\" ><img loading=\"lazy\" decoding=\"async\" width=\"1170\" height=\"658\" src=\"https:\/\/amica.es\/es\/wp-content\/uploads\/2022\/07\/noticia-fiesta-1.jpg\" class=\"attachment-full\" alt=\"Fiesta 38 aniversario Amica\" title=\"noticia fiesta (1)\" srcset=\"https:\/\/amica.es\/es\/wp-content\/uploads\/2022\/07\/noticia-fiesta-1.jpg 1170w, https:\/\/amica.es\/es\/wp-content\/uploads\/2022\/07\/noticia-fiesta-1-535x301.jpg 535w, https:\/\/amica.es\/es\/wp-content\/uploads\/2022\/07\/noticia-fiesta-1-1024x576.jpg 1024w\" sizes=\"auto, (max-width: 1170px) 100vw, 1170px\" \/><\/a><a class=\"ig_col_4 \" href=\"https:\/\/amica.es\/es\/wp-content\/uploads\/2022\/07\/IMG-20220702-WA0041-1024x576.jpg\"  rel=\"prettyPhoto[rel-730951682]\" ><img loading=\"lazy\" decoding=\"async\" width=\"1170\" height=\"658\" src=\"https:\/\/amica.es\/es\/wp-content\/uploads\/2022\/07\/IMG-20220702-WA0041.jpg\" class=\"attachment-full\" alt=\"Fiesta 38 aniversario Amica\" title=\"IMG-20220702-WA0041\" srcset=\"https:\/\/amica.es\/es\/wp-content\/uploads\/2022\/07\/IMG-20220702-WA0041.jpg 1170w, https:\/\/amica.es\/es\/wp-content\/uploads\/2022\/07\/IMG-20220702-WA0041-535x301.jpg 535w, https:\/\/amica.es\/es\/wp-content\/uploads\/2022\/07\/IMG-20220702-WA0041-1024x576.jpg 1024w\" sizes=\"auto, (max-width: 1170px) 100vw, 1170px\" \/><\/a><a class=\"ig_col_4 \" href=\"https:\/\/amica.es\/es\/wp-content\/uploads\/2022\/07\/IMG-20220702-WA0029-1024x576.jpg\"  rel=\"prettyPhoto[rel-730951682]\" ><img loading=\"lazy\" decoding=\"async\" width=\"1170\" height=\"658\" src=\"https:\/\/amica.es\/es\/wp-content\/uploads\/2022\/07\/IMG-20220702-WA0029.jpg\" class=\"attachment-full\" alt=\"Fiesta 38 aniversario Amica\" title=\"IMG-20220702-WA0029\" srcset=\"https:\/\/amica.es\/es\/wp-content\/uploads\/2022\/07\/IMG-20220702-WA0029.jpg 1170w, https:\/\/amica.es\/es\/wp-content\/uploads\/2022\/07\/IMG-20220702-WA0029-535x301.jpg 535w, https:\/\/amica.es\/es\/wp-content\/uploads\/2022\/07\/IMG-20220702-WA0029-1024x576.jpg 1024w\" sizes=\"auto, (max-width: 1170px) 100vw, 1170px\" \/><\/a><a class=\"ig_col_4 \" href=\"https:\/\/amica.es\/es\/wp-content\/uploads\/2022\/07\/IMG-20220702-WA0025-1024x576.jpg\"  rel=\"prettyPhoto[rel-730951682]\" ><img loading=\"lazy\" decoding=\"async\" width=\"1170\" height=\"658\" src=\"https:\/\/amica.es\/es\/wp-content\/uploads\/2022\/07\/IMG-20220702-WA0025.jpg\" class=\"attachment-full\" alt=\"Fiesta 38 aniversario Amica\" title=\"IMG-20220702-WA0025\" srcset=\"https:\/\/amica.es\/es\/wp-content\/uploads\/2022\/07\/IMG-20220702-WA0025.jpg 1170w, https:\/\/amica.es\/es\/wp-content\/uploads\/2022\/07\/IMG-20220702-WA0025-535x301.jpg 535w, https:\/\/amica.es\/es\/wp-content\/uploads\/2022\/07\/IMG-20220702-WA0025-1024x576.jpg 1024w\" sizes=\"auto, (max-width: 1170px) 100vw, 1170px\" \/><\/a><a class=\"ig_col_4 \" href=\"https:\/\/amica.es\/es\/wp-content\/uploads\/2022\/07\/IMG-20220702-WA0024-1024x576.jpg\"  rel=\"prettyPhoto[rel-730951682]\" ><img loading=\"lazy\" decoding=\"async\" width=\"1170\" height=\"658\" src=\"https:\/\/amica.es\/es\/wp-content\/uploads\/2022\/07\/IMG-20220702-WA0024.jpg\" class=\"attachment-full\" alt=\"Fiesta 38 aniversario Amica\" title=\"IMG-20220702-WA0024\" srcset=\"https:\/\/amica.es\/es\/wp-content\/uploads\/2022\/07\/IMG-20220702-WA0024.jpg 1170w, https:\/\/amica.es\/es\/wp-content\/uploads\/2022\/07\/IMG-20220702-WA0024-535x301.jpg 535w, https:\/\/amica.es\/es\/wp-content\/uploads\/2022\/07\/IMG-20220702-WA0024-1024x576.jpg 1024w\" sizes=\"auto, (max-width: 1170px) 100vw, 1170px\" \/><\/a><a class=\"ig_col_4 \" href=\"https:\/\/amica.es\/es\/wp-content\/uploads\/2022\/07\/IMG-20220702-WA0004-1024x576.jpg\"  rel=\"prettyPhoto[rel-730951682]\" ><img loading=\"lazy\" decoding=\"async\" width=\"1170\" height=\"658\" src=\"https:\/\/amica.es\/es\/wp-content\/uploads\/2022\/07\/IMG-20220702-WA0004.jpg\" class=\"attachment-full\" alt=\"Fiesta 38 aniversario Amica\" title=\"IMG-20220702-WA0004\" srcset=\"https:\/\/amica.es\/es\/wp-content\/uploads\/2022\/07\/IMG-20220702-WA0004.jpg 1170w, https:\/\/amica.es\/es\/wp-content\/uploads\/2022\/07\/IMG-20220702-WA0004-535x301.jpg 535w, https:\/\/amica.es\/es\/wp-content\/uploads\/2022\/07\/IMG-20220702-WA0004-1024x576.jpg 1024w\" sizes=\"auto, (max-width: 1170px) 100vw, 1170px\" \/><\/a><a class=\"ig_col_4 \" href=\"https:\/\/amica.es\/es\/wp-content\/uploads\/2022\/07\/DSC_0831-1024x683.jpg\"  rel=\"prettyPhoto[rel-730951682]\" ><img loading=\"lazy\" decoding=\"async\" width=\"1170\" height=\"780\" src=\"https:\/\/amica.es\/es\/wp-content\/uploads\/2022\/07\/DSC_0831.jpg\" class=\"attachment-full\" alt=\"Fiesta 38 aniversario Amica\" title=\"DSC_0831\" srcset=\"https:\/\/amica.es\/es\/wp-content\/uploads\/2022\/07\/DSC_0831.jpg 1170w, https:\/\/amica.es\/es\/wp-content\/uploads\/2022\/07\/DSC_0831-535x357.jpg 535w, https:\/\/amica.es\/es\/wp-content\/uploads\/2022\/07\/DSC_0831-1024x683.jpg 1024w\" sizes=\"auto, (max-width: 1170px) 100vw, 1170px\" \/><\/a><a class=\"ig_col_4 \" href=\"https:\/\/amica.es\/es\/wp-content\/uploads\/2022\/07\/DSC_0800-1024x683.jpg\"  rel=\"prettyPhoto[rel-730951682]\" ><img loading=\"lazy\" decoding=\"async\" width=\"1170\" height=\"780\" src=\"https:\/\/amica.es\/es\/wp-content\/uploads\/2022\/07\/DSC_0800.jpg\" class=\"attachment-full\" alt=\"Fiesta 38 aniversario Amica\" title=\"DSC_0800\" srcset=\"https:\/\/amica.es\/es\/wp-content\/uploads\/2022\/07\/DSC_0800.jpg 1170w, https:\/\/amica.es\/es\/wp-content\/uploads\/2022\/07\/DSC_0800-535x357.jpg 535w, https:\/\/amica.es\/es\/wp-content\/uploads\/2022\/07\/DSC_0800-1024x683.jpg 1024w\" sizes=\"auto, (max-width: 1170px) 100vw, 1170px\" \/><\/a><a class=\"ig_col_4 \" href=\"https:\/\/amica.es\/es\/wp-content\/uploads\/2022\/07\/DSC_0788-1024x683.jpg\"  rel=\"prettyPhoto[rel-730951682]\" ><img loading=\"lazy\" decoding=\"async\" width=\"1170\" height=\"780\" src=\"https:\/\/amica.es\/es\/wp-content\/uploads\/2022\/07\/DSC_0788.jpg\" class=\"attachment-full\" alt=\"Fiesta 38 aniversario Amica\" title=\"DSC_0788\" srcset=\"https:\/\/amica.es\/es\/wp-content\/uploads\/2022\/07\/DSC_0788.jpg 1170w, https:\/\/amica.es\/es\/wp-content\/uploads\/2022\/07\/DSC_0788-535x357.jpg 535w, https:\/\/amica.es\/es\/wp-content\/uploads\/2022\/07\/DSC_0788-1024x683.jpg 1024w\" sizes=\"auto, (max-width: 1170px) 100vw, 1170px\" \/><\/a><a class=\"ig_col_4 \" href=\"https:\/\/amica.es\/es\/wp-content\/uploads\/2022\/07\/DSC_0771-1024x683.jpg\"  rel=\"prettyPhoto[rel-730951682]\" ><img loading=\"lazy\" decoding=\"async\" width=\"1170\" height=\"780\" src=\"https:\/\/amica.es\/es\/wp-content\/uploads\/2022\/07\/DSC_0771.jpg\" class=\"attachment-full\" alt=\"Fiesta 38 aniversario Amica\" title=\"DSC_0771\" srcset=\"https:\/\/amica.es\/es\/wp-content\/uploads\/2022\/07\/DSC_0771.jpg 1170w, https:\/\/amica.es\/es\/wp-content\/uploads\/2022\/07\/DSC_0771-535x357.jpg 535w, https:\/\/amica.es\/es\/wp-content\/uploads\/2022\/07\/DSC_0771-1024x683.jpg 1024w\" sizes=\"auto, (max-width: 1170px) 100vw, 1170px\" \/><\/a><a class=\"ig_col_4 \" href=\"https:\/\/amica.es\/es\/wp-content\/uploads\/2022\/07\/DSC_0765-1024x683.jpg\"  rel=\"prettyPhoto[rel-730951682]\" ><img loading=\"lazy\" decoding=\"async\" width=\"1170\" height=\"780\" src=\"https:\/\/amica.es\/es\/wp-content\/uploads\/2022\/07\/DSC_0765.jpg\" class=\"attachment-full\" alt=\"Fiesta 38 aniversario Amica\" title=\"DSC_0765\" srcset=\"https:\/\/amica.es\/es\/wp-content\/uploads\/2022\/07\/DSC_0765.jpg 1170w, https:\/\/amica.es\/es\/wp-content\/uploads\/2022\/07\/DSC_0765-535x357.jpg 535w, https:\/\/amica.es\/es\/wp-content\/uploads\/2022\/07\/DSC_0765-1024x683.jpg 1024w\" sizes=\"auto, (max-width: 1170px) 100vw, 1170px\" \/><\/a><a class=\"ig_col_4 \" href=\"https:\/\/amica.es\/es\/wp-content\/uploads\/2022\/07\/DSC_0751-1024x683.jpg\"  rel=\"prettyPhoto[rel-730951682]\" ><img loading=\"lazy\" decoding=\"async\" width=\"1170\" height=\"780\" src=\"https:\/\/amica.es\/es\/wp-content\/uploads\/2022\/07\/DSC_0751.jpg\" class=\"attachment-full\" alt=\"Fiesta 38 aniversario Amica\" title=\"DSC_0751\" srcset=\"https:\/\/amica.es\/es\/wp-content\/uploads\/2022\/07\/DSC_0751.jpg 1170w, https:\/\/amica.es\/es\/wp-content\/uploads\/2022\/07\/DSC_0751-535x357.jpg 535w, https:\/\/amica.es\/es\/wp-content\/uploads\/2022\/07\/DSC_0751-1024x683.jpg 1024w\" sizes=\"auto, (max-width: 1170px) 100vw, 1170px\" \/><\/a><a class=\"ig_col_4 \" href=\"https:\/\/amica.es\/es\/wp-content\/uploads\/2022\/07\/DSC_0698-1024x683.jpg\"  rel=\"prettyPhoto[rel-730951682]\" ><img loading=\"lazy\" decoding=\"async\" width=\"1170\" height=\"780\" src=\"https:\/\/amica.es\/es\/wp-content\/uploads\/2022\/07\/DSC_0698.jpg\" class=\"attachment-full\" alt=\"Fiesta 38 aniversario Amica\" title=\"DSC_0698\" srcset=\"https:\/\/amica.es\/es\/wp-content\/uploads\/2022\/07\/DSC_0698.jpg 1170w, https:\/\/amica.es\/es\/wp-content\/uploads\/2022\/07\/DSC_0698-535x357.jpg 535w, https:\/\/amica.es\/es\/wp-content\/uploads\/2022\/07\/DSC_0698-1024x683.jpg 1024w\" sizes=\"auto, (max-width: 1170px) 100vw, 1170px\" \/><\/a><a class=\"ig_col_4 \" href=\"https:\/\/amica.es\/es\/wp-content\/uploads\/2022\/07\/DSC_0690-1024x683.jpg\"  rel=\"prettyPhoto[rel-730951682]\" ><img loading=\"lazy\" decoding=\"async\" width=\"1170\" height=\"780\" src=\"https:\/\/amica.es\/es\/wp-content\/uploads\/2022\/07\/DSC_0690.jpg\" class=\"attachment-full\" alt=\"Fiesta 38 aniversario Amica\" title=\"DSC_0690\" srcset=\"https:\/\/amica.es\/es\/wp-content\/uploads\/2022\/07\/DSC_0690.jpg 1170w, https:\/\/amica.es\/es\/wp-content\/uploads\/2022\/07\/DSC_0690-535x357.jpg 535w, https:\/\/amica.es\/es\/wp-content\/uploads\/2022\/07\/DSC_0690-1024x683.jpg 1024w\" sizes=\"auto, (max-width: 1170px) 100vw, 1170px\" \/><\/a><a class=\"ig_col_4 \" href=\"https:\/\/amica.es\/es\/wp-content\/uploads\/2022\/07\/DSC_0686-1024x683.jpg\"  rel=\"prettyPhoto[rel-730951682]\" ><img loading=\"lazy\" decoding=\"async\" width=\"1170\" height=\"780\" src=\"https:\/\/amica.es\/es\/wp-content\/uploads\/2022\/07\/DSC_0686.jpg\" class=\"attachment-full\" alt=\"Fiesta 38 aniversario Amica\" title=\"DSC_0686\" srcset=\"https:\/\/amica.es\/es\/wp-content\/uploads\/2022\/07\/DSC_0686.jpg 1170w, https:\/\/amica.es\/es\/wp-content\/uploads\/2022\/07\/DSC_0686-535x357.jpg 535w, https:\/\/amica.es\/es\/wp-content\/uploads\/2022\/07\/DSC_0686-1024x683.jpg 1024w\" sizes=\"auto, (max-width: 1170px) 100vw, 1170px\" \/><\/a><a class=\"ig_col_4 \" href=\"https:\/\/amica.es\/es\/wp-content\/uploads\/2022\/07\/DSC_0671-1024x683.jpg\"  rel=\"prettyPhoto[rel-730951682]\" ><img loading=\"lazy\" decoding=\"async\" width=\"1170\" height=\"780\" src=\"https:\/\/amica.es\/es\/wp-content\/uploads\/2022\/07\/DSC_0671.jpg\" class=\"attachment-full\" alt=\"Fiesta 38 aniversario Amica\" title=\"DSC_0671\" srcset=\"https:\/\/amica.es\/es\/wp-content\/uploads\/2022\/07\/DSC_0671.jpg 1170w, https:\/\/amica.es\/es\/wp-content\/uploads\/2022\/07\/DSC_0671-535x357.jpg 535w, https:\/\/amica.es\/es\/wp-content\/uploads\/2022\/07\/DSC_0671-1024x683.jpg 1024w\" sizes=\"auto, (max-width: 1170px) 100vw, 1170px\" \/><\/a><\/div>[\/vc_column][\/vc_row]\n<\/div>","protected":false},"excerpt":{"rendered":"<p>El s\u00e1bado 2 de julio celebramos nuestro 38 Aniversario de Amica con una fiesta popular solidaria que tuvo lugar en la plaza de La Llama de Torrelavega Despu\u00e9s de 2 a\u00f1os sin poder reunirnos, el pasado s\u00e1bado nos reencontramos para celebrar la fiesta del 38 aniversario de nuestra asociaci\u00f3n. La tarde estuvo cargada de sorpresas<br \/><a href=\"https:\/\/amica.es\/es\/amica-celebra-su-38-aniversario-con-una-fiesta-multitudinaria\/\" class=\"more\">Read more<\/a><\/p>\n","protected":false},"author":2,"featured_media":14493,"comment_status":"closed","ping_status":"open","sticky":false,"template":"","format":"standard","meta":{"_monsterinsights_skip_tracking":false,"_monsterinsights_sitenote_active":false,"_monsterinsights_sitenote_note":"","_monsterinsights_sitenote_category":0,"_joinchat":[],"footnotes":""},"categories":[27],"tags":[],"class_list":["post-14455","post","type-post","status-publish","format-standard","has-post-thumbnail","hentry","category-noticias-categoria"],"yoast_head":"<!-- This site is optimized with the Yoast SEO plugin v25.6 - https:\/\/yoast.com\/wordpress\/plugins\/seo\/ -->\n<title>Amica celebra su 38 aniversario con una fiesta multitudinaria - Amica - Descubriendo Capacidades<\/title>\n<meta name=\"robots\" content=\"index, follow, max-snippet:-1, max-image-preview:large, max-video-preview:-1\" \/>\n<link rel=\"canonical\" href=\"https:\/\/amica.es\/es\/amica-celebra-su-38-aniversario-con-una-fiesta-multitudinaria\/\" \/>\n<meta property=\"og:locale\" content=\"es_ES\" \/>\n<meta property=\"og:type\" content=\"article\" \/>\n<meta property=\"og:title\" content=\"Amica celebra su 38 aniversario con una fiesta multitudinaria - Amica - Descubriendo Capacidades\" \/>\n<meta property=\"og:description\" content=\"El s\u00e1bado 2 de julio celebramos nuestro 38 Aniversario de Amica con una fiesta popular solidaria que tuvo lugar en la plaza de La Llama de Torrelavega Despu\u00e9s de 2 a\u00f1os sin poder reunirnos, el pasado s\u00e1bado nos reencontramos para celebrar la fiesta del 38 aniversario de nuestra asociaci\u00f3n. La tarde estuvo cargada de sorpresasRead more\" \/>\n<meta property=\"og:url\" content=\"https:\/\/amica.es\/es\/amica-celebra-su-38-aniversario-con-una-fiesta-multitudinaria\/\" \/>\n<meta property=\"og:site_name\" content=\"Amica - Descubriendo Capacidades\" \/>\n<meta property=\"article:publisher\" content=\"https:\/\/www.facebook.com\/amicaasociacion\" \/>\n<meta property=\"article:published_time\" content=\"2022-07-06T06:32:13+00:00\" \/>\n<meta property=\"og:image\" content=\"https:\/\/amica.es\/es\/wp-content\/uploads\/2022\/07\/portada.jpg\" \/>\n\t<meta property=\"og:image:width\" content=\"1600\" \/>\n\t<meta property=\"og:image:height\" content=\"753\" \/>\n\t<meta property=\"og:image:type\" content=\"image\/jpeg\" \/>\n<meta name=\"author\" content=\"Amica\" \/>\n<meta name=\"twitter:card\" content=\"summary_large_image\" \/>\n<meta name=\"twitter:creator\" content=\"@asociacionamica\" \/>\n<meta name=\"twitter:site\" content=\"@asociacionamica\" \/>\n<meta name=\"twitter:label1\" content=\"Escrito por\" \/>\n\t<meta name=\"twitter:data1\" content=\"Amica\" \/>\n\t<meta name=\"twitter:label2\" content=\"Tiempo de lectura\" \/>\n\t<meta name=\"twitter:data2\" content=\"3 minutos\" \/>\n<script type=\"application\/ld+json\" class=\"yoast-schema-graph\">{\"@context\":\"https:\/\/schema.org\",\"@graph\":[{\"@type\":\"Article\",\"@id\":\"https:\/\/amica.es\/es\/amica-celebra-su-38-aniversario-con-una-fiesta-multitudinaria\/#article\",\"isPartOf\":{\"@id\":\"https:\/\/amica.es\/es\/amica-celebra-su-38-aniversario-con-una-fiesta-multitudinaria\/\"},\"author\":{\"name\":\"Amica\",\"@id\":\"https:\/\/amica.es\/es\/#\/schema\/person\/b7e8b0c408a5e87f36a07b01f864b116\"},\"headline\":\"Amica celebra su 38 aniversario con una fiesta multitudinaria\",\"datePublished\":\"2022-07-06T06:32:13+00:00\",\"mainEntityOfPage\":{\"@id\":\"https:\/\/amica.es\/es\/amica-celebra-su-38-aniversario-con-una-fiesta-multitudinaria\/\"},\"wordCount\":517,\"publisher\":{\"@id\":\"https:\/\/amica.es\/es\/#organization\"},\"image\":{\"@id\":\"https:\/\/amica.es\/es\/amica-celebra-su-38-aniversario-con-una-fiesta-multitudinaria\/#primaryimage\"},\"thumbnailUrl\":\"https:\/\/amica.es\/es\/wp-content\/uploads\/2022\/07\/portada.jpg\",\"articleSection\":[\"Noticias\"],\"inLanguage\":\"es\"},{\"@type\":\"WebPage\",\"@id\":\"https:\/\/amica.es\/es\/amica-celebra-su-38-aniversario-con-una-fiesta-multitudinaria\/\",\"url\":\"https:\/\/amica.es\/es\/amica-celebra-su-38-aniversario-con-una-fiesta-multitudinaria\/\",\"name\":\"Amica celebra su 38 aniversario con una fiesta multitudinaria - Amica - Descubriendo Capacidades\",\"isPartOf\":{\"@id\":\"https:\/\/amica.es\/es\/#website\"},\"primaryImageOfPage\":{\"@id\":\"https:\/\/amica.es\/es\/amica-celebra-su-38-aniversario-con-una-fiesta-multitudinaria\/#primaryimage\"},\"image\":{\"@id\":\"https:\/\/amica.es\/es\/amica-celebra-su-38-aniversario-con-una-fiesta-multitudinaria\/#primaryimage\"},\"thumbnailUrl\":\"https:\/\/amica.es\/es\/wp-content\/uploads\/2022\/07\/portada.jpg\",\"datePublished\":\"2022-07-06T06:32:13+00:00\",\"breadcrumb\":{\"@id\":\"https:\/\/amica.es\/es\/amica-celebra-su-38-aniversario-con-una-fiesta-multitudinaria\/#breadcrumb\"},\"inLanguage\":\"es\",\"potentialAction\":[{\"@type\":\"ReadAction\",\"target\":[\"https:\/\/amica.es\/es\/amica-celebra-su-38-aniversario-con-una-fiesta-multitudinaria\/\"]}]},{\"@type\":\"ImageObject\",\"inLanguage\":\"es\",\"@id\":\"https:\/\/amica.es\/es\/amica-celebra-su-38-aniversario-con-una-fiesta-multitudinaria\/#primaryimage\",\"url\":\"https:\/\/amica.es\/es\/wp-content\/uploads\/2022\/07\/portada.jpg\",\"contentUrl\":\"https:\/\/amica.es\/es\/wp-content\/uploads\/2022\/07\/portada.jpg\",\"width\":1600,\"height\":753,\"caption\":\"Fiesta 38 aniversario\"},{\"@type\":\"BreadcrumbList\",\"@id\":\"https:\/\/amica.es\/es\/amica-celebra-su-38-aniversario-con-una-fiesta-multitudinaria\/#breadcrumb\",\"itemListElement\":[{\"@type\":\"ListItem\",\"position\":1,\"name\":\"Portada\",\"item\":\"https:\/\/amica.es\/es\/\"},{\"@type\":\"ListItem\",\"position\":2,\"name\":\"Amica celebra su 38 aniversario con una fiesta multitudinaria\"}]},{\"@type\":\"WebSite\",\"@id\":\"https:\/\/amica.es\/es\/#website\",\"url\":\"https:\/\/amica.es\/es\/\",\"name\":\"Amica - Descubriendo Capacidades\",\"description\":\"Apoyando a personas con discapacidad desde 1984\",\"publisher\":{\"@id\":\"https:\/\/amica.es\/es\/#organization\"},\"potentialAction\":[{\"@type\":\"SearchAction\",\"target\":{\"@type\":\"EntryPoint\",\"urlTemplate\":\"https:\/\/amica.es\/es\/?s={search_term_string}\"},\"query-input\":{\"@type\":\"PropertyValueSpecification\",\"valueRequired\":true,\"valueName\":\"search_term_string\"}}],\"inLanguage\":\"es\"},{\"@type\":\"Organization\",\"@id\":\"https:\/\/amica.es\/es\/#organization\",\"name\":\"Asociaci\u00f3n Amica\",\"url\":\"https:\/\/amica.es\/es\/\",\"logo\":{\"@type\":\"ImageObject\",\"inLanguage\":\"es\",\"@id\":\"https:\/\/amica.es\/es\/#\/schema\/logo\/image\/\",\"url\":\"https:\/\/amica.es\/es\/wp-content\/uploads\/2024\/07\/Amica-Logo.png\",\"contentUrl\":\"https:\/\/amica.es\/es\/wp-content\/uploads\/2024\/07\/Amica-Logo.png\",\"width\":1653,\"height\":577,\"caption\":\"Asociaci\u00f3n Amica\"},\"image\":{\"@id\":\"https:\/\/amica.es\/es\/#\/schema\/logo\/image\/\"},\"sameAs\":[\"https:\/\/www.facebook.com\/amicaasociacion\",\"https:\/\/x.com\/asociacionamica\",\"https:\/\/www.youtube.com\/c\/asociacionamicacantabria\",\"https:\/\/es.linkedin.com\/company\/asociacionamica?trk=similar-companies_org_title\",\"https:\/\/www.instagram.com\/asociacionamica\/\"]},{\"@type\":\"Person\",\"@id\":\"https:\/\/amica.es\/es\/#\/schema\/person\/b7e8b0c408a5e87f36a07b01f864b116\",\"name\":\"Amica\",\"image\":{\"@type\":\"ImageObject\",\"inLanguage\":\"es\",\"@id\":\"https:\/\/amica.es\/es\/#\/schema\/person\/image\/\",\"url\":\"https:\/\/secure.gravatar.com\/avatar\/1c2a67639258ebac6bef8bd3441253734b1d8f61e87e0c96351c701696c455e4?s=96&d=mm&r=g\",\"contentUrl\":\"https:\/\/secure.gravatar.com\/avatar\/1c2a67639258ebac6bef8bd3441253734b1d8f61e87e0c96351c701696c455e4?s=96&d=mm&r=g\",\"caption\":\"Amica\"},\"url\":\"https:\/\/amica.es\/es\/author\/paqamiccapz\/\"}]}<\/script>\n<!-- \/ Yoast SEO plugin. -->","yoast_head_json":{"title":"Amica celebra su 38 aniversario con una fiesta multitudinaria - Amica - Descubriendo Capacidades","robots":{"index":"index","follow":"follow","max-snippet":"max-snippet:-1","max-image-preview":"max-image-preview:large","max-video-preview":"max-video-preview:-1"},"canonical":"https:\/\/amica.es\/es\/amica-celebra-su-38-aniversario-con-una-fiesta-multitudinaria\/","og_locale":"es_ES","og_type":"article","og_title":"Amica celebra su 38 aniversario con una fiesta multitudinaria - Amica - Descubriendo Capacidades","og_description":"El s\u00e1bado 2 de julio celebramos nuestro 38 Aniversario de Amica con una fiesta popular solidaria que tuvo lugar en la plaza de La Llama de Torrelavega Despu\u00e9s de 2 a\u00f1os sin poder reunirnos, el pasado s\u00e1bado nos reencontramos para celebrar la fiesta del 38 aniversario de nuestra asociaci\u00f3n. La tarde estuvo cargada de sorpresasRead more","og_url":"https:\/\/amica.es\/es\/amica-celebra-su-38-aniversario-con-una-fiesta-multitudinaria\/","og_site_name":"Amica - Descubriendo Capacidades","article_publisher":"https:\/\/www.facebook.com\/amicaasociacion","article_published_time":"2022-07-06T06:32:13+00:00","og_image":[{"width":1600,"height":753,"url":"https:\/\/amica.es\/es\/wp-content\/uploads\/2022\/07\/portada.jpg","type":"image\/jpeg"}],"author":"Amica","twitter_card":"summary_large_image","twitter_creator":"@asociacionamica","twitter_site":"@asociacionamica","twitter_misc":{"Escrito por":"Amica","Tiempo de lectura":"3 minutos"},"schema":{"@context":"https:\/\/schema.org","@graph":[{"@type":"Article","@id":"https:\/\/amica.es\/es\/amica-celebra-su-38-aniversario-con-una-fiesta-multitudinaria\/#article","isPartOf":{"@id":"https:\/\/amica.es\/es\/amica-celebra-su-38-aniversario-con-una-fiesta-multitudinaria\/"},"author":{"name":"Amica","@id":"https:\/\/amica.es\/es\/#\/schema\/person\/b7e8b0c408a5e87f36a07b01f864b116"},"headline":"Amica celebra su 38 aniversario con una fiesta multitudinaria","datePublished":"2022-07-06T06:32:13+00:00","mainEntityOfPage":{"@id":"https:\/\/amica.es\/es\/amica-celebra-su-38-aniversario-con-una-fiesta-multitudinaria\/"},"wordCount":517,"publisher":{"@id":"https:\/\/amica.es\/es\/#organization"},"image":{"@id":"https:\/\/amica.es\/es\/amica-celebra-su-38-aniversario-con-una-fiesta-multitudinaria\/#primaryimage"},"thumbnailUrl":"https:\/\/amica.es\/es\/wp-content\/uploads\/2022\/07\/portada.jpg","articleSection":["Noticias"],"inLanguage":"es"},{"@type":"WebPage","@id":"https:\/\/amica.es\/es\/amica-celebra-su-38-aniversario-con-una-fiesta-multitudinaria\/","url":"https:\/\/amica.es\/es\/amica-celebra-su-38-aniversario-con-una-fiesta-multitudinaria\/","name":"Amica celebra su 38 aniversario con una fiesta multitudinaria - Amica - Descubriendo Capacidades","isPartOf":{"@id":"https:\/\/amica.es\/es\/#website"},"primaryImageOfPage":{"@id":"https:\/\/amica.es\/es\/amica-celebra-su-38-aniversario-con-una-fiesta-multitudinaria\/#primaryimage"},"image":{"@id":"https:\/\/amica.es\/es\/amica-celebra-su-38-aniversario-con-una-fiesta-multitudinaria\/#primaryimage"},"thumbnailUrl":"https:\/\/amica.es\/es\/wp-content\/uploads\/2022\/07\/portada.jpg","datePublished":"2022-07-06T06:32:13+00:00","breadcrumb":{"@id":"https:\/\/amica.es\/es\/amica-celebra-su-38-aniversario-con-una-fiesta-multitudinaria\/#breadcrumb"},"inLanguage":"es","potentialAction":[{"@type":"ReadAction","target":["https:\/\/amica.es\/es\/amica-celebra-su-38-aniversario-con-una-fiesta-multitudinaria\/"]}]},{"@type":"ImageObject","inLanguage":"es","@id":"https:\/\/amica.es\/es\/amica-celebra-su-38-aniversario-con-una-fiesta-multitudinaria\/#primaryimage","url":"https:\/\/amica.es\/es\/wp-content\/uploads\/2022\/07\/portada.jpg","contentUrl":"https:\/\/amica.es\/es\/wp-content\/uploads\/2022\/07\/portada.jpg","width":1600,"height":753,"caption":"Fiesta 38 aniversario"},{"@type":"BreadcrumbList","@id":"https:\/\/amica.es\/es\/amica-celebra-su-38-aniversario-con-una-fiesta-multitudinaria\/#breadcrumb","itemListElement":[{"@type":"ListItem","position":1,"name":"Portada","item":"https:\/\/amica.es\/es\/"},{"@type":"ListItem","position":2,"name":"Amica celebra su 38 aniversario con una fiesta multitudinaria"}]},{"@type":"WebSite","@id":"https:\/\/amica.es\/es\/#website","url":"https:\/\/amica.es\/es\/","name":"Amica - Descubriendo Capacidades","description":"Apoyando a personas con discapacidad desde 1984","publisher":{"@id":"https:\/\/amica.es\/es\/#organization"},"potentialAction":[{"@type":"SearchAction","target":{"@type":"EntryPoint","urlTemplate":"https:\/\/amica.es\/es\/?s={search_term_string}"},"query-input":{"@type":"PropertyValueSpecification","valueRequired":true,"valueName":"search_term_string"}}],"inLanguage":"es"},{"@type":"Organization","@id":"https:\/\/amica.es\/es\/#organization","name":"Asociaci\u00f3n Amica","url":"https:\/\/amica.es\/es\/","logo":{"@type":"ImageObject","inLanguage":"es","@id":"https:\/\/amica.es\/es\/#\/schema\/logo\/image\/","url":"https:\/\/amica.es\/es\/wp-content\/uploads\/2024\/07\/Amica-Logo.png","contentUrl":"https:\/\/amica.es\/es\/wp-content\/uploads\/2024\/07\/Amica-Logo.png","width":1653,"height":577,"caption":"Asociaci\u00f3n Amica"},"image":{"@id":"https:\/\/amica.es\/es\/#\/schema\/logo\/image\/"},"sameAs":["https:\/\/www.facebook.com\/amicaasociacion","https:\/\/x.com\/asociacionamica","https:\/\/www.youtube.com\/c\/asociacionamicacantabria","https:\/\/es.linkedin.com\/company\/asociacionamica?trk=similar-companies_org_title","https:\/\/www.instagram.com\/asociacionamica\/"]},{"@type":"Person","@id":"https:\/\/amica.es\/es\/#\/schema\/person\/b7e8b0c408a5e87f36a07b01f864b116","name":"Amica","image":{"@type":"ImageObject","inLanguage":"es","@id":"https:\/\/amica.es\/es\/#\/schema\/person\/image\/","url":"https:\/\/secure.gravatar.com\/avatar\/1c2a67639258ebac6bef8bd3441253734b1d8f61e87e0c96351c701696c455e4?s=96&d=mm&r=g","contentUrl":"https:\/\/secure.gravatar.com\/avatar\/1c2a67639258ebac6bef8bd3441253734b1d8f61e87e0c96351c701696c455e4?s=96&d=mm&r=g","caption":"Amica"},"url":"https:\/\/amica.es\/es\/author\/paqamiccapz\/"}]}},"_links":{"self":[{"href":"https:\/\/amica.es\/es\/wp-json\/wp\/v2\/posts\/14455","targetHints":{"allow":["GET"]}}],"collection":[{"href":"https:\/\/amica.es\/es\/wp-json\/wp\/v2\/posts"}],"about":[{"href":"https:\/\/amica.es\/es\/wp-json\/wp\/v2\/types\/post"}],"author":[{"embeddable":true,"href":"https:\/\/amica.es\/es\/wp-json\/wp\/v2\/users\/2"}],"replies":[{"embeddable":true,"href":"https:\/\/amica.es\/es\/wp-json\/wp\/v2\/comments?post=14455"}],"version-history":[{"count":7,"href":"https:\/\/amica.es\/es\/wp-json\/wp\/v2\/posts\/14455\/revisions"}],"predecessor-version":[{"id":14503,"href":"https:\/\/amica.es\/es\/wp-json\/wp\/v2\/posts\/14455\/revisions\/14503"}],"wp:featuredmedia":[{"embeddable":true,"href":"https:\/\/amica.es\/es\/wp-json\/wp\/v2\/media\/14493"}],"wp:attachment":[{"href":"https:\/\/amica.es\/es\/wp-json\/wp\/v2\/media?parent=14455"}],"wp:term":[{"taxonomy":"category","embeddable":true,"href":"https:\/\/amica.es\/es\/wp-json\/wp\/v2\/categories?post=14455"},{"taxonomy":"post_tag","embeddable":true,"href":"https:\/\/amica.es\/es\/wp-json\/wp\/v2\/tags?post=14455"}],"curies":[{"name":"wp","href":"https:\/\/api.w.org\/{rel}","templated":true}]}}