{"id":14506,"date":"2022-07-06T09:44:11","date_gmt":"2022-07-06T07:44:11","guid":{"rendered":"https:\/\/amica.es\/es\/?p=14506"},"modified":"2022-07-06T09:44:11","modified_gmt":"2022-07-06T07:44:11","slug":"amica-participa-junto-a-cermi-cantabria-en-la-ii-jornada-de-puertas-abiertas-del-hangar-del-aeropuerto","status":"publish","type":"post","link":"https:\/\/amica.es\/es\/amica-participa-junto-a-cermi-cantabria-en-la-ii-jornada-de-puertas-abiertas-del-hangar-del-aeropuerto\/","title":{"rendered":"Amica participa junto a CERMI Cantabria en la II Jornada de Puertas Abiertas del hangar del Aeropuerto"},"content":{"rendered":"<p>La segunda Jornada de Puertas Abiertas del hangar del Aeropuerto Seve Ballesteros de Santander tuvo lugar el pasado 27 de junio y en ella, adem\u00e1s de mostrarnos las instalaciones, los responsables llevaron a cabo varias demostraciones y explicaciones sobre su funcionamiento y la organizaci\u00f3n.<img loading=\"lazy\" decoding=\"async\" class=\"alignright size-medium wp-image-14509\" src=\"https:\/\/amica.es\/es\/wp-content\/uploads\/2022\/07\/1656661910793-169x300.jpg\" alt=\"simulacro rescate\" width=\"169\" height=\"300\" \/><\/p>\n<p>Los rescatadores, un m\u00e9dico y un comandante de vuelo explicaron a todas las personas asistentes tres tipos de rescate y c\u00f3mo se llevan a cabo: el rescate con el helic\u00f3ptero, el mar\u00edtimo en costa y el rescate terrestre o de monta\u00f1a, con una demostraci\u00f3n del funcionamiento del material en cada uno de ellos, incluido el helic\u00f3ptero de rescate. Durante la visita, tambi\u00e9n se realiz\u00f3 una demostraci\u00f3n de cetrer\u00eda por parte del Servicio de Control de Fauna del aeropuerto.<\/p>\n<p>Las personas asistentes de los centros Marisma, Entorno y Sotileza, de Amica disfrutaron mucho de la jornada y pasaron un rato muy agradable compartido con personas de otros centros observando y aprendiendo las distintas labores que se realizan en el aeropuerto.<\/p>\n<p>Esta acci\u00f3n se enmarca dentro del convenio de colaboraci\u00f3n que CERMI Cantabria tiene con Protecci\u00f3n Civil, firmado en 2017 y por el que ya se han celebrado varias acciones de este tipo, organizadas por la consejer\u00eda de Presidencia, Interior, Justicia y Acci\u00f3n Exterior del Gobierno de Cantabria.<\/p>\n<p>En esta segunda visita han estado presentes la Consejera de Presidencia, Interior, Justicia y Acci\u00f3n Exterior, Paula Fern\u00e1ndez, as\u00ed como la Directora General de Interior, Jezabel Mor\u00e1n y la Subdirectora General de Interior, M\u00f3nica Escobedo, junto con el Director del Aeropuerto, Bienvenido Rico. Junto a ellos, representando a CERMI Cantabria, Gonzalo L\u00f3pez.<\/p>\n","protected":false},"excerpt":{"rendered":"<p>La segunda Jornada de Puertas Abiertas del hangar del Aeropuerto Seve Ballesteros de Santander tuvo lugar el pasado 27 de junio y en ella, adem\u00e1s de mostrarnos las instalaciones, los responsables llevaron a cabo varias demostraciones y explicaciones sobre su funcionamiento y la organizaci\u00f3n. Los rescatadores, un m\u00e9dico y un comandante de vuelo explicaron a<br \/><a href=\"https:\/\/amica.es\/es\/amica-participa-junto-a-cermi-cantabria-en-la-ii-jornada-de-puertas-abiertas-del-hangar-del-aeropuerto\/\" class=\"more\">Read more<\/a><\/p>\n","protected":false},"author":2,"featured_media":14507,"comment_status":"closed","ping_status":"open","sticky":false,"template":"","format":"standard","meta":{"_monsterinsights_skip_tracking":false,"_monsterinsights_sitenote_active":false,"_monsterinsights_sitenote_note":"","_monsterinsights_sitenote_category":0,"_joinchat":[],"footnotes":""},"categories":[27],"tags":[87,92,91,94,88,93,89,90,95,86],"class_list":["post-14506","post","type-post","status-publish","format-standard","has-post-thumbnail","hentry","category-noticias-categoria","tag-aeropuerto","tag-amica","tag-cermi","tag-entorno","tag-hangar","tag-marisma","tag-santander","tag-seve-ballesteros","tag-sotileza","tag-visita"],"yoast_head":"<!-- This site is optimized with the Yoast SEO plugin v25.6 - https:\/\/yoast.com\/wordpress\/plugins\/seo\/ -->\n<title>Amica participa junto a CERMI Cantabria en la II Jornada de Puertas Abiertas del hangar del Aeropuerto - Amica - Descubriendo Capacidades<\/title>\n<meta name=\"robots\" content=\"index, follow, max-snippet:-1, max-image-preview:large, max-video-preview:-1\" \/>\n<link rel=\"canonical\" href=\"https:\/\/amica.es\/es\/amica-participa-junto-a-cermi-cantabria-en-la-ii-jornada-de-puertas-abiertas-del-hangar-del-aeropuerto\/\" \/>\n<meta property=\"og:locale\" content=\"es_ES\" \/>\n<meta property=\"og:type\" content=\"article\" \/>\n<meta property=\"og:title\" content=\"Amica participa junto a CERMI Cantabria en la II Jornada de Puertas Abiertas del hangar del Aeropuerto - Amica - Descubriendo Capacidades\" \/>\n<meta property=\"og:description\" content=\"La segunda Jornada de Puertas Abiertas del hangar del Aeropuerto Seve Ballesteros de Santander tuvo lugar el pasado 27 de junio y en ella, adem\u00e1s de mostrarnos las instalaciones, los responsables llevaron a cabo varias demostraciones y explicaciones sobre su funcionamiento y la organizaci\u00f3n. Los rescatadores, un m\u00e9dico y un comandante de vuelo explicaron aRead more\" \/>\n<meta property=\"og:url\" content=\"https:\/\/amica.es\/es\/amica-participa-junto-a-cermi-cantabria-en-la-ii-jornada-de-puertas-abiertas-del-hangar-del-aeropuerto\/\" \/>\n<meta property=\"og:site_name\" content=\"Amica - Descubriendo Capacidades\" \/>\n<meta property=\"article:publisher\" content=\"https:\/\/www.facebook.com\/amicaasociacion\" \/>\n<meta property=\"article:published_time\" content=\"2022-07-06T07:44:11+00:00\" \/>\n<meta property=\"og:image\" content=\"https:\/\/amica.es\/es\/wp-content\/uploads\/2022\/07\/foto-hangar.jpg\" \/>\n\t<meta property=\"og:image:width\" content=\"1600\" \/>\n\t<meta property=\"og:image:height\" content=\"1200\" \/>\n\t<meta property=\"og:image:type\" content=\"image\/jpeg\" \/>\n<meta name=\"author\" content=\"Amica\" \/>\n<meta name=\"twitter:card\" content=\"summary_large_image\" \/>\n<meta name=\"twitter:creator\" content=\"@asociacionamica\" \/>\n<meta name=\"twitter:site\" content=\"@asociacionamica\" \/>\n<meta name=\"twitter:label1\" content=\"Escrito por\" \/>\n\t<meta name=\"twitter:data1\" content=\"Amica\" \/>\n\t<meta name=\"twitter:label2\" content=\"Tiempo de lectura\" \/>\n\t<meta name=\"twitter:data2\" content=\"1 minuto\" \/>\n<script type=\"application\/ld+json\" class=\"yoast-schema-graph\">{\"@context\":\"https:\/\/schema.org\",\"@graph\":[{\"@type\":\"Article\",\"@id\":\"https:\/\/amica.es\/es\/amica-participa-junto-a-cermi-cantabria-en-la-ii-jornada-de-puertas-abiertas-del-hangar-del-aeropuerto\/#article\",\"isPartOf\":{\"@id\":\"https:\/\/amica.es\/es\/amica-participa-junto-a-cermi-cantabria-en-la-ii-jornada-de-puertas-abiertas-del-hangar-del-aeropuerto\/\"},\"author\":{\"name\":\"Amica\",\"@id\":\"https:\/\/amica.es\/es\/#\/schema\/person\/b7e8b0c408a5e87f36a07b01f864b116\"},\"headline\":\"Amica participa junto a CERMI Cantabria en la II Jornada de Puertas Abiertas del hangar del Aeropuerto\",\"datePublished\":\"2022-07-06T07:44:11+00:00\",\"mainEntityOfPage\":{\"@id\":\"https:\/\/amica.es\/es\/amica-participa-junto-a-cermi-cantabria-en-la-ii-jornada-de-puertas-abiertas-del-hangar-del-aeropuerto\/\"},\"wordCount\":299,\"publisher\":{\"@id\":\"https:\/\/amica.es\/es\/#organization\"},\"image\":{\"@id\":\"https:\/\/amica.es\/es\/amica-participa-junto-a-cermi-cantabria-en-la-ii-jornada-de-puertas-abiertas-del-hangar-del-aeropuerto\/#primaryimage\"},\"thumbnailUrl\":\"https:\/\/amica.es\/es\/wp-content\/uploads\/2022\/07\/foto-hangar.jpg\",\"keywords\":[\"aeropuerto\",\"Amica\",\"CERMI\",\"Entorno\",\"hangar\",\"Marisma\",\"Santander\",\"Seve Ballesteros\",\"Sotileza\",\"visita\"],\"articleSection\":[\"Noticias\"],\"inLanguage\":\"es\"},{\"@type\":\"WebPage\",\"@id\":\"https:\/\/amica.es\/es\/amica-participa-junto-a-cermi-cantabria-en-la-ii-jornada-de-puertas-abiertas-del-hangar-del-aeropuerto\/\",\"url\":\"https:\/\/amica.es\/es\/amica-participa-junto-a-cermi-cantabria-en-la-ii-jornada-de-puertas-abiertas-del-hangar-del-aeropuerto\/\",\"name\":\"Amica participa junto a CERMI Cantabria en la II Jornada de Puertas Abiertas del hangar del Aeropuerto - Amica - Descubriendo Capacidades\",\"isPartOf\":{\"@id\":\"https:\/\/amica.es\/es\/#website\"},\"primaryImageOfPage\":{\"@id\":\"https:\/\/amica.es\/es\/amica-participa-junto-a-cermi-cantabria-en-la-ii-jornada-de-puertas-abiertas-del-hangar-del-aeropuerto\/#primaryimage\"},\"image\":{\"@id\":\"https:\/\/amica.es\/es\/amica-participa-junto-a-cermi-cantabria-en-la-ii-jornada-de-puertas-abiertas-del-hangar-del-aeropuerto\/#primaryimage\"},\"thumbnailUrl\":\"https:\/\/amica.es\/es\/wp-content\/uploads\/2022\/07\/foto-hangar.jpg\",\"datePublished\":\"2022-07-06T07:44:11+00:00\",\"breadcrumb\":{\"@id\":\"https:\/\/amica.es\/es\/amica-participa-junto-a-cermi-cantabria-en-la-ii-jornada-de-puertas-abiertas-del-hangar-del-aeropuerto\/#breadcrumb\"},\"inLanguage\":\"es\",\"potentialAction\":[{\"@type\":\"ReadAction\",\"target\":[\"https:\/\/amica.es\/es\/amica-participa-junto-a-cermi-cantabria-en-la-ii-jornada-de-puertas-abiertas-del-hangar-del-aeropuerto\/\"]}]},{\"@type\":\"ImageObject\",\"inLanguage\":\"es\",\"@id\":\"https:\/\/amica.es\/es\/amica-participa-junto-a-cermi-cantabria-en-la-ii-jornada-de-puertas-abiertas-del-hangar-del-aeropuerto\/#primaryimage\",\"url\":\"https:\/\/amica.es\/es\/wp-content\/uploads\/2022\/07\/foto-hangar.jpg\",\"contentUrl\":\"https:\/\/amica.es\/es\/wp-content\/uploads\/2022\/07\/foto-hangar.jpg\",\"width\":1600,\"height\":1200,\"caption\":\"foto de grupo hangar aeropuerto\"},{\"@type\":\"BreadcrumbList\",\"@id\":\"https:\/\/amica.es\/es\/amica-participa-junto-a-cermi-cantabria-en-la-ii-jornada-de-puertas-abiertas-del-hangar-del-aeropuerto\/#breadcrumb\",\"itemListElement\":[{\"@type\":\"ListItem\",\"position\":1,\"name\":\"Portada\",\"item\":\"https:\/\/amica.es\/es\/\"},{\"@type\":\"ListItem\",\"position\":2,\"name\":\"Amica participa junto a CERMI Cantabria en la II Jornada de Puertas Abiertas del hangar del Aeropuerto\"}]},{\"@type\":\"WebSite\",\"@id\":\"https:\/\/amica.es\/es\/#website\",\"url\":\"https:\/\/amica.es\/es\/\",\"name\":\"Amica - Descubriendo Capacidades\",\"description\":\"Apoyando a personas con discapacidad desde 1984\",\"publisher\":{\"@id\":\"https:\/\/amica.es\/es\/#organization\"},\"potentialAction\":[{\"@type\":\"SearchAction\",\"target\":{\"@type\":\"EntryPoint\",\"urlTemplate\":\"https:\/\/amica.es\/es\/?s={search_term_string}\"},\"query-input\":{\"@type\":\"PropertyValueSpecification\",\"valueRequired\":true,\"valueName\":\"search_term_string\"}}],\"inLanguage\":\"es\"},{\"@type\":\"Organization\",\"@id\":\"https:\/\/amica.es\/es\/#organization\",\"name\":\"Asociaci\u00f3n Amica\",\"url\":\"https:\/\/amica.es\/es\/\",\"logo\":{\"@type\":\"ImageObject\",\"inLanguage\":\"es\",\"@id\":\"https:\/\/amica.es\/es\/#\/schema\/logo\/image\/\",\"url\":\"https:\/\/amica.es\/es\/wp-content\/uploads\/2024\/07\/Amica-Logo.png\",\"contentUrl\":\"https:\/\/amica.es\/es\/wp-content\/uploads\/2024\/07\/Amica-Logo.png\",\"width\":1653,\"height\":577,\"caption\":\"Asociaci\u00f3n Amica\"},\"image\":{\"@id\":\"https:\/\/amica.es\/es\/#\/schema\/logo\/image\/\"},\"sameAs\":[\"https:\/\/www.facebook.com\/amicaasociacion\",\"https:\/\/x.com\/asociacionamica\",\"https:\/\/www.youtube.com\/c\/asociacionamicacantabria\",\"https:\/\/es.linkedin.com\/company\/asociacionamica?trk=similar-companies_org_title\",\"https:\/\/www.instagram.com\/asociacionamica\/\"]},{\"@type\":\"Person\",\"@id\":\"https:\/\/amica.es\/es\/#\/schema\/person\/b7e8b0c408a5e87f36a07b01f864b116\",\"name\":\"Amica\",\"image\":{\"@type\":\"ImageObject\",\"inLanguage\":\"es\",\"@id\":\"https:\/\/amica.es\/es\/#\/schema\/person\/image\/\",\"url\":\"https:\/\/secure.gravatar.com\/avatar\/1c2a67639258ebac6bef8bd3441253734b1d8f61e87e0c96351c701696c455e4?s=96&d=mm&r=g\",\"contentUrl\":\"https:\/\/secure.gravatar.com\/avatar\/1c2a67639258ebac6bef8bd3441253734b1d8f61e87e0c96351c701696c455e4?s=96&d=mm&r=g\",\"caption\":\"Amica\"},\"url\":\"https:\/\/amica.es\/es\/author\/paqamiccapz\/\"}]}<\/script>\n<!-- \/ Yoast SEO plugin. -->","yoast_head_json":{"title":"Amica participa junto a CERMI Cantabria en la II Jornada de Puertas Abiertas del hangar del Aeropuerto - Amica - Descubriendo Capacidades","robots":{"index":"index","follow":"follow","max-snippet":"max-snippet:-1","max-image-preview":"max-image-preview:large","max-video-preview":"max-video-preview:-1"},"canonical":"https:\/\/amica.es\/es\/amica-participa-junto-a-cermi-cantabria-en-la-ii-jornada-de-puertas-abiertas-del-hangar-del-aeropuerto\/","og_locale":"es_ES","og_type":"article","og_title":"Amica participa junto a CERMI Cantabria en la II Jornada de Puertas Abiertas del hangar del Aeropuerto - Amica - Descubriendo Capacidades","og_description":"La segunda Jornada de Puertas Abiertas del hangar del Aeropuerto Seve Ballesteros de Santander tuvo lugar el pasado 27 de junio y en ella, adem\u00e1s de mostrarnos las instalaciones, los responsables llevaron a cabo varias demostraciones y explicaciones sobre su funcionamiento y la organizaci\u00f3n. Los rescatadores, un m\u00e9dico y un comandante de vuelo explicaron aRead more","og_url":"https:\/\/amica.es\/es\/amica-participa-junto-a-cermi-cantabria-en-la-ii-jornada-de-puertas-abiertas-del-hangar-del-aeropuerto\/","og_site_name":"Amica - Descubriendo Capacidades","article_publisher":"https:\/\/www.facebook.com\/amicaasociacion","article_published_time":"2022-07-06T07:44:11+00:00","og_image":[{"width":1600,"height":1200,"url":"https:\/\/amica.es\/es\/wp-content\/uploads\/2022\/07\/foto-hangar.jpg","type":"image\/jpeg"}],"author":"Amica","twitter_card":"summary_large_image","twitter_creator":"@asociacionamica","twitter_site":"@asociacionamica","twitter_misc":{"Escrito por":"Amica","Tiempo de lectura":"1 minuto"},"schema":{"@context":"https:\/\/schema.org","@graph":[{"@type":"Article","@id":"https:\/\/amica.es\/es\/amica-participa-junto-a-cermi-cantabria-en-la-ii-jornada-de-puertas-abiertas-del-hangar-del-aeropuerto\/#article","isPartOf":{"@id":"https:\/\/amica.es\/es\/amica-participa-junto-a-cermi-cantabria-en-la-ii-jornada-de-puertas-abiertas-del-hangar-del-aeropuerto\/"},"author":{"name":"Amica","@id":"https:\/\/amica.es\/es\/#\/schema\/person\/b7e8b0c408a5e87f36a07b01f864b116"},"headline":"Amica participa junto a CERMI Cantabria en la II Jornada de Puertas Abiertas del hangar del Aeropuerto","datePublished":"2022-07-06T07:44:11+00:00","mainEntityOfPage":{"@id":"https:\/\/amica.es\/es\/amica-participa-junto-a-cermi-cantabria-en-la-ii-jornada-de-puertas-abiertas-del-hangar-del-aeropuerto\/"},"wordCount":299,"publisher":{"@id":"https:\/\/amica.es\/es\/#organization"},"image":{"@id":"https:\/\/amica.es\/es\/amica-participa-junto-a-cermi-cantabria-en-la-ii-jornada-de-puertas-abiertas-del-hangar-del-aeropuerto\/#primaryimage"},"thumbnailUrl":"https:\/\/amica.es\/es\/wp-content\/uploads\/2022\/07\/foto-hangar.jpg","keywords":["aeropuerto","Amica","CERMI","Entorno","hangar","Marisma","Santander","Seve Ballesteros","Sotileza","visita"],"articleSection":["Noticias"],"inLanguage":"es"},{"@type":"WebPage","@id":"https:\/\/amica.es\/es\/amica-participa-junto-a-cermi-cantabria-en-la-ii-jornada-de-puertas-abiertas-del-hangar-del-aeropuerto\/","url":"https:\/\/amica.es\/es\/amica-participa-junto-a-cermi-cantabria-en-la-ii-jornada-de-puertas-abiertas-del-hangar-del-aeropuerto\/","name":"Amica participa junto a CERMI Cantabria en la II Jornada de Puertas Abiertas del hangar del Aeropuerto - Amica - Descubriendo Capacidades","isPartOf":{"@id":"https:\/\/amica.es\/es\/#website"},"primaryImageOfPage":{"@id":"https:\/\/amica.es\/es\/amica-participa-junto-a-cermi-cantabria-en-la-ii-jornada-de-puertas-abiertas-del-hangar-del-aeropuerto\/#primaryimage"},"image":{"@id":"https:\/\/amica.es\/es\/amica-participa-junto-a-cermi-cantabria-en-la-ii-jornada-de-puertas-abiertas-del-hangar-del-aeropuerto\/#primaryimage"},"thumbnailUrl":"https:\/\/amica.es\/es\/wp-content\/uploads\/2022\/07\/foto-hangar.jpg","datePublished":"2022-07-06T07:44:11+00:00","breadcrumb":{"@id":"https:\/\/amica.es\/es\/amica-participa-junto-a-cermi-cantabria-en-la-ii-jornada-de-puertas-abiertas-del-hangar-del-aeropuerto\/#breadcrumb"},"inLanguage":"es","potentialAction":[{"@type":"ReadAction","target":["https:\/\/amica.es\/es\/amica-participa-junto-a-cermi-cantabria-en-la-ii-jornada-de-puertas-abiertas-del-hangar-del-aeropuerto\/"]}]},{"@type":"ImageObject","inLanguage":"es","@id":"https:\/\/amica.es\/es\/amica-participa-junto-a-cermi-cantabria-en-la-ii-jornada-de-puertas-abiertas-del-hangar-del-aeropuerto\/#primaryimage","url":"https:\/\/amica.es\/es\/wp-content\/uploads\/2022\/07\/foto-hangar.jpg","contentUrl":"https:\/\/amica.es\/es\/wp-content\/uploads\/2022\/07\/foto-hangar.jpg","width":1600,"height":1200,"caption":"foto de grupo hangar aeropuerto"},{"@type":"BreadcrumbList","@id":"https:\/\/amica.es\/es\/amica-participa-junto-a-cermi-cantabria-en-la-ii-jornada-de-puertas-abiertas-del-hangar-del-aeropuerto\/#breadcrumb","itemListElement":[{"@type":"ListItem","position":1,"name":"Portada","item":"https:\/\/amica.es\/es\/"},{"@type":"ListItem","position":2,"name":"Amica participa junto a CERMI Cantabria en la II Jornada de Puertas Abiertas del hangar del Aeropuerto"}]},{"@type":"WebSite","@id":"https:\/\/amica.es\/es\/#website","url":"https:\/\/amica.es\/es\/","name":"Amica - Descubriendo Capacidades","description":"Apoyando a personas con discapacidad desde 1984","publisher":{"@id":"https:\/\/amica.es\/es\/#organization"},"potentialAction":[{"@type":"SearchAction","target":{"@type":"EntryPoint","urlTemplate":"https:\/\/amica.es\/es\/?s={search_term_string}"},"query-input":{"@type":"PropertyValueSpecification","valueRequired":true,"valueName":"search_term_string"}}],"inLanguage":"es"},{"@type":"Organization","@id":"https:\/\/amica.es\/es\/#organization","name":"Asociaci\u00f3n Amica","url":"https:\/\/amica.es\/es\/","logo":{"@type":"ImageObject","inLanguage":"es","@id":"https:\/\/amica.es\/es\/#\/schema\/logo\/image\/","url":"https:\/\/amica.es\/es\/wp-content\/uploads\/2024\/07\/Amica-Logo.png","contentUrl":"https:\/\/amica.es\/es\/wp-content\/uploads\/2024\/07\/Amica-Logo.png","width":1653,"height":577,"caption":"Asociaci\u00f3n Amica"},"image":{"@id":"https:\/\/amica.es\/es\/#\/schema\/logo\/image\/"},"sameAs":["https:\/\/www.facebook.com\/amicaasociacion","https:\/\/x.com\/asociacionamica","https:\/\/www.youtube.com\/c\/asociacionamicacantabria","https:\/\/es.linkedin.com\/company\/asociacionamica?trk=similar-companies_org_title","https:\/\/www.instagram.com\/asociacionamica\/"]},{"@type":"Person","@id":"https:\/\/amica.es\/es\/#\/schema\/person\/b7e8b0c408a5e87f36a07b01f864b116","name":"Amica","image":{"@type":"ImageObject","inLanguage":"es","@id":"https:\/\/amica.es\/es\/#\/schema\/person\/image\/","url":"https:\/\/secure.gravatar.com\/avatar\/1c2a67639258ebac6bef8bd3441253734b1d8f61e87e0c96351c701696c455e4?s=96&d=mm&r=g","contentUrl":"https:\/\/secure.gravatar.com\/avatar\/1c2a67639258ebac6bef8bd3441253734b1d8f61e87e0c96351c701696c455e4?s=96&d=mm&r=g","caption":"Amica"},"url":"https:\/\/amica.es\/es\/author\/paqamiccapz\/"}]}},"_links":{"self":[{"href":"https:\/\/amica.es\/es\/wp-json\/wp\/v2\/posts\/14506","targetHints":{"allow":["GET"]}}],"collection":[{"href":"https:\/\/amica.es\/es\/wp-json\/wp\/v2\/posts"}],"about":[{"href":"https:\/\/amica.es\/es\/wp-json\/wp\/v2\/types\/post"}],"author":[{"embeddable":true,"href":"https:\/\/amica.es\/es\/wp-json\/wp\/v2\/users\/2"}],"replies":[{"embeddable":true,"href":"https:\/\/amica.es\/es\/wp-json\/wp\/v2\/comments?post=14506"}],"version-history":[{"count":1,"href":"https:\/\/amica.es\/es\/wp-json\/wp\/v2\/posts\/14506\/revisions"}],"predecessor-version":[{"id":14510,"href":"https:\/\/amica.es\/es\/wp-json\/wp\/v2\/posts\/14506\/revisions\/14510"}],"wp:featuredmedia":[{"embeddable":true,"href":"https:\/\/amica.es\/es\/wp-json\/wp\/v2\/media\/14507"}],"wp:attachment":[{"href":"https:\/\/amica.es\/es\/wp-json\/wp\/v2\/media?parent=14506"}],"wp:term":[{"taxonomy":"category","embeddable":true,"href":"https:\/\/amica.es\/es\/wp-json\/wp\/v2\/categories?post=14506"},{"taxonomy":"post_tag","embeddable":true,"href":"https:\/\/amica.es\/es\/wp-json\/wp\/v2\/tags?post=14506"}],"curies":[{"name":"wp","href":"https:\/\/api.w.org\/{rel}","templated":true}]}}