{"id":1494,"date":"2017-10-10T20:19:56","date_gmt":"2017-10-10T20:19:56","guid":{"rendered":"http:\/\/amica.es\/es\/?p=1494"},"modified":"2017-10-09T17:12:08","modified_gmt":"2017-10-09T17:12:08","slug":"jornada-asistencia-personal-una-figura-desconocida","status":"publish","type":"post","link":"https:\/\/amica.es\/es\/jornada-asistencia-personal-una-figura-desconocida\/","title":{"rendered":"Jornada \u201cAsistencia personal, una figura desconocida\u201d"},"content":{"rendered":"<p>8 de octubre de 2017<\/p>\n<p>COCEMFE Cantabria, la Federaci\u00f3n C\u00e1ntabra de Personas con Discapacidad F\u00edsica y Org\u00e1nica, nos invita a participar en la jornada \u201cAsistencia personal, una figura desconocida\u201d.<\/p>\n<p>En este encuentro se abordar\u00e1 la figura del asistente personal desde varias perspectivas; por un lado la normativa, donde conoceremos los procesos de implantaci\u00f3n progresiva de esta figura en otras comunidades aut\u00f3nomas y por otro lado la pr\u00e1ctica, en la que obtendremos de primera mano las vivencias de sus protagonistas.<\/p>\n<p>Fecha y horario: martes 24 de octubre a las 09:00 horas.<\/p>\n<p>Lugar: Centro CASYC, <a href=\"https:\/\/maps.google.com\/?q=Calle+Tant%C3%ADn+25,+Santander&amp;entry=gmail&amp;source=g\">Calle Tant\u00edn 25, Santander<\/a><\/p>\n<p><strong>\u00a0<\/strong><strong>INSCRIPCI\u00d3N<\/strong><\/p>\n<p>El acceso es libre y gratuito, previa inscripci\u00f3n. Para ello se deber\u00e1 enviar un correo a:<a href=\"mailto:cocemfe@cocemfecantabria.org\">cocemfe@cocemfecantabria.org<\/a> indicando nombre, apellidos, direcci\u00f3n de correo electr\u00f3nico y entidad u organizaci\u00f3n a la que pertenece (si es el caso) o a trav\u00e9s del tel\u00e9fono: <strong>942 32 36 09<\/strong>.<\/p>\n<p>Las plazas son limitadas, por favor realiza tu inscripci\u00f3n lo antes posible para asegurar tu plaza.<\/p>\n<p>Adjuntamos el programa del acto y agradecemos su ayuda con la difusi\u00f3n.<\/p>\n<p><a href=\"http:\/\/www.cocemfecantabria.org\/apuntate-a-nuestra-jornada-asistencia-personal-una-figura-desconocida\/\">Para m\u00e1s informaci\u00f3n consultar nuestra p\u00e1gina web<\/a><\/p>\n","protected":false},"excerpt":{"rendered":"<p>8 de octubre de 2017 COCEMFE Cantabria, la Federaci\u00f3n C\u00e1ntabra de Personas con Discapacidad F\u00edsica y Org\u00e1nica, nos invita a participar en la jornada \u201cAsistencia personal, una figura desconocida\u201d. En este encuentro se abordar\u00e1 la figura del asistente personal desde varias perspectivas; por un lado la normativa, donde conoceremos los procesos de implantaci\u00f3n progresiva de<br \/><a href=\"https:\/\/amica.es\/es\/jornada-asistencia-personal-una-figura-desconocida\/\" class=\"more\">Read more<\/a><\/p>\n","protected":false},"author":1,"featured_media":1495,"comment_status":"open","ping_status":"open","sticky":false,"template":"","format":"standard","meta":{"_monsterinsights_skip_tracking":false,"_monsterinsights_sitenote_active":false,"_monsterinsights_sitenote_note":"","_monsterinsights_sitenote_category":0,"_joinchat":[],"footnotes":""},"categories":[27],"tags":[],"class_list":["post-1494","post","type-post","status-publish","format-standard","has-post-thumbnail","hentry","category-noticias-categoria"],"yoast_head":"<!-- This site is optimized with the Yoast SEO plugin v25.6 - https:\/\/yoast.com\/wordpress\/plugins\/seo\/ -->\n<title>Jornada \u201cAsistencia personal, una figura desconocida\u201d - Amica - Descubriendo Capacidades<\/title>\n<meta name=\"robots\" content=\"index, follow, max-snippet:-1, max-image-preview:large, max-video-preview:-1\" \/>\n<link rel=\"canonical\" href=\"https:\/\/amica.es\/es\/jornada-asistencia-personal-una-figura-desconocida\/\" \/>\n<meta property=\"og:locale\" content=\"es_ES\" \/>\n<meta property=\"og:type\" content=\"article\" \/>\n<meta property=\"og:title\" content=\"Jornada \u201cAsistencia personal, una figura desconocida\u201d - Amica - Descubriendo Capacidades\" \/>\n<meta property=\"og:description\" content=\"8 de octubre de 2017 COCEMFE Cantabria, la Federaci\u00f3n C\u00e1ntabra de Personas con Discapacidad F\u00edsica y Org\u00e1nica, nos invita a participar en la jornada \u201cAsistencia personal, una figura desconocida\u201d. En este encuentro se abordar\u00e1 la figura del asistente personal desde varias perspectivas; por un lado la normativa, donde conoceremos los procesos de implantaci\u00f3n progresiva deRead more\" \/>\n<meta property=\"og:url\" content=\"https:\/\/amica.es\/es\/jornada-asistencia-personal-una-figura-desconocida\/\" \/>\n<meta property=\"og:site_name\" content=\"Amica - Descubriendo Capacidades\" \/>\n<meta property=\"article:publisher\" content=\"https:\/\/www.facebook.com\/amicaasociacion\" \/>\n<meta property=\"article:published_time\" content=\"2017-10-10T20:19:56+00:00\" \/>\n<meta property=\"og:image\" content=\"https:\/\/amica.es\/es\/wp-content\/uploads\/2017\/10\/CARTEL-JORNADA-ASISTENTE-PERSONAL-700x495.jpg\" \/>\n\t<meta property=\"og:image:width\" content=\"700\" \/>\n\t<meta property=\"og:image:height\" content=\"495\" \/>\n\t<meta property=\"og:image:type\" content=\"image\/jpeg\" \/>\n<meta name=\"author\" content=\"Amica\" \/>\n<meta name=\"twitter:card\" content=\"summary_large_image\" \/>\n<meta name=\"twitter:creator\" content=\"@asociacionamica\" \/>\n<meta name=\"twitter:site\" content=\"@asociacionamica\" \/>\n<meta name=\"twitter:label1\" content=\"Escrito por\" \/>\n\t<meta name=\"twitter:data1\" content=\"Amica\" \/>\n\t<meta name=\"twitter:label2\" content=\"Tiempo de lectura\" \/>\n\t<meta name=\"twitter:data2\" content=\"1 minuto\" \/>\n<script type=\"application\/ld+json\" class=\"yoast-schema-graph\">{\"@context\":\"https:\/\/schema.org\",\"@graph\":[{\"@type\":\"Article\",\"@id\":\"https:\/\/amica.es\/es\/jornada-asistencia-personal-una-figura-desconocida\/#article\",\"isPartOf\":{\"@id\":\"https:\/\/amica.es\/es\/jornada-asistencia-personal-una-figura-desconocida\/\"},\"author\":{\"name\":\"Amica\",\"@id\":\"https:\/\/amica.es\/es\/#\/schema\/person\/3cd2092cb91816a2341c0113d3e18515\"},\"headline\":\"Jornada \u201cAsistencia personal, una figura desconocida\u201d\",\"datePublished\":\"2017-10-10T20:19:56+00:00\",\"mainEntityOfPage\":{\"@id\":\"https:\/\/amica.es\/es\/jornada-asistencia-personal-una-figura-desconocida\/\"},\"wordCount\":197,\"commentCount\":1,\"publisher\":{\"@id\":\"https:\/\/amica.es\/es\/#organization\"},\"image\":{\"@id\":\"https:\/\/amica.es\/es\/jornada-asistencia-personal-una-figura-desconocida\/#primaryimage\"},\"thumbnailUrl\":\"https:\/\/amica.es\/es\/wp-content\/uploads\/2017\/10\/CARTEL-JORNADA-ASISTENTE-PERSONAL-700x495.jpg\",\"articleSection\":[\"Noticias\"],\"inLanguage\":\"es\",\"potentialAction\":[{\"@type\":\"CommentAction\",\"name\":\"Comment\",\"target\":[\"https:\/\/amica.es\/es\/jornada-asistencia-personal-una-figura-desconocida\/#respond\"]}]},{\"@type\":\"WebPage\",\"@id\":\"https:\/\/amica.es\/es\/jornada-asistencia-personal-una-figura-desconocida\/\",\"url\":\"https:\/\/amica.es\/es\/jornada-asistencia-personal-una-figura-desconocida\/\",\"name\":\"Jornada \u201cAsistencia personal, una figura desconocida\u201d - Amica - Descubriendo Capacidades\",\"isPartOf\":{\"@id\":\"https:\/\/amica.es\/es\/#website\"},\"primaryImageOfPage\":{\"@id\":\"https:\/\/amica.es\/es\/jornada-asistencia-personal-una-figura-desconocida\/#primaryimage\"},\"image\":{\"@id\":\"https:\/\/amica.es\/es\/jornada-asistencia-personal-una-figura-desconocida\/#primaryimage\"},\"thumbnailUrl\":\"https:\/\/amica.es\/es\/wp-content\/uploads\/2017\/10\/CARTEL-JORNADA-ASISTENTE-PERSONAL-700x495.jpg\",\"datePublished\":\"2017-10-10T20:19:56+00:00\",\"breadcrumb\":{\"@id\":\"https:\/\/amica.es\/es\/jornada-asistencia-personal-una-figura-desconocida\/#breadcrumb\"},\"inLanguage\":\"es\",\"potentialAction\":[{\"@type\":\"ReadAction\",\"target\":[\"https:\/\/amica.es\/es\/jornada-asistencia-personal-una-figura-desconocida\/\"]}]},{\"@type\":\"ImageObject\",\"inLanguage\":\"es\",\"@id\":\"https:\/\/amica.es\/es\/jornada-asistencia-personal-una-figura-desconocida\/#primaryimage\",\"url\":\"https:\/\/amica.es\/es\/wp-content\/uploads\/2017\/10\/CARTEL-JORNADA-ASISTENTE-PERSONAL-700x495.jpg\",\"contentUrl\":\"https:\/\/amica.es\/es\/wp-content\/uploads\/2017\/10\/CARTEL-JORNADA-ASISTENTE-PERSONAL-700x495.jpg\",\"width\":700,\"height\":495,\"caption\":\"Jornadas asistente personal\"},{\"@type\":\"BreadcrumbList\",\"@id\":\"https:\/\/amica.es\/es\/jornada-asistencia-personal-una-figura-desconocida\/#breadcrumb\",\"itemListElement\":[{\"@type\":\"ListItem\",\"position\":1,\"name\":\"Portada\",\"item\":\"https:\/\/amica.es\/es\/\"},{\"@type\":\"ListItem\",\"position\":2,\"name\":\"Jornada \u201cAsistencia personal, una figura desconocida\u201d\"}]},{\"@type\":\"WebSite\",\"@id\":\"https:\/\/amica.es\/es\/#website\",\"url\":\"https:\/\/amica.es\/es\/\",\"name\":\"Amica - Descubriendo Capacidades\",\"description\":\"Apoyando a personas con discapacidad desde 1984\",\"publisher\":{\"@id\":\"https:\/\/amica.es\/es\/#organization\"},\"potentialAction\":[{\"@type\":\"SearchAction\",\"target\":{\"@type\":\"EntryPoint\",\"urlTemplate\":\"https:\/\/amica.es\/es\/?s={search_term_string}\"},\"query-input\":{\"@type\":\"PropertyValueSpecification\",\"valueRequired\":true,\"valueName\":\"search_term_string\"}}],\"inLanguage\":\"es\"},{\"@type\":\"Organization\",\"@id\":\"https:\/\/amica.es\/es\/#organization\",\"name\":\"Asociaci\u00f3n Amica\",\"url\":\"https:\/\/amica.es\/es\/\",\"logo\":{\"@type\":\"ImageObject\",\"inLanguage\":\"es\",\"@id\":\"https:\/\/amica.es\/es\/#\/schema\/logo\/image\/\",\"url\":\"https:\/\/amica.es\/es\/wp-content\/uploads\/2024\/07\/Amica-Logo.png\",\"contentUrl\":\"https:\/\/amica.es\/es\/wp-content\/uploads\/2024\/07\/Amica-Logo.png\",\"width\":1653,\"height\":577,\"caption\":\"Asociaci\u00f3n Amica\"},\"image\":{\"@id\":\"https:\/\/amica.es\/es\/#\/schema\/logo\/image\/\"},\"sameAs\":[\"https:\/\/www.facebook.com\/amicaasociacion\",\"https:\/\/x.com\/asociacionamica\",\"https:\/\/www.youtube.com\/c\/asociacionamicacantabria\",\"https:\/\/es.linkedin.com\/company\/asociacionamica?trk=similar-companies_org_title\",\"https:\/\/www.instagram.com\/asociacionamica\/\"]},{\"@type\":\"Person\",\"@id\":\"https:\/\/amica.es\/es\/#\/schema\/person\/3cd2092cb91816a2341c0113d3e18515\",\"name\":\"Amica\",\"image\":{\"@type\":\"ImageObject\",\"inLanguage\":\"es\",\"@id\":\"https:\/\/amica.es\/es\/#\/schema\/person\/image\/\",\"url\":\"https:\/\/secure.gravatar.com\/avatar\/8eb6878d5df96a3415ff3a99d14be16a87aa23729250353a10c1268cbbd7503f?s=96&d=mm&r=g\",\"contentUrl\":\"https:\/\/secure.gravatar.com\/avatar\/8eb6878d5df96a3415ff3a99d14be16a87aa23729250353a10c1268cbbd7503f?s=96&d=mm&r=g\",\"caption\":\"Amica\"},\"url\":\"https:\/\/amica.es\/es\/author\/amcapaz17ica\/\"}]}<\/script>\n<!-- \/ Yoast SEO plugin. -->","yoast_head_json":{"title":"Jornada \u201cAsistencia personal, una figura desconocida\u201d - Amica - Descubriendo Capacidades","robots":{"index":"index","follow":"follow","max-snippet":"max-snippet:-1","max-image-preview":"max-image-preview:large","max-video-preview":"max-video-preview:-1"},"canonical":"https:\/\/amica.es\/es\/jornada-asistencia-personal-una-figura-desconocida\/","og_locale":"es_ES","og_type":"article","og_title":"Jornada \u201cAsistencia personal, una figura desconocida\u201d - Amica - Descubriendo Capacidades","og_description":"8 de octubre de 2017 COCEMFE Cantabria, la Federaci\u00f3n C\u00e1ntabra de Personas con Discapacidad F\u00edsica y Org\u00e1nica, nos invita a participar en la jornada \u201cAsistencia personal, una figura desconocida\u201d. En este encuentro se abordar\u00e1 la figura del asistente personal desde varias perspectivas; por un lado la normativa, donde conoceremos los procesos de implantaci\u00f3n progresiva deRead more","og_url":"https:\/\/amica.es\/es\/jornada-asistencia-personal-una-figura-desconocida\/","og_site_name":"Amica - Descubriendo Capacidades","article_publisher":"https:\/\/www.facebook.com\/amicaasociacion","article_published_time":"2017-10-10T20:19:56+00:00","og_image":[{"width":700,"height":495,"url":"https:\/\/amica.es\/es\/wp-content\/uploads\/2017\/10\/CARTEL-JORNADA-ASISTENTE-PERSONAL-700x495.jpg","type":"image\/jpeg"}],"author":"Amica","twitter_card":"summary_large_image","twitter_creator":"@asociacionamica","twitter_site":"@asociacionamica","twitter_misc":{"Escrito por":"Amica","Tiempo de lectura":"1 minuto"},"schema":{"@context":"https:\/\/schema.org","@graph":[{"@type":"Article","@id":"https:\/\/amica.es\/es\/jornada-asistencia-personal-una-figura-desconocida\/#article","isPartOf":{"@id":"https:\/\/amica.es\/es\/jornada-asistencia-personal-una-figura-desconocida\/"},"author":{"name":"Amica","@id":"https:\/\/amica.es\/es\/#\/schema\/person\/3cd2092cb91816a2341c0113d3e18515"},"headline":"Jornada \u201cAsistencia personal, una figura desconocida\u201d","datePublished":"2017-10-10T20:19:56+00:00","mainEntityOfPage":{"@id":"https:\/\/amica.es\/es\/jornada-asistencia-personal-una-figura-desconocida\/"},"wordCount":197,"commentCount":1,"publisher":{"@id":"https:\/\/amica.es\/es\/#organization"},"image":{"@id":"https:\/\/amica.es\/es\/jornada-asistencia-personal-una-figura-desconocida\/#primaryimage"},"thumbnailUrl":"https:\/\/amica.es\/es\/wp-content\/uploads\/2017\/10\/CARTEL-JORNADA-ASISTENTE-PERSONAL-700x495.jpg","articleSection":["Noticias"],"inLanguage":"es","potentialAction":[{"@type":"CommentAction","name":"Comment","target":["https:\/\/amica.es\/es\/jornada-asistencia-personal-una-figura-desconocida\/#respond"]}]},{"@type":"WebPage","@id":"https:\/\/amica.es\/es\/jornada-asistencia-personal-una-figura-desconocida\/","url":"https:\/\/amica.es\/es\/jornada-asistencia-personal-una-figura-desconocida\/","name":"Jornada \u201cAsistencia personal, una figura desconocida\u201d - Amica - Descubriendo Capacidades","isPartOf":{"@id":"https:\/\/amica.es\/es\/#website"},"primaryImageOfPage":{"@id":"https:\/\/amica.es\/es\/jornada-asistencia-personal-una-figura-desconocida\/#primaryimage"},"image":{"@id":"https:\/\/amica.es\/es\/jornada-asistencia-personal-una-figura-desconocida\/#primaryimage"},"thumbnailUrl":"https:\/\/amica.es\/es\/wp-content\/uploads\/2017\/10\/CARTEL-JORNADA-ASISTENTE-PERSONAL-700x495.jpg","datePublished":"2017-10-10T20:19:56+00:00","breadcrumb":{"@id":"https:\/\/amica.es\/es\/jornada-asistencia-personal-una-figura-desconocida\/#breadcrumb"},"inLanguage":"es","potentialAction":[{"@type":"ReadAction","target":["https:\/\/amica.es\/es\/jornada-asistencia-personal-una-figura-desconocida\/"]}]},{"@type":"ImageObject","inLanguage":"es","@id":"https:\/\/amica.es\/es\/jornada-asistencia-personal-una-figura-desconocida\/#primaryimage","url":"https:\/\/amica.es\/es\/wp-content\/uploads\/2017\/10\/CARTEL-JORNADA-ASISTENTE-PERSONAL-700x495.jpg","contentUrl":"https:\/\/amica.es\/es\/wp-content\/uploads\/2017\/10\/CARTEL-JORNADA-ASISTENTE-PERSONAL-700x495.jpg","width":700,"height":495,"caption":"Jornadas asistente personal"},{"@type":"BreadcrumbList","@id":"https:\/\/amica.es\/es\/jornada-asistencia-personal-una-figura-desconocida\/#breadcrumb","itemListElement":[{"@type":"ListItem","position":1,"name":"Portada","item":"https:\/\/amica.es\/es\/"},{"@type":"ListItem","position":2,"name":"Jornada \u201cAsistencia personal, una figura desconocida\u201d"}]},{"@type":"WebSite","@id":"https:\/\/amica.es\/es\/#website","url":"https:\/\/amica.es\/es\/","name":"Amica - Descubriendo Capacidades","description":"Apoyando a personas con discapacidad desde 1984","publisher":{"@id":"https:\/\/amica.es\/es\/#organization"},"potentialAction":[{"@type":"SearchAction","target":{"@type":"EntryPoint","urlTemplate":"https:\/\/amica.es\/es\/?s={search_term_string}"},"query-input":{"@type":"PropertyValueSpecification","valueRequired":true,"valueName":"search_term_string"}}],"inLanguage":"es"},{"@type":"Organization","@id":"https:\/\/amica.es\/es\/#organization","name":"Asociaci\u00f3n Amica","url":"https:\/\/amica.es\/es\/","logo":{"@type":"ImageObject","inLanguage":"es","@id":"https:\/\/amica.es\/es\/#\/schema\/logo\/image\/","url":"https:\/\/amica.es\/es\/wp-content\/uploads\/2024\/07\/Amica-Logo.png","contentUrl":"https:\/\/amica.es\/es\/wp-content\/uploads\/2024\/07\/Amica-Logo.png","width":1653,"height":577,"caption":"Asociaci\u00f3n Amica"},"image":{"@id":"https:\/\/amica.es\/es\/#\/schema\/logo\/image\/"},"sameAs":["https:\/\/www.facebook.com\/amicaasociacion","https:\/\/x.com\/asociacionamica","https:\/\/www.youtube.com\/c\/asociacionamicacantabria","https:\/\/es.linkedin.com\/company\/asociacionamica?trk=similar-companies_org_title","https:\/\/www.instagram.com\/asociacionamica\/"]},{"@type":"Person","@id":"https:\/\/amica.es\/es\/#\/schema\/person\/3cd2092cb91816a2341c0113d3e18515","name":"Amica","image":{"@type":"ImageObject","inLanguage":"es","@id":"https:\/\/amica.es\/es\/#\/schema\/person\/image\/","url":"https:\/\/secure.gravatar.com\/avatar\/8eb6878d5df96a3415ff3a99d14be16a87aa23729250353a10c1268cbbd7503f?s=96&d=mm&r=g","contentUrl":"https:\/\/secure.gravatar.com\/avatar\/8eb6878d5df96a3415ff3a99d14be16a87aa23729250353a10c1268cbbd7503f?s=96&d=mm&r=g","caption":"Amica"},"url":"https:\/\/amica.es\/es\/author\/amcapaz17ica\/"}]}},"_links":{"self":[{"href":"https:\/\/amica.es\/es\/wp-json\/wp\/v2\/posts\/1494","targetHints":{"allow":["GET"]}}],"collection":[{"href":"https:\/\/amica.es\/es\/wp-json\/wp\/v2\/posts"}],"about":[{"href":"https:\/\/amica.es\/es\/wp-json\/wp\/v2\/types\/post"}],"author":[{"embeddable":true,"href":"https:\/\/amica.es\/es\/wp-json\/wp\/v2\/users\/1"}],"replies":[{"embeddable":true,"href":"https:\/\/amica.es\/es\/wp-json\/wp\/v2\/comments?post=1494"}],"version-history":[{"count":1,"href":"https:\/\/amica.es\/es\/wp-json\/wp\/v2\/posts\/1494\/revisions"}],"predecessor-version":[{"id":1496,"href":"https:\/\/amica.es\/es\/wp-json\/wp\/v2\/posts\/1494\/revisions\/1496"}],"wp:featuredmedia":[{"embeddable":true,"href":"https:\/\/amica.es\/es\/wp-json\/wp\/v2\/media\/1495"}],"wp:attachment":[{"href":"https:\/\/amica.es\/es\/wp-json\/wp\/v2\/media?parent=1494"}],"wp:term":[{"taxonomy":"category","embeddable":true,"href":"https:\/\/amica.es\/es\/wp-json\/wp\/v2\/categories?post=1494"},{"taxonomy":"post_tag","embeddable":true,"href":"https:\/\/amica.es\/es\/wp-json\/wp\/v2\/tags?post=1494"}],"curies":[{"name":"wp","href":"https:\/\/api.w.org\/{rel}","templated":true}]}}