{"id":15062,"date":"2022-10-26T16:19:46","date_gmt":"2022-10-26T14:19:46","guid":{"rendered":"https:\/\/amica.es\/es\/?p=15062"},"modified":"2022-10-26T16:19:46","modified_gmt":"2022-10-26T14:19:46","slug":"capability-tb-guarda-tu-cartera-saca-tu-tiempo","status":"publish","type":"post","link":"https:\/\/amica.es\/es\/capability-tb-guarda-tu-cartera-saca-tu-tiempo\/","title":{"rendered":"CAPABILITY-TB: \u00a1Guarda tu cartera, saca tu tiempo!"},"content":{"rendered":"<p>En 2020, el Consorcio CAPABILITY-TB, creado por asociaciones de apoyo a la persona como Amica (coordinadora del proyecto) y COPAVA (Espa\u00f1a), CECD Mira Sintra (Portugal), CSS Forl\u00ec (Italia), KSDEO EDRA e IED (Grecia) y Forba (Austria), iniciaron su andadura juntos con el fin de desarrollar un programa formativo para la mejora de la inclusi\u00f3n y la participaci\u00f3n social de las personas con discapacidad a trav\u00e9s de los bancos del tiempo.<\/p>\n<p>Tras este tiempo, en el que ha primado la colaboraci\u00f3n, la co-creaci\u00f3n, el trabajo en equipo, la buena comunicaci\u00f3n y la calidad, los socios del proyecto se han reunido en la sede de Amica para celebrar el encuentro final durante los d\u00edas 24 y 25 de Octubre de 2022. Lejos de ser el fin de un proyecto, tras el desarrollo de una metodolog\u00eda basada en la inclusi\u00f3n,\u00a0en el descubrimiento de capacidades, la experiencia pr\u00e1ctica, el intercambio de conocimientos, el incremento de la competencia digital y la presencia de forma activa en la comunidad, se inicia una etapa llena de ilusi\u00f3n en la que las organizaciones involucradas comenzar\u00e1n a impulsar los bancos del tiempo dentro de sus entornos pr\u00f3ximos, incrementando las competencias de las personas para hacer un buen uso de este y difundir el programa contribuyendo, as\u00ed, a que otras entidades puedan aplicarlo.<\/p>\n<p>Este encuentro ha sido realmente emotivo, puesto que los socios han podido hacer balance de la vida del proyecto y los diferentes hitos alcanzados, han compartido sus experiencias vinculadas a los cursos pilotos de validaci\u00f3n desarrollados en cada pa\u00eds, que han permitido hacer mejoras y ajustes en los materiales formativos desarrollados y en la herramienta e-CAPABILITY-TB tanto en el \u00e1rea formativa como en el \u00e1rea para la gesti\u00f3n de intercambios y tiempo. Adem\u00e1s, mirando hacia el futuro, los socios han dise\u00f1ado una estrategia para asegurar la sostenibilidad y la explotaci\u00f3n de CAPABILITY-TB y han revisado otras cuestiones t\u00e9cnicas con el fin de hacer una buena justificaci\u00f3n y optar a ser reconocido como ejemplo de buenas pr\u00e1cticas por el Programa Erasmus+ y, por tanto, por la Uni\u00f3n Europea, que es la entidad que co-financia este proyecto.<\/p>\n<p>Sin embargo, aprovechando el viaje de los socios a Cantabria, Amica organiz\u00f3 un evento CAPABILITY-TB en forma de seminario sobre \u201cBancos del Tiempo como herramienta para la mejora de la inclusi\u00f3n y participaci\u00f3n social de las personas\u201d, dirigido a otras instituciones y organizaciones del \u00e1mbito social y educativo, as\u00ed como personas interesadas en la dinamizaci\u00f3n de la ciudadan\u00eda tanto en \u00e1reas urbanas como rurales.\u00a0 Dicho encuentro fue celebrado en el Centro de Mayores Ramiro Bustamante de Torrelavega, que tan amablemente nos cedi\u00f3 sus reci\u00e9n estrenadas instalaciones para una ocasi\u00f3n tan especial.<img loading=\"lazy\" decoding=\"async\" class=\"alignright size-medium wp-image-15066\" src=\"https:\/\/amica.es\/es\/wp-content\/uploads\/2022\/10\/Photocall-scaled-e1666793782511-300x236.jpg\" alt=\"\" width=\"300\" height=\"236\" \/><\/p>\n<p>En la apertura del encuentro participaron Pedro Cay\u00f3n, presidente del centro de mayores, Tom\u00e1s Castillo director-gerente de Amica y Pedro P\u00e9rez Noriega, concejal de Econom\u00eda del Ayuntamiento de Torrelavega, quienes apelaron a la necesidad de buscar soluciones innovadoras para paliar las situaciones de soledad no deseada y promover una ciudadan\u00eda activa, participativa y con valores de apoyo mutuo.<\/p>\n<p>A continuaci\u00f3n, Julio Gisbert, presidente de la Asociaci\u00f3n Ibero-Americana de Bancos del Tiempo, con quien tuvimos el privilegio de contar tras el asesoramiento para la puesta en marcha de este proyecto, explic\u00f3 de forma muy clara a las personas presentes en el acto en qu\u00e9 consisten los bancos del tiempo.<\/p>\n<p>Tras su exposici\u00f3n, se celebr\u00f3 una mesa redonda en la que junto a experto en Bancos del tiempo, se unieron profesionales vinculados al apoyo y acompa\u00f1amiento a la persona desde el \u00e1mbito de la discapacidad, como\u00a0 M\u00aa Jos\u00e9 Cabo (Amica), Eva Ortells (COPAVA) y Dinis Duarte (CECD Mira Sintra) para exponer los beneficios que implica la participaci\u00f3n de las personas en los bancos del tiempo, haciendo \u00e9nfasis en la necesidad de este tipo de herramientas para favorecer la inclusi\u00f3n de las personas con menores oportunidades de participaci\u00f3n reduciendo as\u00ed las desigualdades sociales.<\/p>\n<p>Posteriormente, Irene de los R\u00edos, como coordinadora del Proyecto CAPABILITY-TB, explic\u00f3 en qu\u00e9 consiste el programa formativo haciendo referencia a sus objetivos, metodolog\u00eda, estructura, contenidos y resultados en las personas. De la mano de Alejandro, alumno de Formaci\u00f3n de Adultos del Centro Horizon de Amica, pudieron mostrar algunos de los materiales co-creados durante la fase de desarrollo que tan bien ilustran el proceso llevado a cabo.<\/p>\n<p>Finalmente, Patricia Rosell\u00f3n, Marta Mar\u00edn, y Julia en representaci\u00f3n de algunas de las personas implicadas en la\u00a0fase de pilotaje y que, por tanto, ya han experimentado el viaje de aprendizaje que propone CAPABILITY-TB pudieron contar en primera persona los resultados personales y sociales obtenidos, animando a invitar a otras personas a unirse a la realizaci\u00f3n de intercambio de capacidades por tiempo.<\/p>\n<p>Y como no puede ser de otra manera, toda buena celebraci\u00f3n, como es el caso de este evento, acaba con un picoteo, un photocall y los primeros prop\u00f3sitos de intercambio.<\/p>\n<p>Te animamos a que nos visites a trav\u00e9s de nuestra p\u00e1gina web <a href=\"http:\/\/www.capacity-tb.eu\">www.capacity-tb.eu<\/a> as\u00ed como en las redes sociales en Facebook, Instagram, Twitter y Youtube: CAPABILITY-TB project.<\/p>\n<p>\u00a1Guarda tu cartera y saca tu tiempo!<\/p>\n<p>&nbsp;<\/p>\n<p><em>El proyecto CAPABILITY-TB esta\u0301 cofinanciado por el programa Erasmus+ de la Unio\u0301n Europea. El contenido de este comunicado es responsabilidad exclusiva del Consorcio CAPABILITY-TB y ni la Comisio\u0301n Europea, ni el Servicio Espan\u0303ol para la Internacionalizacio\u0301n de la Educacio\u0301n (SEPIE) son responsables del uso que pueda hacerse de la informacio\u0301n aqui\u0301 difundida.<\/em><\/p>\n<p>&nbsp;<\/p>\n<p><img loading=\"lazy\" decoding=\"async\" class=\"size-full wp-image-15063 aligncenter\" src=\"https:\/\/amica.es\/es\/wp-content\/uploads\/2022\/10\/Logo-UE.png\" alt=\"\" width=\"300\" height=\"63\" \/><\/p>\n","protected":false},"excerpt":{"rendered":"<p>En 2020, el Consorcio CAPABILITY-TB, creado por asociaciones de apoyo a la persona como Amica (coordinadora del proyecto) y COPAVA (Espa\u00f1a), CECD Mira Sintra (Portugal), CSS Forl\u00ec (Italia), KSDEO EDRA e IED (Grecia) y Forba (Austria), iniciaron su andadura juntos con el fin de desarrollar un programa formativo para la mejora de la inclusi\u00f3n y<br \/><a href=\"https:\/\/amica.es\/es\/capability-tb-guarda-tu-cartera-saca-tu-tiempo\/\" class=\"more\">Read more<\/a><\/p>\n","protected":false},"author":2,"featured_media":15065,"comment_status":"closed","ping_status":"open","sticky":false,"template":"","format":"standard","meta":{"_monsterinsights_skip_tracking":false,"_monsterinsights_sitenote_active":false,"_monsterinsights_sitenote_note":"","_monsterinsights_sitenote_category":0,"_joinchat":[],"footnotes":""},"categories":[27],"tags":[92,181,121,122,124],"class_list":["post-15062","post","type-post","status-publish","format-standard","has-post-thumbnail","hentry","category-noticias-categoria","tag-amica","tag-banco-del-tiempo","tag-capability-tb","tag-proyecto","tag-union-europea"],"yoast_head":"<!-- This site is optimized with the Yoast SEO plugin v25.6 - https:\/\/yoast.com\/wordpress\/plugins\/seo\/ -->\n<title>CAPABILITY-TB: \u00a1Guarda tu cartera, saca tu tiempo! - Amica - Descubriendo Capacidades<\/title>\n<meta name=\"robots\" content=\"index, follow, max-snippet:-1, max-image-preview:large, max-video-preview:-1\" \/>\n<link rel=\"canonical\" href=\"https:\/\/amica.es\/es\/capability-tb-guarda-tu-cartera-saca-tu-tiempo\/\" \/>\n<meta property=\"og:locale\" content=\"es_ES\" \/>\n<meta property=\"og:type\" content=\"article\" \/>\n<meta property=\"og:title\" content=\"CAPABILITY-TB: \u00a1Guarda tu cartera, saca tu tiempo! - Amica - Descubriendo Capacidades\" \/>\n<meta property=\"og:description\" content=\"En 2020, el Consorcio CAPABILITY-TB, creado por asociaciones de apoyo a la persona como Amica (coordinadora del proyecto) y COPAVA (Espa\u00f1a), CECD Mira Sintra (Portugal), CSS Forl\u00ec (Italia), KSDEO EDRA e IED (Grecia) y Forba (Austria), iniciaron su andadura juntos con el fin de desarrollar un programa formativo para la mejora de la inclusi\u00f3n yRead more\" \/>\n<meta property=\"og:url\" content=\"https:\/\/amica.es\/es\/capability-tb-guarda-tu-cartera-saca-tu-tiempo\/\" \/>\n<meta property=\"og:site_name\" content=\"Amica - Descubriendo Capacidades\" \/>\n<meta property=\"article:publisher\" content=\"https:\/\/www.facebook.com\/amicaasociacion\" \/>\n<meta property=\"article:published_time\" content=\"2022-10-26T14:19:46+00:00\" \/>\n<meta property=\"og:image\" content=\"https:\/\/amica.es\/es\/wp-content\/uploads\/2022\/10\/Escenario-scaled.jpg\" \/>\n\t<meta property=\"og:image:width\" content=\"2560\" \/>\n\t<meta property=\"og:image:height\" content=\"1920\" \/>\n\t<meta property=\"og:image:type\" content=\"image\/jpeg\" \/>\n<meta name=\"author\" content=\"Amica\" \/>\n<meta name=\"twitter:card\" content=\"summary_large_image\" \/>\n<meta name=\"twitter:creator\" content=\"@asociacionamica\" \/>\n<meta name=\"twitter:site\" content=\"@asociacionamica\" \/>\n<meta name=\"twitter:label1\" content=\"Escrito por\" \/>\n\t<meta name=\"twitter:data1\" content=\"Amica\" \/>\n\t<meta name=\"twitter:label2\" content=\"Tiempo de lectura\" \/>\n\t<meta name=\"twitter:data2\" content=\"5 minutos\" \/>\n<script type=\"application\/ld+json\" class=\"yoast-schema-graph\">{\"@context\":\"https:\/\/schema.org\",\"@graph\":[{\"@type\":\"Article\",\"@id\":\"https:\/\/amica.es\/es\/capability-tb-guarda-tu-cartera-saca-tu-tiempo\/#article\",\"isPartOf\":{\"@id\":\"https:\/\/amica.es\/es\/capability-tb-guarda-tu-cartera-saca-tu-tiempo\/\"},\"author\":{\"name\":\"Amica\",\"@id\":\"https:\/\/amica.es\/es\/#\/schema\/person\/b7e8b0c408a5e87f36a07b01f864b116\"},\"headline\":\"CAPABILITY-TB: \u00a1Guarda tu cartera, saca tu tiempo!\",\"datePublished\":\"2022-10-26T14:19:46+00:00\",\"mainEntityOfPage\":{\"@id\":\"https:\/\/amica.es\/es\/capability-tb-guarda-tu-cartera-saca-tu-tiempo\/\"},\"wordCount\":950,\"publisher\":{\"@id\":\"https:\/\/amica.es\/es\/#organization\"},\"image\":{\"@id\":\"https:\/\/amica.es\/es\/capability-tb-guarda-tu-cartera-saca-tu-tiempo\/#primaryimage\"},\"thumbnailUrl\":\"https:\/\/amica.es\/es\/wp-content\/uploads\/2022\/10\/Escenario-scaled.jpg\",\"keywords\":[\"Amica\",\"Banco del Tiempo\",\"Capability TB\",\"proyecto\",\"Uni\u00f3n Europea\"],\"articleSection\":[\"Noticias\"],\"inLanguage\":\"es\"},{\"@type\":\"WebPage\",\"@id\":\"https:\/\/amica.es\/es\/capability-tb-guarda-tu-cartera-saca-tu-tiempo\/\",\"url\":\"https:\/\/amica.es\/es\/capability-tb-guarda-tu-cartera-saca-tu-tiempo\/\",\"name\":\"CAPABILITY-TB: \u00a1Guarda tu cartera, saca tu tiempo! - Amica - Descubriendo Capacidades\",\"isPartOf\":{\"@id\":\"https:\/\/amica.es\/es\/#website\"},\"primaryImageOfPage\":{\"@id\":\"https:\/\/amica.es\/es\/capability-tb-guarda-tu-cartera-saca-tu-tiempo\/#primaryimage\"},\"image\":{\"@id\":\"https:\/\/amica.es\/es\/capability-tb-guarda-tu-cartera-saca-tu-tiempo\/#primaryimage\"},\"thumbnailUrl\":\"https:\/\/amica.es\/es\/wp-content\/uploads\/2022\/10\/Escenario-scaled.jpg\",\"datePublished\":\"2022-10-26T14:19:46+00:00\",\"breadcrumb\":{\"@id\":\"https:\/\/amica.es\/es\/capability-tb-guarda-tu-cartera-saca-tu-tiempo\/#breadcrumb\"},\"inLanguage\":\"es\",\"potentialAction\":[{\"@type\":\"ReadAction\",\"target\":[\"https:\/\/amica.es\/es\/capability-tb-guarda-tu-cartera-saca-tu-tiempo\/\"]}]},{\"@type\":\"ImageObject\",\"inLanguage\":\"es\",\"@id\":\"https:\/\/amica.es\/es\/capability-tb-guarda-tu-cartera-saca-tu-tiempo\/#primaryimage\",\"url\":\"https:\/\/amica.es\/es\/wp-content\/uploads\/2022\/10\/Escenario-scaled.jpg\",\"contentUrl\":\"https:\/\/amica.es\/es\/wp-content\/uploads\/2022\/10\/Escenario-scaled.jpg\",\"width\":2560,\"height\":1920,\"caption\":\"Escenario evento Capability\"},{\"@type\":\"BreadcrumbList\",\"@id\":\"https:\/\/amica.es\/es\/capability-tb-guarda-tu-cartera-saca-tu-tiempo\/#breadcrumb\",\"itemListElement\":[{\"@type\":\"ListItem\",\"position\":1,\"name\":\"Portada\",\"item\":\"https:\/\/amica.es\/es\/\"},{\"@type\":\"ListItem\",\"position\":2,\"name\":\"CAPABILITY-TB: \u00a1Guarda tu cartera, saca tu tiempo!\"}]},{\"@type\":\"WebSite\",\"@id\":\"https:\/\/amica.es\/es\/#website\",\"url\":\"https:\/\/amica.es\/es\/\",\"name\":\"Amica - Descubriendo Capacidades\",\"description\":\"Apoyando a personas con discapacidad desde 1984\",\"publisher\":{\"@id\":\"https:\/\/amica.es\/es\/#organization\"},\"potentialAction\":[{\"@type\":\"SearchAction\",\"target\":{\"@type\":\"EntryPoint\",\"urlTemplate\":\"https:\/\/amica.es\/es\/?s={search_term_string}\"},\"query-input\":{\"@type\":\"PropertyValueSpecification\",\"valueRequired\":true,\"valueName\":\"search_term_string\"}}],\"inLanguage\":\"es\"},{\"@type\":\"Organization\",\"@id\":\"https:\/\/amica.es\/es\/#organization\",\"name\":\"Asociaci\u00f3n Amica\",\"url\":\"https:\/\/amica.es\/es\/\",\"logo\":{\"@type\":\"ImageObject\",\"inLanguage\":\"es\",\"@id\":\"https:\/\/amica.es\/es\/#\/schema\/logo\/image\/\",\"url\":\"https:\/\/amica.es\/es\/wp-content\/uploads\/2024\/07\/Amica-Logo.png\",\"contentUrl\":\"https:\/\/amica.es\/es\/wp-content\/uploads\/2024\/07\/Amica-Logo.png\",\"width\":1653,\"height\":577,\"caption\":\"Asociaci\u00f3n Amica\"},\"image\":{\"@id\":\"https:\/\/amica.es\/es\/#\/schema\/logo\/image\/\"},\"sameAs\":[\"https:\/\/www.facebook.com\/amicaasociacion\",\"https:\/\/x.com\/asociacionamica\",\"https:\/\/www.youtube.com\/c\/asociacionamicacantabria\",\"https:\/\/es.linkedin.com\/company\/asociacionamica?trk=similar-companies_org_title\",\"https:\/\/www.instagram.com\/asociacionamica\/\"]},{\"@type\":\"Person\",\"@id\":\"https:\/\/amica.es\/es\/#\/schema\/person\/b7e8b0c408a5e87f36a07b01f864b116\",\"name\":\"Amica\",\"image\":{\"@type\":\"ImageObject\",\"inLanguage\":\"es\",\"@id\":\"https:\/\/amica.es\/es\/#\/schema\/person\/image\/\",\"url\":\"https:\/\/secure.gravatar.com\/avatar\/1c2a67639258ebac6bef8bd3441253734b1d8f61e87e0c96351c701696c455e4?s=96&d=mm&r=g\",\"contentUrl\":\"https:\/\/secure.gravatar.com\/avatar\/1c2a67639258ebac6bef8bd3441253734b1d8f61e87e0c96351c701696c455e4?s=96&d=mm&r=g\",\"caption\":\"Amica\"},\"url\":\"https:\/\/amica.es\/es\/author\/paqamiccapz\/\"}]}<\/script>\n<!-- \/ Yoast SEO plugin. -->","yoast_head_json":{"title":"CAPABILITY-TB: \u00a1Guarda tu cartera, saca tu tiempo! - Amica - Descubriendo Capacidades","robots":{"index":"index","follow":"follow","max-snippet":"max-snippet:-1","max-image-preview":"max-image-preview:large","max-video-preview":"max-video-preview:-1"},"canonical":"https:\/\/amica.es\/es\/capability-tb-guarda-tu-cartera-saca-tu-tiempo\/","og_locale":"es_ES","og_type":"article","og_title":"CAPABILITY-TB: \u00a1Guarda tu cartera, saca tu tiempo! - Amica - Descubriendo Capacidades","og_description":"En 2020, el Consorcio CAPABILITY-TB, creado por asociaciones de apoyo a la persona como Amica (coordinadora del proyecto) y COPAVA (Espa\u00f1a), CECD Mira Sintra (Portugal), CSS Forl\u00ec (Italia), KSDEO EDRA e IED (Grecia) y Forba (Austria), iniciaron su andadura juntos con el fin de desarrollar un programa formativo para la mejora de la inclusi\u00f3n yRead more","og_url":"https:\/\/amica.es\/es\/capability-tb-guarda-tu-cartera-saca-tu-tiempo\/","og_site_name":"Amica - Descubriendo Capacidades","article_publisher":"https:\/\/www.facebook.com\/amicaasociacion","article_published_time":"2022-10-26T14:19:46+00:00","og_image":[{"width":2560,"height":1920,"url":"https:\/\/amica.es\/es\/wp-content\/uploads\/2022\/10\/Escenario-scaled.jpg","type":"image\/jpeg"}],"author":"Amica","twitter_card":"summary_large_image","twitter_creator":"@asociacionamica","twitter_site":"@asociacionamica","twitter_misc":{"Escrito por":"Amica","Tiempo de lectura":"5 minutos"},"schema":{"@context":"https:\/\/schema.org","@graph":[{"@type":"Article","@id":"https:\/\/amica.es\/es\/capability-tb-guarda-tu-cartera-saca-tu-tiempo\/#article","isPartOf":{"@id":"https:\/\/amica.es\/es\/capability-tb-guarda-tu-cartera-saca-tu-tiempo\/"},"author":{"name":"Amica","@id":"https:\/\/amica.es\/es\/#\/schema\/person\/b7e8b0c408a5e87f36a07b01f864b116"},"headline":"CAPABILITY-TB: \u00a1Guarda tu cartera, saca tu tiempo!","datePublished":"2022-10-26T14:19:46+00:00","mainEntityOfPage":{"@id":"https:\/\/amica.es\/es\/capability-tb-guarda-tu-cartera-saca-tu-tiempo\/"},"wordCount":950,"publisher":{"@id":"https:\/\/amica.es\/es\/#organization"},"image":{"@id":"https:\/\/amica.es\/es\/capability-tb-guarda-tu-cartera-saca-tu-tiempo\/#primaryimage"},"thumbnailUrl":"https:\/\/amica.es\/es\/wp-content\/uploads\/2022\/10\/Escenario-scaled.jpg","keywords":["Amica","Banco del Tiempo","Capability TB","proyecto","Uni\u00f3n Europea"],"articleSection":["Noticias"],"inLanguage":"es"},{"@type":"WebPage","@id":"https:\/\/amica.es\/es\/capability-tb-guarda-tu-cartera-saca-tu-tiempo\/","url":"https:\/\/amica.es\/es\/capability-tb-guarda-tu-cartera-saca-tu-tiempo\/","name":"CAPABILITY-TB: \u00a1Guarda tu cartera, saca tu tiempo! - Amica - Descubriendo Capacidades","isPartOf":{"@id":"https:\/\/amica.es\/es\/#website"},"primaryImageOfPage":{"@id":"https:\/\/amica.es\/es\/capability-tb-guarda-tu-cartera-saca-tu-tiempo\/#primaryimage"},"image":{"@id":"https:\/\/amica.es\/es\/capability-tb-guarda-tu-cartera-saca-tu-tiempo\/#primaryimage"},"thumbnailUrl":"https:\/\/amica.es\/es\/wp-content\/uploads\/2022\/10\/Escenario-scaled.jpg","datePublished":"2022-10-26T14:19:46+00:00","breadcrumb":{"@id":"https:\/\/amica.es\/es\/capability-tb-guarda-tu-cartera-saca-tu-tiempo\/#breadcrumb"},"inLanguage":"es","potentialAction":[{"@type":"ReadAction","target":["https:\/\/amica.es\/es\/capability-tb-guarda-tu-cartera-saca-tu-tiempo\/"]}]},{"@type":"ImageObject","inLanguage":"es","@id":"https:\/\/amica.es\/es\/capability-tb-guarda-tu-cartera-saca-tu-tiempo\/#primaryimage","url":"https:\/\/amica.es\/es\/wp-content\/uploads\/2022\/10\/Escenario-scaled.jpg","contentUrl":"https:\/\/amica.es\/es\/wp-content\/uploads\/2022\/10\/Escenario-scaled.jpg","width":2560,"height":1920,"caption":"Escenario evento Capability"},{"@type":"BreadcrumbList","@id":"https:\/\/amica.es\/es\/capability-tb-guarda-tu-cartera-saca-tu-tiempo\/#breadcrumb","itemListElement":[{"@type":"ListItem","position":1,"name":"Portada","item":"https:\/\/amica.es\/es\/"},{"@type":"ListItem","position":2,"name":"CAPABILITY-TB: \u00a1Guarda tu cartera, saca tu tiempo!"}]},{"@type":"WebSite","@id":"https:\/\/amica.es\/es\/#website","url":"https:\/\/amica.es\/es\/","name":"Amica - Descubriendo Capacidades","description":"Apoyando a personas con discapacidad desde 1984","publisher":{"@id":"https:\/\/amica.es\/es\/#organization"},"potentialAction":[{"@type":"SearchAction","target":{"@type":"EntryPoint","urlTemplate":"https:\/\/amica.es\/es\/?s={search_term_string}"},"query-input":{"@type":"PropertyValueSpecification","valueRequired":true,"valueName":"search_term_string"}}],"inLanguage":"es"},{"@type":"Organization","@id":"https:\/\/amica.es\/es\/#organization","name":"Asociaci\u00f3n Amica","url":"https:\/\/amica.es\/es\/","logo":{"@type":"ImageObject","inLanguage":"es","@id":"https:\/\/amica.es\/es\/#\/schema\/logo\/image\/","url":"https:\/\/amica.es\/es\/wp-content\/uploads\/2024\/07\/Amica-Logo.png","contentUrl":"https:\/\/amica.es\/es\/wp-content\/uploads\/2024\/07\/Amica-Logo.png","width":1653,"height":577,"caption":"Asociaci\u00f3n Amica"},"image":{"@id":"https:\/\/amica.es\/es\/#\/schema\/logo\/image\/"},"sameAs":["https:\/\/www.facebook.com\/amicaasociacion","https:\/\/x.com\/asociacionamica","https:\/\/www.youtube.com\/c\/asociacionamicacantabria","https:\/\/es.linkedin.com\/company\/asociacionamica?trk=similar-companies_org_title","https:\/\/www.instagram.com\/asociacionamica\/"]},{"@type":"Person","@id":"https:\/\/amica.es\/es\/#\/schema\/person\/b7e8b0c408a5e87f36a07b01f864b116","name":"Amica","image":{"@type":"ImageObject","inLanguage":"es","@id":"https:\/\/amica.es\/es\/#\/schema\/person\/image\/","url":"https:\/\/secure.gravatar.com\/avatar\/1c2a67639258ebac6bef8bd3441253734b1d8f61e87e0c96351c701696c455e4?s=96&d=mm&r=g","contentUrl":"https:\/\/secure.gravatar.com\/avatar\/1c2a67639258ebac6bef8bd3441253734b1d8f61e87e0c96351c701696c455e4?s=96&d=mm&r=g","caption":"Amica"},"url":"https:\/\/amica.es\/es\/author\/paqamiccapz\/"}]}},"_links":{"self":[{"href":"https:\/\/amica.es\/es\/wp-json\/wp\/v2\/posts\/15062","targetHints":{"allow":["GET"]}}],"collection":[{"href":"https:\/\/amica.es\/es\/wp-json\/wp\/v2\/posts"}],"about":[{"href":"https:\/\/amica.es\/es\/wp-json\/wp\/v2\/types\/post"}],"author":[{"embeddable":true,"href":"https:\/\/amica.es\/es\/wp-json\/wp\/v2\/users\/2"}],"replies":[{"embeddable":true,"href":"https:\/\/amica.es\/es\/wp-json\/wp\/v2\/comments?post=15062"}],"version-history":[{"count":2,"href":"https:\/\/amica.es\/es\/wp-json\/wp\/v2\/posts\/15062\/revisions"}],"predecessor-version":[{"id":15067,"href":"https:\/\/amica.es\/es\/wp-json\/wp\/v2\/posts\/15062\/revisions\/15067"}],"wp:featuredmedia":[{"embeddable":true,"href":"https:\/\/amica.es\/es\/wp-json\/wp\/v2\/media\/15065"}],"wp:attachment":[{"href":"https:\/\/amica.es\/es\/wp-json\/wp\/v2\/media?parent=15062"}],"wp:term":[{"taxonomy":"category","embeddable":true,"href":"https:\/\/amica.es\/es\/wp-json\/wp\/v2\/categories?post=15062"},{"taxonomy":"post_tag","embeddable":true,"href":"https:\/\/amica.es\/es\/wp-json\/wp\/v2\/tags?post=15062"}],"curies":[{"name":"wp","href":"https:\/\/api.w.org\/{rel}","templated":true}]}}