{"id":21579,"date":"2025-06-16T14:00:08","date_gmt":"2025-06-16T12:00:08","guid":{"rendered":"https:\/\/amica.es\/es\/?p=21579"},"modified":"2025-12-02T14:06:41","modified_gmt":"2025-12-02T12:06:41","slug":"seguimos-compartiendo-experiencias","status":"publish","type":"post","link":"https:\/\/amica.es\/es\/seguimos-compartiendo-experiencias\/","title":{"rendered":"\u00a1Seguimos compartiendo experiencias!"},"content":{"rendered":"<div class=\"wpb-content-wrapper\">[vc_row][vc_column width=&#8221;1\/2&#8243;][vc_column_text]<span style=\"font-weight: 400;\">El pasado 5 de junio, dos profesionales de Amica y cuatro participantes activos del Banco del Tiempo ofrecieron una charla en La Casona de Reinosa, en colaboraci\u00f3n con el Programa Viernes.<\/span><\/p>\n<p><span style=\"font-weight: 400;\">Durante el encuentro, explicamos en qu\u00e9 consiste un Banco del Tiempo, c\u00f3mo funciona, y qu\u00e9 beneficios aporta a quienes participan en \u00e9l. Hablamos del Banco del Tiempo como una verdadera herramienta de inclusi\u00f3n y participaci\u00f3n social, clave para combatir la soledad no deseada.<\/span><\/p>\n<p><span style=\"font-weight: 400;\">Lo m\u00e1s especial fue escuchar los testimonios reales de las personas que forman parte activa de esta iniciativa: historias de ayuda mutua, aprendizaje, crecimiento personal y, sobre todo, de conexi\u00f3n entre personas.<\/span><\/p>\n<p><span style=\"font-weight: 400;\">\u00a1Gracias al Programa Viernes por brindarnos este espacio y por ayudar a difundir este mensaje tan necesario!<\/span><span style=\"font-weight: 400;\"><br \/>\n<\/span><span style=\"font-weight: 400;\">Ojal\u00e1 muchas m\u00e1s personas se animen a participar.<\/span><\/p>\n<p><span style=\"font-weight: 400;\">Porque cada capacidad cuenta. Porque cada minuto compartido suma.\u00a0<\/span><\/p>\n<p><i><span style=\"font-weight: 400;\">Esta actividad se incluye dentro del programa \u201cTransforma la participaci\u00f3n social\u201d.<\/span><\/i>[\/vc_column_text][\/vc_column][vc_column width=&#8221;1\/2&#8243;][vc_single_image image=&#8221;21580&#8243; img_size=&#8221;full&#8221; css=&#8221;&#8221;][\/vc_column][\/vc_row]\n<\/div>","protected":false},"excerpt":{"rendered":"<p>[vc_row][vc_column width=&#8221;1\/2&#8243;][vc_column_text]El pasado 5 de junio, dos profesionales de Amica y cuatro participantes activos del Banco del Tiempo ofrecieron una charla en La Casona de Reinosa, en colaboraci\u00f3n con el Programa Viernes. Durante el encuentro, explicamos en qu\u00e9 consiste un Banco del Tiempo, c\u00f3mo funciona, y qu\u00e9 beneficios aporta a quienes participan en \u00e9l. Hablamos<br \/><a href=\"https:\/\/amica.es\/es\/seguimos-compartiendo-experiencias\/\" class=\"more\">Read more<\/a><\/p>\n","protected":false},"author":1,"featured_media":21581,"comment_status":"closed","ping_status":"open","sticky":false,"template":"","format":"standard","meta":{"_monsterinsights_skip_tracking":false,"_monsterinsights_sitenote_active":false,"_monsterinsights_sitenote_note":"","_monsterinsights_sitenote_category":0,"_joinchat":[],"footnotes":""},"categories":[27],"tags":[181],"class_list":["post-21579","post","type-post","status-publish","format-standard","has-post-thumbnail","hentry","category-noticias-categoria","tag-banco-del-tiempo"],"yoast_head":"<!-- This site is optimized with the Yoast SEO plugin v25.6 - https:\/\/yoast.com\/wordpress\/plugins\/seo\/ -->\n<title>\u00a1Seguimos compartiendo experiencias! - Amica - Descubriendo Capacidades<\/title>\n<meta name=\"description\" content=\"Charla de profesionales de Amica, en colaboraci\u00f3n con el programa Viernes sobre el Banco del Tiempo\" \/>\n<meta name=\"robots\" content=\"index, follow, max-snippet:-1, max-image-preview:large, max-video-preview:-1\" \/>\n<link rel=\"canonical\" href=\"https:\/\/amica.es\/es\/seguimos-compartiendo-experiencias\/\" \/>\n<meta property=\"og:locale\" content=\"es_ES\" \/>\n<meta property=\"og:type\" content=\"article\" \/>\n<meta property=\"og:title\" content=\"\u00a1Seguimos compartiendo experiencias! - Amica - Descubriendo Capacidades\" \/>\n<meta property=\"og:description\" content=\"Charla de profesionales de Amica, en colaboraci\u00f3n con el programa Viernes sobre el Banco del Tiempo\" \/>\n<meta property=\"og:url\" content=\"https:\/\/amica.es\/es\/seguimos-compartiendo-experiencias\/\" \/>\n<meta property=\"og:site_name\" content=\"Amica - Descubriendo Capacidades\" \/>\n<meta property=\"article:publisher\" content=\"https:\/\/www.facebook.com\/amicaasociacion\" \/>\n<meta property=\"article:published_time\" content=\"2025-06-16T12:00:08+00:00\" \/>\n<meta property=\"article:modified_time\" content=\"2025-12-02T12:06:41+00:00\" \/>\n<meta property=\"og:image\" content=\"https:\/\/amica.es\/es\/wp-content\/uploads\/2025\/12\/Imagenes-Web-71.webp\" \/>\n\t<meta property=\"og:image:width\" content=\"1170\" \/>\n\t<meta property=\"og:image:height\" content=\"500\" \/>\n\t<meta property=\"og:image:type\" content=\"image\/webp\" \/>\n<meta name=\"author\" content=\"Amica\" \/>\n<meta name=\"twitter:card\" content=\"summary_large_image\" \/>\n<meta name=\"twitter:creator\" content=\"@asociacionamica\" \/>\n<meta name=\"twitter:site\" content=\"@asociacionamica\" \/>\n<meta name=\"twitter:label1\" content=\"Escrito por\" \/>\n\t<meta name=\"twitter:data1\" content=\"Amica\" \/>\n\t<meta name=\"twitter:label2\" content=\"Tiempo de lectura\" \/>\n\t<meta name=\"twitter:data2\" content=\"2 minutos\" \/>\n<script type=\"application\/ld+json\" class=\"yoast-schema-graph\">{\"@context\":\"https:\/\/schema.org\",\"@graph\":[{\"@type\":\"Article\",\"@id\":\"https:\/\/amica.es\/es\/seguimos-compartiendo-experiencias\/#article\",\"isPartOf\":{\"@id\":\"https:\/\/amica.es\/es\/seguimos-compartiendo-experiencias\/\"},\"author\":{\"name\":\"Amica\",\"@id\":\"https:\/\/amica.es\/es\/#\/schema\/person\/3cd2092cb91816a2341c0113d3e18515\"},\"headline\":\"\u00a1Seguimos compartiendo experiencias!\",\"datePublished\":\"2025-06-16T12:00:08+00:00\",\"dateModified\":\"2025-12-02T12:06:41+00:00\",\"mainEntityOfPage\":{\"@id\":\"https:\/\/amica.es\/es\/seguimos-compartiendo-experiencias\/\"},\"wordCount\":189,\"publisher\":{\"@id\":\"https:\/\/amica.es\/es\/#organization\"},\"image\":{\"@id\":\"https:\/\/amica.es\/es\/seguimos-compartiendo-experiencias\/#primaryimage\"},\"thumbnailUrl\":\"https:\/\/amica.es\/es\/wp-content\/uploads\/2025\/12\/Imagenes-Web-71.webp\",\"keywords\":[\"Banco del Tiempo\"],\"articleSection\":[\"Noticias\"],\"inLanguage\":\"es\"},{\"@type\":\"WebPage\",\"@id\":\"https:\/\/amica.es\/es\/seguimos-compartiendo-experiencias\/\",\"url\":\"https:\/\/amica.es\/es\/seguimos-compartiendo-experiencias\/\",\"name\":\"\u00a1Seguimos compartiendo experiencias! - Amica - Descubriendo Capacidades\",\"isPartOf\":{\"@id\":\"https:\/\/amica.es\/es\/#website\"},\"primaryImageOfPage\":{\"@id\":\"https:\/\/amica.es\/es\/seguimos-compartiendo-experiencias\/#primaryimage\"},\"image\":{\"@id\":\"https:\/\/amica.es\/es\/seguimos-compartiendo-experiencias\/#primaryimage\"},\"thumbnailUrl\":\"https:\/\/amica.es\/es\/wp-content\/uploads\/2025\/12\/Imagenes-Web-71.webp\",\"datePublished\":\"2025-06-16T12:00:08+00:00\",\"dateModified\":\"2025-12-02T12:06:41+00:00\",\"description\":\"Charla de profesionales de Amica, en colaboraci\u00f3n con el programa Viernes sobre el Banco del Tiempo\",\"breadcrumb\":{\"@id\":\"https:\/\/amica.es\/es\/seguimos-compartiendo-experiencias\/#breadcrumb\"},\"inLanguage\":\"es\",\"potentialAction\":[{\"@type\":\"ReadAction\",\"target\":[\"https:\/\/amica.es\/es\/seguimos-compartiendo-experiencias\/\"]}]},{\"@type\":\"ImageObject\",\"inLanguage\":\"es\",\"@id\":\"https:\/\/amica.es\/es\/seguimos-compartiendo-experiencias\/#primaryimage\",\"url\":\"https:\/\/amica.es\/es\/wp-content\/uploads\/2025\/12\/Imagenes-Web-71.webp\",\"contentUrl\":\"https:\/\/amica.es\/es\/wp-content\/uploads\/2025\/12\/Imagenes-Web-71.webp\",\"width\":1170,\"height\":500,\"caption\":\"Charla banco del tiempo Reinosa\"},{\"@type\":\"BreadcrumbList\",\"@id\":\"https:\/\/amica.es\/es\/seguimos-compartiendo-experiencias\/#breadcrumb\",\"itemListElement\":[{\"@type\":\"ListItem\",\"position\":1,\"name\":\"Portada\",\"item\":\"https:\/\/amica.es\/es\/\"},{\"@type\":\"ListItem\",\"position\":2,\"name\":\"\u00a1Seguimos compartiendo experiencias!\"}]},{\"@type\":\"WebSite\",\"@id\":\"https:\/\/amica.es\/es\/#website\",\"url\":\"https:\/\/amica.es\/es\/\",\"name\":\"Amica - Descubriendo Capacidades\",\"description\":\"Apoyando a personas con discapacidad desde 1984\",\"publisher\":{\"@id\":\"https:\/\/amica.es\/es\/#organization\"},\"potentialAction\":[{\"@type\":\"SearchAction\",\"target\":{\"@type\":\"EntryPoint\",\"urlTemplate\":\"https:\/\/amica.es\/es\/?s={search_term_string}\"},\"query-input\":{\"@type\":\"PropertyValueSpecification\",\"valueRequired\":true,\"valueName\":\"search_term_string\"}}],\"inLanguage\":\"es\"},{\"@type\":\"Organization\",\"@id\":\"https:\/\/amica.es\/es\/#organization\",\"name\":\"Asociaci\u00f3n Amica\",\"url\":\"https:\/\/amica.es\/es\/\",\"logo\":{\"@type\":\"ImageObject\",\"inLanguage\":\"es\",\"@id\":\"https:\/\/amica.es\/es\/#\/schema\/logo\/image\/\",\"url\":\"https:\/\/amica.es\/es\/wp-content\/uploads\/2024\/07\/Amica-Logo.png\",\"contentUrl\":\"https:\/\/amica.es\/es\/wp-content\/uploads\/2024\/07\/Amica-Logo.png\",\"width\":1653,\"height\":577,\"caption\":\"Asociaci\u00f3n Amica\"},\"image\":{\"@id\":\"https:\/\/amica.es\/es\/#\/schema\/logo\/image\/\"},\"sameAs\":[\"https:\/\/www.facebook.com\/amicaasociacion\",\"https:\/\/x.com\/asociacionamica\",\"https:\/\/www.youtube.com\/c\/asociacionamicacantabria\",\"https:\/\/es.linkedin.com\/company\/asociacionamica?trk=similar-companies_org_title\",\"https:\/\/www.instagram.com\/asociacionamica\/\"]},{\"@type\":\"Person\",\"@id\":\"https:\/\/amica.es\/es\/#\/schema\/person\/3cd2092cb91816a2341c0113d3e18515\",\"name\":\"Amica\",\"image\":{\"@type\":\"ImageObject\",\"inLanguage\":\"es\",\"@id\":\"https:\/\/amica.es\/es\/#\/schema\/person\/image\/\",\"url\":\"https:\/\/secure.gravatar.com\/avatar\/8eb6878d5df96a3415ff3a99d14be16a87aa23729250353a10c1268cbbd7503f?s=96&d=mm&r=g\",\"contentUrl\":\"https:\/\/secure.gravatar.com\/avatar\/8eb6878d5df96a3415ff3a99d14be16a87aa23729250353a10c1268cbbd7503f?s=96&d=mm&r=g\",\"caption\":\"Amica\"},\"url\":\"https:\/\/amica.es\/es\/author\/amcapaz17ica\/\"}]}<\/script>\n<!-- \/ Yoast SEO plugin. -->","yoast_head_json":{"title":"\u00a1Seguimos compartiendo experiencias! - Amica - Descubriendo Capacidades","description":"Charla de profesionales de Amica, en colaboraci\u00f3n con el programa Viernes sobre el Banco del Tiempo","robots":{"index":"index","follow":"follow","max-snippet":"max-snippet:-1","max-image-preview":"max-image-preview:large","max-video-preview":"max-video-preview:-1"},"canonical":"https:\/\/amica.es\/es\/seguimos-compartiendo-experiencias\/","og_locale":"es_ES","og_type":"article","og_title":"\u00a1Seguimos compartiendo experiencias! - Amica - Descubriendo Capacidades","og_description":"Charla de profesionales de Amica, en colaboraci\u00f3n con el programa Viernes sobre el Banco del Tiempo","og_url":"https:\/\/amica.es\/es\/seguimos-compartiendo-experiencias\/","og_site_name":"Amica - Descubriendo Capacidades","article_publisher":"https:\/\/www.facebook.com\/amicaasociacion","article_published_time":"2025-06-16T12:00:08+00:00","article_modified_time":"2025-12-02T12:06:41+00:00","og_image":[{"width":1170,"height":500,"url":"https:\/\/amica.es\/es\/wp-content\/uploads\/2025\/12\/Imagenes-Web-71.webp","type":"image\/webp"}],"author":"Amica","twitter_card":"summary_large_image","twitter_creator":"@asociacionamica","twitter_site":"@asociacionamica","twitter_misc":{"Escrito por":"Amica","Tiempo de lectura":"2 minutos"},"schema":{"@context":"https:\/\/schema.org","@graph":[{"@type":"Article","@id":"https:\/\/amica.es\/es\/seguimos-compartiendo-experiencias\/#article","isPartOf":{"@id":"https:\/\/amica.es\/es\/seguimos-compartiendo-experiencias\/"},"author":{"name":"Amica","@id":"https:\/\/amica.es\/es\/#\/schema\/person\/3cd2092cb91816a2341c0113d3e18515"},"headline":"\u00a1Seguimos compartiendo experiencias!","datePublished":"2025-06-16T12:00:08+00:00","dateModified":"2025-12-02T12:06:41+00:00","mainEntityOfPage":{"@id":"https:\/\/amica.es\/es\/seguimos-compartiendo-experiencias\/"},"wordCount":189,"publisher":{"@id":"https:\/\/amica.es\/es\/#organization"},"image":{"@id":"https:\/\/amica.es\/es\/seguimos-compartiendo-experiencias\/#primaryimage"},"thumbnailUrl":"https:\/\/amica.es\/es\/wp-content\/uploads\/2025\/12\/Imagenes-Web-71.webp","keywords":["Banco del Tiempo"],"articleSection":["Noticias"],"inLanguage":"es"},{"@type":"WebPage","@id":"https:\/\/amica.es\/es\/seguimos-compartiendo-experiencias\/","url":"https:\/\/amica.es\/es\/seguimos-compartiendo-experiencias\/","name":"\u00a1Seguimos compartiendo experiencias! - Amica - Descubriendo Capacidades","isPartOf":{"@id":"https:\/\/amica.es\/es\/#website"},"primaryImageOfPage":{"@id":"https:\/\/amica.es\/es\/seguimos-compartiendo-experiencias\/#primaryimage"},"image":{"@id":"https:\/\/amica.es\/es\/seguimos-compartiendo-experiencias\/#primaryimage"},"thumbnailUrl":"https:\/\/amica.es\/es\/wp-content\/uploads\/2025\/12\/Imagenes-Web-71.webp","datePublished":"2025-06-16T12:00:08+00:00","dateModified":"2025-12-02T12:06:41+00:00","description":"Charla de profesionales de Amica, en colaboraci\u00f3n con el programa Viernes sobre el Banco del Tiempo","breadcrumb":{"@id":"https:\/\/amica.es\/es\/seguimos-compartiendo-experiencias\/#breadcrumb"},"inLanguage":"es","potentialAction":[{"@type":"ReadAction","target":["https:\/\/amica.es\/es\/seguimos-compartiendo-experiencias\/"]}]},{"@type":"ImageObject","inLanguage":"es","@id":"https:\/\/amica.es\/es\/seguimos-compartiendo-experiencias\/#primaryimage","url":"https:\/\/amica.es\/es\/wp-content\/uploads\/2025\/12\/Imagenes-Web-71.webp","contentUrl":"https:\/\/amica.es\/es\/wp-content\/uploads\/2025\/12\/Imagenes-Web-71.webp","width":1170,"height":500,"caption":"Charla banco del tiempo Reinosa"},{"@type":"BreadcrumbList","@id":"https:\/\/amica.es\/es\/seguimos-compartiendo-experiencias\/#breadcrumb","itemListElement":[{"@type":"ListItem","position":1,"name":"Portada","item":"https:\/\/amica.es\/es\/"},{"@type":"ListItem","position":2,"name":"\u00a1Seguimos compartiendo experiencias!"}]},{"@type":"WebSite","@id":"https:\/\/amica.es\/es\/#website","url":"https:\/\/amica.es\/es\/","name":"Amica - Descubriendo Capacidades","description":"Apoyando a personas con discapacidad desde 1984","publisher":{"@id":"https:\/\/amica.es\/es\/#organization"},"potentialAction":[{"@type":"SearchAction","target":{"@type":"EntryPoint","urlTemplate":"https:\/\/amica.es\/es\/?s={search_term_string}"},"query-input":{"@type":"PropertyValueSpecification","valueRequired":true,"valueName":"search_term_string"}}],"inLanguage":"es"},{"@type":"Organization","@id":"https:\/\/amica.es\/es\/#organization","name":"Asociaci\u00f3n Amica","url":"https:\/\/amica.es\/es\/","logo":{"@type":"ImageObject","inLanguage":"es","@id":"https:\/\/amica.es\/es\/#\/schema\/logo\/image\/","url":"https:\/\/amica.es\/es\/wp-content\/uploads\/2024\/07\/Amica-Logo.png","contentUrl":"https:\/\/amica.es\/es\/wp-content\/uploads\/2024\/07\/Amica-Logo.png","width":1653,"height":577,"caption":"Asociaci\u00f3n Amica"},"image":{"@id":"https:\/\/amica.es\/es\/#\/schema\/logo\/image\/"},"sameAs":["https:\/\/www.facebook.com\/amicaasociacion","https:\/\/x.com\/asociacionamica","https:\/\/www.youtube.com\/c\/asociacionamicacantabria","https:\/\/es.linkedin.com\/company\/asociacionamica?trk=similar-companies_org_title","https:\/\/www.instagram.com\/asociacionamica\/"]},{"@type":"Person","@id":"https:\/\/amica.es\/es\/#\/schema\/person\/3cd2092cb91816a2341c0113d3e18515","name":"Amica","image":{"@type":"ImageObject","inLanguage":"es","@id":"https:\/\/amica.es\/es\/#\/schema\/person\/image\/","url":"https:\/\/secure.gravatar.com\/avatar\/8eb6878d5df96a3415ff3a99d14be16a87aa23729250353a10c1268cbbd7503f?s=96&d=mm&r=g","contentUrl":"https:\/\/secure.gravatar.com\/avatar\/8eb6878d5df96a3415ff3a99d14be16a87aa23729250353a10c1268cbbd7503f?s=96&d=mm&r=g","caption":"Amica"},"url":"https:\/\/amica.es\/es\/author\/amcapaz17ica\/"}]}},"_links":{"self":[{"href":"https:\/\/amica.es\/es\/wp-json\/wp\/v2\/posts\/21579","targetHints":{"allow":["GET"]}}],"collection":[{"href":"https:\/\/amica.es\/es\/wp-json\/wp\/v2\/posts"}],"about":[{"href":"https:\/\/amica.es\/es\/wp-json\/wp\/v2\/types\/post"}],"author":[{"embeddable":true,"href":"https:\/\/amica.es\/es\/wp-json\/wp\/v2\/users\/1"}],"replies":[{"embeddable":true,"href":"https:\/\/amica.es\/es\/wp-json\/wp\/v2\/comments?post=21579"}],"version-history":[{"count":1,"href":"https:\/\/amica.es\/es\/wp-json\/wp\/v2\/posts\/21579\/revisions"}],"predecessor-version":[{"id":21582,"href":"https:\/\/amica.es\/es\/wp-json\/wp\/v2\/posts\/21579\/revisions\/21582"}],"wp:featuredmedia":[{"embeddable":true,"href":"https:\/\/amica.es\/es\/wp-json\/wp\/v2\/media\/21581"}],"wp:attachment":[{"href":"https:\/\/amica.es\/es\/wp-json\/wp\/v2\/media?parent=21579"}],"wp:term":[{"taxonomy":"category","embeddable":true,"href":"https:\/\/amica.es\/es\/wp-json\/wp\/v2\/categories?post=21579"},{"taxonomy":"post_tag","embeddable":true,"href":"https:\/\/amica.es\/es\/wp-json\/wp\/v2\/tags?post=21579"}],"curies":[{"name":"wp","href":"https:\/\/api.w.org\/{rel}","templated":true}]}}