{"id":21778,"date":"2026-01-12T10:12:40","date_gmt":"2026-01-12T08:12:40","guid":{"rendered":"https:\/\/amica.es\/es\/?p=21778"},"modified":"2026-01-12T10:12:40","modified_gmt":"2026-01-12T08:12:40","slug":"que-ano-tan-increible-hemos-vivido-en-el-banco-del-tiempo-de-amica","status":"publish","type":"post","link":"https:\/\/amica.es\/es\/que-ano-tan-increible-hemos-vivido-en-el-banco-del-tiempo-de-amica\/","title":{"rendered":"\u00a1Qu\u00e9 a\u00f1o tan incre\u00edble hemos vivido en el Banco del Tiempo de Amica!"},"content":{"rendered":"<p><span style=\"font-weight: 400;\">Cerramos el 2025 con datos que nos llenan de orgullo y demuestran que, cuando compartimos nuestro tiempo, todos ganamos. Aqu\u00ed te dejamos un resumen de nuestra aventura del Banco del Tiempo:<\/span><\/p>\n<p><b>\u00a1Crecemos juntos!<\/b><span style=\"font-weight: 400;\"> Ya somos <\/span><b>126 participantes<\/b><span style=\"font-weight: 400;\">, con 20 nuevas personas que se han sumado a la red este a\u00f1o.<\/span><\/p>\n<p><span style=\"font-weight: 400;\">Hemos realizado <\/span><b>47 intercambios<\/b><span style=\"font-weight: 400;\"> espectaculares. Desde tertulias en ingl\u00e9s y ganchillo hasta apoyo t\u00e9cnico y visitas culturales. \u00a1Y con una nota media de <\/span><b>4,9 sobre 5<\/b><span style=\"font-weight: 400;\"> en satisfacci\u00f3n!\u00a0<\/span><\/p>\n<p><span style=\"font-weight: 400;\">Nuestro modelo inclusivo ha viajado lejos, colaborando con entidades de <\/span><b>Latinoam\u00e9rica<\/b><span style=\"font-weight: 400;\"> y exportando la idea a <\/span><b>Polonia y Grecia<\/b><span style=\"font-weight: 400;\">. \u00a1El intercambio no tiene l\u00edmites!<\/span><\/p>\n<p><span style=\"font-weight: 400;\">Hemos estado presentes en radio, eventos y hasta en el <\/span><b>V Informe Mundial de Bancos del Tiempo<\/b><span style=\"font-weight: 400;\">, hablando sobre c\u00f3mo la tecnolog\u00eda puede ayudar a combatir la soledad.<\/span><\/p>\n<p><b>M\u00e1s que intercambios:<\/b><span style=\"font-weight: 400;\"> Quedadas de juegos, talleres formativos y nuestra oficina itinerante han hecho que esta comunidad sea cada d\u00eda m\u00e1s fuerte.<\/span><\/p>\n<p><span style=\"font-weight: 400;\">Gracias al <\/span><b>Grupo Motor<\/b><span style=\"font-weight: 400;\"> y a cada uno de vosotros por vuestro compromiso. \u00a1En 2026 seguiremos demostrando que vuestro tiempo es el mejor regalo para construir comunidad!\u00a0<\/span><\/p>\n","protected":false},"excerpt":{"rendered":"<p>Cerramos el 2025 con datos que nos llenan de orgullo y demuestran que, cuando compartimos nuestro tiempo, todos ganamos. Aqu\u00ed te dejamos un resumen de nuestra aventura del Banco del Tiempo: \u00a1Crecemos juntos! Ya somos 126 participantes, con 20 nuevas personas que se han sumado a la red este a\u00f1o. Hemos realizado 47 intercambios espectaculares.<br \/><a href=\"https:\/\/amica.es\/es\/que-ano-tan-increible-hemos-vivido-en-el-banco-del-tiempo-de-amica\/\" class=\"more\">Read more<\/a><\/p>\n","protected":false},"author":1,"featured_media":21779,"comment_status":"closed","ping_status":"open","sticky":false,"template":"","format":"standard","meta":{"_monsterinsights_skip_tracking":false,"_monsterinsights_sitenote_active":false,"_monsterinsights_sitenote_note":"","_monsterinsights_sitenote_category":0,"_joinchat":[],"footnotes":""},"categories":[27],"tags":[181],"class_list":["post-21778","post","type-post","status-publish","format-standard","has-post-thumbnail","hentry","category-noticias-categoria","tag-banco-del-tiempo"],"yoast_head":"<!-- This site is optimized with the Yoast SEO plugin v25.6 - https:\/\/yoast.com\/wordpress\/plugins\/seo\/ -->\n<title>\u00a1Qu\u00e9 a\u00f1o tan incre\u00edble hemos vivido en el Banco del Tiempo de Amica! - Amica - Descubriendo Capacidades<\/title>\n<meta name=\"description\" content=\"Cerramos el 2025 con datos que nos llenan de orgullo y demuestran que, cuando compartimos nuestro tiempo, todos ganamos.\" \/>\n<meta name=\"robots\" content=\"index, follow, max-snippet:-1, max-image-preview:large, max-video-preview:-1\" \/>\n<link rel=\"canonical\" href=\"https:\/\/amica.es\/es\/que-ano-tan-increible-hemos-vivido-en-el-banco-del-tiempo-de-amica\/\" \/>\n<meta property=\"og:locale\" content=\"es_ES\" \/>\n<meta property=\"og:type\" content=\"article\" \/>\n<meta property=\"og:title\" content=\"\u00a1Qu\u00e9 a\u00f1o tan incre\u00edble hemos vivido en el Banco del Tiempo de Amica! - Amica - Descubriendo Capacidades\" \/>\n<meta property=\"og:description\" content=\"Cerramos el 2025 con datos que nos llenan de orgullo y demuestran que, cuando compartimos nuestro tiempo, todos ganamos.\" \/>\n<meta property=\"og:url\" content=\"https:\/\/amica.es\/es\/que-ano-tan-increible-hemos-vivido-en-el-banco-del-tiempo-de-amica\/\" \/>\n<meta property=\"og:site_name\" content=\"Amica - Descubriendo Capacidades\" \/>\n<meta property=\"article:publisher\" content=\"https:\/\/www.facebook.com\/amicaasociacion\" \/>\n<meta property=\"article:published_time\" content=\"2026-01-12T08:12:40+00:00\" \/>\n<meta property=\"og:image\" content=\"https:\/\/amica.es\/es\/wp-content\/uploads\/2026\/01\/Imagenes-Web-87.webp\" \/>\n\t<meta property=\"og:image:width\" content=\"1170\" \/>\n\t<meta property=\"og:image:height\" content=\"500\" \/>\n\t<meta property=\"og:image:type\" content=\"image\/webp\" \/>\n<meta name=\"author\" content=\"Amica\" \/>\n<meta name=\"twitter:card\" content=\"summary_large_image\" \/>\n<meta name=\"twitter:creator\" content=\"@asociacionamica\" \/>\n<meta name=\"twitter:site\" content=\"@asociacionamica\" \/>\n<meta name=\"twitter:label1\" content=\"Escrito por\" \/>\n\t<meta name=\"twitter:data1\" content=\"Amica\" \/>\n\t<meta name=\"twitter:label2\" content=\"Tiempo de lectura\" \/>\n\t<meta name=\"twitter:data2\" content=\"2 minutos\" \/>\n<script type=\"application\/ld+json\" class=\"yoast-schema-graph\">{\"@context\":\"https:\/\/schema.org\",\"@graph\":[{\"@type\":\"Article\",\"@id\":\"https:\/\/amica.es\/es\/que-ano-tan-increible-hemos-vivido-en-el-banco-del-tiempo-de-amica\/#article\",\"isPartOf\":{\"@id\":\"https:\/\/amica.es\/es\/que-ano-tan-increible-hemos-vivido-en-el-banco-del-tiempo-de-amica\/\"},\"author\":{\"name\":\"Amica\",\"@id\":\"https:\/\/amica.es\/es\/#\/schema\/person\/3cd2092cb91816a2341c0113d3e18515\"},\"headline\":\"\u00a1Qu\u00e9 a\u00f1o tan incre\u00edble hemos vivido en el Banco del Tiempo de Amica!\",\"datePublished\":\"2026-01-12T08:12:40+00:00\",\"mainEntityOfPage\":{\"@id\":\"https:\/\/amica.es\/es\/que-ano-tan-increible-hemos-vivido-en-el-banco-del-tiempo-de-amica\/\"},\"wordCount\":198,\"publisher\":{\"@id\":\"https:\/\/amica.es\/es\/#organization\"},\"image\":{\"@id\":\"https:\/\/amica.es\/es\/que-ano-tan-increible-hemos-vivido-en-el-banco-del-tiempo-de-amica\/#primaryimage\"},\"thumbnailUrl\":\"https:\/\/amica.es\/es\/wp-content\/uploads\/2026\/01\/Imagenes-Web-87.webp\",\"keywords\":[\"Banco del Tiempo\"],\"articleSection\":[\"Noticias\"],\"inLanguage\":\"es\"},{\"@type\":\"WebPage\",\"@id\":\"https:\/\/amica.es\/es\/que-ano-tan-increible-hemos-vivido-en-el-banco-del-tiempo-de-amica\/\",\"url\":\"https:\/\/amica.es\/es\/que-ano-tan-increible-hemos-vivido-en-el-banco-del-tiempo-de-amica\/\",\"name\":\"\u00a1Qu\u00e9 a\u00f1o tan incre\u00edble hemos vivido en el Banco del Tiempo de Amica! - Amica - Descubriendo Capacidades\",\"isPartOf\":{\"@id\":\"https:\/\/amica.es\/es\/#website\"},\"primaryImageOfPage\":{\"@id\":\"https:\/\/amica.es\/es\/que-ano-tan-increible-hemos-vivido-en-el-banco-del-tiempo-de-amica\/#primaryimage\"},\"image\":{\"@id\":\"https:\/\/amica.es\/es\/que-ano-tan-increible-hemos-vivido-en-el-banco-del-tiempo-de-amica\/#primaryimage\"},\"thumbnailUrl\":\"https:\/\/amica.es\/es\/wp-content\/uploads\/2026\/01\/Imagenes-Web-87.webp\",\"datePublished\":\"2026-01-12T08:12:40+00:00\",\"description\":\"Cerramos el 2025 con datos que nos llenan de orgullo y demuestran que, cuando compartimos nuestro tiempo, todos ganamos.\",\"breadcrumb\":{\"@id\":\"https:\/\/amica.es\/es\/que-ano-tan-increible-hemos-vivido-en-el-banco-del-tiempo-de-amica\/#breadcrumb\"},\"inLanguage\":\"es\",\"potentialAction\":[{\"@type\":\"ReadAction\",\"target\":[\"https:\/\/amica.es\/es\/que-ano-tan-increible-hemos-vivido-en-el-banco-del-tiempo-de-amica\/\"]}]},{\"@type\":\"ImageObject\",\"inLanguage\":\"es\",\"@id\":\"https:\/\/amica.es\/es\/que-ano-tan-increible-hemos-vivido-en-el-banco-del-tiempo-de-amica\/#primaryimage\",\"url\":\"https:\/\/amica.es\/es\/wp-content\/uploads\/2026\/01\/Imagenes-Web-87.webp\",\"contentUrl\":\"https:\/\/amica.es\/es\/wp-content\/uploads\/2026\/01\/Imagenes-Web-87.webp\",\"width\":1170,\"height\":500,\"caption\":\"Resumen fotogr\u00e1fico del Banco del Tiempo\"},{\"@type\":\"BreadcrumbList\",\"@id\":\"https:\/\/amica.es\/es\/que-ano-tan-increible-hemos-vivido-en-el-banco-del-tiempo-de-amica\/#breadcrumb\",\"itemListElement\":[{\"@type\":\"ListItem\",\"position\":1,\"name\":\"Portada\",\"item\":\"https:\/\/amica.es\/es\/\"},{\"@type\":\"ListItem\",\"position\":2,\"name\":\"\u00a1Qu\u00e9 a\u00f1o tan incre\u00edble hemos vivido en el Banco del Tiempo de Amica!\"}]},{\"@type\":\"WebSite\",\"@id\":\"https:\/\/amica.es\/es\/#website\",\"url\":\"https:\/\/amica.es\/es\/\",\"name\":\"Amica - Descubriendo Capacidades\",\"description\":\"Apoyando a personas con discapacidad desde 1984\",\"publisher\":{\"@id\":\"https:\/\/amica.es\/es\/#organization\"},\"potentialAction\":[{\"@type\":\"SearchAction\",\"target\":{\"@type\":\"EntryPoint\",\"urlTemplate\":\"https:\/\/amica.es\/es\/?s={search_term_string}\"},\"query-input\":{\"@type\":\"PropertyValueSpecification\",\"valueRequired\":true,\"valueName\":\"search_term_string\"}}],\"inLanguage\":\"es\"},{\"@type\":\"Organization\",\"@id\":\"https:\/\/amica.es\/es\/#organization\",\"name\":\"Asociaci\u00f3n Amica\",\"url\":\"https:\/\/amica.es\/es\/\",\"logo\":{\"@type\":\"ImageObject\",\"inLanguage\":\"es\",\"@id\":\"https:\/\/amica.es\/es\/#\/schema\/logo\/image\/\",\"url\":\"https:\/\/amica.es\/es\/wp-content\/uploads\/2024\/07\/Amica-Logo.png\",\"contentUrl\":\"https:\/\/amica.es\/es\/wp-content\/uploads\/2024\/07\/Amica-Logo.png\",\"width\":1653,\"height\":577,\"caption\":\"Asociaci\u00f3n Amica\"},\"image\":{\"@id\":\"https:\/\/amica.es\/es\/#\/schema\/logo\/image\/\"},\"sameAs\":[\"https:\/\/www.facebook.com\/amicaasociacion\",\"https:\/\/x.com\/asociacionamica\",\"https:\/\/www.youtube.com\/c\/asociacionamicacantabria\",\"https:\/\/es.linkedin.com\/company\/asociacionamica?trk=similar-companies_org_title\",\"https:\/\/www.instagram.com\/asociacionamica\/\"]},{\"@type\":\"Person\",\"@id\":\"https:\/\/amica.es\/es\/#\/schema\/person\/3cd2092cb91816a2341c0113d3e18515\",\"name\":\"Amica\",\"image\":{\"@type\":\"ImageObject\",\"inLanguage\":\"es\",\"@id\":\"https:\/\/amica.es\/es\/#\/schema\/person\/image\/\",\"url\":\"https:\/\/secure.gravatar.com\/avatar\/8eb6878d5df96a3415ff3a99d14be16a87aa23729250353a10c1268cbbd7503f?s=96&d=mm&r=g\",\"contentUrl\":\"https:\/\/secure.gravatar.com\/avatar\/8eb6878d5df96a3415ff3a99d14be16a87aa23729250353a10c1268cbbd7503f?s=96&d=mm&r=g\",\"caption\":\"Amica\"},\"url\":\"https:\/\/amica.es\/es\/author\/amcapaz17ica\/\"}]}<\/script>\n<!-- \/ Yoast SEO plugin. -->","yoast_head_json":{"title":"\u00a1Qu\u00e9 a\u00f1o tan incre\u00edble hemos vivido en el Banco del Tiempo de Amica! - Amica - Descubriendo Capacidades","description":"Cerramos el 2025 con datos que nos llenan de orgullo y demuestran que, cuando compartimos nuestro tiempo, todos ganamos.","robots":{"index":"index","follow":"follow","max-snippet":"max-snippet:-1","max-image-preview":"max-image-preview:large","max-video-preview":"max-video-preview:-1"},"canonical":"https:\/\/amica.es\/es\/que-ano-tan-increible-hemos-vivido-en-el-banco-del-tiempo-de-amica\/","og_locale":"es_ES","og_type":"article","og_title":"\u00a1Qu\u00e9 a\u00f1o tan incre\u00edble hemos vivido en el Banco del Tiempo de Amica! - Amica - Descubriendo Capacidades","og_description":"Cerramos el 2025 con datos que nos llenan de orgullo y demuestran que, cuando compartimos nuestro tiempo, todos ganamos.","og_url":"https:\/\/amica.es\/es\/que-ano-tan-increible-hemos-vivido-en-el-banco-del-tiempo-de-amica\/","og_site_name":"Amica - Descubriendo Capacidades","article_publisher":"https:\/\/www.facebook.com\/amicaasociacion","article_published_time":"2026-01-12T08:12:40+00:00","og_image":[{"width":1170,"height":500,"url":"https:\/\/amica.es\/es\/wp-content\/uploads\/2026\/01\/Imagenes-Web-87.webp","type":"image\/webp"}],"author":"Amica","twitter_card":"summary_large_image","twitter_creator":"@asociacionamica","twitter_site":"@asociacionamica","twitter_misc":{"Escrito por":"Amica","Tiempo de lectura":"2 minutos"},"schema":{"@context":"https:\/\/schema.org","@graph":[{"@type":"Article","@id":"https:\/\/amica.es\/es\/que-ano-tan-increible-hemos-vivido-en-el-banco-del-tiempo-de-amica\/#article","isPartOf":{"@id":"https:\/\/amica.es\/es\/que-ano-tan-increible-hemos-vivido-en-el-banco-del-tiempo-de-amica\/"},"author":{"name":"Amica","@id":"https:\/\/amica.es\/es\/#\/schema\/person\/3cd2092cb91816a2341c0113d3e18515"},"headline":"\u00a1Qu\u00e9 a\u00f1o tan incre\u00edble hemos vivido en el Banco del Tiempo de Amica!","datePublished":"2026-01-12T08:12:40+00:00","mainEntityOfPage":{"@id":"https:\/\/amica.es\/es\/que-ano-tan-increible-hemos-vivido-en-el-banco-del-tiempo-de-amica\/"},"wordCount":198,"publisher":{"@id":"https:\/\/amica.es\/es\/#organization"},"image":{"@id":"https:\/\/amica.es\/es\/que-ano-tan-increible-hemos-vivido-en-el-banco-del-tiempo-de-amica\/#primaryimage"},"thumbnailUrl":"https:\/\/amica.es\/es\/wp-content\/uploads\/2026\/01\/Imagenes-Web-87.webp","keywords":["Banco del Tiempo"],"articleSection":["Noticias"],"inLanguage":"es"},{"@type":"WebPage","@id":"https:\/\/amica.es\/es\/que-ano-tan-increible-hemos-vivido-en-el-banco-del-tiempo-de-amica\/","url":"https:\/\/amica.es\/es\/que-ano-tan-increible-hemos-vivido-en-el-banco-del-tiempo-de-amica\/","name":"\u00a1Qu\u00e9 a\u00f1o tan incre\u00edble hemos vivido en el Banco del Tiempo de Amica! - Amica - Descubriendo Capacidades","isPartOf":{"@id":"https:\/\/amica.es\/es\/#website"},"primaryImageOfPage":{"@id":"https:\/\/amica.es\/es\/que-ano-tan-increible-hemos-vivido-en-el-banco-del-tiempo-de-amica\/#primaryimage"},"image":{"@id":"https:\/\/amica.es\/es\/que-ano-tan-increible-hemos-vivido-en-el-banco-del-tiempo-de-amica\/#primaryimage"},"thumbnailUrl":"https:\/\/amica.es\/es\/wp-content\/uploads\/2026\/01\/Imagenes-Web-87.webp","datePublished":"2026-01-12T08:12:40+00:00","description":"Cerramos el 2025 con datos que nos llenan de orgullo y demuestran que, cuando compartimos nuestro tiempo, todos ganamos.","breadcrumb":{"@id":"https:\/\/amica.es\/es\/que-ano-tan-increible-hemos-vivido-en-el-banco-del-tiempo-de-amica\/#breadcrumb"},"inLanguage":"es","potentialAction":[{"@type":"ReadAction","target":["https:\/\/amica.es\/es\/que-ano-tan-increible-hemos-vivido-en-el-banco-del-tiempo-de-amica\/"]}]},{"@type":"ImageObject","inLanguage":"es","@id":"https:\/\/amica.es\/es\/que-ano-tan-increible-hemos-vivido-en-el-banco-del-tiempo-de-amica\/#primaryimage","url":"https:\/\/amica.es\/es\/wp-content\/uploads\/2026\/01\/Imagenes-Web-87.webp","contentUrl":"https:\/\/amica.es\/es\/wp-content\/uploads\/2026\/01\/Imagenes-Web-87.webp","width":1170,"height":500,"caption":"Resumen fotogr\u00e1fico del Banco del Tiempo"},{"@type":"BreadcrumbList","@id":"https:\/\/amica.es\/es\/que-ano-tan-increible-hemos-vivido-en-el-banco-del-tiempo-de-amica\/#breadcrumb","itemListElement":[{"@type":"ListItem","position":1,"name":"Portada","item":"https:\/\/amica.es\/es\/"},{"@type":"ListItem","position":2,"name":"\u00a1Qu\u00e9 a\u00f1o tan incre\u00edble hemos vivido en el Banco del Tiempo de Amica!"}]},{"@type":"WebSite","@id":"https:\/\/amica.es\/es\/#website","url":"https:\/\/amica.es\/es\/","name":"Amica - Descubriendo Capacidades","description":"Apoyando a personas con discapacidad desde 1984","publisher":{"@id":"https:\/\/amica.es\/es\/#organization"},"potentialAction":[{"@type":"SearchAction","target":{"@type":"EntryPoint","urlTemplate":"https:\/\/amica.es\/es\/?s={search_term_string}"},"query-input":{"@type":"PropertyValueSpecification","valueRequired":true,"valueName":"search_term_string"}}],"inLanguage":"es"},{"@type":"Organization","@id":"https:\/\/amica.es\/es\/#organization","name":"Asociaci\u00f3n Amica","url":"https:\/\/amica.es\/es\/","logo":{"@type":"ImageObject","inLanguage":"es","@id":"https:\/\/amica.es\/es\/#\/schema\/logo\/image\/","url":"https:\/\/amica.es\/es\/wp-content\/uploads\/2024\/07\/Amica-Logo.png","contentUrl":"https:\/\/amica.es\/es\/wp-content\/uploads\/2024\/07\/Amica-Logo.png","width":1653,"height":577,"caption":"Asociaci\u00f3n Amica"},"image":{"@id":"https:\/\/amica.es\/es\/#\/schema\/logo\/image\/"},"sameAs":["https:\/\/www.facebook.com\/amicaasociacion","https:\/\/x.com\/asociacionamica","https:\/\/www.youtube.com\/c\/asociacionamicacantabria","https:\/\/es.linkedin.com\/company\/asociacionamica?trk=similar-companies_org_title","https:\/\/www.instagram.com\/asociacionamica\/"]},{"@type":"Person","@id":"https:\/\/amica.es\/es\/#\/schema\/person\/3cd2092cb91816a2341c0113d3e18515","name":"Amica","image":{"@type":"ImageObject","inLanguage":"es","@id":"https:\/\/amica.es\/es\/#\/schema\/person\/image\/","url":"https:\/\/secure.gravatar.com\/avatar\/8eb6878d5df96a3415ff3a99d14be16a87aa23729250353a10c1268cbbd7503f?s=96&d=mm&r=g","contentUrl":"https:\/\/secure.gravatar.com\/avatar\/8eb6878d5df96a3415ff3a99d14be16a87aa23729250353a10c1268cbbd7503f?s=96&d=mm&r=g","caption":"Amica"},"url":"https:\/\/amica.es\/es\/author\/amcapaz17ica\/"}]}},"_links":{"self":[{"href":"https:\/\/amica.es\/es\/wp-json\/wp\/v2\/posts\/21778","targetHints":{"allow":["GET"]}}],"collection":[{"href":"https:\/\/amica.es\/es\/wp-json\/wp\/v2\/posts"}],"about":[{"href":"https:\/\/amica.es\/es\/wp-json\/wp\/v2\/types\/post"}],"author":[{"embeddable":true,"href":"https:\/\/amica.es\/es\/wp-json\/wp\/v2\/users\/1"}],"replies":[{"embeddable":true,"href":"https:\/\/amica.es\/es\/wp-json\/wp\/v2\/comments?post=21778"}],"version-history":[{"count":2,"href":"https:\/\/amica.es\/es\/wp-json\/wp\/v2\/posts\/21778\/revisions"}],"predecessor-version":[{"id":21781,"href":"https:\/\/amica.es\/es\/wp-json\/wp\/v2\/posts\/21778\/revisions\/21781"}],"wp:featuredmedia":[{"embeddable":true,"href":"https:\/\/amica.es\/es\/wp-json\/wp\/v2\/media\/21779"}],"wp:attachment":[{"href":"https:\/\/amica.es\/es\/wp-json\/wp\/v2\/media?parent=21778"}],"wp:term":[{"taxonomy":"category","embeddable":true,"href":"https:\/\/amica.es\/es\/wp-json\/wp\/v2\/categories?post=21778"},{"taxonomy":"post_tag","embeddable":true,"href":"https:\/\/amica.es\/es\/wp-json\/wp\/v2\/tags?post=21778"}],"curies":[{"name":"wp","href":"https:\/\/api.w.org\/{rel}","templated":true}]}}