{"id":22117,"date":"2026-03-12T17:23:04","date_gmt":"2026-03-12T15:23:04","guid":{"rendered":"https:\/\/amica.es\/es\/?p=22117"},"modified":"2026-03-13T10:26:54","modified_gmt":"2026-03-13T08:26:54","slug":"el-proyecto-ultreia-sudoe-avanza-en-la-puesta-en-practica-de-la-valorizacion-turistica-y-cultural-de-los-caminos-de-santiago","status":"publish","type":"post","link":"https:\/\/amica.es\/es\/el-proyecto-ultreia-sudoe-avanza-en-la-puesta-en-practica-de-la-valorizacion-turistica-y-cultural-de-los-caminos-de-santiago\/","title":{"rendered":"EL PROYECTO ULTREIA SUDOE avanza en la puesta en pr\u00e1ctica de la valorizaci\u00f3n tur\u00edstica y cultural de los Caminos de Santiago"},"content":{"rendered":"<p>El director de Turismo de Galicia, Xos\u00e9 Manuel Merelles, particip\u00f3 este mi\u00e9rcoles en una reuni\u00f3n de coordinaci\u00f3n celebrada en la Casa Forte de Lus\u00edo, donde representantes de Espa\u00f1a, Francia y Portugal analizaron los progresos y pr\u00f3ximos pasos de la iniciativa.<\/p>\n<p>Entre los asuntos tratados destac\u00f3 el an\u00e1lisis de la evoluci\u00f3n socioecon\u00f3mica de las rutas jacobeas, la mejora de la accesibilidad e inclusividad en el Camino Franc\u00e9s y el impulso a nuevas herramientas de digitalizaci\u00f3n y promoci\u00f3n. En los d\u00edas previos, un equipo de expertos realiz\u00f3 visitas de campo al tramo entre O Cebreiro y Sarria, evaluando la accesibilidad del itinerario a su paso por Samos, Triacastela y Pedrafita.<\/p>\n<p>El proyecto entra ahora en una fase clave con la implementaci\u00f3n de proyectos piloto destinados a dinamizar los territorios del interior. Entre ellos, las futuras \u201cParadas del Camino\u201d, espacios f\u00edsicos dedicados a difundir el patrimonio local, artesan\u00eda y productos agroalimentarios. Estas paradas se instalar\u00e1n inicialmente en cinco localidades de los pa\u00edses participantes, con la ubicaci\u00f3n gallega fijada en O Cebreiro, Belorado en Castilla y Le\u00f3n, Lamas\u00f3n en Cantabria, Euzane en Francia, Vilapouca de Aguiar en Portugal.<\/p>\n<p>Adem\u00e1s, se presentaron los avances de su sistema de conteo digital de peregrinos, basado en sensores instalados a lo largo del Camino Franc\u00e9s, una herramienta que permitir\u00e1 mejorar el conocimiento sobre los flujos y comportamiento de las personas que recorren la ruta.<\/p>\n<p>Los socios aprovecharon la jornada para realizar varias visitas de estudio al municipio de Triacastela, acompa\u00f1ados por su alcaldesa, Olga Iglesias. Durante el recorrido, conocieron el albergue p\u00fablico y la granja de vacas de raza cachena de Jordi \u00c1nguez, una especie aut\u00f3ctona gallega en proceso de recuperaci\u00f3n.<\/p>\n<p>Posteriormente, la delegaci\u00f3n se desplaz\u00f3 a varios puntos destacados del Camino de Santiago, entre ellos la iglesia de Santa Mar\u00eda do Cebreiro y la parada piloto que Xacobeo est\u00e1 desarrollando en esta localidad. La visita se cerr\u00f3 con la compa\u00f1\u00eda del alcalde, Jos\u00e9 Luis Raposo, con quien se habl\u00f3 de los recursos tur\u00edsticos, culturales y gastron\u00f3micos de la zona.<\/p>\n<p>En el encuentro participaron representantes de Turismo de Galicia \u2014a trav\u00e9s de la S.A. de Xesti\u00f3n do Plan Xacobeo\u2014, la Fundaci\u00f3n Camino Lebaniego, la Asociaci\u00f3n de Municipios del Camino de Santiago Franc\u00e9s, la Asociaci\u00f3n Amica, la Fundaci\u00f3n Santa Mar\u00eda la Real, el Munic\u00edpio de Vila Pouca de Aguiar, la Universidade NOVA de Lisboa y la Agence fran\u00e7aise des chemins de Compostelle, esta \u00faltima por videoconferencia.<\/p>\n<p>El proyecto Ultreia Sudoe, que comenz\u00f3 en 2024 y se extender\u00e1 hasta finales de 2026, mantiene la vista puesta en el Xacobeo 2027. Su objetivo es reforzar la dinamizaci\u00f3n tur\u00edstica del interior y promover el desarrollo sostenible de las zonas rurales vinculadas a los Caminos de Santiago. La iniciativa cuenta con un presupuesto total de 1.407.300 euros, financiado en un 75% por el programa europeo Interreg SUDOE.<\/p>\n","protected":false},"excerpt":{"rendered":"<p>El director de Turismo de Galicia, Xos\u00e9 Manuel Merelles, particip\u00f3 este mi\u00e9rcoles en una reuni\u00f3n de coordinaci\u00f3n celebrada en la Casa Forte de Lus\u00edo, donde representantes de Espa\u00f1a, Francia y Portugal analizaron los progresos y pr\u00f3ximos pasos de la iniciativa. Entre los asuntos tratados destac\u00f3 el an\u00e1lisis de la evoluci\u00f3n socioecon\u00f3mica de las rutas jacobeas,<br \/><a href=\"https:\/\/amica.es\/es\/el-proyecto-ultreia-sudoe-avanza-en-la-puesta-en-practica-de-la-valorizacion-turistica-y-cultural-de-los-caminos-de-santiago\/\" class=\"more\">Read more<\/a><\/p>\n","protected":false},"author":1,"featured_media":22118,"comment_status":"closed","ping_status":"open","sticky":false,"template":"","format":"standard","meta":{"_monsterinsights_skip_tracking":false,"_monsterinsights_sitenote_active":false,"_monsterinsights_sitenote_note":"","_monsterinsights_sitenote_category":0,"_joinchat":[],"footnotes":""},"categories":[27],"tags":[],"class_list":["post-22117","post","type-post","status-publish","format-standard","has-post-thumbnail","hentry","category-noticias-categoria"],"yoast_head":"<!-- This site is optimized with the Yoast SEO plugin v25.6 - https:\/\/yoast.com\/wordpress\/plugins\/seo\/ -->\n<title>EL PROYECTO ULTREIA SUDOE avanza en la puesta en pr\u00e1ctica de la valorizaci\u00f3n tur\u00edstica y cultural de los Caminos de Santiago - Amica - Descubriendo Capacidades<\/title>\n<meta name=\"robots\" content=\"index, follow, max-snippet:-1, max-image-preview:large, max-video-preview:-1\" \/>\n<link rel=\"canonical\" href=\"https:\/\/amica.es\/es\/el-proyecto-ultreia-sudoe-avanza-en-la-puesta-en-practica-de-la-valorizacion-turistica-y-cultural-de-los-caminos-de-santiago\/\" \/>\n<meta property=\"og:locale\" content=\"es_ES\" \/>\n<meta property=\"og:type\" content=\"article\" \/>\n<meta property=\"og:title\" content=\"EL PROYECTO ULTREIA SUDOE avanza en la puesta en pr\u00e1ctica de la valorizaci\u00f3n tur\u00edstica y cultural de los Caminos de Santiago - Amica - Descubriendo Capacidades\" \/>\n<meta property=\"og:description\" content=\"El director de Turismo de Galicia, Xos\u00e9 Manuel Merelles, particip\u00f3 este mi\u00e9rcoles en una reuni\u00f3n de coordinaci\u00f3n celebrada en la Casa Forte de Lus\u00edo, donde representantes de Espa\u00f1a, Francia y Portugal analizaron los progresos y pr\u00f3ximos pasos de la iniciativa. Entre los asuntos tratados destac\u00f3 el an\u00e1lisis de la evoluci\u00f3n socioecon\u00f3mica de las rutas jacobeas,Read more\" \/>\n<meta property=\"og:url\" content=\"https:\/\/amica.es\/es\/el-proyecto-ultreia-sudoe-avanza-en-la-puesta-en-practica-de-la-valorizacion-turistica-y-cultural-de-los-caminos-de-santiago\/\" \/>\n<meta property=\"og:site_name\" content=\"Amica - Descubriendo Capacidades\" \/>\n<meta property=\"article:publisher\" content=\"https:\/\/www.facebook.com\/amicaasociacion\" \/>\n<meta property=\"article:published_time\" content=\"2026-03-12T15:23:04+00:00\" \/>\n<meta property=\"article:modified_time\" content=\"2026-03-13T08:26:54+00:00\" \/>\n<meta property=\"og:image\" content=\"https:\/\/amica.es\/es\/wp-content\/uploads\/2026\/03\/WEB-Plantilla-ULTREIA-Sudoe.webp\" \/>\n\t<meta property=\"og:image:width\" content=\"1170\" \/>\n\t<meta property=\"og:image:height\" content=\"500\" \/>\n\t<meta property=\"og:image:type\" content=\"image\/webp\" \/>\n<meta name=\"author\" content=\"Amica\" \/>\n<meta name=\"twitter:card\" content=\"summary_large_image\" \/>\n<meta name=\"twitter:creator\" content=\"@asociacionamica\" \/>\n<meta name=\"twitter:site\" content=\"@asociacionamica\" \/>\n<meta name=\"twitter:label1\" content=\"Escrito por\" \/>\n\t<meta name=\"twitter:data1\" content=\"Amica\" \/>\n\t<meta name=\"twitter:label2\" content=\"Tiempo de lectura\" \/>\n\t<meta name=\"twitter:data2\" content=\"3 minutos\" \/>\n<script type=\"application\/ld+json\" class=\"yoast-schema-graph\">{\"@context\":\"https:\/\/schema.org\",\"@graph\":[{\"@type\":\"Article\",\"@id\":\"https:\/\/amica.es\/es\/el-proyecto-ultreia-sudoe-avanza-en-la-puesta-en-practica-de-la-valorizacion-turistica-y-cultural-de-los-caminos-de-santiago\/#article\",\"isPartOf\":{\"@id\":\"https:\/\/amica.es\/es\/el-proyecto-ultreia-sudoe-avanza-en-la-puesta-en-practica-de-la-valorizacion-turistica-y-cultural-de-los-caminos-de-santiago\/\"},\"author\":{\"name\":\"Amica\",\"@id\":\"https:\/\/amica.es\/es\/#\/schema\/person\/3cd2092cb91816a2341c0113d3e18515\"},\"headline\":\"EL PROYECTO ULTREIA SUDOE avanza en la puesta en pr\u00e1ctica de la valorizaci\u00f3n tur\u00edstica y cultural de los Caminos de Santiago\",\"datePublished\":\"2026-03-12T15:23:04+00:00\",\"dateModified\":\"2026-03-13T08:26:54+00:00\",\"mainEntityOfPage\":{\"@id\":\"https:\/\/amica.es\/es\/el-proyecto-ultreia-sudoe-avanza-en-la-puesta-en-practica-de-la-valorizacion-turistica-y-cultural-de-los-caminos-de-santiago\/\"},\"wordCount\":528,\"publisher\":{\"@id\":\"https:\/\/amica.es\/es\/#organization\"},\"image\":{\"@id\":\"https:\/\/amica.es\/es\/el-proyecto-ultreia-sudoe-avanza-en-la-puesta-en-practica-de-la-valorizacion-turistica-y-cultural-de-los-caminos-de-santiago\/#primaryimage\"},\"thumbnailUrl\":\"https:\/\/amica.es\/es\/wp-content\/uploads\/2026\/03\/WEB-Plantilla-ULTREIA-Sudoe.webp\",\"articleSection\":[\"Noticias\"],\"inLanguage\":\"es\"},{\"@type\":\"WebPage\",\"@id\":\"https:\/\/amica.es\/es\/el-proyecto-ultreia-sudoe-avanza-en-la-puesta-en-practica-de-la-valorizacion-turistica-y-cultural-de-los-caminos-de-santiago\/\",\"url\":\"https:\/\/amica.es\/es\/el-proyecto-ultreia-sudoe-avanza-en-la-puesta-en-practica-de-la-valorizacion-turistica-y-cultural-de-los-caminos-de-santiago\/\",\"name\":\"EL PROYECTO ULTREIA SUDOE avanza en la puesta en pr\u00e1ctica de la valorizaci\u00f3n tur\u00edstica y cultural de los Caminos de Santiago - Amica - Descubriendo Capacidades\",\"isPartOf\":{\"@id\":\"https:\/\/amica.es\/es\/#website\"},\"primaryImageOfPage\":{\"@id\":\"https:\/\/amica.es\/es\/el-proyecto-ultreia-sudoe-avanza-en-la-puesta-en-practica-de-la-valorizacion-turistica-y-cultural-de-los-caminos-de-santiago\/#primaryimage\"},\"image\":{\"@id\":\"https:\/\/amica.es\/es\/el-proyecto-ultreia-sudoe-avanza-en-la-puesta-en-practica-de-la-valorizacion-turistica-y-cultural-de-los-caminos-de-santiago\/#primaryimage\"},\"thumbnailUrl\":\"https:\/\/amica.es\/es\/wp-content\/uploads\/2026\/03\/WEB-Plantilla-ULTREIA-Sudoe.webp\",\"datePublished\":\"2026-03-12T15:23:04+00:00\",\"dateModified\":\"2026-03-13T08:26:54+00:00\",\"breadcrumb\":{\"@id\":\"https:\/\/amica.es\/es\/el-proyecto-ultreia-sudoe-avanza-en-la-puesta-en-practica-de-la-valorizacion-turistica-y-cultural-de-los-caminos-de-santiago\/#breadcrumb\"},\"inLanguage\":\"es\",\"potentialAction\":[{\"@type\":\"ReadAction\",\"target\":[\"https:\/\/amica.es\/es\/el-proyecto-ultreia-sudoe-avanza-en-la-puesta-en-practica-de-la-valorizacion-turistica-y-cultural-de-los-caminos-de-santiago\/\"]}]},{\"@type\":\"ImageObject\",\"inLanguage\":\"es\",\"@id\":\"https:\/\/amica.es\/es\/el-proyecto-ultreia-sudoe-avanza-en-la-puesta-en-practica-de-la-valorizacion-turistica-y-cultural-de-los-caminos-de-santiago\/#primaryimage\",\"url\":\"https:\/\/amica.es\/es\/wp-content\/uploads\/2026\/03\/WEB-Plantilla-ULTREIA-Sudoe.webp\",\"contentUrl\":\"https:\/\/amica.es\/es\/wp-content\/uploads\/2026\/03\/WEB-Plantilla-ULTREIA-Sudoe.webp\",\"width\":1170,\"height\":500,\"caption\":\"EL PROYECTO ULTREIA SUDOE avanza en la puesta en pr\u00e1ctica de la valorizaci\u00f3n tur\u00edstica y cultural de los Caminos de Santiago\"},{\"@type\":\"BreadcrumbList\",\"@id\":\"https:\/\/amica.es\/es\/el-proyecto-ultreia-sudoe-avanza-en-la-puesta-en-practica-de-la-valorizacion-turistica-y-cultural-de-los-caminos-de-santiago\/#breadcrumb\",\"itemListElement\":[{\"@type\":\"ListItem\",\"position\":1,\"name\":\"Portada\",\"item\":\"https:\/\/amica.es\/es\/\"},{\"@type\":\"ListItem\",\"position\":2,\"name\":\"EL PROYECTO ULTREIA SUDOE avanza en la puesta en pr\u00e1ctica de la valorizaci\u00f3n tur\u00edstica y cultural de los Caminos de Santiago\"}]},{\"@type\":\"WebSite\",\"@id\":\"https:\/\/amica.es\/es\/#website\",\"url\":\"https:\/\/amica.es\/es\/\",\"name\":\"Amica - Descubriendo Capacidades\",\"description\":\"Apoyando a personas con discapacidad desde 1984\",\"publisher\":{\"@id\":\"https:\/\/amica.es\/es\/#organization\"},\"potentialAction\":[{\"@type\":\"SearchAction\",\"target\":{\"@type\":\"EntryPoint\",\"urlTemplate\":\"https:\/\/amica.es\/es\/?s={search_term_string}\"},\"query-input\":{\"@type\":\"PropertyValueSpecification\",\"valueRequired\":true,\"valueName\":\"search_term_string\"}}],\"inLanguage\":\"es\"},{\"@type\":\"Organization\",\"@id\":\"https:\/\/amica.es\/es\/#organization\",\"name\":\"Asociaci\u00f3n Amica\",\"url\":\"https:\/\/amica.es\/es\/\",\"logo\":{\"@type\":\"ImageObject\",\"inLanguage\":\"es\",\"@id\":\"https:\/\/amica.es\/es\/#\/schema\/logo\/image\/\",\"url\":\"https:\/\/amica.es\/es\/wp-content\/uploads\/2024\/07\/Amica-Logo.png\",\"contentUrl\":\"https:\/\/amica.es\/es\/wp-content\/uploads\/2024\/07\/Amica-Logo.png\",\"width\":1653,\"height\":577,\"caption\":\"Asociaci\u00f3n Amica\"},\"image\":{\"@id\":\"https:\/\/amica.es\/es\/#\/schema\/logo\/image\/\"},\"sameAs\":[\"https:\/\/www.facebook.com\/amicaasociacion\",\"https:\/\/x.com\/asociacionamica\",\"https:\/\/www.youtube.com\/c\/asociacionamicacantabria\",\"https:\/\/es.linkedin.com\/company\/asociacionamica?trk=similar-companies_org_title\",\"https:\/\/www.instagram.com\/asociacionamica\/\"]},{\"@type\":\"Person\",\"@id\":\"https:\/\/amica.es\/es\/#\/schema\/person\/3cd2092cb91816a2341c0113d3e18515\",\"name\":\"Amica\",\"image\":{\"@type\":\"ImageObject\",\"inLanguage\":\"es\",\"@id\":\"https:\/\/amica.es\/es\/#\/schema\/person\/image\/\",\"url\":\"https:\/\/secure.gravatar.com\/avatar\/8eb6878d5df96a3415ff3a99d14be16a87aa23729250353a10c1268cbbd7503f?s=96&d=mm&r=g\",\"contentUrl\":\"https:\/\/secure.gravatar.com\/avatar\/8eb6878d5df96a3415ff3a99d14be16a87aa23729250353a10c1268cbbd7503f?s=96&d=mm&r=g\",\"caption\":\"Amica\"},\"url\":\"https:\/\/amica.es\/es\/author\/amcapaz17ica\/\"}]}<\/script>\n<!-- \/ Yoast SEO plugin. -->","yoast_head_json":{"title":"EL PROYECTO ULTREIA SUDOE avanza en la puesta en pr\u00e1ctica de la valorizaci\u00f3n tur\u00edstica y cultural de los Caminos de Santiago - Amica - Descubriendo Capacidades","robots":{"index":"index","follow":"follow","max-snippet":"max-snippet:-1","max-image-preview":"max-image-preview:large","max-video-preview":"max-video-preview:-1"},"canonical":"https:\/\/amica.es\/es\/el-proyecto-ultreia-sudoe-avanza-en-la-puesta-en-practica-de-la-valorizacion-turistica-y-cultural-de-los-caminos-de-santiago\/","og_locale":"es_ES","og_type":"article","og_title":"EL PROYECTO ULTREIA SUDOE avanza en la puesta en pr\u00e1ctica de la valorizaci\u00f3n tur\u00edstica y cultural de los Caminos de Santiago - Amica - Descubriendo Capacidades","og_description":"El director de Turismo de Galicia, Xos\u00e9 Manuel Merelles, particip\u00f3 este mi\u00e9rcoles en una reuni\u00f3n de coordinaci\u00f3n celebrada en la Casa Forte de Lus\u00edo, donde representantes de Espa\u00f1a, Francia y Portugal analizaron los progresos y pr\u00f3ximos pasos de la iniciativa. Entre los asuntos tratados destac\u00f3 el an\u00e1lisis de la evoluci\u00f3n socioecon\u00f3mica de las rutas jacobeas,Read more","og_url":"https:\/\/amica.es\/es\/el-proyecto-ultreia-sudoe-avanza-en-la-puesta-en-practica-de-la-valorizacion-turistica-y-cultural-de-los-caminos-de-santiago\/","og_site_name":"Amica - Descubriendo Capacidades","article_publisher":"https:\/\/www.facebook.com\/amicaasociacion","article_published_time":"2026-03-12T15:23:04+00:00","article_modified_time":"2026-03-13T08:26:54+00:00","og_image":[{"width":1170,"height":500,"url":"https:\/\/amica.es\/es\/wp-content\/uploads\/2026\/03\/WEB-Plantilla-ULTREIA-Sudoe.webp","type":"image\/webp"}],"author":"Amica","twitter_card":"summary_large_image","twitter_creator":"@asociacionamica","twitter_site":"@asociacionamica","twitter_misc":{"Escrito por":"Amica","Tiempo de lectura":"3 minutos"},"schema":{"@context":"https:\/\/schema.org","@graph":[{"@type":"Article","@id":"https:\/\/amica.es\/es\/el-proyecto-ultreia-sudoe-avanza-en-la-puesta-en-practica-de-la-valorizacion-turistica-y-cultural-de-los-caminos-de-santiago\/#article","isPartOf":{"@id":"https:\/\/amica.es\/es\/el-proyecto-ultreia-sudoe-avanza-en-la-puesta-en-practica-de-la-valorizacion-turistica-y-cultural-de-los-caminos-de-santiago\/"},"author":{"name":"Amica","@id":"https:\/\/amica.es\/es\/#\/schema\/person\/3cd2092cb91816a2341c0113d3e18515"},"headline":"EL PROYECTO ULTREIA SUDOE avanza en la puesta en pr\u00e1ctica de la valorizaci\u00f3n tur\u00edstica y cultural de los Caminos de Santiago","datePublished":"2026-03-12T15:23:04+00:00","dateModified":"2026-03-13T08:26:54+00:00","mainEntityOfPage":{"@id":"https:\/\/amica.es\/es\/el-proyecto-ultreia-sudoe-avanza-en-la-puesta-en-practica-de-la-valorizacion-turistica-y-cultural-de-los-caminos-de-santiago\/"},"wordCount":528,"publisher":{"@id":"https:\/\/amica.es\/es\/#organization"},"image":{"@id":"https:\/\/amica.es\/es\/el-proyecto-ultreia-sudoe-avanza-en-la-puesta-en-practica-de-la-valorizacion-turistica-y-cultural-de-los-caminos-de-santiago\/#primaryimage"},"thumbnailUrl":"https:\/\/amica.es\/es\/wp-content\/uploads\/2026\/03\/WEB-Plantilla-ULTREIA-Sudoe.webp","articleSection":["Noticias"],"inLanguage":"es"},{"@type":"WebPage","@id":"https:\/\/amica.es\/es\/el-proyecto-ultreia-sudoe-avanza-en-la-puesta-en-practica-de-la-valorizacion-turistica-y-cultural-de-los-caminos-de-santiago\/","url":"https:\/\/amica.es\/es\/el-proyecto-ultreia-sudoe-avanza-en-la-puesta-en-practica-de-la-valorizacion-turistica-y-cultural-de-los-caminos-de-santiago\/","name":"EL PROYECTO ULTREIA SUDOE avanza en la puesta en pr\u00e1ctica de la valorizaci\u00f3n tur\u00edstica y cultural de los Caminos de Santiago - Amica - Descubriendo Capacidades","isPartOf":{"@id":"https:\/\/amica.es\/es\/#website"},"primaryImageOfPage":{"@id":"https:\/\/amica.es\/es\/el-proyecto-ultreia-sudoe-avanza-en-la-puesta-en-practica-de-la-valorizacion-turistica-y-cultural-de-los-caminos-de-santiago\/#primaryimage"},"image":{"@id":"https:\/\/amica.es\/es\/el-proyecto-ultreia-sudoe-avanza-en-la-puesta-en-practica-de-la-valorizacion-turistica-y-cultural-de-los-caminos-de-santiago\/#primaryimage"},"thumbnailUrl":"https:\/\/amica.es\/es\/wp-content\/uploads\/2026\/03\/WEB-Plantilla-ULTREIA-Sudoe.webp","datePublished":"2026-03-12T15:23:04+00:00","dateModified":"2026-03-13T08:26:54+00:00","breadcrumb":{"@id":"https:\/\/amica.es\/es\/el-proyecto-ultreia-sudoe-avanza-en-la-puesta-en-practica-de-la-valorizacion-turistica-y-cultural-de-los-caminos-de-santiago\/#breadcrumb"},"inLanguage":"es","potentialAction":[{"@type":"ReadAction","target":["https:\/\/amica.es\/es\/el-proyecto-ultreia-sudoe-avanza-en-la-puesta-en-practica-de-la-valorizacion-turistica-y-cultural-de-los-caminos-de-santiago\/"]}]},{"@type":"ImageObject","inLanguage":"es","@id":"https:\/\/amica.es\/es\/el-proyecto-ultreia-sudoe-avanza-en-la-puesta-en-practica-de-la-valorizacion-turistica-y-cultural-de-los-caminos-de-santiago\/#primaryimage","url":"https:\/\/amica.es\/es\/wp-content\/uploads\/2026\/03\/WEB-Plantilla-ULTREIA-Sudoe.webp","contentUrl":"https:\/\/amica.es\/es\/wp-content\/uploads\/2026\/03\/WEB-Plantilla-ULTREIA-Sudoe.webp","width":1170,"height":500,"caption":"EL PROYECTO ULTREIA SUDOE avanza en la puesta en pr\u00e1ctica de la valorizaci\u00f3n tur\u00edstica y cultural de los Caminos de Santiago"},{"@type":"BreadcrumbList","@id":"https:\/\/amica.es\/es\/el-proyecto-ultreia-sudoe-avanza-en-la-puesta-en-practica-de-la-valorizacion-turistica-y-cultural-de-los-caminos-de-santiago\/#breadcrumb","itemListElement":[{"@type":"ListItem","position":1,"name":"Portada","item":"https:\/\/amica.es\/es\/"},{"@type":"ListItem","position":2,"name":"EL PROYECTO ULTREIA SUDOE avanza en la puesta en pr\u00e1ctica de la valorizaci\u00f3n tur\u00edstica y cultural de los Caminos de Santiago"}]},{"@type":"WebSite","@id":"https:\/\/amica.es\/es\/#website","url":"https:\/\/amica.es\/es\/","name":"Amica - Descubriendo Capacidades","description":"Apoyando a personas con discapacidad desde 1984","publisher":{"@id":"https:\/\/amica.es\/es\/#organization"},"potentialAction":[{"@type":"SearchAction","target":{"@type":"EntryPoint","urlTemplate":"https:\/\/amica.es\/es\/?s={search_term_string}"},"query-input":{"@type":"PropertyValueSpecification","valueRequired":true,"valueName":"search_term_string"}}],"inLanguage":"es"},{"@type":"Organization","@id":"https:\/\/amica.es\/es\/#organization","name":"Asociaci\u00f3n Amica","url":"https:\/\/amica.es\/es\/","logo":{"@type":"ImageObject","inLanguage":"es","@id":"https:\/\/amica.es\/es\/#\/schema\/logo\/image\/","url":"https:\/\/amica.es\/es\/wp-content\/uploads\/2024\/07\/Amica-Logo.png","contentUrl":"https:\/\/amica.es\/es\/wp-content\/uploads\/2024\/07\/Amica-Logo.png","width":1653,"height":577,"caption":"Asociaci\u00f3n Amica"},"image":{"@id":"https:\/\/amica.es\/es\/#\/schema\/logo\/image\/"},"sameAs":["https:\/\/www.facebook.com\/amicaasociacion","https:\/\/x.com\/asociacionamica","https:\/\/www.youtube.com\/c\/asociacionamicacantabria","https:\/\/es.linkedin.com\/company\/asociacionamica?trk=similar-companies_org_title","https:\/\/www.instagram.com\/asociacionamica\/"]},{"@type":"Person","@id":"https:\/\/amica.es\/es\/#\/schema\/person\/3cd2092cb91816a2341c0113d3e18515","name":"Amica","image":{"@type":"ImageObject","inLanguage":"es","@id":"https:\/\/amica.es\/es\/#\/schema\/person\/image\/","url":"https:\/\/secure.gravatar.com\/avatar\/8eb6878d5df96a3415ff3a99d14be16a87aa23729250353a10c1268cbbd7503f?s=96&d=mm&r=g","contentUrl":"https:\/\/secure.gravatar.com\/avatar\/8eb6878d5df96a3415ff3a99d14be16a87aa23729250353a10c1268cbbd7503f?s=96&d=mm&r=g","caption":"Amica"},"url":"https:\/\/amica.es\/es\/author\/amcapaz17ica\/"}]}},"_links":{"self":[{"href":"https:\/\/amica.es\/es\/wp-json\/wp\/v2\/posts\/22117","targetHints":{"allow":["GET"]}}],"collection":[{"href":"https:\/\/amica.es\/es\/wp-json\/wp\/v2\/posts"}],"about":[{"href":"https:\/\/amica.es\/es\/wp-json\/wp\/v2\/types\/post"}],"author":[{"embeddable":true,"href":"https:\/\/amica.es\/es\/wp-json\/wp\/v2\/users\/1"}],"replies":[{"embeddable":true,"href":"https:\/\/amica.es\/es\/wp-json\/wp\/v2\/comments?post=22117"}],"version-history":[{"count":1,"href":"https:\/\/amica.es\/es\/wp-json\/wp\/v2\/posts\/22117\/revisions"}],"predecessor-version":[{"id":22119,"href":"https:\/\/amica.es\/es\/wp-json\/wp\/v2\/posts\/22117\/revisions\/22119"}],"wp:featuredmedia":[{"embeddable":true,"href":"https:\/\/amica.es\/es\/wp-json\/wp\/v2\/media\/22118"}],"wp:attachment":[{"href":"https:\/\/amica.es\/es\/wp-json\/wp\/v2\/media?parent=22117"}],"wp:term":[{"taxonomy":"category","embeddable":true,"href":"https:\/\/amica.es\/es\/wp-json\/wp\/v2\/categories?post=22117"},{"taxonomy":"post_tag","embeddable":true,"href":"https:\/\/amica.es\/es\/wp-json\/wp\/v2\/tags?post=22117"}],"curies":[{"name":"wp","href":"https:\/\/api.w.org\/{rel}","templated":true}]}}