{"id":22162,"date":"2026-04-07T16:57:36","date_gmt":"2026-04-07T14:57:36","guid":{"rendered":"https:\/\/amica.es\/es\/?p=22162"},"modified":"2026-04-07T16:58:49","modified_gmt":"2026-04-07T14:58:49","slug":"la-tercera-reunion-del-hub-del-ultreia-sudoe-en-cades-debate-sobre-la-experiencia-peregrina-y-el-desarrollo-local-en-el-camino-lebaniego","status":"publish","type":"post","link":"https:\/\/amica.es\/es\/la-tercera-reunion-del-hub-del-ultreia-sudoe-en-cades-debate-sobre-la-experiencia-peregrina-y-el-desarrollo-local-en-el-camino-lebaniego\/","title":{"rendered":"La tercera reuni\u00f3n del Hub del Ultreia-Sudoe en Cades debate sobre la experiencia peregrina y el desarrollo local en el Camino Lebaniego"},"content":{"rendered":"<div class=\"wpb-content-wrapper\">[vc_row][vc_column][vc_column_text]<em><span style=\"font-weight: 400;\">A trav\u00e9s de una din\u00e1mica de grupo, los participantes analizaron cuestiones como la creaci\u00f3n de una red de voluntarios y embajadores del Camino o la necesidad de fomentar el producto local con puntos de venta directa y la celebraci\u00f3n de mercados.\u00a0<\/span><\/em><\/p>\n<p><span style=\"font-weight: 400;\">La Fundaci\u00f3n Camino Lebaniego ha celebrado en el centro multiusos \u2018La Ferroteca\u2019 de Cades (Herrer\u00edas) la tercera reuni\u00f3n del Hub o grupo de trabajo del proyecto europeo ULTREIA-Sudoe, dando continuidad al proceso de gobernanza colaborativa iniciado semanas atr\u00e1s con el objetivo de impulsar la dinamizaci\u00f3n econ\u00f3mica y social de los territorios del Camino Lebaniego. La elecci\u00f3n de Cades refuerza el car\u00e1cter itinerante del Hub, que celebrar\u00e1 a lo largo de este a\u00f1o un total de cinco reuniones de trabajo en distintas localizaciones del territorio.<\/span><\/p>\n<p><span style=\"font-weight: 400;\">Este tercer encuentro, el segundo de car\u00e1cter operativo tras la reuni\u00f3n informativa inicial celebrada en Potes, ha reunido a representantes institucionales (entre ellos, el alcalde de Herrer\u00edas, Ram\u00f3n Cuesta, y el alcalde de Lamas\u00f3n, Marcos Ag\u00fceros, que actuaron como anfitriones del evento), agentes locales y profesionales vinculados al Camino. Ha sido el alcalde de Herrer\u00edas, Ram\u00f3n Cuesta, el que ha insistido en la necesidad de unir los esfuerzos de todos los agentes del Camino para que este se convierta en el eje vertebrador y dinamizador de los territorios por los que pasa.<\/span><\/p>\n<p><span style=\"font-weight: 400;\">Durante esta segunda sesi\u00f3n se ha trabajado sobre dos de las siete l\u00edneas estrat\u00e9gicas incluidas en el Plan de Acci\u00f3n del proyecto ULTREIA-Sudoe: la experiencia peregrina y el desarrollo local. A trav\u00e9s de una fruct\u00edfera din\u00e1mica de grupo, los participantes han debatido sobre cuestiones como el establecimiento de una red de voluntarios locales, de un programa de \u2018Embajadores del Camino\u2019, la creaci\u00f3n de espacios de descanso o la organizaci\u00f3n de actividades culturales para dinamizar el territorio. En cuanto al desarrollo local, se puso de manifiesto la necesidad de fomentar el producto y la artesan\u00eda local, con acciones como la celebraci\u00f3n de un mercado peregrino, por ejemplo, o la instalaci\u00f3n de puntos de venta directa. Paralelamente, surgieron otros debates y necesidades, como el establecimiento de una red coordinada que permita un flujo de informaci\u00f3n actualizada y veraz entre agentes del Camino.\u00a0<\/span><\/p>\n<p><span style=\"font-weight: 400;\">Adem\u00e1s de la puesta en marcha de los Hub, el proyecto Ultreia Sudoe est\u00e1 desarrollando otras acciones complementarias orientadas a mejorar la gesti\u00f3n del Camino y la experiencia de peregrinos y visitantes. Entre ellas se encuentra la instalaci\u00f3n de sistemas de medici\u00f3n de afluencia en distintos puntos del itinerario para obtener datos fiables sobre los flujos de paso, as\u00ed como la creaci\u00f3n de las Paradas en el Camino, espacios f\u00edsicos y virtuales de acogida, descanso e informaci\u00f3n que act\u00faan tambi\u00e9n como puntos de encuentro con la poblaci\u00f3n local y escaparate de productos y servicios del territorio, contribuyendo a impulsar la econom\u00eda local y la sostenibilidad.<\/span><\/p>\n<p><span style=\"font-weight: 400;\">Todas estas acciones se enmarcan en el proyecto europeo ULTREIA-Sudoe, desarrollado en el programa Interreg Sudoe, cuyo objetivo es revitalizar el turismo de interior y favorecer el desarrollo rural en los territorios por los que discurren los Caminos de Santiago, promoviendo estrategias compartidas entre regiones del suroeste europeo. Con ello, la Fundaci\u00f3n Camino Lebaniego refuerza su compromiso con una gesti\u00f3n m\u00e1s coordinada, innovadora y sostenible del Camino, apostando por la colaboraci\u00f3n p\u00fablico-privada como herramienta clave para fortalecer la econom\u00eda local y la cohesi\u00f3n social.<\/span><\/p>\n<p><b>Proyecto Ultreia-Sudoe<\/b><\/p>\n<p><span style=\"font-weight: 400;\">El proyecto Ultreia Sudoe se desarrolla en el marco del programa europeo Interreg Sudoe y junto a las entidades espa\u00f1olas (Fundaci\u00f3n Camino Lebaniego, Fundaci\u00f3n Santa Mar\u00eda la Real, Asociaci\u00f3n de Municipios del Camino de Santiago Franc\u00e9s, Amica y la S.A. de Xesti\u00f3n do Plan Xacobeo) participan la Agence Fran\u00e7aise des Chemins de Compostelle en Francia; el municipio portugu\u00e9s de Vila Pouca de Aguiar y la Faculdade de Ci\u00eancias e Tecnologia de la Universidad Nova de Lisboa. En este sentido, hay que recordar que la Fundaci\u00f3n Camino Lebaniego es tambi\u00e9n miembro activo de la Federaci\u00f3n Europea de Caminos de Santiago.\u00a0<\/span><\/p>\n<p><span style=\"font-weight: 400;\">ULTREIA-Sudoe, con un presupuesto total de 1.407.300 euros repartido entre los ocho socios y financiado en un 75% por el programa Interreg Sudoe, continuar\u00e1 hasta diciembre de 2026.\u00a0<\/span><\/p>\n[\/vc_column_text]<div class=\"rd_img_gallery_ctn clearfix\" style=\"margin:0px auto 0px;\"><a class=\"ig_col_1 \" href=\"https:\/\/amica.es\/es\/wp-content\/uploads\/2026\/04\/IMG_4056-1024x768.webp\"  rel=\"prettyPhoto[rel-513399861]\" ><img loading=\"lazy\" decoding=\"async\" width=\"1500\" height=\"1125\" src=\"https:\/\/amica.es\/es\/wp-content\/uploads\/2026\/04\/IMG_4056.webp\" class=\"attachment-full\" alt=\"\" title=\"IMG_4056\" srcset=\"https:\/\/amica.es\/es\/wp-content\/uploads\/2026\/04\/IMG_4056.webp 1500w, https:\/\/amica.es\/es\/wp-content\/uploads\/2026\/04\/IMG_4056-300x225.webp 300w, https:\/\/amica.es\/es\/wp-content\/uploads\/2026\/04\/IMG_4056-1024x768.webp 1024w, https:\/\/amica.es\/es\/wp-content\/uploads\/2026\/04\/IMG_4056-768x576.webp 768w, https:\/\/amica.es\/es\/wp-content\/uploads\/2026\/04\/IMG_4056-800x600.webp 800w, https:\/\/amica.es\/es\/wp-content\/uploads\/2026\/04\/IMG_4056-535x401.webp 535w\" sizes=\"auto, (max-width: 1500px) 100vw, 1500px\" \/><\/a><a class=\"ig_col_1 \" href=\"https:\/\/amica.es\/es\/wp-content\/uploads\/2026\/04\/WhatsApp-Image-2026-03-25-at-15.01.57-768x1024.webp\"  rel=\"prettyPhoto[rel-513399861]\" ><img loading=\"lazy\" decoding=\"async\" width=\"1200\" height=\"1600\" src=\"https:\/\/amica.es\/es\/wp-content\/uploads\/2026\/04\/WhatsApp-Image-2026-03-25-at-15.01.57.webp\" class=\"attachment-full\" alt=\"\" title=\"WhatsApp Image 2026-03-25 at 15.01.57\" srcset=\"https:\/\/amica.es\/es\/wp-content\/uploads\/2026\/04\/WhatsApp-Image-2026-03-25-at-15.01.57.webp 1200w, https:\/\/amica.es\/es\/wp-content\/uploads\/2026\/04\/WhatsApp-Image-2026-03-25-at-15.01.57-225x300.webp 225w, https:\/\/amica.es\/es\/wp-content\/uploads\/2026\/04\/WhatsApp-Image-2026-03-25-at-15.01.57-768x1024.webp 768w, https:\/\/amica.es\/es\/wp-content\/uploads\/2026\/04\/WhatsApp-Image-2026-03-25-at-15.01.57-1152x1536.webp 1152w, https:\/\/amica.es\/es\/wp-content\/uploads\/2026\/04\/WhatsApp-Image-2026-03-25-at-15.01.57-535x713.webp 535w\" sizes=\"auto, (max-width: 1200px) 100vw, 1200px\" \/><\/a><a class=\"ig_col_1 \" href=\"https:\/\/amica.es\/es\/wp-content\/uploads\/2026\/04\/WhatsApp-Image-2026-03-25-at-22.37.26-1024x768.webp\"  rel=\"prettyPhoto[rel-513399861]\" ><img loading=\"lazy\" decoding=\"async\" width=\"1600\" height=\"1200\" src=\"https:\/\/amica.es\/es\/wp-content\/uploads\/2026\/04\/WhatsApp-Image-2026-03-25-at-22.37.26.webp\" class=\"attachment-full\" alt=\"\" title=\"WhatsApp Image 2026-03-25 at 22.37.26\" srcset=\"https:\/\/amica.es\/es\/wp-content\/uploads\/2026\/04\/WhatsApp-Image-2026-03-25-at-22.37.26.webp 1600w, https:\/\/amica.es\/es\/wp-content\/uploads\/2026\/04\/WhatsApp-Image-2026-03-25-at-22.37.26-300x225.webp 300w, https:\/\/amica.es\/es\/wp-content\/uploads\/2026\/04\/WhatsApp-Image-2026-03-25-at-22.37.26-1024x768.webp 1024w, https:\/\/amica.es\/es\/wp-content\/uploads\/2026\/04\/WhatsApp-Image-2026-03-25-at-22.37.26-768x576.webp 768w, https:\/\/amica.es\/es\/wp-content\/uploads\/2026\/04\/WhatsApp-Image-2026-03-25-at-22.37.26-1536x1152.webp 1536w, https:\/\/amica.es\/es\/wp-content\/uploads\/2026\/04\/WhatsApp-Image-2026-03-25-at-22.37.26-800x600.webp 800w, https:\/\/amica.es\/es\/wp-content\/uploads\/2026\/04\/WhatsApp-Image-2026-03-25-at-22.37.26-535x401.webp 535w\" sizes=\"auto, (max-width: 1600px) 100vw, 1600px\" \/><\/a><a class=\"ig_col_1 \" href=\"https:\/\/amica.es\/es\/wp-content\/uploads\/2026\/04\/IMG_4050-1024x768.webp\"  rel=\"prettyPhoto[rel-513399861]\" ><img loading=\"lazy\" decoding=\"async\" width=\"1500\" height=\"1125\" src=\"https:\/\/amica.es\/es\/wp-content\/uploads\/2026\/04\/IMG_4050.webp\" class=\"attachment-full\" alt=\"\" title=\"IMG_4050\" srcset=\"https:\/\/amica.es\/es\/wp-content\/uploads\/2026\/04\/IMG_4050.webp 1500w, https:\/\/amica.es\/es\/wp-content\/uploads\/2026\/04\/IMG_4050-300x225.webp 300w, https:\/\/amica.es\/es\/wp-content\/uploads\/2026\/04\/IMG_4050-1024x768.webp 1024w, https:\/\/amica.es\/es\/wp-content\/uploads\/2026\/04\/IMG_4050-768x576.webp 768w, https:\/\/amica.es\/es\/wp-content\/uploads\/2026\/04\/IMG_4050-800x600.webp 800w, https:\/\/amica.es\/es\/wp-content\/uploads\/2026\/04\/IMG_4050-535x401.webp 535w\" sizes=\"auto, (max-width: 1500px) 100vw, 1500px\" \/><\/a><a class=\"ig_col_1 \" href=\"https:\/\/amica.es\/es\/wp-content\/uploads\/2026\/04\/WhatsApp-Image-2026-03-27-at-12.37.29-1-1024x768.webp\"  rel=\"prettyPhoto[rel-513399861]\" ><img loading=\"lazy\" decoding=\"async\" width=\"2048\" height=\"1536\" src=\"https:\/\/amica.es\/es\/wp-content\/uploads\/2026\/04\/WhatsApp-Image-2026-03-27-at-12.37.29-1.webp\" class=\"attachment-full\" alt=\"\" title=\"WhatsApp Image 2026-03-27 at 12.37.29 (1)\" srcset=\"https:\/\/amica.es\/es\/wp-content\/uploads\/2026\/04\/WhatsApp-Image-2026-03-27-at-12.37.29-1.webp 2048w, https:\/\/amica.es\/es\/wp-content\/uploads\/2026\/04\/WhatsApp-Image-2026-03-27-at-12.37.29-1-300x225.webp 300w, https:\/\/amica.es\/es\/wp-content\/uploads\/2026\/04\/WhatsApp-Image-2026-03-27-at-12.37.29-1-1024x768.webp 1024w, https:\/\/amica.es\/es\/wp-content\/uploads\/2026\/04\/WhatsApp-Image-2026-03-27-at-12.37.29-1-768x576.webp 768w, https:\/\/amica.es\/es\/wp-content\/uploads\/2026\/04\/WhatsApp-Image-2026-03-27-at-12.37.29-1-1536x1152.webp 1536w, https:\/\/amica.es\/es\/wp-content\/uploads\/2026\/04\/WhatsApp-Image-2026-03-27-at-12.37.29-1-800x600.webp 800w, https:\/\/amica.es\/es\/wp-content\/uploads\/2026\/04\/WhatsApp-Image-2026-03-27-at-12.37.29-1-535x401.webp 535w\" sizes=\"auto, (max-width: 2048px) 100vw, 2048px\" \/><\/a><\/div>[\/vc_column][\/vc_row]\n<\/div>","protected":false},"excerpt":{"rendered":"<p>[vc_row][vc_column][vc_column_text]A trav\u00e9s de una din\u00e1mica de grupo, los participantes analizaron cuestiones como la creaci\u00f3n de una red de voluntarios y embajadores del Camino o la necesidad de fomentar el producto local con puntos de venta directa y la celebraci\u00f3n de mercados.\u00a0 La Fundaci\u00f3n Camino Lebaniego ha celebrado en el centro multiusos \u2018La Ferroteca\u2019 de Cades<br \/><a href=\"https:\/\/amica.es\/es\/la-tercera-reunion-del-hub-del-ultreia-sudoe-en-cades-debate-sobre-la-experiencia-peregrina-y-el-desarrollo-local-en-el-camino-lebaniego\/\" class=\"more\">Read more<\/a><\/p>\n","protected":false},"author":117,"featured_media":22163,"comment_status":"closed","ping_status":"open","sticky":false,"template":"","format":"standard","meta":{"_monsterinsights_skip_tracking":false,"_monsterinsights_sitenote_active":false,"_monsterinsights_sitenote_note":"","_monsterinsights_sitenote_category":0,"_joinchat":[],"footnotes":""},"categories":[27,1],"tags":[],"class_list":["post-22162","post","type-post","status-publish","format-standard","has-post-thumbnail","hentry","category-noticias-categoria","category-sin-categoria"],"yoast_head":"<!-- This site is optimized with the Yoast SEO plugin v25.6 - https:\/\/yoast.com\/wordpress\/plugins\/seo\/ -->\n<title>La tercera reuni\u00f3n del Hub del Ultreia-Sudoe en Cades debate sobre la experiencia peregrina y el desarrollo local en el Camino Lebaniego - Amica - Descubriendo Capacidades<\/title>\n<meta name=\"robots\" content=\"index, follow, max-snippet:-1, max-image-preview:large, max-video-preview:-1\" \/>\n<link rel=\"canonical\" href=\"https:\/\/amica.es\/es\/la-tercera-reunion-del-hub-del-ultreia-sudoe-en-cades-debate-sobre-la-experiencia-peregrina-y-el-desarrollo-local-en-el-camino-lebaniego\/\" \/>\n<meta property=\"og:locale\" content=\"es_ES\" \/>\n<meta property=\"og:type\" content=\"article\" \/>\n<meta property=\"og:title\" content=\"La tercera reuni\u00f3n del Hub del Ultreia-Sudoe en Cades debate sobre la experiencia peregrina y el desarrollo local en el Camino Lebaniego - Amica - Descubriendo Capacidades\" \/>\n<meta property=\"og:description\" content=\"[vc_row][vc_column][vc_column_text]A trav\u00e9s de una din\u00e1mica de grupo, los participantes analizaron cuestiones como la creaci\u00f3n de una red de voluntarios y embajadores del Camino o la necesidad de fomentar el producto local con puntos de venta directa y la celebraci\u00f3n de mercados.\u00a0 La Fundaci\u00f3n Camino Lebaniego ha celebrado en el centro multiusos \u2018La Ferroteca\u2019 de CadesRead more\" \/>\n<meta property=\"og:url\" content=\"https:\/\/amica.es\/es\/la-tercera-reunion-del-hub-del-ultreia-sudoe-en-cades-debate-sobre-la-experiencia-peregrina-y-el-desarrollo-local-en-el-camino-lebaniego\/\" \/>\n<meta property=\"og:site_name\" content=\"Amica - Descubriendo Capacidades\" \/>\n<meta property=\"article:publisher\" content=\"https:\/\/www.facebook.com\/amicaasociacion\" \/>\n<meta property=\"article:published_time\" content=\"2026-04-07T14:57:36+00:00\" \/>\n<meta property=\"article:modified_time\" content=\"2026-04-07T14:58:49+00:00\" \/>\n<meta property=\"og:image\" content=\"https:\/\/amica.es\/es\/wp-content\/uploads\/2026\/04\/sudoe.webp\" \/>\n\t<meta property=\"og:image:width\" content=\"1700\" \/>\n\t<meta property=\"og:image:height\" content=\"500\" \/>\n\t<meta property=\"og:image:type\" content=\"image\/webp\" \/>\n<meta name=\"author\" content=\"efrenag\" \/>\n<meta name=\"twitter:card\" content=\"summary_large_image\" \/>\n<meta name=\"twitter:creator\" content=\"@asociacionamica\" \/>\n<meta name=\"twitter:site\" content=\"@asociacionamica\" \/>\n<meta name=\"twitter:label1\" content=\"Escrito por\" \/>\n\t<meta name=\"twitter:data1\" content=\"efrenag\" \/>\n\t<meta name=\"twitter:label2\" content=\"Tiempo de lectura\" \/>\n\t<meta name=\"twitter:data2\" content=\"4 minutos\" \/>\n<script type=\"application\/ld+json\" class=\"yoast-schema-graph\">{\"@context\":\"https:\/\/schema.org\",\"@graph\":[{\"@type\":\"Article\",\"@id\":\"https:\/\/amica.es\/es\/la-tercera-reunion-del-hub-del-ultreia-sudoe-en-cades-debate-sobre-la-experiencia-peregrina-y-el-desarrollo-local-en-el-camino-lebaniego\/#article\",\"isPartOf\":{\"@id\":\"https:\/\/amica.es\/es\/la-tercera-reunion-del-hub-del-ultreia-sudoe-en-cades-debate-sobre-la-experiencia-peregrina-y-el-desarrollo-local-en-el-camino-lebaniego\/\"},\"author\":{\"name\":\"efrenag\",\"@id\":\"https:\/\/amica.es\/es\/#\/schema\/person\/6784905d7978e3a228a04d2ecffbede7\"},\"headline\":\"La tercera reuni\u00f3n del Hub del Ultreia-Sudoe en Cades debate sobre la experiencia peregrina y el desarrollo local en el Camino Lebaniego\",\"datePublished\":\"2026-04-07T14:57:36+00:00\",\"dateModified\":\"2026-04-07T14:58:49+00:00\",\"mainEntityOfPage\":{\"@id\":\"https:\/\/amica.es\/es\/la-tercera-reunion-del-hub-del-ultreia-sudoe-en-cades-debate-sobre-la-experiencia-peregrina-y-el-desarrollo-local-en-el-camino-lebaniego\/\"},\"wordCount\":779,\"publisher\":{\"@id\":\"https:\/\/amica.es\/es\/#organization\"},\"image\":{\"@id\":\"https:\/\/amica.es\/es\/la-tercera-reunion-del-hub-del-ultreia-sudoe-en-cades-debate-sobre-la-experiencia-peregrina-y-el-desarrollo-local-en-el-camino-lebaniego\/#primaryimage\"},\"thumbnailUrl\":\"https:\/\/amica.es\/es\/wp-content\/uploads\/2026\/04\/sudoe.webp\",\"articleSection\":[\"Noticias\"],\"inLanguage\":\"es\"},{\"@type\":\"WebPage\",\"@id\":\"https:\/\/amica.es\/es\/la-tercera-reunion-del-hub-del-ultreia-sudoe-en-cades-debate-sobre-la-experiencia-peregrina-y-el-desarrollo-local-en-el-camino-lebaniego\/\",\"url\":\"https:\/\/amica.es\/es\/la-tercera-reunion-del-hub-del-ultreia-sudoe-en-cades-debate-sobre-la-experiencia-peregrina-y-el-desarrollo-local-en-el-camino-lebaniego\/\",\"name\":\"La tercera reuni\u00f3n del Hub del Ultreia-Sudoe en Cades debate sobre la experiencia peregrina y el desarrollo local en el Camino Lebaniego - Amica - Descubriendo Capacidades\",\"isPartOf\":{\"@id\":\"https:\/\/amica.es\/es\/#website\"},\"primaryImageOfPage\":{\"@id\":\"https:\/\/amica.es\/es\/la-tercera-reunion-del-hub-del-ultreia-sudoe-en-cades-debate-sobre-la-experiencia-peregrina-y-el-desarrollo-local-en-el-camino-lebaniego\/#primaryimage\"},\"image\":{\"@id\":\"https:\/\/amica.es\/es\/la-tercera-reunion-del-hub-del-ultreia-sudoe-en-cades-debate-sobre-la-experiencia-peregrina-y-el-desarrollo-local-en-el-camino-lebaniego\/#primaryimage\"},\"thumbnailUrl\":\"https:\/\/amica.es\/es\/wp-content\/uploads\/2026\/04\/sudoe.webp\",\"datePublished\":\"2026-04-07T14:57:36+00:00\",\"dateModified\":\"2026-04-07T14:58:49+00:00\",\"breadcrumb\":{\"@id\":\"https:\/\/amica.es\/es\/la-tercera-reunion-del-hub-del-ultreia-sudoe-en-cades-debate-sobre-la-experiencia-peregrina-y-el-desarrollo-local-en-el-camino-lebaniego\/#breadcrumb\"},\"inLanguage\":\"es\",\"potentialAction\":[{\"@type\":\"ReadAction\",\"target\":[\"https:\/\/amica.es\/es\/la-tercera-reunion-del-hub-del-ultreia-sudoe-en-cades-debate-sobre-la-experiencia-peregrina-y-el-desarrollo-local-en-el-camino-lebaniego\/\"]}]},{\"@type\":\"ImageObject\",\"inLanguage\":\"es\",\"@id\":\"https:\/\/amica.es\/es\/la-tercera-reunion-del-hub-del-ultreia-sudoe-en-cades-debate-sobre-la-experiencia-peregrina-y-el-desarrollo-local-en-el-camino-lebaniego\/#primaryimage\",\"url\":\"https:\/\/amica.es\/es\/wp-content\/uploads\/2026\/04\/sudoe.webp\",\"contentUrl\":\"https:\/\/amica.es\/es\/wp-content\/uploads\/2026\/04\/sudoe.webp\",\"width\":1700,\"height\":500,\"caption\":\"La tercera reuni\u00f3n del Hub del Ultreia-Sudoe en Cades debate sobre la experiencia peregrina y el desarrollo local en el Camino Lebaniego\"},{\"@type\":\"BreadcrumbList\",\"@id\":\"https:\/\/amica.es\/es\/la-tercera-reunion-del-hub-del-ultreia-sudoe-en-cades-debate-sobre-la-experiencia-peregrina-y-el-desarrollo-local-en-el-camino-lebaniego\/#breadcrumb\",\"itemListElement\":[{\"@type\":\"ListItem\",\"position\":1,\"name\":\"Portada\",\"item\":\"https:\/\/amica.es\/es\/\"},{\"@type\":\"ListItem\",\"position\":2,\"name\":\"La tercera reuni\u00f3n del Hub del Ultreia-Sudoe en Cades debate sobre la experiencia peregrina y el desarrollo local en el Camino Lebaniego\"}]},{\"@type\":\"WebSite\",\"@id\":\"https:\/\/amica.es\/es\/#website\",\"url\":\"https:\/\/amica.es\/es\/\",\"name\":\"Amica - Descubriendo Capacidades\",\"description\":\"Apoyando a personas con discapacidad desde 1984\",\"publisher\":{\"@id\":\"https:\/\/amica.es\/es\/#organization\"},\"potentialAction\":[{\"@type\":\"SearchAction\",\"target\":{\"@type\":\"EntryPoint\",\"urlTemplate\":\"https:\/\/amica.es\/es\/?s={search_term_string}\"},\"query-input\":{\"@type\":\"PropertyValueSpecification\",\"valueRequired\":true,\"valueName\":\"search_term_string\"}}],\"inLanguage\":\"es\"},{\"@type\":\"Organization\",\"@id\":\"https:\/\/amica.es\/es\/#organization\",\"name\":\"Asociaci\u00f3n Amica\",\"url\":\"https:\/\/amica.es\/es\/\",\"logo\":{\"@type\":\"ImageObject\",\"inLanguage\":\"es\",\"@id\":\"https:\/\/amica.es\/es\/#\/schema\/logo\/image\/\",\"url\":\"https:\/\/amica.es\/es\/wp-content\/uploads\/2024\/07\/Amica-Logo.png\",\"contentUrl\":\"https:\/\/amica.es\/es\/wp-content\/uploads\/2024\/07\/Amica-Logo.png\",\"width\":1653,\"height\":577,\"caption\":\"Asociaci\u00f3n Amica\"},\"image\":{\"@id\":\"https:\/\/amica.es\/es\/#\/schema\/logo\/image\/\"},\"sameAs\":[\"https:\/\/www.facebook.com\/amicaasociacion\",\"https:\/\/x.com\/asociacionamica\",\"https:\/\/www.youtube.com\/c\/asociacionamicacantabria\",\"https:\/\/es.linkedin.com\/company\/asociacionamica?trk=similar-companies_org_title\",\"https:\/\/www.instagram.com\/asociacionamica\/\"]},{\"@type\":\"Person\",\"@id\":\"https:\/\/amica.es\/es\/#\/schema\/person\/6784905d7978e3a228a04d2ecffbede7\",\"name\":\"efrenag\",\"image\":{\"@type\":\"ImageObject\",\"inLanguage\":\"es\",\"@id\":\"https:\/\/amica.es\/es\/#\/schema\/person\/image\/\",\"url\":\"https:\/\/secure.gravatar.com\/avatar\/9e56a9862d3e14df66a5aa1cfa88b1a12c3bb21f5b3d57a0ff856625c1e61adc?s=96&d=mm&r=g\",\"contentUrl\":\"https:\/\/secure.gravatar.com\/avatar\/9e56a9862d3e14df66a5aa1cfa88b1a12c3bb21f5b3d57a0ff856625c1e61adc?s=96&d=mm&r=g\",\"caption\":\"efrenag\"},\"url\":\"https:\/\/amica.es\/es\/author\/efrenag\/\"}]}<\/script>\n<!-- \/ Yoast SEO plugin. -->","yoast_head_json":{"title":"La tercera reuni\u00f3n del Hub del Ultreia-Sudoe en Cades debate sobre la experiencia peregrina y el desarrollo local en el Camino Lebaniego - Amica - Descubriendo Capacidades","robots":{"index":"index","follow":"follow","max-snippet":"max-snippet:-1","max-image-preview":"max-image-preview:large","max-video-preview":"max-video-preview:-1"},"canonical":"https:\/\/amica.es\/es\/la-tercera-reunion-del-hub-del-ultreia-sudoe-en-cades-debate-sobre-la-experiencia-peregrina-y-el-desarrollo-local-en-el-camino-lebaniego\/","og_locale":"es_ES","og_type":"article","og_title":"La tercera reuni\u00f3n del Hub del Ultreia-Sudoe en Cades debate sobre la experiencia peregrina y el desarrollo local en el Camino Lebaniego - Amica - Descubriendo Capacidades","og_description":"[vc_row][vc_column][vc_column_text]A trav\u00e9s de una din\u00e1mica de grupo, los participantes analizaron cuestiones como la creaci\u00f3n de una red de voluntarios y embajadores del Camino o la necesidad de fomentar el producto local con puntos de venta directa y la celebraci\u00f3n de mercados.\u00a0 La Fundaci\u00f3n Camino Lebaniego ha celebrado en el centro multiusos \u2018La Ferroteca\u2019 de CadesRead more","og_url":"https:\/\/amica.es\/es\/la-tercera-reunion-del-hub-del-ultreia-sudoe-en-cades-debate-sobre-la-experiencia-peregrina-y-el-desarrollo-local-en-el-camino-lebaniego\/","og_site_name":"Amica - Descubriendo Capacidades","article_publisher":"https:\/\/www.facebook.com\/amicaasociacion","article_published_time":"2026-04-07T14:57:36+00:00","article_modified_time":"2026-04-07T14:58:49+00:00","og_image":[{"width":1700,"height":500,"url":"https:\/\/amica.es\/es\/wp-content\/uploads\/2026\/04\/sudoe.webp","type":"image\/webp"}],"author":"efrenag","twitter_card":"summary_large_image","twitter_creator":"@asociacionamica","twitter_site":"@asociacionamica","twitter_misc":{"Escrito por":"efrenag","Tiempo de lectura":"4 minutos"},"schema":{"@context":"https:\/\/schema.org","@graph":[{"@type":"Article","@id":"https:\/\/amica.es\/es\/la-tercera-reunion-del-hub-del-ultreia-sudoe-en-cades-debate-sobre-la-experiencia-peregrina-y-el-desarrollo-local-en-el-camino-lebaniego\/#article","isPartOf":{"@id":"https:\/\/amica.es\/es\/la-tercera-reunion-del-hub-del-ultreia-sudoe-en-cades-debate-sobre-la-experiencia-peregrina-y-el-desarrollo-local-en-el-camino-lebaniego\/"},"author":{"name":"efrenag","@id":"https:\/\/amica.es\/es\/#\/schema\/person\/6784905d7978e3a228a04d2ecffbede7"},"headline":"La tercera reuni\u00f3n del Hub del Ultreia-Sudoe en Cades debate sobre la experiencia peregrina y el desarrollo local en el Camino Lebaniego","datePublished":"2026-04-07T14:57:36+00:00","dateModified":"2026-04-07T14:58:49+00:00","mainEntityOfPage":{"@id":"https:\/\/amica.es\/es\/la-tercera-reunion-del-hub-del-ultreia-sudoe-en-cades-debate-sobre-la-experiencia-peregrina-y-el-desarrollo-local-en-el-camino-lebaniego\/"},"wordCount":779,"publisher":{"@id":"https:\/\/amica.es\/es\/#organization"},"image":{"@id":"https:\/\/amica.es\/es\/la-tercera-reunion-del-hub-del-ultreia-sudoe-en-cades-debate-sobre-la-experiencia-peregrina-y-el-desarrollo-local-en-el-camino-lebaniego\/#primaryimage"},"thumbnailUrl":"https:\/\/amica.es\/es\/wp-content\/uploads\/2026\/04\/sudoe.webp","articleSection":["Noticias"],"inLanguage":"es"},{"@type":"WebPage","@id":"https:\/\/amica.es\/es\/la-tercera-reunion-del-hub-del-ultreia-sudoe-en-cades-debate-sobre-la-experiencia-peregrina-y-el-desarrollo-local-en-el-camino-lebaniego\/","url":"https:\/\/amica.es\/es\/la-tercera-reunion-del-hub-del-ultreia-sudoe-en-cades-debate-sobre-la-experiencia-peregrina-y-el-desarrollo-local-en-el-camino-lebaniego\/","name":"La tercera reuni\u00f3n del Hub del Ultreia-Sudoe en Cades debate sobre la experiencia peregrina y el desarrollo local en el Camino Lebaniego - Amica - Descubriendo Capacidades","isPartOf":{"@id":"https:\/\/amica.es\/es\/#website"},"primaryImageOfPage":{"@id":"https:\/\/amica.es\/es\/la-tercera-reunion-del-hub-del-ultreia-sudoe-en-cades-debate-sobre-la-experiencia-peregrina-y-el-desarrollo-local-en-el-camino-lebaniego\/#primaryimage"},"image":{"@id":"https:\/\/amica.es\/es\/la-tercera-reunion-del-hub-del-ultreia-sudoe-en-cades-debate-sobre-la-experiencia-peregrina-y-el-desarrollo-local-en-el-camino-lebaniego\/#primaryimage"},"thumbnailUrl":"https:\/\/amica.es\/es\/wp-content\/uploads\/2026\/04\/sudoe.webp","datePublished":"2026-04-07T14:57:36+00:00","dateModified":"2026-04-07T14:58:49+00:00","breadcrumb":{"@id":"https:\/\/amica.es\/es\/la-tercera-reunion-del-hub-del-ultreia-sudoe-en-cades-debate-sobre-la-experiencia-peregrina-y-el-desarrollo-local-en-el-camino-lebaniego\/#breadcrumb"},"inLanguage":"es","potentialAction":[{"@type":"ReadAction","target":["https:\/\/amica.es\/es\/la-tercera-reunion-del-hub-del-ultreia-sudoe-en-cades-debate-sobre-la-experiencia-peregrina-y-el-desarrollo-local-en-el-camino-lebaniego\/"]}]},{"@type":"ImageObject","inLanguage":"es","@id":"https:\/\/amica.es\/es\/la-tercera-reunion-del-hub-del-ultreia-sudoe-en-cades-debate-sobre-la-experiencia-peregrina-y-el-desarrollo-local-en-el-camino-lebaniego\/#primaryimage","url":"https:\/\/amica.es\/es\/wp-content\/uploads\/2026\/04\/sudoe.webp","contentUrl":"https:\/\/amica.es\/es\/wp-content\/uploads\/2026\/04\/sudoe.webp","width":1700,"height":500,"caption":"La tercera reuni\u00f3n del Hub del Ultreia-Sudoe en Cades debate sobre la experiencia peregrina y el desarrollo local en el Camino Lebaniego"},{"@type":"BreadcrumbList","@id":"https:\/\/amica.es\/es\/la-tercera-reunion-del-hub-del-ultreia-sudoe-en-cades-debate-sobre-la-experiencia-peregrina-y-el-desarrollo-local-en-el-camino-lebaniego\/#breadcrumb","itemListElement":[{"@type":"ListItem","position":1,"name":"Portada","item":"https:\/\/amica.es\/es\/"},{"@type":"ListItem","position":2,"name":"La tercera reuni\u00f3n del Hub del Ultreia-Sudoe en Cades debate sobre la experiencia peregrina y el desarrollo local en el Camino Lebaniego"}]},{"@type":"WebSite","@id":"https:\/\/amica.es\/es\/#website","url":"https:\/\/amica.es\/es\/","name":"Amica - Descubriendo Capacidades","description":"Apoyando a personas con discapacidad desde 1984","publisher":{"@id":"https:\/\/amica.es\/es\/#organization"},"potentialAction":[{"@type":"SearchAction","target":{"@type":"EntryPoint","urlTemplate":"https:\/\/amica.es\/es\/?s={search_term_string}"},"query-input":{"@type":"PropertyValueSpecification","valueRequired":true,"valueName":"search_term_string"}}],"inLanguage":"es"},{"@type":"Organization","@id":"https:\/\/amica.es\/es\/#organization","name":"Asociaci\u00f3n Amica","url":"https:\/\/amica.es\/es\/","logo":{"@type":"ImageObject","inLanguage":"es","@id":"https:\/\/amica.es\/es\/#\/schema\/logo\/image\/","url":"https:\/\/amica.es\/es\/wp-content\/uploads\/2024\/07\/Amica-Logo.png","contentUrl":"https:\/\/amica.es\/es\/wp-content\/uploads\/2024\/07\/Amica-Logo.png","width":1653,"height":577,"caption":"Asociaci\u00f3n Amica"},"image":{"@id":"https:\/\/amica.es\/es\/#\/schema\/logo\/image\/"},"sameAs":["https:\/\/www.facebook.com\/amicaasociacion","https:\/\/x.com\/asociacionamica","https:\/\/www.youtube.com\/c\/asociacionamicacantabria","https:\/\/es.linkedin.com\/company\/asociacionamica?trk=similar-companies_org_title","https:\/\/www.instagram.com\/asociacionamica\/"]},{"@type":"Person","@id":"https:\/\/amica.es\/es\/#\/schema\/person\/6784905d7978e3a228a04d2ecffbede7","name":"efrenag","image":{"@type":"ImageObject","inLanguage":"es","@id":"https:\/\/amica.es\/es\/#\/schema\/person\/image\/","url":"https:\/\/secure.gravatar.com\/avatar\/9e56a9862d3e14df66a5aa1cfa88b1a12c3bb21f5b3d57a0ff856625c1e61adc?s=96&d=mm&r=g","contentUrl":"https:\/\/secure.gravatar.com\/avatar\/9e56a9862d3e14df66a5aa1cfa88b1a12c3bb21f5b3d57a0ff856625c1e61adc?s=96&d=mm&r=g","caption":"efrenag"},"url":"https:\/\/amica.es\/es\/author\/efrenag\/"}]}},"_links":{"self":[{"href":"https:\/\/amica.es\/es\/wp-json\/wp\/v2\/posts\/22162","targetHints":{"allow":["GET"]}}],"collection":[{"href":"https:\/\/amica.es\/es\/wp-json\/wp\/v2\/posts"}],"about":[{"href":"https:\/\/amica.es\/es\/wp-json\/wp\/v2\/types\/post"}],"author":[{"embeddable":true,"href":"https:\/\/amica.es\/es\/wp-json\/wp\/v2\/users\/117"}],"replies":[{"embeddable":true,"href":"https:\/\/amica.es\/es\/wp-json\/wp\/v2\/comments?post=22162"}],"version-history":[{"count":1,"href":"https:\/\/amica.es\/es\/wp-json\/wp\/v2\/posts\/22162\/revisions"}],"predecessor-version":[{"id":22169,"href":"https:\/\/amica.es\/es\/wp-json\/wp\/v2\/posts\/22162\/revisions\/22169"}],"wp:featuredmedia":[{"embeddable":true,"href":"https:\/\/amica.es\/es\/wp-json\/wp\/v2\/media\/22163"}],"wp:attachment":[{"href":"https:\/\/amica.es\/es\/wp-json\/wp\/v2\/media?parent=22162"}],"wp:term":[{"taxonomy":"category","embeddable":true,"href":"https:\/\/amica.es\/es\/wp-json\/wp\/v2\/categories?post=22162"},{"taxonomy":"post_tag","embeddable":true,"href":"https:\/\/amica.es\/es\/wp-json\/wp\/v2\/tags?post=22162"}],"curies":[{"name":"wp","href":"https:\/\/api.w.org\/{rel}","templated":true}]}}