{"id":3838,"date":"2018-05-21T14:34:02","date_gmt":"2018-05-21T14:34:02","guid":{"rendered":"http:\/\/amica.es\/es\/?p=3838"},"modified":"2018-05-21T14:34:02","modified_gmt":"2018-05-21T14:34:02","slug":"amica-colaborara-con-el-proyecto-urban-waste-del-ayuntamiento-de-santander","status":"publish","type":"post","link":"https:\/\/amica.es\/es\/amica-colaborara-con-el-proyecto-urban-waste-del-ayuntamiento-de-santander\/","title":{"rendered":"Amica colaborar\u00e1 con el proyecto URBAN WASTE del Ayuntamiento de Santander"},"content":{"rendered":"<p>El proyecto URBAN WASTE, del que es promotor el Ayuntamiento de Santander, re\u00fane\u00a0 a los agentes involucrados en la cadena de valor de la gesti\u00f3n de residuos y del turismo para desarrollar estrategias de gesti\u00f3n y prevenci\u00f3n de residuos que sean amigables con el medio ambiente, innovadoras y sensibles a los aspectos de g\u00e9nero en ciudades con alto impacto tur\u00edstico, para la reducci\u00f3n\u00a0 de residuos y mejorar la gesti\u00f3n municipal de los residuos urbanos.<\/p>\n<p>Amica tendr\u00e1 presencia con un stand realizando talleres en el mercadillo de trueque, que se va a organizar el pr\u00f3ximo d\u00eda 9 de junio, y tambi\u00e9n colaborar\u00e1 en la difusi\u00f3n del proyecto en concreto de la App desarrollada para el mismo.<\/p>\n<p><a href=\"https:\/\/youtu.be\/kRpXsWvwH4g\">Ver v\u00eddeo: Santander incentiva el reciclaje_APP &#8211; Urban Waste<\/a><\/p>\n","protected":false},"excerpt":{"rendered":"<p>El proyecto URBAN WASTE, del que es promotor el Ayuntamiento de Santander, re\u00fane\u00a0 a los agentes involucrados en la cadena de valor de la gesti\u00f3n de residuos y del turismo para desarrollar estrategias de gesti\u00f3n y prevenci\u00f3n de residuos que sean amigables con el medio ambiente, innovadoras y sensibles a los aspectos de g\u00e9nero en<br \/><a href=\"https:\/\/amica.es\/es\/amica-colaborara-con-el-proyecto-urban-waste-del-ayuntamiento-de-santander\/\" class=\"more\">Read more<\/a><\/p>\n","protected":false},"author":1,"featured_media":3840,"comment_status":"open","ping_status":"open","sticky":false,"template":"","format":"standard","meta":{"_monsterinsights_skip_tracking":false,"_monsterinsights_sitenote_active":false,"_monsterinsights_sitenote_note":"","_monsterinsights_sitenote_category":0,"_joinchat":[],"footnotes":""},"categories":[27],"tags":[],"class_list":["post-3838","post","type-post","status-publish","format-standard","has-post-thumbnail","hentry","category-noticias-categoria"],"yoast_head":"<!-- This site is optimized with the Yoast SEO plugin v25.6 - https:\/\/yoast.com\/wordpress\/plugins\/seo\/ -->\n<title>Amica colaborar\u00e1 con el proyecto URBAN WASTE del Ayuntamiento de Santander - Amica - Descubriendo Capacidades<\/title>\n<meta name=\"robots\" content=\"index, follow, max-snippet:-1, max-image-preview:large, max-video-preview:-1\" \/>\n<link rel=\"canonical\" href=\"https:\/\/amica.es\/es\/amica-colaborara-con-el-proyecto-urban-waste-del-ayuntamiento-de-santander\/\" \/>\n<meta property=\"og:locale\" content=\"es_ES\" \/>\n<meta property=\"og:type\" content=\"article\" \/>\n<meta property=\"og:title\" content=\"Amica colaborar\u00e1 con el proyecto URBAN WASTE del Ayuntamiento de Santander - Amica - Descubriendo Capacidades\" \/>\n<meta property=\"og:description\" content=\"El proyecto URBAN WASTE, del que es promotor el Ayuntamiento de Santander, re\u00fane\u00a0 a los agentes involucrados en la cadena de valor de la gesti\u00f3n de residuos y del turismo para desarrollar estrategias de gesti\u00f3n y prevenci\u00f3n de residuos que sean amigables con el medio ambiente, innovadoras y sensibles a los aspectos de g\u00e9nero enRead more\" \/>\n<meta property=\"og:url\" content=\"https:\/\/amica.es\/es\/amica-colaborara-con-el-proyecto-urban-waste-del-ayuntamiento-de-santander\/\" \/>\n<meta property=\"og:site_name\" content=\"Amica - Descubriendo Capacidades\" \/>\n<meta property=\"article:publisher\" content=\"https:\/\/www.facebook.com\/amicaasociacion\" \/>\n<meta property=\"article:published_time\" content=\"2018-05-21T14:34:02+00:00\" \/>\n<meta property=\"og:image\" content=\"https:\/\/amica.es\/es\/wp-content\/uploads\/2018\/05\/Amica-PlantillaImagenesWeb-2.jpg\" \/>\n\t<meta property=\"og:image:width\" content=\"1168\" \/>\n\t<meta property=\"og:image:height\" content=\"559\" \/>\n\t<meta property=\"og:image:type\" content=\"image\/jpeg\" \/>\n<meta name=\"author\" content=\"Amica\" \/>\n<meta name=\"twitter:card\" content=\"summary_large_image\" \/>\n<meta name=\"twitter:creator\" content=\"@asociacionamica\" \/>\n<meta name=\"twitter:site\" content=\"@asociacionamica\" \/>\n<meta name=\"twitter:label1\" content=\"Escrito por\" \/>\n\t<meta name=\"twitter:data1\" content=\"Amica\" \/>\n\t<meta name=\"twitter:label2\" content=\"Tiempo de lectura\" \/>\n\t<meta name=\"twitter:data2\" content=\"1 minuto\" \/>\n<script type=\"application\/ld+json\" class=\"yoast-schema-graph\">{\"@context\":\"https:\/\/schema.org\",\"@graph\":[{\"@type\":\"Article\",\"@id\":\"https:\/\/amica.es\/es\/amica-colaborara-con-el-proyecto-urban-waste-del-ayuntamiento-de-santander\/#article\",\"isPartOf\":{\"@id\":\"https:\/\/amica.es\/es\/amica-colaborara-con-el-proyecto-urban-waste-del-ayuntamiento-de-santander\/\"},\"author\":{\"name\":\"Amica\",\"@id\":\"https:\/\/amica.es\/es\/#\/schema\/person\/3cd2092cb91816a2341c0113d3e18515\"},\"headline\":\"Amica colaborar\u00e1 con el proyecto URBAN WASTE del Ayuntamiento de Santander\",\"datePublished\":\"2018-05-21T14:34:02+00:00\",\"mainEntityOfPage\":{\"@id\":\"https:\/\/amica.es\/es\/amica-colaborara-con-el-proyecto-urban-waste-del-ayuntamiento-de-santander\/\"},\"wordCount\":148,\"commentCount\":0,\"publisher\":{\"@id\":\"https:\/\/amica.es\/es\/#organization\"},\"image\":{\"@id\":\"https:\/\/amica.es\/es\/amica-colaborara-con-el-proyecto-urban-waste-del-ayuntamiento-de-santander\/#primaryimage\"},\"thumbnailUrl\":\"https:\/\/amica.es\/es\/wp-content\/uploads\/2018\/05\/Amica-PlantillaImagenesWeb-2.jpg\",\"articleSection\":[\"Noticias\"],\"inLanguage\":\"es\",\"potentialAction\":[{\"@type\":\"CommentAction\",\"name\":\"Comment\",\"target\":[\"https:\/\/amica.es\/es\/amica-colaborara-con-el-proyecto-urban-waste-del-ayuntamiento-de-santander\/#respond\"]}]},{\"@type\":\"WebPage\",\"@id\":\"https:\/\/amica.es\/es\/amica-colaborara-con-el-proyecto-urban-waste-del-ayuntamiento-de-santander\/\",\"url\":\"https:\/\/amica.es\/es\/amica-colaborara-con-el-proyecto-urban-waste-del-ayuntamiento-de-santander\/\",\"name\":\"Amica colaborar\u00e1 con el proyecto URBAN WASTE del Ayuntamiento de Santander - Amica - Descubriendo Capacidades\",\"isPartOf\":{\"@id\":\"https:\/\/amica.es\/es\/#website\"},\"primaryImageOfPage\":{\"@id\":\"https:\/\/amica.es\/es\/amica-colaborara-con-el-proyecto-urban-waste-del-ayuntamiento-de-santander\/#primaryimage\"},\"image\":{\"@id\":\"https:\/\/amica.es\/es\/amica-colaborara-con-el-proyecto-urban-waste-del-ayuntamiento-de-santander\/#primaryimage\"},\"thumbnailUrl\":\"https:\/\/amica.es\/es\/wp-content\/uploads\/2018\/05\/Amica-PlantillaImagenesWeb-2.jpg\",\"datePublished\":\"2018-05-21T14:34:02+00:00\",\"breadcrumb\":{\"@id\":\"https:\/\/amica.es\/es\/amica-colaborara-con-el-proyecto-urban-waste-del-ayuntamiento-de-santander\/#breadcrumb\"},\"inLanguage\":\"es\",\"potentialAction\":[{\"@type\":\"ReadAction\",\"target\":[\"https:\/\/amica.es\/es\/amica-colaborara-con-el-proyecto-urban-waste-del-ayuntamiento-de-santander\/\"]}]},{\"@type\":\"ImageObject\",\"inLanguage\":\"es\",\"@id\":\"https:\/\/amica.es\/es\/amica-colaborara-con-el-proyecto-urban-waste-del-ayuntamiento-de-santander\/#primaryimage\",\"url\":\"https:\/\/amica.es\/es\/wp-content\/uploads\/2018\/05\/Amica-PlantillaImagenesWeb-2.jpg\",\"contentUrl\":\"https:\/\/amica.es\/es\/wp-content\/uploads\/2018\/05\/Amica-PlantillaImagenesWeb-2.jpg\",\"width\":1168,\"height\":559,\"caption\":\"Imagen v\u00eddeoUrbanWate-Amica\"},{\"@type\":\"BreadcrumbList\",\"@id\":\"https:\/\/amica.es\/es\/amica-colaborara-con-el-proyecto-urban-waste-del-ayuntamiento-de-santander\/#breadcrumb\",\"itemListElement\":[{\"@type\":\"ListItem\",\"position\":1,\"name\":\"Portada\",\"item\":\"https:\/\/amica.es\/es\/\"},{\"@type\":\"ListItem\",\"position\":2,\"name\":\"Amica colaborar\u00e1 con el proyecto URBAN WASTE del Ayuntamiento de Santander\"}]},{\"@type\":\"WebSite\",\"@id\":\"https:\/\/amica.es\/es\/#website\",\"url\":\"https:\/\/amica.es\/es\/\",\"name\":\"Amica - Descubriendo Capacidades\",\"description\":\"Apoyando a personas con discapacidad desde 1984\",\"publisher\":{\"@id\":\"https:\/\/amica.es\/es\/#organization\"},\"potentialAction\":[{\"@type\":\"SearchAction\",\"target\":{\"@type\":\"EntryPoint\",\"urlTemplate\":\"https:\/\/amica.es\/es\/?s={search_term_string}\"},\"query-input\":{\"@type\":\"PropertyValueSpecification\",\"valueRequired\":true,\"valueName\":\"search_term_string\"}}],\"inLanguage\":\"es\"},{\"@type\":\"Organization\",\"@id\":\"https:\/\/amica.es\/es\/#organization\",\"name\":\"Asociaci\u00f3n Amica\",\"url\":\"https:\/\/amica.es\/es\/\",\"logo\":{\"@type\":\"ImageObject\",\"inLanguage\":\"es\",\"@id\":\"https:\/\/amica.es\/es\/#\/schema\/logo\/image\/\",\"url\":\"https:\/\/amica.es\/es\/wp-content\/uploads\/2024\/07\/Amica-Logo.png\",\"contentUrl\":\"https:\/\/amica.es\/es\/wp-content\/uploads\/2024\/07\/Amica-Logo.png\",\"width\":1653,\"height\":577,\"caption\":\"Asociaci\u00f3n Amica\"},\"image\":{\"@id\":\"https:\/\/amica.es\/es\/#\/schema\/logo\/image\/\"},\"sameAs\":[\"https:\/\/www.facebook.com\/amicaasociacion\",\"https:\/\/x.com\/asociacionamica\",\"https:\/\/www.youtube.com\/c\/asociacionamicacantabria\",\"https:\/\/es.linkedin.com\/company\/asociacionamica?trk=similar-companies_org_title\",\"https:\/\/www.instagram.com\/asociacionamica\/\"]},{\"@type\":\"Person\",\"@id\":\"https:\/\/amica.es\/es\/#\/schema\/person\/3cd2092cb91816a2341c0113d3e18515\",\"name\":\"Amica\",\"image\":{\"@type\":\"ImageObject\",\"inLanguage\":\"es\",\"@id\":\"https:\/\/amica.es\/es\/#\/schema\/person\/image\/\",\"url\":\"https:\/\/secure.gravatar.com\/avatar\/8eb6878d5df96a3415ff3a99d14be16a87aa23729250353a10c1268cbbd7503f?s=96&d=mm&r=g\",\"contentUrl\":\"https:\/\/secure.gravatar.com\/avatar\/8eb6878d5df96a3415ff3a99d14be16a87aa23729250353a10c1268cbbd7503f?s=96&d=mm&r=g\",\"caption\":\"Amica\"},\"url\":\"https:\/\/amica.es\/es\/author\/amcapaz17ica\/\"}]}<\/script>\n<!-- \/ Yoast SEO plugin. -->","yoast_head_json":{"title":"Amica colaborar\u00e1 con el proyecto URBAN WASTE del Ayuntamiento de Santander - Amica - Descubriendo Capacidades","robots":{"index":"index","follow":"follow","max-snippet":"max-snippet:-1","max-image-preview":"max-image-preview:large","max-video-preview":"max-video-preview:-1"},"canonical":"https:\/\/amica.es\/es\/amica-colaborara-con-el-proyecto-urban-waste-del-ayuntamiento-de-santander\/","og_locale":"es_ES","og_type":"article","og_title":"Amica colaborar\u00e1 con el proyecto URBAN WASTE del Ayuntamiento de Santander - Amica - Descubriendo Capacidades","og_description":"El proyecto URBAN WASTE, del que es promotor el Ayuntamiento de Santander, re\u00fane\u00a0 a los agentes involucrados en la cadena de valor de la gesti\u00f3n de residuos y del turismo para desarrollar estrategias de gesti\u00f3n y prevenci\u00f3n de residuos que sean amigables con el medio ambiente, innovadoras y sensibles a los aspectos de g\u00e9nero enRead more","og_url":"https:\/\/amica.es\/es\/amica-colaborara-con-el-proyecto-urban-waste-del-ayuntamiento-de-santander\/","og_site_name":"Amica - Descubriendo Capacidades","article_publisher":"https:\/\/www.facebook.com\/amicaasociacion","article_published_time":"2018-05-21T14:34:02+00:00","og_image":[{"width":1168,"height":559,"url":"https:\/\/amica.es\/es\/wp-content\/uploads\/2018\/05\/Amica-PlantillaImagenesWeb-2.jpg","type":"image\/jpeg"}],"author":"Amica","twitter_card":"summary_large_image","twitter_creator":"@asociacionamica","twitter_site":"@asociacionamica","twitter_misc":{"Escrito por":"Amica","Tiempo de lectura":"1 minuto"},"schema":{"@context":"https:\/\/schema.org","@graph":[{"@type":"Article","@id":"https:\/\/amica.es\/es\/amica-colaborara-con-el-proyecto-urban-waste-del-ayuntamiento-de-santander\/#article","isPartOf":{"@id":"https:\/\/amica.es\/es\/amica-colaborara-con-el-proyecto-urban-waste-del-ayuntamiento-de-santander\/"},"author":{"name":"Amica","@id":"https:\/\/amica.es\/es\/#\/schema\/person\/3cd2092cb91816a2341c0113d3e18515"},"headline":"Amica colaborar\u00e1 con el proyecto URBAN WASTE del Ayuntamiento de Santander","datePublished":"2018-05-21T14:34:02+00:00","mainEntityOfPage":{"@id":"https:\/\/amica.es\/es\/amica-colaborara-con-el-proyecto-urban-waste-del-ayuntamiento-de-santander\/"},"wordCount":148,"commentCount":0,"publisher":{"@id":"https:\/\/amica.es\/es\/#organization"},"image":{"@id":"https:\/\/amica.es\/es\/amica-colaborara-con-el-proyecto-urban-waste-del-ayuntamiento-de-santander\/#primaryimage"},"thumbnailUrl":"https:\/\/amica.es\/es\/wp-content\/uploads\/2018\/05\/Amica-PlantillaImagenesWeb-2.jpg","articleSection":["Noticias"],"inLanguage":"es","potentialAction":[{"@type":"CommentAction","name":"Comment","target":["https:\/\/amica.es\/es\/amica-colaborara-con-el-proyecto-urban-waste-del-ayuntamiento-de-santander\/#respond"]}]},{"@type":"WebPage","@id":"https:\/\/amica.es\/es\/amica-colaborara-con-el-proyecto-urban-waste-del-ayuntamiento-de-santander\/","url":"https:\/\/amica.es\/es\/amica-colaborara-con-el-proyecto-urban-waste-del-ayuntamiento-de-santander\/","name":"Amica colaborar\u00e1 con el proyecto URBAN WASTE del Ayuntamiento de Santander - Amica - Descubriendo Capacidades","isPartOf":{"@id":"https:\/\/amica.es\/es\/#website"},"primaryImageOfPage":{"@id":"https:\/\/amica.es\/es\/amica-colaborara-con-el-proyecto-urban-waste-del-ayuntamiento-de-santander\/#primaryimage"},"image":{"@id":"https:\/\/amica.es\/es\/amica-colaborara-con-el-proyecto-urban-waste-del-ayuntamiento-de-santander\/#primaryimage"},"thumbnailUrl":"https:\/\/amica.es\/es\/wp-content\/uploads\/2018\/05\/Amica-PlantillaImagenesWeb-2.jpg","datePublished":"2018-05-21T14:34:02+00:00","breadcrumb":{"@id":"https:\/\/amica.es\/es\/amica-colaborara-con-el-proyecto-urban-waste-del-ayuntamiento-de-santander\/#breadcrumb"},"inLanguage":"es","potentialAction":[{"@type":"ReadAction","target":["https:\/\/amica.es\/es\/amica-colaborara-con-el-proyecto-urban-waste-del-ayuntamiento-de-santander\/"]}]},{"@type":"ImageObject","inLanguage":"es","@id":"https:\/\/amica.es\/es\/amica-colaborara-con-el-proyecto-urban-waste-del-ayuntamiento-de-santander\/#primaryimage","url":"https:\/\/amica.es\/es\/wp-content\/uploads\/2018\/05\/Amica-PlantillaImagenesWeb-2.jpg","contentUrl":"https:\/\/amica.es\/es\/wp-content\/uploads\/2018\/05\/Amica-PlantillaImagenesWeb-2.jpg","width":1168,"height":559,"caption":"Imagen v\u00eddeoUrbanWate-Amica"},{"@type":"BreadcrumbList","@id":"https:\/\/amica.es\/es\/amica-colaborara-con-el-proyecto-urban-waste-del-ayuntamiento-de-santander\/#breadcrumb","itemListElement":[{"@type":"ListItem","position":1,"name":"Portada","item":"https:\/\/amica.es\/es\/"},{"@type":"ListItem","position":2,"name":"Amica colaborar\u00e1 con el proyecto URBAN WASTE del Ayuntamiento de Santander"}]},{"@type":"WebSite","@id":"https:\/\/amica.es\/es\/#website","url":"https:\/\/amica.es\/es\/","name":"Amica - Descubriendo Capacidades","description":"Apoyando a personas con discapacidad desde 1984","publisher":{"@id":"https:\/\/amica.es\/es\/#organization"},"potentialAction":[{"@type":"SearchAction","target":{"@type":"EntryPoint","urlTemplate":"https:\/\/amica.es\/es\/?s={search_term_string}"},"query-input":{"@type":"PropertyValueSpecification","valueRequired":true,"valueName":"search_term_string"}}],"inLanguage":"es"},{"@type":"Organization","@id":"https:\/\/amica.es\/es\/#organization","name":"Asociaci\u00f3n Amica","url":"https:\/\/amica.es\/es\/","logo":{"@type":"ImageObject","inLanguage":"es","@id":"https:\/\/amica.es\/es\/#\/schema\/logo\/image\/","url":"https:\/\/amica.es\/es\/wp-content\/uploads\/2024\/07\/Amica-Logo.png","contentUrl":"https:\/\/amica.es\/es\/wp-content\/uploads\/2024\/07\/Amica-Logo.png","width":1653,"height":577,"caption":"Asociaci\u00f3n Amica"},"image":{"@id":"https:\/\/amica.es\/es\/#\/schema\/logo\/image\/"},"sameAs":["https:\/\/www.facebook.com\/amicaasociacion","https:\/\/x.com\/asociacionamica","https:\/\/www.youtube.com\/c\/asociacionamicacantabria","https:\/\/es.linkedin.com\/company\/asociacionamica?trk=similar-companies_org_title","https:\/\/www.instagram.com\/asociacionamica\/"]},{"@type":"Person","@id":"https:\/\/amica.es\/es\/#\/schema\/person\/3cd2092cb91816a2341c0113d3e18515","name":"Amica","image":{"@type":"ImageObject","inLanguage":"es","@id":"https:\/\/amica.es\/es\/#\/schema\/person\/image\/","url":"https:\/\/secure.gravatar.com\/avatar\/8eb6878d5df96a3415ff3a99d14be16a87aa23729250353a10c1268cbbd7503f?s=96&d=mm&r=g","contentUrl":"https:\/\/secure.gravatar.com\/avatar\/8eb6878d5df96a3415ff3a99d14be16a87aa23729250353a10c1268cbbd7503f?s=96&d=mm&r=g","caption":"Amica"},"url":"https:\/\/amica.es\/es\/author\/amcapaz17ica\/"}]}},"_links":{"self":[{"href":"https:\/\/amica.es\/es\/wp-json\/wp\/v2\/posts\/3838","targetHints":{"allow":["GET"]}}],"collection":[{"href":"https:\/\/amica.es\/es\/wp-json\/wp\/v2\/posts"}],"about":[{"href":"https:\/\/amica.es\/es\/wp-json\/wp\/v2\/types\/post"}],"author":[{"embeddable":true,"href":"https:\/\/amica.es\/es\/wp-json\/wp\/v2\/users\/1"}],"replies":[{"embeddable":true,"href":"https:\/\/amica.es\/es\/wp-json\/wp\/v2\/comments?post=3838"}],"version-history":[{"count":1,"href":"https:\/\/amica.es\/es\/wp-json\/wp\/v2\/posts\/3838\/revisions"}],"predecessor-version":[{"id":3841,"href":"https:\/\/amica.es\/es\/wp-json\/wp\/v2\/posts\/3838\/revisions\/3841"}],"wp:featuredmedia":[{"embeddable":true,"href":"https:\/\/amica.es\/es\/wp-json\/wp\/v2\/media\/3840"}],"wp:attachment":[{"href":"https:\/\/amica.es\/es\/wp-json\/wp\/v2\/media?parent=3838"}],"wp:term":[{"taxonomy":"category","embeddable":true,"href":"https:\/\/amica.es\/es\/wp-json\/wp\/v2\/categories?post=3838"},{"taxonomy":"post_tag","embeddable":true,"href":"https:\/\/amica.es\/es\/wp-json\/wp\/v2\/tags?post=3838"}],"curies":[{"name":"wp","href":"https:\/\/api.w.org\/{rel}","templated":true}]}}