{"id":3878,"date":"2018-06-01T14:05:11","date_gmt":"2018-06-01T14:05:11","guid":{"rendered":"http:\/\/amica.es\/es\/?p=3878"},"modified":"2018-06-01T14:05:11","modified_gmt":"2018-06-01T14:05:11","slug":"cermi-cantabria-pide-en-el-parlamento-que-la-futura-legislacion-garantice-el-ejercicio-de-los-derechos-de-las-personas-con-discapacidad","status":"publish","type":"post","link":"https:\/\/amica.es\/es\/cermi-cantabria-pide-en-el-parlamento-que-la-futura-legislacion-garantice-el-ejercicio-de-los-derechos-de-las-personas-con-discapacidad\/","title":{"rendered":"CERMI Cantabria pide en el Parlamento que la futura legislaci\u00f3n garantice el ejercicio de los derechos de las personas con discapacidad"},"content":{"rendered":"<p><a href=\"http:\/\/www.cermicantabria.org\/index.php\/noticias\/360-cermi-cantabria-pide-en-el-parlamento-que-la-futura-legislacion-garantice-el-ejercicio-de-los-derechos-de-las-personas-con-discapacidad\">Fuente: cermicantabria.org<\/a><\/p>\n<p>El Comit\u00e9 de Entidades Representantes de Personas con Discapacidad de Cantabria (CERMI Cantabria) ha destacado la necesidad de que el Proyecto de Ley de Garant\u00eda de los Derechos de las Personas con Discapacidad sirva para avanzar hacia la verdadera igualdad de oportunidades de las personas con discapacidad, como es el caso de la implantaci\u00f3n de un \u00fanico modelo de educaci\u00f3n inclusiva, tal y como exige la Convenci\u00f3n Internacional de los Derechos de las Personas con Discapacidad.<\/p>\n<p>As\u00ed lo ha manifestado la presidenta del CERMI Cantabria, Mar Arruti, durante su comparecencia en la Comisi\u00f3n de Universidades e Investigaci\u00f3n, Medio Ambiente y Pol\u00edtica Social del Parlamento de Cantabria, con el fin de hacer una valoraci\u00f3n de la Ley y exponer las principales demandas del sector de la discapacidad no incorporadas en el texto legal.<\/p>\n<p>En su intervenci\u00f3n, Mar Arruti ha reclamado la ampliaci\u00f3n de tres a seis a\u00f1os de edad la atenci\u00f3n temprana y su desarrollo desde un modelo social con la implicaci\u00f3n de entidades de discapacidad, as\u00ed como fijar porcentajes ambiciosos de reserva de contratos de las administraciones con centros especiales de empleo de iniciativa social, al menos entre el 7% y el 10%.<\/p>\n<p>Tambi\u00e9n ha pedido implementar un modelo de servicios sociales sostenible, centrado en la persona y orientado a la promoci\u00f3n de la autonom\u00eda personal, ejercicio de derechos y participaci\u00f3n en la comunidad. Adem\u00e1s, ha planteado la necesidad de evolucionar de un modelo de sustituci\u00f3n de la capacidad de obrar a un modelo de apoyo en la toma de decisiones.<\/p>\n<p>Asimismo, ha hecho hincapi\u00e9 en la importancia de establecer medidas\u00a0 que garanticen el cumplimiento de la Ley, y con ello, el ejercicio de derechos por parte de las Personas con Discapacidad, tanto las de acci\u00f3n positiva como el r\u00e9gimen sancionador.<\/p>\n<p>En todo caso, la responsable del CERMI Cantabria ha ensalzado el hecho de que se vaya a aprobar una ley de estas caracter\u00edsticas demandada desde 2014, \u201chabiendo recogido el Gobierno muchas de las peticiones que hemos realizado desde las organizaciones del sector de la discapacidad, como por ejemplo, la creaci\u00f3n del Consejo Auton\u00f3mico de las personas con Discapacidad para el seguimiento de la aplicaci\u00f3n de la futura ley, tras un intenso trabajo desarrollado durante 2016 y 2017 con participaci\u00f3n activa de personas que forman parte de las comisiones de trabajo de CERMI Cantabria\u201d.<\/p>\n<p>Igualmente, Mar Arruti ha manifestado su deseo de que sea una Ley de consenso y que se despliegue con un alto grado de compromiso por todas las partes implicadas y con un enfoque transversal en las normas y pol\u00edticas que se desarrollen, y por supuesto, con partidas espec\u00edficas en los Presupuestos del Gobierno cada a\u00f1o que la hagan efectiva.<\/p>\n<p>Por \u00faltimo, la presidenta de la plataforma representativa de la discapacidad en Cantabria ha comparecido tambi\u00e9n para exponer las principales cuestiones relacionadas con la Ley de Igualdad efectiva entre Hombres y Mujeres, que tambi\u00e9n se est\u00e1 tramitando en el Parlamento. En este sentido, ha mostrado su satisfacci\u00f3n por el hecho de que se haya incorporado la perspectiva de la discapacidad, \u201cya que las mujeres y ni\u00f1as con discapacidad sufren una discriminaci\u00f3n m\u00faltiple, derivada del hecho de ser mujer y de tener una discapacidad\u201d.<\/p>\n<p>En esta l\u00ednea, ha solicitado una modificaci\u00f3n de la Ley integral para la prevenci\u00f3n de la violencia contra las mujeres de Cantabria, que no contiene ninguna previsi\u00f3n espec\u00edfica en relaci\u00f3n a las mujeres con discapacidad ni a la accesibilidad.<\/p>\n","protected":false},"excerpt":{"rendered":"<p>Fuente: cermicantabria.org El Comit\u00e9 de Entidades Representantes de Personas con Discapacidad de Cantabria (CERMI Cantabria) ha destacado la necesidad de que el Proyecto de Ley de Garant\u00eda de los Derechos de las Personas con Discapacidad sirva para avanzar hacia la verdadera igualdad de oportunidades de las personas con discapacidad, como es el caso de la<br \/><a href=\"https:\/\/amica.es\/es\/cermi-cantabria-pide-en-el-parlamento-que-la-futura-legislacion-garantice-el-ejercicio-de-los-derechos-de-las-personas-con-discapacidad\/\" class=\"more\">Read more<\/a><\/p>\n","protected":false},"author":2,"featured_media":3879,"comment_status":"open","ping_status":"open","sticky":false,"template":"","format":"standard","meta":{"_monsterinsights_skip_tracking":false,"_monsterinsights_sitenote_active":false,"_monsterinsights_sitenote_note":"","_monsterinsights_sitenote_category":0,"_joinchat":[],"footnotes":""},"categories":[27],"tags":[],"class_list":["post-3878","post","type-post","status-publish","format-standard","has-post-thumbnail","hentry","category-noticias-categoria"],"yoast_head":"<!-- This site is optimized with the Yoast SEO plugin v25.6 - https:\/\/yoast.com\/wordpress\/plugins\/seo\/ -->\n<title>CERMI Cantabria pide en el Parlamento que la futura legislaci\u00f3n garantice el ejercicio de los derechos de las personas con discapacidad - Amica - Descubriendo Capacidades<\/title>\n<meta name=\"robots\" content=\"index, follow, max-snippet:-1, max-image-preview:large, max-video-preview:-1\" \/>\n<link rel=\"canonical\" href=\"https:\/\/amica.es\/es\/cermi-cantabria-pide-en-el-parlamento-que-la-futura-legislacion-garantice-el-ejercicio-de-los-derechos-de-las-personas-con-discapacidad\/\" \/>\n<meta property=\"og:locale\" content=\"es_ES\" \/>\n<meta property=\"og:type\" content=\"article\" \/>\n<meta property=\"og:title\" content=\"CERMI Cantabria pide en el Parlamento que la futura legislaci\u00f3n garantice el ejercicio de los derechos de las personas con discapacidad - Amica - Descubriendo Capacidades\" \/>\n<meta property=\"og:description\" content=\"Fuente: cermicantabria.org El Comit\u00e9 de Entidades Representantes de Personas con Discapacidad de Cantabria (CERMI Cantabria) ha destacado la necesidad de que el Proyecto de Ley de Garant\u00eda de los Derechos de las Personas con Discapacidad sirva para avanzar hacia la verdadera igualdad de oportunidades de las personas con discapacidad, como es el caso de laRead more\" \/>\n<meta property=\"og:url\" content=\"https:\/\/amica.es\/es\/cermi-cantabria-pide-en-el-parlamento-que-la-futura-legislacion-garantice-el-ejercicio-de-los-derechos-de-las-personas-con-discapacidad\/\" \/>\n<meta property=\"og:site_name\" content=\"Amica - Descubriendo Capacidades\" \/>\n<meta property=\"article:publisher\" content=\"https:\/\/www.facebook.com\/amicaasociacion\" \/>\n<meta property=\"article:published_time\" content=\"2018-06-01T14:05:11+00:00\" \/>\n<meta property=\"og:image\" content=\"https:\/\/amica.es\/es\/wp-content\/uploads\/2018\/06\/180601-Comparecencia-Cermi-.jpg\" \/>\n\t<meta property=\"og:image:width\" content=\"1488\" \/>\n\t<meta property=\"og:image:height\" content=\"641\" \/>\n\t<meta property=\"og:image:type\" content=\"image\/jpeg\" \/>\n<meta name=\"author\" content=\"Amica\" \/>\n<meta name=\"twitter:card\" content=\"summary_large_image\" \/>\n<meta name=\"twitter:creator\" content=\"@asociacionamica\" \/>\n<meta name=\"twitter:site\" content=\"@asociacionamica\" \/>\n<meta name=\"twitter:label1\" content=\"Escrito por\" \/>\n\t<meta name=\"twitter:data1\" content=\"Amica\" \/>\n\t<meta name=\"twitter:label2\" content=\"Tiempo de lectura\" \/>\n\t<meta name=\"twitter:data2\" content=\"3 minutos\" \/>\n<script type=\"application\/ld+json\" class=\"yoast-schema-graph\">{\"@context\":\"https:\/\/schema.org\",\"@graph\":[{\"@type\":\"Article\",\"@id\":\"https:\/\/amica.es\/es\/cermi-cantabria-pide-en-el-parlamento-que-la-futura-legislacion-garantice-el-ejercicio-de-los-derechos-de-las-personas-con-discapacidad\/#article\",\"isPartOf\":{\"@id\":\"https:\/\/amica.es\/es\/cermi-cantabria-pide-en-el-parlamento-que-la-futura-legislacion-garantice-el-ejercicio-de-los-derechos-de-las-personas-con-discapacidad\/\"},\"author\":{\"name\":\"Amica\",\"@id\":\"https:\/\/amica.es\/es\/#\/schema\/person\/b7e8b0c408a5e87f36a07b01f864b116\"},\"headline\":\"CERMI Cantabria pide en el Parlamento que la futura legislaci\u00f3n garantice el ejercicio de los derechos de las personas con discapacidad\",\"datePublished\":\"2018-06-01T14:05:11+00:00\",\"mainEntityOfPage\":{\"@id\":\"https:\/\/amica.es\/es\/cermi-cantabria-pide-en-el-parlamento-que-la-futura-legislacion-garantice-el-ejercicio-de-los-derechos-de-las-personas-con-discapacidad\/\"},\"wordCount\":626,\"commentCount\":0,\"publisher\":{\"@id\":\"https:\/\/amica.es\/es\/#organization\"},\"image\":{\"@id\":\"https:\/\/amica.es\/es\/cermi-cantabria-pide-en-el-parlamento-que-la-futura-legislacion-garantice-el-ejercicio-de-los-derechos-de-las-personas-con-discapacidad\/#primaryimage\"},\"thumbnailUrl\":\"https:\/\/amica.es\/es\/wp-content\/uploads\/2018\/06\/180601-Comparecencia-Cermi-.jpg\",\"articleSection\":[\"Noticias\"],\"inLanguage\":\"es\",\"potentialAction\":[{\"@type\":\"CommentAction\",\"name\":\"Comment\",\"target\":[\"https:\/\/amica.es\/es\/cermi-cantabria-pide-en-el-parlamento-que-la-futura-legislacion-garantice-el-ejercicio-de-los-derechos-de-las-personas-con-discapacidad\/#respond\"]}]},{\"@type\":\"WebPage\",\"@id\":\"https:\/\/amica.es\/es\/cermi-cantabria-pide-en-el-parlamento-que-la-futura-legislacion-garantice-el-ejercicio-de-los-derechos-de-las-personas-con-discapacidad\/\",\"url\":\"https:\/\/amica.es\/es\/cermi-cantabria-pide-en-el-parlamento-que-la-futura-legislacion-garantice-el-ejercicio-de-los-derechos-de-las-personas-con-discapacidad\/\",\"name\":\"CERMI Cantabria pide en el Parlamento que la futura legislaci\u00f3n garantice el ejercicio de los derechos de las personas con discapacidad - Amica - Descubriendo Capacidades\",\"isPartOf\":{\"@id\":\"https:\/\/amica.es\/es\/#website\"},\"primaryImageOfPage\":{\"@id\":\"https:\/\/amica.es\/es\/cermi-cantabria-pide-en-el-parlamento-que-la-futura-legislacion-garantice-el-ejercicio-de-los-derechos-de-las-personas-con-discapacidad\/#primaryimage\"},\"image\":{\"@id\":\"https:\/\/amica.es\/es\/cermi-cantabria-pide-en-el-parlamento-que-la-futura-legislacion-garantice-el-ejercicio-de-los-derechos-de-las-personas-con-discapacidad\/#primaryimage\"},\"thumbnailUrl\":\"https:\/\/amica.es\/es\/wp-content\/uploads\/2018\/06\/180601-Comparecencia-Cermi-.jpg\",\"datePublished\":\"2018-06-01T14:05:11+00:00\",\"breadcrumb\":{\"@id\":\"https:\/\/amica.es\/es\/cermi-cantabria-pide-en-el-parlamento-que-la-futura-legislacion-garantice-el-ejercicio-de-los-derechos-de-las-personas-con-discapacidad\/#breadcrumb\"},\"inLanguage\":\"es\",\"potentialAction\":[{\"@type\":\"ReadAction\",\"target\":[\"https:\/\/amica.es\/es\/cermi-cantabria-pide-en-el-parlamento-que-la-futura-legislacion-garantice-el-ejercicio-de-los-derechos-de-las-personas-con-discapacidad\/\"]}]},{\"@type\":\"ImageObject\",\"inLanguage\":\"es\",\"@id\":\"https:\/\/amica.es\/es\/cermi-cantabria-pide-en-el-parlamento-que-la-futura-legislacion-garantice-el-ejercicio-de-los-derechos-de-las-personas-con-discapacidad\/#primaryimage\",\"url\":\"https:\/\/amica.es\/es\/wp-content\/uploads\/2018\/06\/180601-Comparecencia-Cermi-.jpg\",\"contentUrl\":\"https:\/\/amica.es\/es\/wp-content\/uploads\/2018\/06\/180601-Comparecencia-Cermi-.jpg\",\"width\":1488,\"height\":641,\"caption\":\"Comparecencia CERMI\"},{\"@type\":\"BreadcrumbList\",\"@id\":\"https:\/\/amica.es\/es\/cermi-cantabria-pide-en-el-parlamento-que-la-futura-legislacion-garantice-el-ejercicio-de-los-derechos-de-las-personas-con-discapacidad\/#breadcrumb\",\"itemListElement\":[{\"@type\":\"ListItem\",\"position\":1,\"name\":\"Portada\",\"item\":\"https:\/\/amica.es\/es\/\"},{\"@type\":\"ListItem\",\"position\":2,\"name\":\"CERMI Cantabria pide en el Parlamento que la futura legislaci\u00f3n garantice el ejercicio de los derechos de las personas con discapacidad\"}]},{\"@type\":\"WebSite\",\"@id\":\"https:\/\/amica.es\/es\/#website\",\"url\":\"https:\/\/amica.es\/es\/\",\"name\":\"Amica - Descubriendo Capacidades\",\"description\":\"Apoyando a personas con discapacidad desde 1984\",\"publisher\":{\"@id\":\"https:\/\/amica.es\/es\/#organization\"},\"potentialAction\":[{\"@type\":\"SearchAction\",\"target\":{\"@type\":\"EntryPoint\",\"urlTemplate\":\"https:\/\/amica.es\/es\/?s={search_term_string}\"},\"query-input\":{\"@type\":\"PropertyValueSpecification\",\"valueRequired\":true,\"valueName\":\"search_term_string\"}}],\"inLanguage\":\"es\"},{\"@type\":\"Organization\",\"@id\":\"https:\/\/amica.es\/es\/#organization\",\"name\":\"Asociaci\u00f3n Amica\",\"url\":\"https:\/\/amica.es\/es\/\",\"logo\":{\"@type\":\"ImageObject\",\"inLanguage\":\"es\",\"@id\":\"https:\/\/amica.es\/es\/#\/schema\/logo\/image\/\",\"url\":\"https:\/\/amica.es\/es\/wp-content\/uploads\/2024\/07\/Amica-Logo.png\",\"contentUrl\":\"https:\/\/amica.es\/es\/wp-content\/uploads\/2024\/07\/Amica-Logo.png\",\"width\":1653,\"height\":577,\"caption\":\"Asociaci\u00f3n Amica\"},\"image\":{\"@id\":\"https:\/\/amica.es\/es\/#\/schema\/logo\/image\/\"},\"sameAs\":[\"https:\/\/www.facebook.com\/amicaasociacion\",\"https:\/\/x.com\/asociacionamica\",\"https:\/\/www.youtube.com\/c\/asociacionamicacantabria\",\"https:\/\/es.linkedin.com\/company\/asociacionamica?trk=similar-companies_org_title\",\"https:\/\/www.instagram.com\/asociacionamica\/\"]},{\"@type\":\"Person\",\"@id\":\"https:\/\/amica.es\/es\/#\/schema\/person\/b7e8b0c408a5e87f36a07b01f864b116\",\"name\":\"Amica\",\"image\":{\"@type\":\"ImageObject\",\"inLanguage\":\"es\",\"@id\":\"https:\/\/amica.es\/es\/#\/schema\/person\/image\/\",\"url\":\"https:\/\/secure.gravatar.com\/avatar\/1c2a67639258ebac6bef8bd3441253734b1d8f61e87e0c96351c701696c455e4?s=96&d=mm&r=g\",\"contentUrl\":\"https:\/\/secure.gravatar.com\/avatar\/1c2a67639258ebac6bef8bd3441253734b1d8f61e87e0c96351c701696c455e4?s=96&d=mm&r=g\",\"caption\":\"Amica\"},\"url\":\"https:\/\/amica.es\/es\/author\/paqamiccapz\/\"}]}<\/script>\n<!-- \/ Yoast SEO plugin. -->","yoast_head_json":{"title":"CERMI Cantabria pide en el Parlamento que la futura legislaci\u00f3n garantice el ejercicio de los derechos de las personas con discapacidad - Amica - Descubriendo Capacidades","robots":{"index":"index","follow":"follow","max-snippet":"max-snippet:-1","max-image-preview":"max-image-preview:large","max-video-preview":"max-video-preview:-1"},"canonical":"https:\/\/amica.es\/es\/cermi-cantabria-pide-en-el-parlamento-que-la-futura-legislacion-garantice-el-ejercicio-de-los-derechos-de-las-personas-con-discapacidad\/","og_locale":"es_ES","og_type":"article","og_title":"CERMI Cantabria pide en el Parlamento que la futura legislaci\u00f3n garantice el ejercicio de los derechos de las personas con discapacidad - Amica - Descubriendo Capacidades","og_description":"Fuente: cermicantabria.org El Comit\u00e9 de Entidades Representantes de Personas con Discapacidad de Cantabria (CERMI Cantabria) ha destacado la necesidad de que el Proyecto de Ley de Garant\u00eda de los Derechos de las Personas con Discapacidad sirva para avanzar hacia la verdadera igualdad de oportunidades de las personas con discapacidad, como es el caso de laRead more","og_url":"https:\/\/amica.es\/es\/cermi-cantabria-pide-en-el-parlamento-que-la-futura-legislacion-garantice-el-ejercicio-de-los-derechos-de-las-personas-con-discapacidad\/","og_site_name":"Amica - Descubriendo Capacidades","article_publisher":"https:\/\/www.facebook.com\/amicaasociacion","article_published_time":"2018-06-01T14:05:11+00:00","og_image":[{"width":1488,"height":641,"url":"https:\/\/amica.es\/es\/wp-content\/uploads\/2018\/06\/180601-Comparecencia-Cermi-.jpg","type":"image\/jpeg"}],"author":"Amica","twitter_card":"summary_large_image","twitter_creator":"@asociacionamica","twitter_site":"@asociacionamica","twitter_misc":{"Escrito por":"Amica","Tiempo de lectura":"3 minutos"},"schema":{"@context":"https:\/\/schema.org","@graph":[{"@type":"Article","@id":"https:\/\/amica.es\/es\/cermi-cantabria-pide-en-el-parlamento-que-la-futura-legislacion-garantice-el-ejercicio-de-los-derechos-de-las-personas-con-discapacidad\/#article","isPartOf":{"@id":"https:\/\/amica.es\/es\/cermi-cantabria-pide-en-el-parlamento-que-la-futura-legislacion-garantice-el-ejercicio-de-los-derechos-de-las-personas-con-discapacidad\/"},"author":{"name":"Amica","@id":"https:\/\/amica.es\/es\/#\/schema\/person\/b7e8b0c408a5e87f36a07b01f864b116"},"headline":"CERMI Cantabria pide en el Parlamento que la futura legislaci\u00f3n garantice el ejercicio de los derechos de las personas con discapacidad","datePublished":"2018-06-01T14:05:11+00:00","mainEntityOfPage":{"@id":"https:\/\/amica.es\/es\/cermi-cantabria-pide-en-el-parlamento-que-la-futura-legislacion-garantice-el-ejercicio-de-los-derechos-de-las-personas-con-discapacidad\/"},"wordCount":626,"commentCount":0,"publisher":{"@id":"https:\/\/amica.es\/es\/#organization"},"image":{"@id":"https:\/\/amica.es\/es\/cermi-cantabria-pide-en-el-parlamento-que-la-futura-legislacion-garantice-el-ejercicio-de-los-derechos-de-las-personas-con-discapacidad\/#primaryimage"},"thumbnailUrl":"https:\/\/amica.es\/es\/wp-content\/uploads\/2018\/06\/180601-Comparecencia-Cermi-.jpg","articleSection":["Noticias"],"inLanguage":"es","potentialAction":[{"@type":"CommentAction","name":"Comment","target":["https:\/\/amica.es\/es\/cermi-cantabria-pide-en-el-parlamento-que-la-futura-legislacion-garantice-el-ejercicio-de-los-derechos-de-las-personas-con-discapacidad\/#respond"]}]},{"@type":"WebPage","@id":"https:\/\/amica.es\/es\/cermi-cantabria-pide-en-el-parlamento-que-la-futura-legislacion-garantice-el-ejercicio-de-los-derechos-de-las-personas-con-discapacidad\/","url":"https:\/\/amica.es\/es\/cermi-cantabria-pide-en-el-parlamento-que-la-futura-legislacion-garantice-el-ejercicio-de-los-derechos-de-las-personas-con-discapacidad\/","name":"CERMI Cantabria pide en el Parlamento que la futura legislaci\u00f3n garantice el ejercicio de los derechos de las personas con discapacidad - Amica - Descubriendo Capacidades","isPartOf":{"@id":"https:\/\/amica.es\/es\/#website"},"primaryImageOfPage":{"@id":"https:\/\/amica.es\/es\/cermi-cantabria-pide-en-el-parlamento-que-la-futura-legislacion-garantice-el-ejercicio-de-los-derechos-de-las-personas-con-discapacidad\/#primaryimage"},"image":{"@id":"https:\/\/amica.es\/es\/cermi-cantabria-pide-en-el-parlamento-que-la-futura-legislacion-garantice-el-ejercicio-de-los-derechos-de-las-personas-con-discapacidad\/#primaryimage"},"thumbnailUrl":"https:\/\/amica.es\/es\/wp-content\/uploads\/2018\/06\/180601-Comparecencia-Cermi-.jpg","datePublished":"2018-06-01T14:05:11+00:00","breadcrumb":{"@id":"https:\/\/amica.es\/es\/cermi-cantabria-pide-en-el-parlamento-que-la-futura-legislacion-garantice-el-ejercicio-de-los-derechos-de-las-personas-con-discapacidad\/#breadcrumb"},"inLanguage":"es","potentialAction":[{"@type":"ReadAction","target":["https:\/\/amica.es\/es\/cermi-cantabria-pide-en-el-parlamento-que-la-futura-legislacion-garantice-el-ejercicio-de-los-derechos-de-las-personas-con-discapacidad\/"]}]},{"@type":"ImageObject","inLanguage":"es","@id":"https:\/\/amica.es\/es\/cermi-cantabria-pide-en-el-parlamento-que-la-futura-legislacion-garantice-el-ejercicio-de-los-derechos-de-las-personas-con-discapacidad\/#primaryimage","url":"https:\/\/amica.es\/es\/wp-content\/uploads\/2018\/06\/180601-Comparecencia-Cermi-.jpg","contentUrl":"https:\/\/amica.es\/es\/wp-content\/uploads\/2018\/06\/180601-Comparecencia-Cermi-.jpg","width":1488,"height":641,"caption":"Comparecencia CERMI"},{"@type":"BreadcrumbList","@id":"https:\/\/amica.es\/es\/cermi-cantabria-pide-en-el-parlamento-que-la-futura-legislacion-garantice-el-ejercicio-de-los-derechos-de-las-personas-con-discapacidad\/#breadcrumb","itemListElement":[{"@type":"ListItem","position":1,"name":"Portada","item":"https:\/\/amica.es\/es\/"},{"@type":"ListItem","position":2,"name":"CERMI Cantabria pide en el Parlamento que la futura legislaci\u00f3n garantice el ejercicio de los derechos de las personas con discapacidad"}]},{"@type":"WebSite","@id":"https:\/\/amica.es\/es\/#website","url":"https:\/\/amica.es\/es\/","name":"Amica - Descubriendo Capacidades","description":"Apoyando a personas con discapacidad desde 1984","publisher":{"@id":"https:\/\/amica.es\/es\/#organization"},"potentialAction":[{"@type":"SearchAction","target":{"@type":"EntryPoint","urlTemplate":"https:\/\/amica.es\/es\/?s={search_term_string}"},"query-input":{"@type":"PropertyValueSpecification","valueRequired":true,"valueName":"search_term_string"}}],"inLanguage":"es"},{"@type":"Organization","@id":"https:\/\/amica.es\/es\/#organization","name":"Asociaci\u00f3n Amica","url":"https:\/\/amica.es\/es\/","logo":{"@type":"ImageObject","inLanguage":"es","@id":"https:\/\/amica.es\/es\/#\/schema\/logo\/image\/","url":"https:\/\/amica.es\/es\/wp-content\/uploads\/2024\/07\/Amica-Logo.png","contentUrl":"https:\/\/amica.es\/es\/wp-content\/uploads\/2024\/07\/Amica-Logo.png","width":1653,"height":577,"caption":"Asociaci\u00f3n Amica"},"image":{"@id":"https:\/\/amica.es\/es\/#\/schema\/logo\/image\/"},"sameAs":["https:\/\/www.facebook.com\/amicaasociacion","https:\/\/x.com\/asociacionamica","https:\/\/www.youtube.com\/c\/asociacionamicacantabria","https:\/\/es.linkedin.com\/company\/asociacionamica?trk=similar-companies_org_title","https:\/\/www.instagram.com\/asociacionamica\/"]},{"@type":"Person","@id":"https:\/\/amica.es\/es\/#\/schema\/person\/b7e8b0c408a5e87f36a07b01f864b116","name":"Amica","image":{"@type":"ImageObject","inLanguage":"es","@id":"https:\/\/amica.es\/es\/#\/schema\/person\/image\/","url":"https:\/\/secure.gravatar.com\/avatar\/1c2a67639258ebac6bef8bd3441253734b1d8f61e87e0c96351c701696c455e4?s=96&d=mm&r=g","contentUrl":"https:\/\/secure.gravatar.com\/avatar\/1c2a67639258ebac6bef8bd3441253734b1d8f61e87e0c96351c701696c455e4?s=96&d=mm&r=g","caption":"Amica"},"url":"https:\/\/amica.es\/es\/author\/paqamiccapz\/"}]}},"_links":{"self":[{"href":"https:\/\/amica.es\/es\/wp-json\/wp\/v2\/posts\/3878","targetHints":{"allow":["GET"]}}],"collection":[{"href":"https:\/\/amica.es\/es\/wp-json\/wp\/v2\/posts"}],"about":[{"href":"https:\/\/amica.es\/es\/wp-json\/wp\/v2\/types\/post"}],"author":[{"embeddable":true,"href":"https:\/\/amica.es\/es\/wp-json\/wp\/v2\/users\/2"}],"replies":[{"embeddable":true,"href":"https:\/\/amica.es\/es\/wp-json\/wp\/v2\/comments?post=3878"}],"version-history":[{"count":1,"href":"https:\/\/amica.es\/es\/wp-json\/wp\/v2\/posts\/3878\/revisions"}],"predecessor-version":[{"id":3880,"href":"https:\/\/amica.es\/es\/wp-json\/wp\/v2\/posts\/3878\/revisions\/3880"}],"wp:featuredmedia":[{"embeddable":true,"href":"https:\/\/amica.es\/es\/wp-json\/wp\/v2\/media\/3879"}],"wp:attachment":[{"href":"https:\/\/amica.es\/es\/wp-json\/wp\/v2\/media?parent=3878"}],"wp:term":[{"taxonomy":"category","embeddable":true,"href":"https:\/\/amica.es\/es\/wp-json\/wp\/v2\/categories?post=3878"},{"taxonomy":"post_tag","embeddable":true,"href":"https:\/\/amica.es\/es\/wp-json\/wp\/v2\/tags?post=3878"}],"curies":[{"name":"wp","href":"https:\/\/api.w.org\/{rel}","templated":true}]}}