{"id":3896,"date":"2018-06-06T11:36:30","date_gmt":"2018-06-06T11:36:30","guid":{"rendered":"http:\/\/amica.es\/es\/?p=3896"},"modified":"2018-06-06T11:36:30","modified_gmt":"2018-06-06T11:36:30","slug":"amica-asiste-a-la-presentacion-de-un-estudio-del-ayuntamiento-de-santander-sobre-responsabilidad-social-empresarial","status":"publish","type":"post","link":"https:\/\/amica.es\/es\/amica-asiste-a-la-presentacion-de-un-estudio-del-ayuntamiento-de-santander-sobre-responsabilidad-social-empresarial\/","title":{"rendered":"Amica asiste a la presentaci\u00f3n de un estudio del Ayuntamiento de Santander sobre Responsabilidad Social Empresarial"},"content":{"rendered":"<p>Justino Garc\u00eda Valde\u00f3n, Vicepresidente de Amica asisti\u00f3 a un encuentro en el Palacio de la Magdalena en el que la Alcaldesa de Santander, Gema Igual present\u00f3 un estudio enmarcado dentro del Pacto Local por el Empleo en el que se han fijado tres ejes de actuaci\u00f3n y 19 medidas, dos de las cuales estar\u00e1n en marcha en tres meses.<\/p>\n<p>La alcaldesa de Santander, Gema Igual, ha presentado a alrededor de 40 empresas y entidades sociales de la ciudad los resultados del estudio que ha encargado el Ayuntamiento para determinar el potencial del tejido asociativo para integrarse en una estrategia municipal de Responsabilidad Social Corporativa. Este estudio, que surge como una de las medidas previstas en el Pacto Local por el Empleo, es fruto de las encuestas y los grupos de trabajo en los que han tomado parte 24 empresas, asociaciones y agentes sociales de la ciudad.<\/p>\n<p>Establece 19 medidas para poner en marcha en los pr\u00f3ximos dos a\u00f1os, que ahora se trasladar\u00e1n al Pacto por el Empleo, en el que est\u00e1n presentes m\u00e1s de 40 entidades y agentes sociales de la ciudad, para que sean aprobadas por este \u00f3rgano en la reuni\u00f3n que celebrar\u00e1 a principios de junio y puestas en pr\u00e1ctica posteriormente.<\/p>\n<p>La coordinadora del estudio, Gema Lanza, ha precisado que una de sus conclusiones es que, hasta ahora, las empresas y entidades siguen manejando significados y aplicaciones diferentes del concepto de RSC, por lo que el primer eje que recoge este estudio es el de la formaci\u00f3n, concienciaci\u00f3n y sensibilizaci\u00f3n hacia la RSC, para disponer de un concepto compartido sobre el cual dise\u00f1ar experiencias piloto.<\/p>\n<p>El segundo eje recoge hacia un modelo inclusivo de RSC, que trata de incorporar estrategias de gesti\u00f3n en este \u00e1mbito, mientras que el tercero conlleva establecer redes de colaboraci\u00f3n y cooperaci\u00f3n entre entidades y empresas de cara a compartir el concepto de territorio socialmente responsable, con actuaciones dirigidas a la visibilidad.<\/p>\n<p>Por su parte, el jefe del servicio municipal de Empleo, Samuel del Vigo, ha recordado que el Ayuntamiento se ha involucrado desde hace a\u00f1os en la promoci\u00f3n de la responsabilidad social corporativa con acciones que van desde la integraci\u00f3n en la RED RETOS a la apertura del Centro de Innovaci\u00f3n Social \u201cEl panal\u201d, ubicado en Villa Florida, en el que se vienen impartiendo diferentes talleres y celebrando encuentros para promover el emprendimiento social en la ciudad.<\/p>\n","protected":false},"excerpt":{"rendered":"<p>Justino Garc\u00eda Valde\u00f3n, Vicepresidente de Amica asisti\u00f3 a un encuentro en el Palacio de la Magdalena en el que la Alcaldesa de Santander, Gema Igual present\u00f3 un estudio enmarcado dentro del Pacto Local por el Empleo en el que se han fijado tres ejes de actuaci\u00f3n y 19 medidas, dos de las cuales estar\u00e1n en<br \/><a href=\"https:\/\/amica.es\/es\/amica-asiste-a-la-presentacion-de-un-estudio-del-ayuntamiento-de-santander-sobre-responsabilidad-social-empresarial\/\" class=\"more\">Read more<\/a><\/p>\n","protected":false},"author":2,"featured_media":3897,"comment_status":"open","ping_status":"open","sticky":false,"template":"","format":"standard","meta":{"_monsterinsights_skip_tracking":false,"_monsterinsights_sitenote_active":false,"_monsterinsights_sitenote_note":"","_monsterinsights_sitenote_category":0,"_joinchat":[],"footnotes":""},"categories":[27],"tags":[],"class_list":["post-3896","post","type-post","status-publish","format-standard","has-post-thumbnail","hentry","category-noticias-categoria"],"yoast_head":"<!-- This site is optimized with the Yoast SEO plugin v25.6 - https:\/\/yoast.com\/wordpress\/plugins\/seo\/ -->\n<title>Amica asiste a la presentaci\u00f3n de un estudio del Ayuntamiento de Santander sobre Responsabilidad Social Empresarial - Amica - Descubriendo Capacidades<\/title>\n<meta name=\"robots\" content=\"index, follow, max-snippet:-1, max-image-preview:large, max-video-preview:-1\" \/>\n<link rel=\"canonical\" href=\"https:\/\/amica.es\/es\/amica-asiste-a-la-presentacion-de-un-estudio-del-ayuntamiento-de-santander-sobre-responsabilidad-social-empresarial\/\" \/>\n<meta property=\"og:locale\" content=\"es_ES\" \/>\n<meta property=\"og:type\" content=\"article\" \/>\n<meta property=\"og:title\" content=\"Amica asiste a la presentaci\u00f3n de un estudio del Ayuntamiento de Santander sobre Responsabilidad Social Empresarial - Amica - Descubriendo Capacidades\" \/>\n<meta property=\"og:description\" content=\"Justino Garc\u00eda Valde\u00f3n, Vicepresidente de Amica asisti\u00f3 a un encuentro en el Palacio de la Magdalena en el que la Alcaldesa de Santander, Gema Igual present\u00f3 un estudio enmarcado dentro del Pacto Local por el Empleo en el que se han fijado tres ejes de actuaci\u00f3n y 19 medidas, dos de las cuales estar\u00e1n enRead more\" \/>\n<meta property=\"og:url\" content=\"https:\/\/amica.es\/es\/amica-asiste-a-la-presentacion-de-un-estudio-del-ayuntamiento-de-santander-sobre-responsabilidad-social-empresarial\/\" \/>\n<meta property=\"og:site_name\" content=\"Amica - Descubriendo Capacidades\" \/>\n<meta property=\"article:publisher\" content=\"https:\/\/www.facebook.com\/amicaasociacion\" \/>\n<meta property=\"article:published_time\" content=\"2018-06-06T11:36:30+00:00\" \/>\n<meta property=\"og:image\" content=\"https:\/\/amica.es\/es\/wp-content\/uploads\/2018\/06\/Amica-PlantillaImagenesWeb-1.jpg\" \/>\n\t<meta property=\"og:image:width\" content=\"1209\" \/>\n\t<meta property=\"og:image:height\" content=\"745\" \/>\n\t<meta property=\"og:image:type\" content=\"image\/jpeg\" \/>\n<meta name=\"author\" content=\"Amica\" \/>\n<meta name=\"twitter:card\" content=\"summary_large_image\" \/>\n<meta name=\"twitter:creator\" content=\"@asociacionamica\" \/>\n<meta name=\"twitter:site\" content=\"@asociacionamica\" \/>\n<meta name=\"twitter:label1\" content=\"Escrito por\" \/>\n\t<meta name=\"twitter:data1\" content=\"Amica\" \/>\n\t<meta name=\"twitter:label2\" content=\"Tiempo de lectura\" \/>\n\t<meta name=\"twitter:data2\" content=\"2 minutos\" \/>\n<script type=\"application\/ld+json\" class=\"yoast-schema-graph\">{\"@context\":\"https:\/\/schema.org\",\"@graph\":[{\"@type\":\"Article\",\"@id\":\"https:\/\/amica.es\/es\/amica-asiste-a-la-presentacion-de-un-estudio-del-ayuntamiento-de-santander-sobre-responsabilidad-social-empresarial\/#article\",\"isPartOf\":{\"@id\":\"https:\/\/amica.es\/es\/amica-asiste-a-la-presentacion-de-un-estudio-del-ayuntamiento-de-santander-sobre-responsabilidad-social-empresarial\/\"},\"author\":{\"name\":\"Amica\",\"@id\":\"https:\/\/amica.es\/es\/#\/schema\/person\/b7e8b0c408a5e87f36a07b01f864b116\"},\"headline\":\"Amica asiste a la presentaci\u00f3n de un estudio del Ayuntamiento de Santander sobre Responsabilidad Social Empresarial\",\"datePublished\":\"2018-06-06T11:36:30+00:00\",\"mainEntityOfPage\":{\"@id\":\"https:\/\/amica.es\/es\/amica-asiste-a-la-presentacion-de-un-estudio-del-ayuntamiento-de-santander-sobre-responsabilidad-social-empresarial\/\"},\"wordCount\":428,\"commentCount\":0,\"publisher\":{\"@id\":\"https:\/\/amica.es\/es\/#organization\"},\"image\":{\"@id\":\"https:\/\/amica.es\/es\/amica-asiste-a-la-presentacion-de-un-estudio-del-ayuntamiento-de-santander-sobre-responsabilidad-social-empresarial\/#primaryimage\"},\"thumbnailUrl\":\"https:\/\/amica.es\/es\/wp-content\/uploads\/2018\/06\/Amica-PlantillaImagenesWeb-1.jpg\",\"articleSection\":[\"Noticias\"],\"inLanguage\":\"es\",\"potentialAction\":[{\"@type\":\"CommentAction\",\"name\":\"Comment\",\"target\":[\"https:\/\/amica.es\/es\/amica-asiste-a-la-presentacion-de-un-estudio-del-ayuntamiento-de-santander-sobre-responsabilidad-social-empresarial\/#respond\"]}]},{\"@type\":\"WebPage\",\"@id\":\"https:\/\/amica.es\/es\/amica-asiste-a-la-presentacion-de-un-estudio-del-ayuntamiento-de-santander-sobre-responsabilidad-social-empresarial\/\",\"url\":\"https:\/\/amica.es\/es\/amica-asiste-a-la-presentacion-de-un-estudio-del-ayuntamiento-de-santander-sobre-responsabilidad-social-empresarial\/\",\"name\":\"Amica asiste a la presentaci\u00f3n de un estudio del Ayuntamiento de Santander sobre Responsabilidad Social Empresarial - Amica - Descubriendo Capacidades\",\"isPartOf\":{\"@id\":\"https:\/\/amica.es\/es\/#website\"},\"primaryImageOfPage\":{\"@id\":\"https:\/\/amica.es\/es\/amica-asiste-a-la-presentacion-de-un-estudio-del-ayuntamiento-de-santander-sobre-responsabilidad-social-empresarial\/#primaryimage\"},\"image\":{\"@id\":\"https:\/\/amica.es\/es\/amica-asiste-a-la-presentacion-de-un-estudio-del-ayuntamiento-de-santander-sobre-responsabilidad-social-empresarial\/#primaryimage\"},\"thumbnailUrl\":\"https:\/\/amica.es\/es\/wp-content\/uploads\/2018\/06\/Amica-PlantillaImagenesWeb-1.jpg\",\"datePublished\":\"2018-06-06T11:36:30+00:00\",\"breadcrumb\":{\"@id\":\"https:\/\/amica.es\/es\/amica-asiste-a-la-presentacion-de-un-estudio-del-ayuntamiento-de-santander-sobre-responsabilidad-social-empresarial\/#breadcrumb\"},\"inLanguage\":\"es\",\"potentialAction\":[{\"@type\":\"ReadAction\",\"target\":[\"https:\/\/amica.es\/es\/amica-asiste-a-la-presentacion-de-un-estudio-del-ayuntamiento-de-santander-sobre-responsabilidad-social-empresarial\/\"]}]},{\"@type\":\"ImageObject\",\"inLanguage\":\"es\",\"@id\":\"https:\/\/amica.es\/es\/amica-asiste-a-la-presentacion-de-un-estudio-del-ayuntamiento-de-santander-sobre-responsabilidad-social-empresarial\/#primaryimage\",\"url\":\"https:\/\/amica.es\/es\/wp-content\/uploads\/2018\/06\/Amica-PlantillaImagenesWeb-1.jpg\",\"contentUrl\":\"https:\/\/amica.es\/es\/wp-content\/uploads\/2018\/06\/Amica-PlantillaImagenesWeb-1.jpg\",\"width\":1209,\"height\":745,\"caption\":\"Asistentes Jornada Ayuntamiento\"},{\"@type\":\"BreadcrumbList\",\"@id\":\"https:\/\/amica.es\/es\/amica-asiste-a-la-presentacion-de-un-estudio-del-ayuntamiento-de-santander-sobre-responsabilidad-social-empresarial\/#breadcrumb\",\"itemListElement\":[{\"@type\":\"ListItem\",\"position\":1,\"name\":\"Portada\",\"item\":\"https:\/\/amica.es\/es\/\"},{\"@type\":\"ListItem\",\"position\":2,\"name\":\"Amica asiste a la presentaci\u00f3n de un estudio del Ayuntamiento de Santander sobre Responsabilidad Social Empresarial\"}]},{\"@type\":\"WebSite\",\"@id\":\"https:\/\/amica.es\/es\/#website\",\"url\":\"https:\/\/amica.es\/es\/\",\"name\":\"Amica - Descubriendo Capacidades\",\"description\":\"Apoyando a personas con discapacidad desde 1984\",\"publisher\":{\"@id\":\"https:\/\/amica.es\/es\/#organization\"},\"potentialAction\":[{\"@type\":\"SearchAction\",\"target\":{\"@type\":\"EntryPoint\",\"urlTemplate\":\"https:\/\/amica.es\/es\/?s={search_term_string}\"},\"query-input\":{\"@type\":\"PropertyValueSpecification\",\"valueRequired\":true,\"valueName\":\"search_term_string\"}}],\"inLanguage\":\"es\"},{\"@type\":\"Organization\",\"@id\":\"https:\/\/amica.es\/es\/#organization\",\"name\":\"Asociaci\u00f3n Amica\",\"url\":\"https:\/\/amica.es\/es\/\",\"logo\":{\"@type\":\"ImageObject\",\"inLanguage\":\"es\",\"@id\":\"https:\/\/amica.es\/es\/#\/schema\/logo\/image\/\",\"url\":\"https:\/\/amica.es\/es\/wp-content\/uploads\/2024\/07\/Amica-Logo.png\",\"contentUrl\":\"https:\/\/amica.es\/es\/wp-content\/uploads\/2024\/07\/Amica-Logo.png\",\"width\":1653,\"height\":577,\"caption\":\"Asociaci\u00f3n Amica\"},\"image\":{\"@id\":\"https:\/\/amica.es\/es\/#\/schema\/logo\/image\/\"},\"sameAs\":[\"https:\/\/www.facebook.com\/amicaasociacion\",\"https:\/\/x.com\/asociacionamica\",\"https:\/\/www.youtube.com\/c\/asociacionamicacantabria\",\"https:\/\/es.linkedin.com\/company\/asociacionamica?trk=similar-companies_org_title\",\"https:\/\/www.instagram.com\/asociacionamica\/\"]},{\"@type\":\"Person\",\"@id\":\"https:\/\/amica.es\/es\/#\/schema\/person\/b7e8b0c408a5e87f36a07b01f864b116\",\"name\":\"Amica\",\"image\":{\"@type\":\"ImageObject\",\"inLanguage\":\"es\",\"@id\":\"https:\/\/amica.es\/es\/#\/schema\/person\/image\/\",\"url\":\"https:\/\/secure.gravatar.com\/avatar\/1c2a67639258ebac6bef8bd3441253734b1d8f61e87e0c96351c701696c455e4?s=96&d=mm&r=g\",\"contentUrl\":\"https:\/\/secure.gravatar.com\/avatar\/1c2a67639258ebac6bef8bd3441253734b1d8f61e87e0c96351c701696c455e4?s=96&d=mm&r=g\",\"caption\":\"Amica\"},\"url\":\"https:\/\/amica.es\/es\/author\/paqamiccapz\/\"}]}<\/script>\n<!-- \/ Yoast SEO plugin. -->","yoast_head_json":{"title":"Amica asiste a la presentaci\u00f3n de un estudio del Ayuntamiento de Santander sobre Responsabilidad Social Empresarial - Amica - Descubriendo Capacidades","robots":{"index":"index","follow":"follow","max-snippet":"max-snippet:-1","max-image-preview":"max-image-preview:large","max-video-preview":"max-video-preview:-1"},"canonical":"https:\/\/amica.es\/es\/amica-asiste-a-la-presentacion-de-un-estudio-del-ayuntamiento-de-santander-sobre-responsabilidad-social-empresarial\/","og_locale":"es_ES","og_type":"article","og_title":"Amica asiste a la presentaci\u00f3n de un estudio del Ayuntamiento de Santander sobre Responsabilidad Social Empresarial - Amica - Descubriendo Capacidades","og_description":"Justino Garc\u00eda Valde\u00f3n, Vicepresidente de Amica asisti\u00f3 a un encuentro en el Palacio de la Magdalena en el que la Alcaldesa de Santander, Gema Igual present\u00f3 un estudio enmarcado dentro del Pacto Local por el Empleo en el que se han fijado tres ejes de actuaci\u00f3n y 19 medidas, dos de las cuales estar\u00e1n enRead more","og_url":"https:\/\/amica.es\/es\/amica-asiste-a-la-presentacion-de-un-estudio-del-ayuntamiento-de-santander-sobre-responsabilidad-social-empresarial\/","og_site_name":"Amica - Descubriendo Capacidades","article_publisher":"https:\/\/www.facebook.com\/amicaasociacion","article_published_time":"2018-06-06T11:36:30+00:00","og_image":[{"width":1209,"height":745,"url":"https:\/\/amica.es\/es\/wp-content\/uploads\/2018\/06\/Amica-PlantillaImagenesWeb-1.jpg","type":"image\/jpeg"}],"author":"Amica","twitter_card":"summary_large_image","twitter_creator":"@asociacionamica","twitter_site":"@asociacionamica","twitter_misc":{"Escrito por":"Amica","Tiempo de lectura":"2 minutos"},"schema":{"@context":"https:\/\/schema.org","@graph":[{"@type":"Article","@id":"https:\/\/amica.es\/es\/amica-asiste-a-la-presentacion-de-un-estudio-del-ayuntamiento-de-santander-sobre-responsabilidad-social-empresarial\/#article","isPartOf":{"@id":"https:\/\/amica.es\/es\/amica-asiste-a-la-presentacion-de-un-estudio-del-ayuntamiento-de-santander-sobre-responsabilidad-social-empresarial\/"},"author":{"name":"Amica","@id":"https:\/\/amica.es\/es\/#\/schema\/person\/b7e8b0c408a5e87f36a07b01f864b116"},"headline":"Amica asiste a la presentaci\u00f3n de un estudio del Ayuntamiento de Santander sobre Responsabilidad Social Empresarial","datePublished":"2018-06-06T11:36:30+00:00","mainEntityOfPage":{"@id":"https:\/\/amica.es\/es\/amica-asiste-a-la-presentacion-de-un-estudio-del-ayuntamiento-de-santander-sobre-responsabilidad-social-empresarial\/"},"wordCount":428,"commentCount":0,"publisher":{"@id":"https:\/\/amica.es\/es\/#organization"},"image":{"@id":"https:\/\/amica.es\/es\/amica-asiste-a-la-presentacion-de-un-estudio-del-ayuntamiento-de-santander-sobre-responsabilidad-social-empresarial\/#primaryimage"},"thumbnailUrl":"https:\/\/amica.es\/es\/wp-content\/uploads\/2018\/06\/Amica-PlantillaImagenesWeb-1.jpg","articleSection":["Noticias"],"inLanguage":"es","potentialAction":[{"@type":"CommentAction","name":"Comment","target":["https:\/\/amica.es\/es\/amica-asiste-a-la-presentacion-de-un-estudio-del-ayuntamiento-de-santander-sobre-responsabilidad-social-empresarial\/#respond"]}]},{"@type":"WebPage","@id":"https:\/\/amica.es\/es\/amica-asiste-a-la-presentacion-de-un-estudio-del-ayuntamiento-de-santander-sobre-responsabilidad-social-empresarial\/","url":"https:\/\/amica.es\/es\/amica-asiste-a-la-presentacion-de-un-estudio-del-ayuntamiento-de-santander-sobre-responsabilidad-social-empresarial\/","name":"Amica asiste a la presentaci\u00f3n de un estudio del Ayuntamiento de Santander sobre Responsabilidad Social Empresarial - Amica - Descubriendo Capacidades","isPartOf":{"@id":"https:\/\/amica.es\/es\/#website"},"primaryImageOfPage":{"@id":"https:\/\/amica.es\/es\/amica-asiste-a-la-presentacion-de-un-estudio-del-ayuntamiento-de-santander-sobre-responsabilidad-social-empresarial\/#primaryimage"},"image":{"@id":"https:\/\/amica.es\/es\/amica-asiste-a-la-presentacion-de-un-estudio-del-ayuntamiento-de-santander-sobre-responsabilidad-social-empresarial\/#primaryimage"},"thumbnailUrl":"https:\/\/amica.es\/es\/wp-content\/uploads\/2018\/06\/Amica-PlantillaImagenesWeb-1.jpg","datePublished":"2018-06-06T11:36:30+00:00","breadcrumb":{"@id":"https:\/\/amica.es\/es\/amica-asiste-a-la-presentacion-de-un-estudio-del-ayuntamiento-de-santander-sobre-responsabilidad-social-empresarial\/#breadcrumb"},"inLanguage":"es","potentialAction":[{"@type":"ReadAction","target":["https:\/\/amica.es\/es\/amica-asiste-a-la-presentacion-de-un-estudio-del-ayuntamiento-de-santander-sobre-responsabilidad-social-empresarial\/"]}]},{"@type":"ImageObject","inLanguage":"es","@id":"https:\/\/amica.es\/es\/amica-asiste-a-la-presentacion-de-un-estudio-del-ayuntamiento-de-santander-sobre-responsabilidad-social-empresarial\/#primaryimage","url":"https:\/\/amica.es\/es\/wp-content\/uploads\/2018\/06\/Amica-PlantillaImagenesWeb-1.jpg","contentUrl":"https:\/\/amica.es\/es\/wp-content\/uploads\/2018\/06\/Amica-PlantillaImagenesWeb-1.jpg","width":1209,"height":745,"caption":"Asistentes Jornada Ayuntamiento"},{"@type":"BreadcrumbList","@id":"https:\/\/amica.es\/es\/amica-asiste-a-la-presentacion-de-un-estudio-del-ayuntamiento-de-santander-sobre-responsabilidad-social-empresarial\/#breadcrumb","itemListElement":[{"@type":"ListItem","position":1,"name":"Portada","item":"https:\/\/amica.es\/es\/"},{"@type":"ListItem","position":2,"name":"Amica asiste a la presentaci\u00f3n de un estudio del Ayuntamiento de Santander sobre Responsabilidad Social Empresarial"}]},{"@type":"WebSite","@id":"https:\/\/amica.es\/es\/#website","url":"https:\/\/amica.es\/es\/","name":"Amica - Descubriendo Capacidades","description":"Apoyando a personas con discapacidad desde 1984","publisher":{"@id":"https:\/\/amica.es\/es\/#organization"},"potentialAction":[{"@type":"SearchAction","target":{"@type":"EntryPoint","urlTemplate":"https:\/\/amica.es\/es\/?s={search_term_string}"},"query-input":{"@type":"PropertyValueSpecification","valueRequired":true,"valueName":"search_term_string"}}],"inLanguage":"es"},{"@type":"Organization","@id":"https:\/\/amica.es\/es\/#organization","name":"Asociaci\u00f3n Amica","url":"https:\/\/amica.es\/es\/","logo":{"@type":"ImageObject","inLanguage":"es","@id":"https:\/\/amica.es\/es\/#\/schema\/logo\/image\/","url":"https:\/\/amica.es\/es\/wp-content\/uploads\/2024\/07\/Amica-Logo.png","contentUrl":"https:\/\/amica.es\/es\/wp-content\/uploads\/2024\/07\/Amica-Logo.png","width":1653,"height":577,"caption":"Asociaci\u00f3n Amica"},"image":{"@id":"https:\/\/amica.es\/es\/#\/schema\/logo\/image\/"},"sameAs":["https:\/\/www.facebook.com\/amicaasociacion","https:\/\/x.com\/asociacionamica","https:\/\/www.youtube.com\/c\/asociacionamicacantabria","https:\/\/es.linkedin.com\/company\/asociacionamica?trk=similar-companies_org_title","https:\/\/www.instagram.com\/asociacionamica\/"]},{"@type":"Person","@id":"https:\/\/amica.es\/es\/#\/schema\/person\/b7e8b0c408a5e87f36a07b01f864b116","name":"Amica","image":{"@type":"ImageObject","inLanguage":"es","@id":"https:\/\/amica.es\/es\/#\/schema\/person\/image\/","url":"https:\/\/secure.gravatar.com\/avatar\/1c2a67639258ebac6bef8bd3441253734b1d8f61e87e0c96351c701696c455e4?s=96&d=mm&r=g","contentUrl":"https:\/\/secure.gravatar.com\/avatar\/1c2a67639258ebac6bef8bd3441253734b1d8f61e87e0c96351c701696c455e4?s=96&d=mm&r=g","caption":"Amica"},"url":"https:\/\/amica.es\/es\/author\/paqamiccapz\/"}]}},"_links":{"self":[{"href":"https:\/\/amica.es\/es\/wp-json\/wp\/v2\/posts\/3896","targetHints":{"allow":["GET"]}}],"collection":[{"href":"https:\/\/amica.es\/es\/wp-json\/wp\/v2\/posts"}],"about":[{"href":"https:\/\/amica.es\/es\/wp-json\/wp\/v2\/types\/post"}],"author":[{"embeddable":true,"href":"https:\/\/amica.es\/es\/wp-json\/wp\/v2\/users\/2"}],"replies":[{"embeddable":true,"href":"https:\/\/amica.es\/es\/wp-json\/wp\/v2\/comments?post=3896"}],"version-history":[{"count":1,"href":"https:\/\/amica.es\/es\/wp-json\/wp\/v2\/posts\/3896\/revisions"}],"predecessor-version":[{"id":3898,"href":"https:\/\/amica.es\/es\/wp-json\/wp\/v2\/posts\/3896\/revisions\/3898"}],"wp:featuredmedia":[{"embeddable":true,"href":"https:\/\/amica.es\/es\/wp-json\/wp\/v2\/media\/3897"}],"wp:attachment":[{"href":"https:\/\/amica.es\/es\/wp-json\/wp\/v2\/media?parent=3896"}],"wp:term":[{"taxonomy":"category","embeddable":true,"href":"https:\/\/amica.es\/es\/wp-json\/wp\/v2\/categories?post=3896"},{"taxonomy":"post_tag","embeddable":true,"href":"https:\/\/amica.es\/es\/wp-json\/wp\/v2\/tags?post=3896"}],"curies":[{"name":"wp","href":"https:\/\/api.w.org\/{rel}","templated":true}]}}