{"id":6246,"date":"2019-03-08T10:33:39","date_gmt":"2019-03-08T10:33:39","guid":{"rendered":"https:\/\/amica.es\/es\/?p=6246"},"modified":"2019-03-08T10:41:06","modified_gmt":"2019-03-08T10:41:06","slug":"la-tarjeta-dorada-de-renfe-se-extiende-a-todas-las-personas-con-discapacidad-desde-el-33-por-100","status":"publish","type":"post","link":"https:\/\/amica.es\/es\/la-tarjeta-dorada-de-renfe-se-extiende-a-todas-las-personas-con-discapacidad-desde-el-33-por-100\/","title":{"rendered":"La tarjeta dorada de Renfe se extiende a todas las personas con discapacidad desde el 33 por 100"},"content":{"rendered":"<p><strong><em>La Tarjeta Dorada de Renfe se ampl\u00eda a todas las personas con grado de discapacidad oficialmente reconocida desde el 33 por 100.<\/em><\/strong><\/p>\n<p><strong><em>\u00a0<\/em><\/strong>El Gobierno, a trav\u00e9s del <a href=\"https:\/\/www.fomento.gob.es\/\">Ministerio de Fomento<\/a>, ha aprobado extender los grupos que pueden disfrutar de los beneficios recogidos en la Tarjeta Dorada para los servicios ferroviarios prestados por <a href=\"http:\/\/www.renfe.com\/\">Renfe, <\/a>incluyendo a las personas con un grado de discapacidad o igual o superior al 33 por 100, frente al 65 por 100 actual.<\/p>\n<p>Esta medida aumenta en m\u00e1s de un mill\u00f3n de personas los posibles beneficiarios de esta Tarjeta y los beneficios que conlleva, desde descuentos en los billetes de hasta un 40 por 100.<\/p>\n<p>La entrada en vigor de estas nuevas condiciones se producir\u00e1 el d\u00eda 1 de abril de 2019 y toda la informaci\u00f3n estar\u00e1 disponible en la p\u00e1gina web de Renfe.<\/p>\n<p>Estas medidas a favor de las personas con discapacidad que usan el ferrocarril para sus desplazamientos han sido sugeridas y planteadas por el Comit\u00e9 Espa\u00f1ol de Representantes de Personas con Discapacidad (CERMI) al Ministerio de Fomento, que finalmente las ha hecho suyas, adopt\u00e1ndolas oficialmente.<\/p>\n<p><strong><em>Nuevas condiciones de la tarjeta dorada<\/em><\/strong><\/p>\n<p>Desde el 1 de abril de 2019, la Tarjeta Dorada de Renfe podr\u00e1 ser adquirida por:<\/p>\n<ul>\n<li>Personas mayores de 60 a\u00f1os.<\/li>\n<li>Pensionistas mayores de 18 a\u00f1os de la Seguridad Social Espa\u00f1ola que est\u00e9n en situaci\u00f3n de Incapacidad f\u00edsica o ps\u00edquica Permanente Total, Absoluta o Gran Invalidez.<\/li>\n<li>Pensionistas mayores de 18 a\u00f1os de las clases pasivas civiles y retirados militares que est\u00e9n en situaci\u00f3n de Incapacidad Permanente para el servicio o inutilidad.<\/li>\n<li>Personas con una discapacidad igual o superior al 33 por 100.<\/li>\n<li>Acompa\u00f1antes de personas con una discapacidad igual o superior al 65 por 100, que tendr\u00e1n las mismas condiciones econ\u00f3micas de viaje que el titular.<\/li>\n<\/ul>\n<p>El CERMI saluda la implantaci\u00f3n de esta medida por parte del Ministerio de Fomento, que ha sido receptivo a las peticiones del sector, que trata de compensar el mayor esfuerzo econ\u00f3mico que para las personas con discapacidad supone el uso del transporte ferroviario.<\/p>\n<p><strong><em>\u00bfQu\u00e9 ventajas ofrece este abono?<\/em><\/strong><\/p>\n<p>La\u00a0<strong>tarjeta dorada de Renfe<\/strong>\u00a0ofrece descuentos en los billetes que var\u00edan en funci\u00f3n del tipo de tren y del horario elegido para viajar.<\/p>\n<p>En los trenes de\u00a0<strong>Media Distancia<\/strong>\u00a0el descuento en las tarifas vigentes es del 40% en todos los trayectos y todos los d\u00edas de la semana. Lo mismo ocurre con los trenes de Renfe de cercan\u00edas.<\/p>\n<p>En el caso del\u00a0<strong>AVE y de los Trenes de Larga Distancia<\/strong>, la reducci\u00f3n en la tarifa cambia seg\u00fan el d\u00eda de la semana: de lunes a jueves es del 40%, mientras que los fines de semana es del 25%. Justo al contrario ocurre con los trenes Avant: de lunes a viernes el descuento en el billete con tarjeta dorada es del 25%, mientras que s\u00e1bados y domingos es del 40%.<\/p>\n<p>Adem\u00e1s de las ventajas econ\u00f3micas, la\u00a0<strong>tarjeta dorada de Renfe<\/strong>\u00a0ofrece otros beneficios como la posibilidad de elegir asiento, ya que existen plazas reservadas exclusivamente para usuarios de dicha tarjeta.<\/p>\n<p><strong><em>\u00bfC\u00f3mo solicitar la tarjeta dorada?<\/em><\/strong><\/p>\n<p>Para solicitar esta tarjeta debes dirigirte a las Taquillas de las Estaciones de Renfe, a la Oficina de Ventas de Ceuta o a las Agencias de Viajes Presenciales. Algunas entidades bancarias tambi\u00e9n ofrecen la\u00a0<strong>tarjeta dorada de Renfe<\/strong>\u00a0de d\u00e9bito o cr\u00e9dito.<\/p>\n<p>En todos los casos, tiene un coste de 6 euros y deber\u00e1s presentar la siguiente documentaci\u00f3n:<\/p>\n<ul>\n<li>Personas mayores de 60 a\u00f1os: DNI, NIE o Pasaporte.<\/li>\n<li>Pensionistas mayores de 18 a\u00f1os: Documento acreditativo de la condici\u00f3n de pensionista por Incapacidad f\u00edsica o ps\u00edquica Permanente, Total, Absoluta o Gran Invalidez.<\/li>\n<li>Personas con discapacidad superior al 33%: Certificado, Tarjeta de Discapacidad o documento acreditativo expedido por un organismo oficial.<\/li>\n<\/ul>\n<h2>Atendo: servicio de asistencia a viajeros con discapacidad<\/h2>\n<p>El\u00a0<strong>servicio de Renfe Atendo<\/strong>\u00a0garantiza a las personas con discapacidad, la atenci\u00f3n y asistencia necesarias sin las que ser\u00eda imposible el\u00a0<strong>acceso\u00a0al tren<\/strong>. Pueden solicitar esta asistencia las personas con movilidad reducida que viajen sentados en su propia silla o en una plaza regular, las personas con discapacidad auditiva o visual, y las que tengan alguna dificultad de desplazamiento.<\/p>\n<p>La solicitud debe realizarse en el momento de la adquisici\u00f3n de billetes, ya sea en los puntos de venta f\u00edsicos como por Internet. Deber\u00e1s indicar\u00a0<strong>qu\u00e9 tipolog\u00eda de asistencia necesitas<\/strong>\u00a0para que el personal de Renfe Atendo pueda ayudarte de la mejor manera posible. Te recomendamos que consultes la\u00a0<a href=\"http:\/\/www.renfe.com\/viajeros\/atendo\/index.html\">p\u00e1gina web\u00a0de Renfe<\/a> para obtener m\u00e1s informaci\u00f3n sobre el servicio, as\u00ed como listados de las\u00a0<strong>estaciones en las que est\u00e1 disponible<\/strong>.<\/p>\n<p>&nbsp;<\/p>\n","protected":false},"excerpt":{"rendered":"<p>La Tarjeta Dorada de Renfe se ampl\u00eda a todas las personas con grado de discapacidad oficialmente reconocida desde el 33 por 100. \u00a0El Gobierno, a trav\u00e9s del Ministerio de Fomento, ha aprobado extender los grupos que pueden disfrutar de los beneficios recogidos en la Tarjeta Dorada para los servicios ferroviarios prestados por Renfe, incluyendo a<br \/><a href=\"https:\/\/amica.es\/es\/la-tarjeta-dorada-de-renfe-se-extiende-a-todas-las-personas-con-discapacidad-desde-el-33-por-100\/\" class=\"more\">Read more<\/a><\/p>\n","protected":false},"author":2,"featured_media":6247,"comment_status":"open","ping_status":"open","sticky":false,"template":"","format":"standard","meta":{"_monsterinsights_skip_tracking":false,"_monsterinsights_sitenote_active":false,"_monsterinsights_sitenote_note":"","_monsterinsights_sitenote_category":0,"_joinchat":[],"footnotes":""},"categories":[27],"tags":[],"class_list":["post-6246","post","type-post","status-publish","format-standard","has-post-thumbnail","hentry","category-noticias-categoria"],"yoast_head":"<!-- This site is optimized with the Yoast SEO plugin v25.6 - https:\/\/yoast.com\/wordpress\/plugins\/seo\/ -->\n<title>La tarjeta dorada de Renfe se extiende a todas las personas con discapacidad desde el 33 por 100 - Amica - Descubriendo Capacidades<\/title>\n<meta name=\"robots\" content=\"index, follow, max-snippet:-1, max-image-preview:large, max-video-preview:-1\" \/>\n<link rel=\"canonical\" href=\"https:\/\/amica.es\/es\/la-tarjeta-dorada-de-renfe-se-extiende-a-todas-las-personas-con-discapacidad-desde-el-33-por-100\/\" \/>\n<meta property=\"og:locale\" content=\"es_ES\" \/>\n<meta property=\"og:type\" content=\"article\" \/>\n<meta property=\"og:title\" content=\"La tarjeta dorada de Renfe se extiende a todas las personas con discapacidad desde el 33 por 100 - Amica - Descubriendo Capacidades\" \/>\n<meta property=\"og:description\" content=\"La Tarjeta Dorada de Renfe se ampl\u00eda a todas las personas con grado de discapacidad oficialmente reconocida desde el 33 por 100. \u00a0El Gobierno, a trav\u00e9s del Ministerio de Fomento, ha aprobado extender los grupos que pueden disfrutar de los beneficios recogidos en la Tarjeta Dorada para los servicios ferroviarios prestados por Renfe, incluyendo aRead more\" \/>\n<meta property=\"og:url\" content=\"https:\/\/amica.es\/es\/la-tarjeta-dorada-de-renfe-se-extiende-a-todas-las-personas-con-discapacidad-desde-el-33-por-100\/\" \/>\n<meta property=\"og:site_name\" content=\"Amica - Descubriendo Capacidades\" \/>\n<meta property=\"article:publisher\" content=\"https:\/\/www.facebook.com\/amicaasociacion\" \/>\n<meta property=\"article:published_time\" content=\"2019-03-08T10:33:39+00:00\" \/>\n<meta property=\"article:modified_time\" content=\"2019-03-08T10:41:06+00:00\" \/>\n<meta property=\"og:image\" content=\"https:\/\/amica.es\/es\/wp-content\/uploads\/2019\/03\/Amica-PlantillaImagenesWeb-4.jpg\" \/>\n\t<meta property=\"og:image:width\" content=\"1599\" \/>\n\t<meta property=\"og:image:height\" content=\"753\" \/>\n\t<meta property=\"og:image:type\" content=\"image\/jpeg\" \/>\n<meta name=\"author\" content=\"Amica\" \/>\n<meta name=\"twitter:card\" content=\"summary_large_image\" \/>\n<meta name=\"twitter:creator\" content=\"@asociacionamica\" \/>\n<meta name=\"twitter:site\" content=\"@asociacionamica\" \/>\n<meta name=\"twitter:label1\" content=\"Escrito por\" \/>\n\t<meta name=\"twitter:data1\" content=\"Amica\" \/>\n\t<meta name=\"twitter:label2\" content=\"Tiempo de lectura\" \/>\n\t<meta name=\"twitter:data2\" content=\"4 minutos\" \/>\n<script type=\"application\/ld+json\" class=\"yoast-schema-graph\">{\"@context\":\"https:\/\/schema.org\",\"@graph\":[{\"@type\":\"Article\",\"@id\":\"https:\/\/amica.es\/es\/la-tarjeta-dorada-de-renfe-se-extiende-a-todas-las-personas-con-discapacidad-desde-el-33-por-100\/#article\",\"isPartOf\":{\"@id\":\"https:\/\/amica.es\/es\/la-tarjeta-dorada-de-renfe-se-extiende-a-todas-las-personas-con-discapacidad-desde-el-33-por-100\/\"},\"author\":{\"name\":\"Amica\",\"@id\":\"https:\/\/amica.es\/es\/#\/schema\/person\/b7e8b0c408a5e87f36a07b01f864b116\"},\"headline\":\"La tarjeta dorada de Renfe se extiende a todas las personas con discapacidad desde el 33 por 100\",\"datePublished\":\"2019-03-08T10:33:39+00:00\",\"dateModified\":\"2019-03-08T10:41:06+00:00\",\"mainEntityOfPage\":{\"@id\":\"https:\/\/amica.es\/es\/la-tarjeta-dorada-de-renfe-se-extiende-a-todas-las-personas-con-discapacidad-desde-el-33-por-100\/\"},\"wordCount\":798,\"commentCount\":0,\"publisher\":{\"@id\":\"https:\/\/amica.es\/es\/#organization\"},\"image\":{\"@id\":\"https:\/\/amica.es\/es\/la-tarjeta-dorada-de-renfe-se-extiende-a-todas-las-personas-con-discapacidad-desde-el-33-por-100\/#primaryimage\"},\"thumbnailUrl\":\"https:\/\/amica.es\/es\/wp-content\/uploads\/2019\/03\/Amica-PlantillaImagenesWeb-4.jpg\",\"articleSection\":[\"Noticias\"],\"inLanguage\":\"es\",\"potentialAction\":[{\"@type\":\"CommentAction\",\"name\":\"Comment\",\"target\":[\"https:\/\/amica.es\/es\/la-tarjeta-dorada-de-renfe-se-extiende-a-todas-las-personas-con-discapacidad-desde-el-33-por-100\/#respond\"]}]},{\"@type\":\"WebPage\",\"@id\":\"https:\/\/amica.es\/es\/la-tarjeta-dorada-de-renfe-se-extiende-a-todas-las-personas-con-discapacidad-desde-el-33-por-100\/\",\"url\":\"https:\/\/amica.es\/es\/la-tarjeta-dorada-de-renfe-se-extiende-a-todas-las-personas-con-discapacidad-desde-el-33-por-100\/\",\"name\":\"La tarjeta dorada de Renfe se extiende a todas las personas con discapacidad desde el 33 por 100 - Amica - Descubriendo Capacidades\",\"isPartOf\":{\"@id\":\"https:\/\/amica.es\/es\/#website\"},\"primaryImageOfPage\":{\"@id\":\"https:\/\/amica.es\/es\/la-tarjeta-dorada-de-renfe-se-extiende-a-todas-las-personas-con-discapacidad-desde-el-33-por-100\/#primaryimage\"},\"image\":{\"@id\":\"https:\/\/amica.es\/es\/la-tarjeta-dorada-de-renfe-se-extiende-a-todas-las-personas-con-discapacidad-desde-el-33-por-100\/#primaryimage\"},\"thumbnailUrl\":\"https:\/\/amica.es\/es\/wp-content\/uploads\/2019\/03\/Amica-PlantillaImagenesWeb-4.jpg\",\"datePublished\":\"2019-03-08T10:33:39+00:00\",\"dateModified\":\"2019-03-08T10:41:06+00:00\",\"breadcrumb\":{\"@id\":\"https:\/\/amica.es\/es\/la-tarjeta-dorada-de-renfe-se-extiende-a-todas-las-personas-con-discapacidad-desde-el-33-por-100\/#breadcrumb\"},\"inLanguage\":\"es\",\"potentialAction\":[{\"@type\":\"ReadAction\",\"target\":[\"https:\/\/amica.es\/es\/la-tarjeta-dorada-de-renfe-se-extiende-a-todas-las-personas-con-discapacidad-desde-el-33-por-100\/\"]}]},{\"@type\":\"ImageObject\",\"inLanguage\":\"es\",\"@id\":\"https:\/\/amica.es\/es\/la-tarjeta-dorada-de-renfe-se-extiende-a-todas-las-personas-con-discapacidad-desde-el-33-por-100\/#primaryimage\",\"url\":\"https:\/\/amica.es\/es\/wp-content\/uploads\/2019\/03\/Amica-PlantillaImagenesWeb-4.jpg\",\"contentUrl\":\"https:\/\/amica.es\/es\/wp-content\/uploads\/2019\/03\/Amica-PlantillaImagenesWeb-4.jpg\",\"width\":1599,\"height\":753,\"caption\":\"Tarjeta renfe\"},{\"@type\":\"BreadcrumbList\",\"@id\":\"https:\/\/amica.es\/es\/la-tarjeta-dorada-de-renfe-se-extiende-a-todas-las-personas-con-discapacidad-desde-el-33-por-100\/#breadcrumb\",\"itemListElement\":[{\"@type\":\"ListItem\",\"position\":1,\"name\":\"Portada\",\"item\":\"https:\/\/amica.es\/es\/\"},{\"@type\":\"ListItem\",\"position\":2,\"name\":\"La tarjeta dorada de Renfe se extiende a todas las personas con discapacidad desde el 33 por 100\"}]},{\"@type\":\"WebSite\",\"@id\":\"https:\/\/amica.es\/es\/#website\",\"url\":\"https:\/\/amica.es\/es\/\",\"name\":\"Amica - Descubriendo Capacidades\",\"description\":\"Apoyando a personas con discapacidad desde 1984\",\"publisher\":{\"@id\":\"https:\/\/amica.es\/es\/#organization\"},\"potentialAction\":[{\"@type\":\"SearchAction\",\"target\":{\"@type\":\"EntryPoint\",\"urlTemplate\":\"https:\/\/amica.es\/es\/?s={search_term_string}\"},\"query-input\":{\"@type\":\"PropertyValueSpecification\",\"valueRequired\":true,\"valueName\":\"search_term_string\"}}],\"inLanguage\":\"es\"},{\"@type\":\"Organization\",\"@id\":\"https:\/\/amica.es\/es\/#organization\",\"name\":\"Asociaci\u00f3n Amica\",\"url\":\"https:\/\/amica.es\/es\/\",\"logo\":{\"@type\":\"ImageObject\",\"inLanguage\":\"es\",\"@id\":\"https:\/\/amica.es\/es\/#\/schema\/logo\/image\/\",\"url\":\"https:\/\/amica.es\/es\/wp-content\/uploads\/2024\/07\/Amica-Logo.png\",\"contentUrl\":\"https:\/\/amica.es\/es\/wp-content\/uploads\/2024\/07\/Amica-Logo.png\",\"width\":1653,\"height\":577,\"caption\":\"Asociaci\u00f3n Amica\"},\"image\":{\"@id\":\"https:\/\/amica.es\/es\/#\/schema\/logo\/image\/\"},\"sameAs\":[\"https:\/\/www.facebook.com\/amicaasociacion\",\"https:\/\/x.com\/asociacionamica\",\"https:\/\/www.youtube.com\/c\/asociacionamicacantabria\",\"https:\/\/es.linkedin.com\/company\/asociacionamica?trk=similar-companies_org_title\",\"https:\/\/www.instagram.com\/asociacionamica\/\"]},{\"@type\":\"Person\",\"@id\":\"https:\/\/amica.es\/es\/#\/schema\/person\/b7e8b0c408a5e87f36a07b01f864b116\",\"name\":\"Amica\",\"image\":{\"@type\":\"ImageObject\",\"inLanguage\":\"es\",\"@id\":\"https:\/\/amica.es\/es\/#\/schema\/person\/image\/\",\"url\":\"https:\/\/secure.gravatar.com\/avatar\/1c2a67639258ebac6bef8bd3441253734b1d8f61e87e0c96351c701696c455e4?s=96&d=mm&r=g\",\"contentUrl\":\"https:\/\/secure.gravatar.com\/avatar\/1c2a67639258ebac6bef8bd3441253734b1d8f61e87e0c96351c701696c455e4?s=96&d=mm&r=g\",\"caption\":\"Amica\"},\"url\":\"https:\/\/amica.es\/es\/author\/paqamiccapz\/\"}]}<\/script>\n<!-- \/ Yoast SEO plugin. -->","yoast_head_json":{"title":"La tarjeta dorada de Renfe se extiende a todas las personas con discapacidad desde el 33 por 100 - Amica - Descubriendo Capacidades","robots":{"index":"index","follow":"follow","max-snippet":"max-snippet:-1","max-image-preview":"max-image-preview:large","max-video-preview":"max-video-preview:-1"},"canonical":"https:\/\/amica.es\/es\/la-tarjeta-dorada-de-renfe-se-extiende-a-todas-las-personas-con-discapacidad-desde-el-33-por-100\/","og_locale":"es_ES","og_type":"article","og_title":"La tarjeta dorada de Renfe se extiende a todas las personas con discapacidad desde el 33 por 100 - Amica - Descubriendo Capacidades","og_description":"La Tarjeta Dorada de Renfe se ampl\u00eda a todas las personas con grado de discapacidad oficialmente reconocida desde el 33 por 100. \u00a0El Gobierno, a trav\u00e9s del Ministerio de Fomento, ha aprobado extender los grupos que pueden disfrutar de los beneficios recogidos en la Tarjeta Dorada para los servicios ferroviarios prestados por Renfe, incluyendo aRead more","og_url":"https:\/\/amica.es\/es\/la-tarjeta-dorada-de-renfe-se-extiende-a-todas-las-personas-con-discapacidad-desde-el-33-por-100\/","og_site_name":"Amica - Descubriendo Capacidades","article_publisher":"https:\/\/www.facebook.com\/amicaasociacion","article_published_time":"2019-03-08T10:33:39+00:00","article_modified_time":"2019-03-08T10:41:06+00:00","og_image":[{"width":1599,"height":753,"url":"https:\/\/amica.es\/es\/wp-content\/uploads\/2019\/03\/Amica-PlantillaImagenesWeb-4.jpg","type":"image\/jpeg"}],"author":"Amica","twitter_card":"summary_large_image","twitter_creator":"@asociacionamica","twitter_site":"@asociacionamica","twitter_misc":{"Escrito por":"Amica","Tiempo de lectura":"4 minutos"},"schema":{"@context":"https:\/\/schema.org","@graph":[{"@type":"Article","@id":"https:\/\/amica.es\/es\/la-tarjeta-dorada-de-renfe-se-extiende-a-todas-las-personas-con-discapacidad-desde-el-33-por-100\/#article","isPartOf":{"@id":"https:\/\/amica.es\/es\/la-tarjeta-dorada-de-renfe-se-extiende-a-todas-las-personas-con-discapacidad-desde-el-33-por-100\/"},"author":{"name":"Amica","@id":"https:\/\/amica.es\/es\/#\/schema\/person\/b7e8b0c408a5e87f36a07b01f864b116"},"headline":"La tarjeta dorada de Renfe se extiende a todas las personas con discapacidad desde el 33 por 100","datePublished":"2019-03-08T10:33:39+00:00","dateModified":"2019-03-08T10:41:06+00:00","mainEntityOfPage":{"@id":"https:\/\/amica.es\/es\/la-tarjeta-dorada-de-renfe-se-extiende-a-todas-las-personas-con-discapacidad-desde-el-33-por-100\/"},"wordCount":798,"commentCount":0,"publisher":{"@id":"https:\/\/amica.es\/es\/#organization"},"image":{"@id":"https:\/\/amica.es\/es\/la-tarjeta-dorada-de-renfe-se-extiende-a-todas-las-personas-con-discapacidad-desde-el-33-por-100\/#primaryimage"},"thumbnailUrl":"https:\/\/amica.es\/es\/wp-content\/uploads\/2019\/03\/Amica-PlantillaImagenesWeb-4.jpg","articleSection":["Noticias"],"inLanguage":"es","potentialAction":[{"@type":"CommentAction","name":"Comment","target":["https:\/\/amica.es\/es\/la-tarjeta-dorada-de-renfe-se-extiende-a-todas-las-personas-con-discapacidad-desde-el-33-por-100\/#respond"]}]},{"@type":"WebPage","@id":"https:\/\/amica.es\/es\/la-tarjeta-dorada-de-renfe-se-extiende-a-todas-las-personas-con-discapacidad-desde-el-33-por-100\/","url":"https:\/\/amica.es\/es\/la-tarjeta-dorada-de-renfe-se-extiende-a-todas-las-personas-con-discapacidad-desde-el-33-por-100\/","name":"La tarjeta dorada de Renfe se extiende a todas las personas con discapacidad desde el 33 por 100 - Amica - Descubriendo Capacidades","isPartOf":{"@id":"https:\/\/amica.es\/es\/#website"},"primaryImageOfPage":{"@id":"https:\/\/amica.es\/es\/la-tarjeta-dorada-de-renfe-se-extiende-a-todas-las-personas-con-discapacidad-desde-el-33-por-100\/#primaryimage"},"image":{"@id":"https:\/\/amica.es\/es\/la-tarjeta-dorada-de-renfe-se-extiende-a-todas-las-personas-con-discapacidad-desde-el-33-por-100\/#primaryimage"},"thumbnailUrl":"https:\/\/amica.es\/es\/wp-content\/uploads\/2019\/03\/Amica-PlantillaImagenesWeb-4.jpg","datePublished":"2019-03-08T10:33:39+00:00","dateModified":"2019-03-08T10:41:06+00:00","breadcrumb":{"@id":"https:\/\/amica.es\/es\/la-tarjeta-dorada-de-renfe-se-extiende-a-todas-las-personas-con-discapacidad-desde-el-33-por-100\/#breadcrumb"},"inLanguage":"es","potentialAction":[{"@type":"ReadAction","target":["https:\/\/amica.es\/es\/la-tarjeta-dorada-de-renfe-se-extiende-a-todas-las-personas-con-discapacidad-desde-el-33-por-100\/"]}]},{"@type":"ImageObject","inLanguage":"es","@id":"https:\/\/amica.es\/es\/la-tarjeta-dorada-de-renfe-se-extiende-a-todas-las-personas-con-discapacidad-desde-el-33-por-100\/#primaryimage","url":"https:\/\/amica.es\/es\/wp-content\/uploads\/2019\/03\/Amica-PlantillaImagenesWeb-4.jpg","contentUrl":"https:\/\/amica.es\/es\/wp-content\/uploads\/2019\/03\/Amica-PlantillaImagenesWeb-4.jpg","width":1599,"height":753,"caption":"Tarjeta renfe"},{"@type":"BreadcrumbList","@id":"https:\/\/amica.es\/es\/la-tarjeta-dorada-de-renfe-se-extiende-a-todas-las-personas-con-discapacidad-desde-el-33-por-100\/#breadcrumb","itemListElement":[{"@type":"ListItem","position":1,"name":"Portada","item":"https:\/\/amica.es\/es\/"},{"@type":"ListItem","position":2,"name":"La tarjeta dorada de Renfe se extiende a todas las personas con discapacidad desde el 33 por 100"}]},{"@type":"WebSite","@id":"https:\/\/amica.es\/es\/#website","url":"https:\/\/amica.es\/es\/","name":"Amica - Descubriendo Capacidades","description":"Apoyando a personas con discapacidad desde 1984","publisher":{"@id":"https:\/\/amica.es\/es\/#organization"},"potentialAction":[{"@type":"SearchAction","target":{"@type":"EntryPoint","urlTemplate":"https:\/\/amica.es\/es\/?s={search_term_string}"},"query-input":{"@type":"PropertyValueSpecification","valueRequired":true,"valueName":"search_term_string"}}],"inLanguage":"es"},{"@type":"Organization","@id":"https:\/\/amica.es\/es\/#organization","name":"Asociaci\u00f3n Amica","url":"https:\/\/amica.es\/es\/","logo":{"@type":"ImageObject","inLanguage":"es","@id":"https:\/\/amica.es\/es\/#\/schema\/logo\/image\/","url":"https:\/\/amica.es\/es\/wp-content\/uploads\/2024\/07\/Amica-Logo.png","contentUrl":"https:\/\/amica.es\/es\/wp-content\/uploads\/2024\/07\/Amica-Logo.png","width":1653,"height":577,"caption":"Asociaci\u00f3n Amica"},"image":{"@id":"https:\/\/amica.es\/es\/#\/schema\/logo\/image\/"},"sameAs":["https:\/\/www.facebook.com\/amicaasociacion","https:\/\/x.com\/asociacionamica","https:\/\/www.youtube.com\/c\/asociacionamicacantabria","https:\/\/es.linkedin.com\/company\/asociacionamica?trk=similar-companies_org_title","https:\/\/www.instagram.com\/asociacionamica\/"]},{"@type":"Person","@id":"https:\/\/amica.es\/es\/#\/schema\/person\/b7e8b0c408a5e87f36a07b01f864b116","name":"Amica","image":{"@type":"ImageObject","inLanguage":"es","@id":"https:\/\/amica.es\/es\/#\/schema\/person\/image\/","url":"https:\/\/secure.gravatar.com\/avatar\/1c2a67639258ebac6bef8bd3441253734b1d8f61e87e0c96351c701696c455e4?s=96&d=mm&r=g","contentUrl":"https:\/\/secure.gravatar.com\/avatar\/1c2a67639258ebac6bef8bd3441253734b1d8f61e87e0c96351c701696c455e4?s=96&d=mm&r=g","caption":"Amica"},"url":"https:\/\/amica.es\/es\/author\/paqamiccapz\/"}]}},"_links":{"self":[{"href":"https:\/\/amica.es\/es\/wp-json\/wp\/v2\/posts\/6246","targetHints":{"allow":["GET"]}}],"collection":[{"href":"https:\/\/amica.es\/es\/wp-json\/wp\/v2\/posts"}],"about":[{"href":"https:\/\/amica.es\/es\/wp-json\/wp\/v2\/types\/post"}],"author":[{"embeddable":true,"href":"https:\/\/amica.es\/es\/wp-json\/wp\/v2\/users\/2"}],"replies":[{"embeddable":true,"href":"https:\/\/amica.es\/es\/wp-json\/wp\/v2\/comments?post=6246"}],"version-history":[{"count":1,"href":"https:\/\/amica.es\/es\/wp-json\/wp\/v2\/posts\/6246\/revisions"}],"predecessor-version":[{"id":6248,"href":"https:\/\/amica.es\/es\/wp-json\/wp\/v2\/posts\/6246\/revisions\/6248"}],"wp:featuredmedia":[{"embeddable":true,"href":"https:\/\/amica.es\/es\/wp-json\/wp\/v2\/media\/6247"}],"wp:attachment":[{"href":"https:\/\/amica.es\/es\/wp-json\/wp\/v2\/media?parent=6246"}],"wp:term":[{"taxonomy":"category","embeddable":true,"href":"https:\/\/amica.es\/es\/wp-json\/wp\/v2\/categories?post=6246"},{"taxonomy":"post_tag","embeddable":true,"href":"https:\/\/amica.es\/es\/wp-json\/wp\/v2\/tags?post=6246"}],"curies":[{"name":"wp","href":"https:\/\/api.w.org\/{rel}","templated":true}]}}