{"id":8132,"date":"2019-12-10T18:22:52","date_gmt":"2019-12-10T16:22:52","guid":{"rendered":"https:\/\/amica.es\/es\/?p=8132"},"modified":"2019-12-10T18:22:52","modified_gmt":"2019-12-10T16:22:52","slug":"inauguracion-de-la-libreria-solidaria-de-amica","status":"publish","type":"post","link":"https:\/\/amica.es\/es\/inauguracion-de-la-libreria-solidaria-de-amica\/","title":{"rendered":"Inauguraci\u00f3n de la Librer\u00eda Solidaria de Amica"},"content":{"rendered":"<p>Ma\u00f1ana mi\u00e9rcoles 11 de diciembre inauguramos la Librer\u00eda Solidaria de Amica como resultado del convenio de colaboraci\u00f3n establecido entre Amica y la Sociedad C\u00e1ntabra de Escritores (SCE) que se firm\u00f3 el pasado 21 de octubre.<\/p>\n<p>La Junta de la Sociedad C\u00e1ntabra de Escritores trabaja con Amica preparando la provisi\u00f3n de libros (aproximadamente 9000 catalogados, de los m\u00e1s de 30.000 recogidos en los \u00faltimos meses) para su venta en la Librer\u00eda Solidaria de Torrelavega (c\/ Coro Ronda Garcilaso, 6), a precios comprendidos entre 1 y 7\u20ac.<\/p>\n<p>La\u00a0Librer\u00eda\u00a0pretende ser una forma de acercar la cultura a todas las personas poniendo a la venta\u00a0libros\u00a0con precios reducidos donados tanto por particulares como empresas, bibliotecas y colegios. Pero, a la vez, estos\u00a0libros\u00a0permiten financiar el programa de atenci\u00f3n a la infancia y el fondo de solidaridad de Amica. De esta forma la cultura se convierte\u00a0 por dos v\u00edas en transformadora de la sociedad: se transmite conocimiento y se mejora la calidad de vida de las personas que apoyamos.<\/p>\n<p>La Sociedad C\u00e1ntabra de Escritores colabora en la gesti\u00f3n diaria como voluntaria a trav\u00e9s de sus socios y, adem\u00e1s, llevar\u00e1 a cabo en la\u00a0Librer\u00eda\u00a0diferentes actividades de promoci\u00f3n de la Literatura: cuenta cuentos, presentaci\u00f3n de\u00a0libros, propuestas de lectura o de autores\u2026<\/p>\n<p>De esta forma este espacio es un punto de encuentro de todos aquellos que lo deseen.<\/p>\n<p>Agradecemos todas las donaciones que hasta el momento se han realizado y os animamos a seguir colaborando en la difusi\u00f3n de la misma y la captaci\u00f3n de m\u00e1s libros que permitan mantenerla viva.<\/p>\n<div class=\"teads-inread sm-screen\">\n<div><\/div>\n<\/div>\n<p>&nbsp;<\/p>\n","protected":false},"excerpt":{"rendered":"<p>Ma\u00f1ana mi\u00e9rcoles 11 de diciembre inauguramos la Librer\u00eda Solidaria de Amica como resultado del convenio de colaboraci\u00f3n establecido entre Amica y la Sociedad C\u00e1ntabra de Escritores (SCE) que se firm\u00f3 el pasado 21 de octubre. La Junta de la Sociedad C\u00e1ntabra de Escritores trabaja con Amica preparando la provisi\u00f3n de libros (aproximadamente 9000 catalogados, de<br \/><a href=\"https:\/\/amica.es\/es\/inauguracion-de-la-libreria-solidaria-de-amica\/\" class=\"more\">Read more<\/a><\/p>\n","protected":false},"author":3,"featured_media":8133,"comment_status":"open","ping_status":"open","sticky":false,"template":"","format":"standard","meta":{"_monsterinsights_skip_tracking":false,"_monsterinsights_sitenote_active":false,"_monsterinsights_sitenote_note":"","_monsterinsights_sitenote_category":0,"_joinchat":[],"footnotes":""},"categories":[27],"tags":[],"class_list":["post-8132","post","type-post","status-publish","format-standard","has-post-thumbnail","hentry","category-noticias-categoria"],"yoast_head":"<!-- This site is optimized with the Yoast SEO plugin v25.6 - https:\/\/yoast.com\/wordpress\/plugins\/seo\/ -->\n<title>Inauguraci\u00f3n de la Librer\u00eda Solidaria de Amica - Amica - Descubriendo Capacidades<\/title>\n<meta name=\"robots\" content=\"index, follow, max-snippet:-1, max-image-preview:large, max-video-preview:-1\" \/>\n<link rel=\"canonical\" href=\"https:\/\/amica.es\/es\/inauguracion-de-la-libreria-solidaria-de-amica\/\" \/>\n<meta property=\"og:locale\" content=\"es_ES\" \/>\n<meta property=\"og:type\" content=\"article\" \/>\n<meta property=\"og:title\" content=\"Inauguraci\u00f3n de la Librer\u00eda Solidaria de Amica - Amica - Descubriendo Capacidades\" \/>\n<meta property=\"og:description\" content=\"Ma\u00f1ana mi\u00e9rcoles 11 de diciembre inauguramos la Librer\u00eda Solidaria de Amica como resultado del convenio de colaboraci\u00f3n establecido entre Amica y la Sociedad C\u00e1ntabra de Escritores (SCE) que se firm\u00f3 el pasado 21 de octubre. La Junta de la Sociedad C\u00e1ntabra de Escritores trabaja con Amica preparando la provisi\u00f3n de libros (aproximadamente 9000 catalogados, deRead more\" \/>\n<meta property=\"og:url\" content=\"https:\/\/amica.es\/es\/inauguracion-de-la-libreria-solidaria-de-amica\/\" \/>\n<meta property=\"og:site_name\" content=\"Amica - Descubriendo Capacidades\" \/>\n<meta property=\"article:publisher\" content=\"https:\/\/www.facebook.com\/amicaasociacion\" \/>\n<meta property=\"article:published_time\" content=\"2019-12-10T16:22:52+00:00\" \/>\n<meta property=\"og:image\" content=\"https:\/\/amica.es\/es\/wp-content\/uploads\/2019\/12\/Amica-libreriasolidaria-.jpg\" \/>\n\t<meta property=\"og:image:width\" content=\"1599\" \/>\n\t<meta property=\"og:image:height\" content=\"753\" \/>\n\t<meta property=\"og:image:type\" content=\"image\/jpeg\" \/>\n<meta name=\"author\" content=\"Amica\" \/>\n<meta name=\"twitter:card\" content=\"summary_large_image\" \/>\n<meta name=\"twitter:creator\" content=\"@asociacionamica\" \/>\n<meta name=\"twitter:site\" content=\"@asociacionamica\" \/>\n<meta name=\"twitter:label1\" content=\"Escrito por\" \/>\n\t<meta name=\"twitter:data1\" content=\"Amica\" \/>\n\t<meta name=\"twitter:label2\" content=\"Tiempo de lectura\" \/>\n\t<meta name=\"twitter:data2\" content=\"1 minuto\" \/>\n<script type=\"application\/ld+json\" class=\"yoast-schema-graph\">{\"@context\":\"https:\/\/schema.org\",\"@graph\":[{\"@type\":\"Article\",\"@id\":\"https:\/\/amica.es\/es\/inauguracion-de-la-libreria-solidaria-de-amica\/#article\",\"isPartOf\":{\"@id\":\"https:\/\/amica.es\/es\/inauguracion-de-la-libreria-solidaria-de-amica\/\"},\"author\":{\"name\":\"Amica\",\"@id\":\"https:\/\/amica.es\/es\/#\/schema\/person\/e495a7dcb12dd9e3780a7b2abb2e5704\"},\"headline\":\"Inauguraci\u00f3n de la Librer\u00eda Solidaria de Amica\",\"datePublished\":\"2019-12-10T16:22:52+00:00\",\"mainEntityOfPage\":{\"@id\":\"https:\/\/amica.es\/es\/inauguracion-de-la-libreria-solidaria-de-amica\/\"},\"wordCount\":285,\"commentCount\":0,\"publisher\":{\"@id\":\"https:\/\/amica.es\/es\/#organization\"},\"image\":{\"@id\":\"https:\/\/amica.es\/es\/inauguracion-de-la-libreria-solidaria-de-amica\/#primaryimage\"},\"thumbnailUrl\":\"https:\/\/amica.es\/es\/wp-content\/uploads\/2019\/12\/Amica-libreriasolidaria-.jpg\",\"articleSection\":[\"Noticias\"],\"inLanguage\":\"es\",\"potentialAction\":[{\"@type\":\"CommentAction\",\"name\":\"Comment\",\"target\":[\"https:\/\/amica.es\/es\/inauguracion-de-la-libreria-solidaria-de-amica\/#respond\"]}]},{\"@type\":\"WebPage\",\"@id\":\"https:\/\/amica.es\/es\/inauguracion-de-la-libreria-solidaria-de-amica\/\",\"url\":\"https:\/\/amica.es\/es\/inauguracion-de-la-libreria-solidaria-de-amica\/\",\"name\":\"Inauguraci\u00f3n de la Librer\u00eda Solidaria de Amica - Amica - Descubriendo Capacidades\",\"isPartOf\":{\"@id\":\"https:\/\/amica.es\/es\/#website\"},\"primaryImageOfPage\":{\"@id\":\"https:\/\/amica.es\/es\/inauguracion-de-la-libreria-solidaria-de-amica\/#primaryimage\"},\"image\":{\"@id\":\"https:\/\/amica.es\/es\/inauguracion-de-la-libreria-solidaria-de-amica\/#primaryimage\"},\"thumbnailUrl\":\"https:\/\/amica.es\/es\/wp-content\/uploads\/2019\/12\/Amica-libreriasolidaria-.jpg\",\"datePublished\":\"2019-12-10T16:22:52+00:00\",\"breadcrumb\":{\"@id\":\"https:\/\/amica.es\/es\/inauguracion-de-la-libreria-solidaria-de-amica\/#breadcrumb\"},\"inLanguage\":\"es\",\"potentialAction\":[{\"@type\":\"ReadAction\",\"target\":[\"https:\/\/amica.es\/es\/inauguracion-de-la-libreria-solidaria-de-amica\/\"]}]},{\"@type\":\"ImageObject\",\"inLanguage\":\"es\",\"@id\":\"https:\/\/amica.es\/es\/inauguracion-de-la-libreria-solidaria-de-amica\/#primaryimage\",\"url\":\"https:\/\/amica.es\/es\/wp-content\/uploads\/2019\/12\/Amica-libreriasolidaria-.jpg\",\"contentUrl\":\"https:\/\/amica.es\/es\/wp-content\/uploads\/2019\/12\/Amica-libreriasolidaria-.jpg\",\"width\":1599,\"height\":753,\"caption\":\"Libreria solidaria\"},{\"@type\":\"BreadcrumbList\",\"@id\":\"https:\/\/amica.es\/es\/inauguracion-de-la-libreria-solidaria-de-amica\/#breadcrumb\",\"itemListElement\":[{\"@type\":\"ListItem\",\"position\":1,\"name\":\"Portada\",\"item\":\"https:\/\/amica.es\/es\/\"},{\"@type\":\"ListItem\",\"position\":2,\"name\":\"Inauguraci\u00f3n de la Librer\u00eda Solidaria de Amica\"}]},{\"@type\":\"WebSite\",\"@id\":\"https:\/\/amica.es\/es\/#website\",\"url\":\"https:\/\/amica.es\/es\/\",\"name\":\"Amica - Descubriendo Capacidades\",\"description\":\"Apoyando a personas con discapacidad desde 1984\",\"publisher\":{\"@id\":\"https:\/\/amica.es\/es\/#organization\"},\"potentialAction\":[{\"@type\":\"SearchAction\",\"target\":{\"@type\":\"EntryPoint\",\"urlTemplate\":\"https:\/\/amica.es\/es\/?s={search_term_string}\"},\"query-input\":{\"@type\":\"PropertyValueSpecification\",\"valueRequired\":true,\"valueName\":\"search_term_string\"}}],\"inLanguage\":\"es\"},{\"@type\":\"Organization\",\"@id\":\"https:\/\/amica.es\/es\/#organization\",\"name\":\"Asociaci\u00f3n Amica\",\"url\":\"https:\/\/amica.es\/es\/\",\"logo\":{\"@type\":\"ImageObject\",\"inLanguage\":\"es\",\"@id\":\"https:\/\/amica.es\/es\/#\/schema\/logo\/image\/\",\"url\":\"https:\/\/amica.es\/es\/wp-content\/uploads\/2024\/07\/Amica-Logo.png\",\"contentUrl\":\"https:\/\/amica.es\/es\/wp-content\/uploads\/2024\/07\/Amica-Logo.png\",\"width\":1653,\"height\":577,\"caption\":\"Asociaci\u00f3n Amica\"},\"image\":{\"@id\":\"https:\/\/amica.es\/es\/#\/schema\/logo\/image\/\"},\"sameAs\":[\"https:\/\/www.facebook.com\/amicaasociacion\",\"https:\/\/x.com\/asociacionamica\",\"https:\/\/www.youtube.com\/c\/asociacionamicacantabria\",\"https:\/\/es.linkedin.com\/company\/asociacionamica?trk=similar-companies_org_title\",\"https:\/\/www.instagram.com\/asociacionamica\/\"]},{\"@type\":\"Person\",\"@id\":\"https:\/\/amica.es\/es\/#\/schema\/person\/e495a7dcb12dd9e3780a7b2abb2e5704\",\"name\":\"Amica\",\"image\":{\"@type\":\"ImageObject\",\"inLanguage\":\"es\",\"@id\":\"https:\/\/amica.es\/es\/#\/schema\/person\/image\/\",\"url\":\"https:\/\/secure.gravatar.com\/avatar\/39bd48442d48bee2968f3dadf4bca67d9d073335a5c28953daa9c3339ca6b4dc?s=96&d=mm&r=g\",\"contentUrl\":\"https:\/\/secure.gravatar.com\/avatar\/39bd48442d48bee2968f3dadf4bca67d9d073335a5c28953daa9c3339ca6b4dc?s=96&d=mm&r=g\",\"caption\":\"Amica\"},\"url\":\"https:\/\/amica.es\/es\/author\/amcapaz84ica\/\"}]}<\/script>\n<!-- \/ Yoast SEO plugin. -->","yoast_head_json":{"title":"Inauguraci\u00f3n de la Librer\u00eda Solidaria de Amica - Amica - Descubriendo Capacidades","robots":{"index":"index","follow":"follow","max-snippet":"max-snippet:-1","max-image-preview":"max-image-preview:large","max-video-preview":"max-video-preview:-1"},"canonical":"https:\/\/amica.es\/es\/inauguracion-de-la-libreria-solidaria-de-amica\/","og_locale":"es_ES","og_type":"article","og_title":"Inauguraci\u00f3n de la Librer\u00eda Solidaria de Amica - Amica - Descubriendo Capacidades","og_description":"Ma\u00f1ana mi\u00e9rcoles 11 de diciembre inauguramos la Librer\u00eda Solidaria de Amica como resultado del convenio de colaboraci\u00f3n establecido entre Amica y la Sociedad C\u00e1ntabra de Escritores (SCE) que se firm\u00f3 el pasado 21 de octubre. La Junta de la Sociedad C\u00e1ntabra de Escritores trabaja con Amica preparando la provisi\u00f3n de libros (aproximadamente 9000 catalogados, deRead more","og_url":"https:\/\/amica.es\/es\/inauguracion-de-la-libreria-solidaria-de-amica\/","og_site_name":"Amica - Descubriendo Capacidades","article_publisher":"https:\/\/www.facebook.com\/amicaasociacion","article_published_time":"2019-12-10T16:22:52+00:00","og_image":[{"width":1599,"height":753,"url":"https:\/\/amica.es\/es\/wp-content\/uploads\/2019\/12\/Amica-libreriasolidaria-.jpg","type":"image\/jpeg"}],"author":"Amica","twitter_card":"summary_large_image","twitter_creator":"@asociacionamica","twitter_site":"@asociacionamica","twitter_misc":{"Escrito por":"Amica","Tiempo de lectura":"1 minuto"},"schema":{"@context":"https:\/\/schema.org","@graph":[{"@type":"Article","@id":"https:\/\/amica.es\/es\/inauguracion-de-la-libreria-solidaria-de-amica\/#article","isPartOf":{"@id":"https:\/\/amica.es\/es\/inauguracion-de-la-libreria-solidaria-de-amica\/"},"author":{"name":"Amica","@id":"https:\/\/amica.es\/es\/#\/schema\/person\/e495a7dcb12dd9e3780a7b2abb2e5704"},"headline":"Inauguraci\u00f3n de la Librer\u00eda Solidaria de Amica","datePublished":"2019-12-10T16:22:52+00:00","mainEntityOfPage":{"@id":"https:\/\/amica.es\/es\/inauguracion-de-la-libreria-solidaria-de-amica\/"},"wordCount":285,"commentCount":0,"publisher":{"@id":"https:\/\/amica.es\/es\/#organization"},"image":{"@id":"https:\/\/amica.es\/es\/inauguracion-de-la-libreria-solidaria-de-amica\/#primaryimage"},"thumbnailUrl":"https:\/\/amica.es\/es\/wp-content\/uploads\/2019\/12\/Amica-libreriasolidaria-.jpg","articleSection":["Noticias"],"inLanguage":"es","potentialAction":[{"@type":"CommentAction","name":"Comment","target":["https:\/\/amica.es\/es\/inauguracion-de-la-libreria-solidaria-de-amica\/#respond"]}]},{"@type":"WebPage","@id":"https:\/\/amica.es\/es\/inauguracion-de-la-libreria-solidaria-de-amica\/","url":"https:\/\/amica.es\/es\/inauguracion-de-la-libreria-solidaria-de-amica\/","name":"Inauguraci\u00f3n de la Librer\u00eda Solidaria de Amica - Amica - Descubriendo Capacidades","isPartOf":{"@id":"https:\/\/amica.es\/es\/#website"},"primaryImageOfPage":{"@id":"https:\/\/amica.es\/es\/inauguracion-de-la-libreria-solidaria-de-amica\/#primaryimage"},"image":{"@id":"https:\/\/amica.es\/es\/inauguracion-de-la-libreria-solidaria-de-amica\/#primaryimage"},"thumbnailUrl":"https:\/\/amica.es\/es\/wp-content\/uploads\/2019\/12\/Amica-libreriasolidaria-.jpg","datePublished":"2019-12-10T16:22:52+00:00","breadcrumb":{"@id":"https:\/\/amica.es\/es\/inauguracion-de-la-libreria-solidaria-de-amica\/#breadcrumb"},"inLanguage":"es","potentialAction":[{"@type":"ReadAction","target":["https:\/\/amica.es\/es\/inauguracion-de-la-libreria-solidaria-de-amica\/"]}]},{"@type":"ImageObject","inLanguage":"es","@id":"https:\/\/amica.es\/es\/inauguracion-de-la-libreria-solidaria-de-amica\/#primaryimage","url":"https:\/\/amica.es\/es\/wp-content\/uploads\/2019\/12\/Amica-libreriasolidaria-.jpg","contentUrl":"https:\/\/amica.es\/es\/wp-content\/uploads\/2019\/12\/Amica-libreriasolidaria-.jpg","width":1599,"height":753,"caption":"Libreria solidaria"},{"@type":"BreadcrumbList","@id":"https:\/\/amica.es\/es\/inauguracion-de-la-libreria-solidaria-de-amica\/#breadcrumb","itemListElement":[{"@type":"ListItem","position":1,"name":"Portada","item":"https:\/\/amica.es\/es\/"},{"@type":"ListItem","position":2,"name":"Inauguraci\u00f3n de la Librer\u00eda Solidaria de Amica"}]},{"@type":"WebSite","@id":"https:\/\/amica.es\/es\/#website","url":"https:\/\/amica.es\/es\/","name":"Amica - Descubriendo Capacidades","description":"Apoyando a personas con discapacidad desde 1984","publisher":{"@id":"https:\/\/amica.es\/es\/#organization"},"potentialAction":[{"@type":"SearchAction","target":{"@type":"EntryPoint","urlTemplate":"https:\/\/amica.es\/es\/?s={search_term_string}"},"query-input":{"@type":"PropertyValueSpecification","valueRequired":true,"valueName":"search_term_string"}}],"inLanguage":"es"},{"@type":"Organization","@id":"https:\/\/amica.es\/es\/#organization","name":"Asociaci\u00f3n Amica","url":"https:\/\/amica.es\/es\/","logo":{"@type":"ImageObject","inLanguage":"es","@id":"https:\/\/amica.es\/es\/#\/schema\/logo\/image\/","url":"https:\/\/amica.es\/es\/wp-content\/uploads\/2024\/07\/Amica-Logo.png","contentUrl":"https:\/\/amica.es\/es\/wp-content\/uploads\/2024\/07\/Amica-Logo.png","width":1653,"height":577,"caption":"Asociaci\u00f3n Amica"},"image":{"@id":"https:\/\/amica.es\/es\/#\/schema\/logo\/image\/"},"sameAs":["https:\/\/www.facebook.com\/amicaasociacion","https:\/\/x.com\/asociacionamica","https:\/\/www.youtube.com\/c\/asociacionamicacantabria","https:\/\/es.linkedin.com\/company\/asociacionamica?trk=similar-companies_org_title","https:\/\/www.instagram.com\/asociacionamica\/"]},{"@type":"Person","@id":"https:\/\/amica.es\/es\/#\/schema\/person\/e495a7dcb12dd9e3780a7b2abb2e5704","name":"Amica","image":{"@type":"ImageObject","inLanguage":"es","@id":"https:\/\/amica.es\/es\/#\/schema\/person\/image\/","url":"https:\/\/secure.gravatar.com\/avatar\/39bd48442d48bee2968f3dadf4bca67d9d073335a5c28953daa9c3339ca6b4dc?s=96&d=mm&r=g","contentUrl":"https:\/\/secure.gravatar.com\/avatar\/39bd48442d48bee2968f3dadf4bca67d9d073335a5c28953daa9c3339ca6b4dc?s=96&d=mm&r=g","caption":"Amica"},"url":"https:\/\/amica.es\/es\/author\/amcapaz84ica\/"}]}},"_links":{"self":[{"href":"https:\/\/amica.es\/es\/wp-json\/wp\/v2\/posts\/8132","targetHints":{"allow":["GET"]}}],"collection":[{"href":"https:\/\/amica.es\/es\/wp-json\/wp\/v2\/posts"}],"about":[{"href":"https:\/\/amica.es\/es\/wp-json\/wp\/v2\/types\/post"}],"author":[{"embeddable":true,"href":"https:\/\/amica.es\/es\/wp-json\/wp\/v2\/users\/3"}],"replies":[{"embeddable":true,"href":"https:\/\/amica.es\/es\/wp-json\/wp\/v2\/comments?post=8132"}],"version-history":[{"count":1,"href":"https:\/\/amica.es\/es\/wp-json\/wp\/v2\/posts\/8132\/revisions"}],"predecessor-version":[{"id":8134,"href":"https:\/\/amica.es\/es\/wp-json\/wp\/v2\/posts\/8132\/revisions\/8134"}],"wp:featuredmedia":[{"embeddable":true,"href":"https:\/\/amica.es\/es\/wp-json\/wp\/v2\/media\/8133"}],"wp:attachment":[{"href":"https:\/\/amica.es\/es\/wp-json\/wp\/v2\/media?parent=8132"}],"wp:term":[{"taxonomy":"category","embeddable":true,"href":"https:\/\/amica.es\/es\/wp-json\/wp\/v2\/categories?post=8132"},{"taxonomy":"post_tag","embeddable":true,"href":"https:\/\/amica.es\/es\/wp-json\/wp\/v2\/tags?post=8132"}],"curies":[{"name":"wp","href":"https:\/\/api.w.org\/{rel}","templated":true}]}}