{"id":8174,"date":"2019-12-09T11:56:16","date_gmt":"2019-12-09T09:56:16","guid":{"rendered":"https:\/\/amica.es\/es\/?p=8174"},"modified":"2019-12-13T12:35:32","modified_gmt":"2019-12-13T10:35:32","slug":"el-padre-angel-inaugura-el-proyecto-iglesia-siempre-abierta","status":"publish","type":"post","link":"https:\/\/amica.es\/es\/el-padre-angel-inaugura-el-proyecto-iglesia-siempre-abierta\/","title":{"rendered":"El padre \u00c1ngel inaugura el proyecto \u201cIglesia Siempre Abierta\u201d"},"content":{"rendered":"<p>El pasado 9 de diciembre de 2019, Mensajeros de la Paz junto con la congregaci\u00f3n de los Misioneros de Mar\u00eda inauguraron en Roma el proyecto de la primera iglesia abierta en Italia las 24 horas del d\u00eda, la de los Sant\u00edsimos Estigmas de San Francisco.<\/p>\n<p>La apertura cont\u00f3 con una Misa presidida por Mons. don Gianpiero Palmieri, obispo auxiliar y delegado para la pastoral de los migrantes y la caridad de Roma junto con don Giovanni Cerri, rector de la iglesia de San Francisco y el padre \u00c1ngel, presidente de Mensajeros de la Paz.<\/p>\n<p>Seg\u00fan datos de C\u00e1ritas Italia, solo en Roma se atienden unas 20.000 personas al mes, aunque hay m\u00e1s de 7.000 sintecho, debido sobre todo a los conflictos b\u00e9licos del medio oriente y de \u00c1frica.<\/p>\n<p>Este proyecto pretende abrir las iglesias a todos siguiendo. La iniciativa, adem\u00e1s de abrir la iglesia durante todo el d\u00eda para invitar a todas las personas y \u00a0ofrecer\u00e1 los servicios de desayunos diarios; ducha y cuarto de ba\u00f1o; sillones para descansar; servicio m\u00e9dico y psicol\u00f3gico, bancos de escucha, lavadora y secadora, acompa\u00f1amiento, recarga de tel\u00e9fonos m\u00f3viles, wifi, televisiones, actos culturales (conciertos, presentaciones de libros, conferencias\u2026), etc.<\/p>\n<p>&nbsp;<\/p>\n","protected":false},"excerpt":{"rendered":"<p>El pasado 9 de diciembre de 2019, Mensajeros de la Paz junto con la congregaci\u00f3n de los Misioneros de Mar\u00eda inauguraron en Roma el proyecto de la primera iglesia abierta en Italia las 24 horas del d\u00eda, la de los Sant\u00edsimos Estigmas de San Francisco. La apertura cont\u00f3 con una Misa presidida por Mons. don<br \/><a href=\"https:\/\/amica.es\/es\/el-padre-angel-inaugura-el-proyecto-iglesia-siempre-abierta\/\" class=\"more\">Read more<\/a><\/p>\n","protected":false},"author":3,"featured_media":8175,"comment_status":"open","ping_status":"open","sticky":false,"template":"","format":"standard","meta":{"_monsterinsights_skip_tracking":false,"_monsterinsights_sitenote_active":false,"_monsterinsights_sitenote_note":"","_monsterinsights_sitenote_category":0,"_joinchat":[],"footnotes":""},"categories":[27],"tags":[],"class_list":["post-8174","post","type-post","status-publish","format-standard","has-post-thumbnail","hentry","category-noticias-categoria"],"yoast_head":"<!-- This site is optimized with the Yoast SEO plugin v25.6 - https:\/\/yoast.com\/wordpress\/plugins\/seo\/ -->\n<title>El padre \u00c1ngel inaugura el proyecto \u201cIglesia Siempre Abierta\u201d - Amica - Descubriendo Capacidades<\/title>\n<meta name=\"robots\" content=\"index, follow, max-snippet:-1, max-image-preview:large, max-video-preview:-1\" \/>\n<link rel=\"canonical\" href=\"https:\/\/amica.es\/es\/el-padre-angel-inaugura-el-proyecto-iglesia-siempre-abierta\/\" \/>\n<meta property=\"og:locale\" content=\"es_ES\" \/>\n<meta property=\"og:type\" content=\"article\" \/>\n<meta property=\"og:title\" content=\"El padre \u00c1ngel inaugura el proyecto \u201cIglesia Siempre Abierta\u201d - Amica - Descubriendo Capacidades\" \/>\n<meta property=\"og:description\" content=\"El pasado 9 de diciembre de 2019, Mensajeros de la Paz junto con la congregaci\u00f3n de los Misioneros de Mar\u00eda inauguraron en Roma el proyecto de la primera iglesia abierta en Italia las 24 horas del d\u00eda, la de los Sant\u00edsimos Estigmas de San Francisco. La apertura cont\u00f3 con una Misa presidida por Mons. donRead more\" \/>\n<meta property=\"og:url\" content=\"https:\/\/amica.es\/es\/el-padre-angel-inaugura-el-proyecto-iglesia-siempre-abierta\/\" \/>\n<meta property=\"og:site_name\" content=\"Amica - Descubriendo Capacidades\" \/>\n<meta property=\"article:publisher\" content=\"https:\/\/www.facebook.com\/amicaasociacion\" \/>\n<meta property=\"article:published_time\" content=\"2019-12-09T09:56:16+00:00\" \/>\n<meta property=\"article:modified_time\" content=\"2019-12-13T10:35:32+00:00\" \/>\n<meta property=\"og:image\" content=\"https:\/\/amica.es\/es\/wp-content\/uploads\/2019\/12\/Amica-PlantillaImagenesWeb.180619004029.jpg\" \/>\n\t<meta property=\"og:image:width\" content=\"1599\" \/>\n\t<meta property=\"og:image:height\" content=\"753\" \/>\n\t<meta property=\"og:image:type\" content=\"image\/jpeg\" \/>\n<meta name=\"author\" content=\"Amica\" \/>\n<meta name=\"twitter:card\" content=\"summary_large_image\" \/>\n<meta name=\"twitter:creator\" content=\"@asociacionamica\" \/>\n<meta name=\"twitter:site\" content=\"@asociacionamica\" \/>\n<meta name=\"twitter:label1\" content=\"Escrito por\" \/>\n\t<meta name=\"twitter:data1\" content=\"Amica\" \/>\n\t<meta name=\"twitter:label2\" content=\"Tiempo de lectura\" \/>\n\t<meta name=\"twitter:data2\" content=\"1 minuto\" \/>\n<script type=\"application\/ld+json\" class=\"yoast-schema-graph\">{\"@context\":\"https:\/\/schema.org\",\"@graph\":[{\"@type\":\"Article\",\"@id\":\"https:\/\/amica.es\/es\/el-padre-angel-inaugura-el-proyecto-iglesia-siempre-abierta\/#article\",\"isPartOf\":{\"@id\":\"https:\/\/amica.es\/es\/el-padre-angel-inaugura-el-proyecto-iglesia-siempre-abierta\/\"},\"author\":{\"name\":\"Amica\",\"@id\":\"https:\/\/amica.es\/es\/#\/schema\/person\/e495a7dcb12dd9e3780a7b2abb2e5704\"},\"headline\":\"El padre \u00c1ngel inaugura el proyecto \u201cIglesia Siempre Abierta\u201d\",\"datePublished\":\"2019-12-09T09:56:16+00:00\",\"dateModified\":\"2019-12-13T10:35:32+00:00\",\"mainEntityOfPage\":{\"@id\":\"https:\/\/amica.es\/es\/el-padre-angel-inaugura-el-proyecto-iglesia-siempre-abierta\/\"},\"wordCount\":215,\"commentCount\":0,\"publisher\":{\"@id\":\"https:\/\/amica.es\/es\/#organization\"},\"image\":{\"@id\":\"https:\/\/amica.es\/es\/el-padre-angel-inaugura-el-proyecto-iglesia-siempre-abierta\/#primaryimage\"},\"thumbnailUrl\":\"https:\/\/amica.es\/es\/wp-content\/uploads\/2019\/12\/Amica-PlantillaImagenesWeb.180619004029.jpg\",\"articleSection\":[\"Noticias\"],\"inLanguage\":\"es\",\"potentialAction\":[{\"@type\":\"CommentAction\",\"name\":\"Comment\",\"target\":[\"https:\/\/amica.es\/es\/el-padre-angel-inaugura-el-proyecto-iglesia-siempre-abierta\/#respond\"]}]},{\"@type\":\"WebPage\",\"@id\":\"https:\/\/amica.es\/es\/el-padre-angel-inaugura-el-proyecto-iglesia-siempre-abierta\/\",\"url\":\"https:\/\/amica.es\/es\/el-padre-angel-inaugura-el-proyecto-iglesia-siempre-abierta\/\",\"name\":\"El padre \u00c1ngel inaugura el proyecto \u201cIglesia Siempre Abierta\u201d - Amica - Descubriendo Capacidades\",\"isPartOf\":{\"@id\":\"https:\/\/amica.es\/es\/#website\"},\"primaryImageOfPage\":{\"@id\":\"https:\/\/amica.es\/es\/el-padre-angel-inaugura-el-proyecto-iglesia-siempre-abierta\/#primaryimage\"},\"image\":{\"@id\":\"https:\/\/amica.es\/es\/el-padre-angel-inaugura-el-proyecto-iglesia-siempre-abierta\/#primaryimage\"},\"thumbnailUrl\":\"https:\/\/amica.es\/es\/wp-content\/uploads\/2019\/12\/Amica-PlantillaImagenesWeb.180619004029.jpg\",\"datePublished\":\"2019-12-09T09:56:16+00:00\",\"dateModified\":\"2019-12-13T10:35:32+00:00\",\"breadcrumb\":{\"@id\":\"https:\/\/amica.es\/es\/el-padre-angel-inaugura-el-proyecto-iglesia-siempre-abierta\/#breadcrumb\"},\"inLanguage\":\"es\",\"potentialAction\":[{\"@type\":\"ReadAction\",\"target\":[\"https:\/\/amica.es\/es\/el-padre-angel-inaugura-el-proyecto-iglesia-siempre-abierta\/\"]}]},{\"@type\":\"ImageObject\",\"inLanguage\":\"es\",\"@id\":\"https:\/\/amica.es\/es\/el-padre-angel-inaugura-el-proyecto-iglesia-siempre-abierta\/#primaryimage\",\"url\":\"https:\/\/amica.es\/es\/wp-content\/uploads\/2019\/12\/Amica-PlantillaImagenesWeb.180619004029.jpg\",\"contentUrl\":\"https:\/\/amica.es\/es\/wp-content\/uploads\/2019\/12\/Amica-PlantillaImagenesWeb.180619004029.jpg\",\"width\":1599,\"height\":753,\"caption\":\"191209 Roma Mensajeros\"},{\"@type\":\"BreadcrumbList\",\"@id\":\"https:\/\/amica.es\/es\/el-padre-angel-inaugura-el-proyecto-iglesia-siempre-abierta\/#breadcrumb\",\"itemListElement\":[{\"@type\":\"ListItem\",\"position\":1,\"name\":\"Portada\",\"item\":\"https:\/\/amica.es\/es\/\"},{\"@type\":\"ListItem\",\"position\":2,\"name\":\"El padre \u00c1ngel inaugura el proyecto \u201cIglesia Siempre Abierta\u201d\"}]},{\"@type\":\"WebSite\",\"@id\":\"https:\/\/amica.es\/es\/#website\",\"url\":\"https:\/\/amica.es\/es\/\",\"name\":\"Amica - Descubriendo Capacidades\",\"description\":\"Apoyando a personas con discapacidad desde 1984\",\"publisher\":{\"@id\":\"https:\/\/amica.es\/es\/#organization\"},\"potentialAction\":[{\"@type\":\"SearchAction\",\"target\":{\"@type\":\"EntryPoint\",\"urlTemplate\":\"https:\/\/amica.es\/es\/?s={search_term_string}\"},\"query-input\":{\"@type\":\"PropertyValueSpecification\",\"valueRequired\":true,\"valueName\":\"search_term_string\"}}],\"inLanguage\":\"es\"},{\"@type\":\"Organization\",\"@id\":\"https:\/\/amica.es\/es\/#organization\",\"name\":\"Asociaci\u00f3n Amica\",\"url\":\"https:\/\/amica.es\/es\/\",\"logo\":{\"@type\":\"ImageObject\",\"inLanguage\":\"es\",\"@id\":\"https:\/\/amica.es\/es\/#\/schema\/logo\/image\/\",\"url\":\"https:\/\/amica.es\/es\/wp-content\/uploads\/2024\/07\/Amica-Logo.png\",\"contentUrl\":\"https:\/\/amica.es\/es\/wp-content\/uploads\/2024\/07\/Amica-Logo.png\",\"width\":1653,\"height\":577,\"caption\":\"Asociaci\u00f3n Amica\"},\"image\":{\"@id\":\"https:\/\/amica.es\/es\/#\/schema\/logo\/image\/\"},\"sameAs\":[\"https:\/\/www.facebook.com\/amicaasociacion\",\"https:\/\/x.com\/asociacionamica\",\"https:\/\/www.youtube.com\/c\/asociacionamicacantabria\",\"https:\/\/es.linkedin.com\/company\/asociacionamica?trk=similar-companies_org_title\",\"https:\/\/www.instagram.com\/asociacionamica\/\"]},{\"@type\":\"Person\",\"@id\":\"https:\/\/amica.es\/es\/#\/schema\/person\/e495a7dcb12dd9e3780a7b2abb2e5704\",\"name\":\"Amica\",\"image\":{\"@type\":\"ImageObject\",\"inLanguage\":\"es\",\"@id\":\"https:\/\/amica.es\/es\/#\/schema\/person\/image\/\",\"url\":\"https:\/\/secure.gravatar.com\/avatar\/39bd48442d48bee2968f3dadf4bca67d9d073335a5c28953daa9c3339ca6b4dc?s=96&d=mm&r=g\",\"contentUrl\":\"https:\/\/secure.gravatar.com\/avatar\/39bd48442d48bee2968f3dadf4bca67d9d073335a5c28953daa9c3339ca6b4dc?s=96&d=mm&r=g\",\"caption\":\"Amica\"},\"url\":\"https:\/\/amica.es\/es\/author\/amcapaz84ica\/\"}]}<\/script>\n<!-- \/ Yoast SEO plugin. -->","yoast_head_json":{"title":"El padre \u00c1ngel inaugura el proyecto \u201cIglesia Siempre Abierta\u201d - Amica - Descubriendo Capacidades","robots":{"index":"index","follow":"follow","max-snippet":"max-snippet:-1","max-image-preview":"max-image-preview:large","max-video-preview":"max-video-preview:-1"},"canonical":"https:\/\/amica.es\/es\/el-padre-angel-inaugura-el-proyecto-iglesia-siempre-abierta\/","og_locale":"es_ES","og_type":"article","og_title":"El padre \u00c1ngel inaugura el proyecto \u201cIglesia Siempre Abierta\u201d - Amica - Descubriendo Capacidades","og_description":"El pasado 9 de diciembre de 2019, Mensajeros de la Paz junto con la congregaci\u00f3n de los Misioneros de Mar\u00eda inauguraron en Roma el proyecto de la primera iglesia abierta en Italia las 24 horas del d\u00eda, la de los Sant\u00edsimos Estigmas de San Francisco. La apertura cont\u00f3 con una Misa presidida por Mons. donRead more","og_url":"https:\/\/amica.es\/es\/el-padre-angel-inaugura-el-proyecto-iglesia-siempre-abierta\/","og_site_name":"Amica - Descubriendo Capacidades","article_publisher":"https:\/\/www.facebook.com\/amicaasociacion","article_published_time":"2019-12-09T09:56:16+00:00","article_modified_time":"2019-12-13T10:35:32+00:00","og_image":[{"width":1599,"height":753,"url":"https:\/\/amica.es\/es\/wp-content\/uploads\/2019\/12\/Amica-PlantillaImagenesWeb.180619004029.jpg","type":"image\/jpeg"}],"author":"Amica","twitter_card":"summary_large_image","twitter_creator":"@asociacionamica","twitter_site":"@asociacionamica","twitter_misc":{"Escrito por":"Amica","Tiempo de lectura":"1 minuto"},"schema":{"@context":"https:\/\/schema.org","@graph":[{"@type":"Article","@id":"https:\/\/amica.es\/es\/el-padre-angel-inaugura-el-proyecto-iglesia-siempre-abierta\/#article","isPartOf":{"@id":"https:\/\/amica.es\/es\/el-padre-angel-inaugura-el-proyecto-iglesia-siempre-abierta\/"},"author":{"name":"Amica","@id":"https:\/\/amica.es\/es\/#\/schema\/person\/e495a7dcb12dd9e3780a7b2abb2e5704"},"headline":"El padre \u00c1ngel inaugura el proyecto \u201cIglesia Siempre Abierta\u201d","datePublished":"2019-12-09T09:56:16+00:00","dateModified":"2019-12-13T10:35:32+00:00","mainEntityOfPage":{"@id":"https:\/\/amica.es\/es\/el-padre-angel-inaugura-el-proyecto-iglesia-siempre-abierta\/"},"wordCount":215,"commentCount":0,"publisher":{"@id":"https:\/\/amica.es\/es\/#organization"},"image":{"@id":"https:\/\/amica.es\/es\/el-padre-angel-inaugura-el-proyecto-iglesia-siempre-abierta\/#primaryimage"},"thumbnailUrl":"https:\/\/amica.es\/es\/wp-content\/uploads\/2019\/12\/Amica-PlantillaImagenesWeb.180619004029.jpg","articleSection":["Noticias"],"inLanguage":"es","potentialAction":[{"@type":"CommentAction","name":"Comment","target":["https:\/\/amica.es\/es\/el-padre-angel-inaugura-el-proyecto-iglesia-siempre-abierta\/#respond"]}]},{"@type":"WebPage","@id":"https:\/\/amica.es\/es\/el-padre-angel-inaugura-el-proyecto-iglesia-siempre-abierta\/","url":"https:\/\/amica.es\/es\/el-padre-angel-inaugura-el-proyecto-iglesia-siempre-abierta\/","name":"El padre \u00c1ngel inaugura el proyecto \u201cIglesia Siempre Abierta\u201d - Amica - Descubriendo Capacidades","isPartOf":{"@id":"https:\/\/amica.es\/es\/#website"},"primaryImageOfPage":{"@id":"https:\/\/amica.es\/es\/el-padre-angel-inaugura-el-proyecto-iglesia-siempre-abierta\/#primaryimage"},"image":{"@id":"https:\/\/amica.es\/es\/el-padre-angel-inaugura-el-proyecto-iglesia-siempre-abierta\/#primaryimage"},"thumbnailUrl":"https:\/\/amica.es\/es\/wp-content\/uploads\/2019\/12\/Amica-PlantillaImagenesWeb.180619004029.jpg","datePublished":"2019-12-09T09:56:16+00:00","dateModified":"2019-12-13T10:35:32+00:00","breadcrumb":{"@id":"https:\/\/amica.es\/es\/el-padre-angel-inaugura-el-proyecto-iglesia-siempre-abierta\/#breadcrumb"},"inLanguage":"es","potentialAction":[{"@type":"ReadAction","target":["https:\/\/amica.es\/es\/el-padre-angel-inaugura-el-proyecto-iglesia-siempre-abierta\/"]}]},{"@type":"ImageObject","inLanguage":"es","@id":"https:\/\/amica.es\/es\/el-padre-angel-inaugura-el-proyecto-iglesia-siempre-abierta\/#primaryimage","url":"https:\/\/amica.es\/es\/wp-content\/uploads\/2019\/12\/Amica-PlantillaImagenesWeb.180619004029.jpg","contentUrl":"https:\/\/amica.es\/es\/wp-content\/uploads\/2019\/12\/Amica-PlantillaImagenesWeb.180619004029.jpg","width":1599,"height":753,"caption":"191209 Roma Mensajeros"},{"@type":"BreadcrumbList","@id":"https:\/\/amica.es\/es\/el-padre-angel-inaugura-el-proyecto-iglesia-siempre-abierta\/#breadcrumb","itemListElement":[{"@type":"ListItem","position":1,"name":"Portada","item":"https:\/\/amica.es\/es\/"},{"@type":"ListItem","position":2,"name":"El padre \u00c1ngel inaugura el proyecto \u201cIglesia Siempre Abierta\u201d"}]},{"@type":"WebSite","@id":"https:\/\/amica.es\/es\/#website","url":"https:\/\/amica.es\/es\/","name":"Amica - Descubriendo Capacidades","description":"Apoyando a personas con discapacidad desde 1984","publisher":{"@id":"https:\/\/amica.es\/es\/#organization"},"potentialAction":[{"@type":"SearchAction","target":{"@type":"EntryPoint","urlTemplate":"https:\/\/amica.es\/es\/?s={search_term_string}"},"query-input":{"@type":"PropertyValueSpecification","valueRequired":true,"valueName":"search_term_string"}}],"inLanguage":"es"},{"@type":"Organization","@id":"https:\/\/amica.es\/es\/#organization","name":"Asociaci\u00f3n Amica","url":"https:\/\/amica.es\/es\/","logo":{"@type":"ImageObject","inLanguage":"es","@id":"https:\/\/amica.es\/es\/#\/schema\/logo\/image\/","url":"https:\/\/amica.es\/es\/wp-content\/uploads\/2024\/07\/Amica-Logo.png","contentUrl":"https:\/\/amica.es\/es\/wp-content\/uploads\/2024\/07\/Amica-Logo.png","width":1653,"height":577,"caption":"Asociaci\u00f3n Amica"},"image":{"@id":"https:\/\/amica.es\/es\/#\/schema\/logo\/image\/"},"sameAs":["https:\/\/www.facebook.com\/amicaasociacion","https:\/\/x.com\/asociacionamica","https:\/\/www.youtube.com\/c\/asociacionamicacantabria","https:\/\/es.linkedin.com\/company\/asociacionamica?trk=similar-companies_org_title","https:\/\/www.instagram.com\/asociacionamica\/"]},{"@type":"Person","@id":"https:\/\/amica.es\/es\/#\/schema\/person\/e495a7dcb12dd9e3780a7b2abb2e5704","name":"Amica","image":{"@type":"ImageObject","inLanguage":"es","@id":"https:\/\/amica.es\/es\/#\/schema\/person\/image\/","url":"https:\/\/secure.gravatar.com\/avatar\/39bd48442d48bee2968f3dadf4bca67d9d073335a5c28953daa9c3339ca6b4dc?s=96&d=mm&r=g","contentUrl":"https:\/\/secure.gravatar.com\/avatar\/39bd48442d48bee2968f3dadf4bca67d9d073335a5c28953daa9c3339ca6b4dc?s=96&d=mm&r=g","caption":"Amica"},"url":"https:\/\/amica.es\/es\/author\/amcapaz84ica\/"}]}},"_links":{"self":[{"href":"https:\/\/amica.es\/es\/wp-json\/wp\/v2\/posts\/8174","targetHints":{"allow":["GET"]}}],"collection":[{"href":"https:\/\/amica.es\/es\/wp-json\/wp\/v2\/posts"}],"about":[{"href":"https:\/\/amica.es\/es\/wp-json\/wp\/v2\/types\/post"}],"author":[{"embeddable":true,"href":"https:\/\/amica.es\/es\/wp-json\/wp\/v2\/users\/3"}],"replies":[{"embeddable":true,"href":"https:\/\/amica.es\/es\/wp-json\/wp\/v2\/comments?post=8174"}],"version-history":[{"count":1,"href":"https:\/\/amica.es\/es\/wp-json\/wp\/v2\/posts\/8174\/revisions"}],"predecessor-version":[{"id":8176,"href":"https:\/\/amica.es\/es\/wp-json\/wp\/v2\/posts\/8174\/revisions\/8176"}],"wp:featuredmedia":[{"embeddable":true,"href":"https:\/\/amica.es\/es\/wp-json\/wp\/v2\/media\/8175"}],"wp:attachment":[{"href":"https:\/\/amica.es\/es\/wp-json\/wp\/v2\/media?parent=8174"}],"wp:term":[{"taxonomy":"category","embeddable":true,"href":"https:\/\/amica.es\/es\/wp-json\/wp\/v2\/categories?post=8174"},{"taxonomy":"post_tag","embeddable":true,"href":"https:\/\/amica.es\/es\/wp-json\/wp\/v2\/tags?post=8174"}],"curies":[{"name":"wp","href":"https:\/\/api.w.org\/{rel}","templated":true}]}}