{"id":8177,"date":"2019-12-11T12:46:46","date_gmt":"2019-12-11T10:46:46","guid":{"rendered":"https:\/\/amica.es\/es\/?p=8177"},"modified":"2019-12-13T16:27:12","modified_gmt":"2019-12-13T14:27:12","slug":"amica-participa-activamente-en-el-nef19-new-education-forum-en-bruselas","status":"publish","type":"post","link":"https:\/\/amica.es\/es\/amica-participa-activamente-en-el-nef19-new-education-forum-en-bruselas\/","title":{"rendered":"Amica participa activamente en el NEF19, New Education Forum, en Bruselas."},"content":{"rendered":"<p>Representantes de Amica han participado en el NEF 2019 (New Education Forum) organizado por el Center For innovation Educative (CIE) \u00a0y desarrollado en Comit\u00e9 econ\u00f3mico y social europeo presentando el Modelo de formaci\u00f3n para el empleo basado en las capacidades de las personas donde han participado otras entidades de diferentes pa\u00edses como Polonia, Alemania, Irlanda donde ha llamado la atenci\u00f3n el desarrollo de itinerarios personalizados a cada persona para la consecuci\u00f3n de su proyecto personal.\u00a0Participando posteriormente en una sesi\u00f3n de networking donde han podido conocer con m\u00e1s detalle el tipo de proyectos y \u00e1reas de desarrollo de cada organizaci\u00f3n<\/p>\n<p>El\u00a0<a href=\"https:\/\/www.neweducationforum.com\/es\/contacto\">New Education Forum (NEF)<\/a>\u00a0es una plataforma para intercambiar conocimientos, experiencias y contactos en los campos de la educaci\u00f3n, la formaci\u00f3n profesional, el aprendizaje y el mercado laboral; act\u00faa a nivel europeo y tiene representaci\u00f3n de m\u00e1s de 190 instituciones europeas.<\/p>\n<p>NEF tiene como objetivos principales la promoci\u00f3n de competencias transversales, respaldar la formaci\u00f3n para el empleo como elemento de apoyo al mercado laboral y encontrar itinerarios de aprendizaje innovadores en los que participen grupos desfavorecidos. NEF Busca el cumplimiento de estos objetivos a trav\u00e9s de acciones y proyectos, ejecutados por un conjunto de organizaciones, y que tienen un punto de encuentro anual en Bruselas.<\/p>\n<p>Los d\u00edas 9 y 10 de diciembre de 2019 tuvo lugar la decimocuarta edici\u00f3n de este\u00a0<strong>encuentro anual del New Education Forum<\/strong>\u00a0en la sede del\u00a0<a href=\"https:\/\/www.eesc.europa.eu\/es\/members-groups\/groups\/employers-group\">Comit\u00e9 Europeo econ\u00f3mico y social<\/a>.<\/p>\n<p>El d\u00eda 9 de diciembre, las personas asistentes a dicho encuentro tuvieron la oportunidad de conocerse en un Evento inaugural en el Parlamento Europeo, en el que el expresidente de dicha instituci\u00f3n Jerzy Burek dio un discurso vinculado a la tem\u00e1tica del Foro \u201cReforzando las competencias transversales\u201d como medio para mejorar el compromiso hacia el medio ambiente de los j\u00f3venes de nuestra sociedad.<\/p>\n<p>El d\u00eda 10 de Diciembre estuvo dedicado a reflexionar sobre la motivaci\u00f3n en los j\u00f3venes a trav\u00e9s del desarrollo de competencias transversales, intercambio de experiencias y plantear retos de futuro. Precisamente en el apartado dedicado al intercambio de buenas pr\u00e1cticas los representantes de Amica Tom\u00e1s Castillo, Irene de los Rios y Santiago Garc\u00eda de Enterr\u00eda tuvieron la oportunidad de presentar el Modelo de Formaci\u00f3n para el empleo basado en las capacidades de las personas.<\/p>\n<div id=\"attachment_8185\" style=\"width: 1609px\" class=\"wp-caption alignnone\"><img loading=\"lazy\" decoding=\"async\" aria-describedby=\"caption-attachment-8185\" class=\"wp-image-8185 size-full\" src=\"https:\/\/amica.es\/es\/wp-content\/uploads\/2019\/12\/191010-NEF19-1.jpg\" alt=\"\" width=\"1599\" height=\"753\" srcset=\"https:\/\/amica.es\/es\/wp-content\/uploads\/2019\/12\/191010-NEF19-1.jpg 1599w, https:\/\/amica.es\/es\/wp-content\/uploads\/2019\/12\/191010-NEF19-1-535x252.jpg 535w\" sizes=\"auto, (max-width: 1599px) 100vw, 1599px\" \/><p id=\"caption-attachment-8185\" class=\"wp-caption-text\">Participando en NEF19<\/p><\/div>\n<p>&nbsp;<\/p>\n<p>A trav\u00e9s de la colaboraci\u00f3n de la Oficina de Asuntos Europeos de Cantabria en Bruselas han podido reunirse con Gianluca Brunetti Presidente del Comit\u00e9 Econ\u00f3mico y Social Europeo, la Vicepresidenta Isabel Ca\u00f1o y Valeria Atzoti \u00a0asesora del Grupo de Discapacidad, reconociendo las nuevas ideas innovadoras en relaci\u00f3n a la tecnolog\u00eda al servicio de las personas, el ser una entidad abierta a la comunidad, y nuestros proyectos en entorno natural, acompa\u00f1ados por la Directora General de fondos comunitarios, Paz D\u00edaz.<\/p>\n<p>Tambi\u00e9n fueron recibidos por Isidro Laso Director de Start Up europeo dentro de la Comisi\u00f3n Europea con el que pudieron compartir informaci\u00f3n sobre diferentes l\u00edneas de desarrollo para favorecer emprendimiento e innovaci\u00f3n social<\/p>\n<p>Como en ocasiones anteriores fueron recibidos por\u00a0 Inmaculada Placencia Experta en discapacidad e inclusi\u00f3n de la Comisi\u00f3n Europea que se ha interesado en el desarrollo de los proyectos que desde Amica se est\u00e1n llevando a cabo .<\/p>\n","protected":false},"excerpt":{"rendered":"<p>Representantes de Amica han participado en el NEF 2019 (New Education Forum) organizado por el Center For innovation Educative (CIE) \u00a0y desarrollado en Comit\u00e9 econ\u00f3mico y social europeo presentando el Modelo de formaci\u00f3n para el empleo basado en las capacidades de las personas donde han participado otras entidades de diferentes pa\u00edses como Polonia, Alemania, Irlanda<br \/><a href=\"https:\/\/amica.es\/es\/amica-participa-activamente-en-el-nef19-new-education-forum-en-bruselas\/\" class=\"more\">Read more<\/a><\/p>\n","protected":false},"author":3,"featured_media":8184,"comment_status":"open","ping_status":"open","sticky":false,"template":"","format":"standard","meta":{"_monsterinsights_skip_tracking":false,"_monsterinsights_sitenote_active":false,"_monsterinsights_sitenote_note":"","_monsterinsights_sitenote_category":0,"_joinchat":[],"footnotes":""},"categories":[27],"tags":[],"class_list":["post-8177","post","type-post","status-publish","format-standard","has-post-thumbnail","hentry","category-noticias-categoria"],"yoast_head":"<!-- This site is optimized with the Yoast SEO plugin v25.6 - https:\/\/yoast.com\/wordpress\/plugins\/seo\/ -->\n<title>Amica participa activamente en el NEF19, New Education Forum, en Bruselas. - Amica - Descubriendo Capacidades<\/title>\n<meta name=\"robots\" content=\"index, follow, max-snippet:-1, max-image-preview:large, max-video-preview:-1\" \/>\n<link rel=\"canonical\" href=\"https:\/\/amica.es\/es\/amica-participa-activamente-en-el-nef19-new-education-forum-en-bruselas\/\" \/>\n<meta property=\"og:locale\" content=\"es_ES\" \/>\n<meta property=\"og:type\" content=\"article\" \/>\n<meta property=\"og:title\" content=\"Amica participa activamente en el NEF19, New Education Forum, en Bruselas. - Amica - Descubriendo Capacidades\" \/>\n<meta property=\"og:description\" content=\"Representantes de Amica han participado en el NEF 2019 (New Education Forum) organizado por el Center For innovation Educative (CIE) \u00a0y desarrollado en Comit\u00e9 econ\u00f3mico y social europeo presentando el Modelo de formaci\u00f3n para el empleo basado en las capacidades de las personas donde han participado otras entidades de diferentes pa\u00edses como Polonia, Alemania, IrlandaRead more\" \/>\n<meta property=\"og:url\" content=\"https:\/\/amica.es\/es\/amica-participa-activamente-en-el-nef19-new-education-forum-en-bruselas\/\" \/>\n<meta property=\"og:site_name\" content=\"Amica - Descubriendo Capacidades\" \/>\n<meta property=\"article:publisher\" content=\"https:\/\/www.facebook.com\/amicaasociacion\" \/>\n<meta property=\"article:published_time\" content=\"2019-12-11T10:46:46+00:00\" \/>\n<meta property=\"article:modified_time\" content=\"2019-12-13T14:27:12+00:00\" \/>\n<meta property=\"og:image\" content=\"https:\/\/amica.es\/es\/wp-content\/uploads\/2019\/12\/191010-NEF19-2.jpg\" \/>\n\t<meta property=\"og:image:width\" content=\"1599\" \/>\n\t<meta property=\"og:image:height\" content=\"753\" \/>\n\t<meta property=\"og:image:type\" content=\"image\/jpeg\" \/>\n<meta name=\"author\" content=\"Amica\" \/>\n<meta name=\"twitter:card\" content=\"summary_large_image\" \/>\n<meta name=\"twitter:creator\" content=\"@asociacionamica\" \/>\n<meta name=\"twitter:site\" content=\"@asociacionamica\" \/>\n<meta name=\"twitter:label1\" content=\"Escrito por\" \/>\n\t<meta name=\"twitter:data1\" content=\"Amica\" \/>\n\t<meta name=\"twitter:label2\" content=\"Tiempo de lectura\" \/>\n\t<meta name=\"twitter:data2\" content=\"3 minutos\" \/>\n<script type=\"application\/ld+json\" class=\"yoast-schema-graph\">{\"@context\":\"https:\/\/schema.org\",\"@graph\":[{\"@type\":\"Article\",\"@id\":\"https:\/\/amica.es\/es\/amica-participa-activamente-en-el-nef19-new-education-forum-en-bruselas\/#article\",\"isPartOf\":{\"@id\":\"https:\/\/amica.es\/es\/amica-participa-activamente-en-el-nef19-new-education-forum-en-bruselas\/\"},\"author\":{\"name\":\"Amica\",\"@id\":\"https:\/\/amica.es\/es\/#\/schema\/person\/e495a7dcb12dd9e3780a7b2abb2e5704\"},\"headline\":\"Amica participa activamente en el NEF19, New Education Forum, en Bruselas.\",\"datePublished\":\"2019-12-11T10:46:46+00:00\",\"dateModified\":\"2019-12-13T14:27:12+00:00\",\"mainEntityOfPage\":{\"@id\":\"https:\/\/amica.es\/es\/amica-participa-activamente-en-el-nef19-new-education-forum-en-bruselas\/\"},\"wordCount\":585,\"commentCount\":0,\"publisher\":{\"@id\":\"https:\/\/amica.es\/es\/#organization\"},\"image\":{\"@id\":\"https:\/\/amica.es\/es\/amica-participa-activamente-en-el-nef19-new-education-forum-en-bruselas\/#primaryimage\"},\"thumbnailUrl\":\"https:\/\/amica.es\/es\/wp-content\/uploads\/2019\/12\/191010-NEF19-2.jpg\",\"articleSection\":[\"Noticias\"],\"inLanguage\":\"es\",\"potentialAction\":[{\"@type\":\"CommentAction\",\"name\":\"Comment\",\"target\":[\"https:\/\/amica.es\/es\/amica-participa-activamente-en-el-nef19-new-education-forum-en-bruselas\/#respond\"]}]},{\"@type\":\"WebPage\",\"@id\":\"https:\/\/amica.es\/es\/amica-participa-activamente-en-el-nef19-new-education-forum-en-bruselas\/\",\"url\":\"https:\/\/amica.es\/es\/amica-participa-activamente-en-el-nef19-new-education-forum-en-bruselas\/\",\"name\":\"Amica participa activamente en el NEF19, New Education Forum, en Bruselas. - Amica - Descubriendo Capacidades\",\"isPartOf\":{\"@id\":\"https:\/\/amica.es\/es\/#website\"},\"primaryImageOfPage\":{\"@id\":\"https:\/\/amica.es\/es\/amica-participa-activamente-en-el-nef19-new-education-forum-en-bruselas\/#primaryimage\"},\"image\":{\"@id\":\"https:\/\/amica.es\/es\/amica-participa-activamente-en-el-nef19-new-education-forum-en-bruselas\/#primaryimage\"},\"thumbnailUrl\":\"https:\/\/amica.es\/es\/wp-content\/uploads\/2019\/12\/191010-NEF19-2.jpg\",\"datePublished\":\"2019-12-11T10:46:46+00:00\",\"dateModified\":\"2019-12-13T14:27:12+00:00\",\"breadcrumb\":{\"@id\":\"https:\/\/amica.es\/es\/amica-participa-activamente-en-el-nef19-new-education-forum-en-bruselas\/#breadcrumb\"},\"inLanguage\":\"es\",\"potentialAction\":[{\"@type\":\"ReadAction\",\"target\":[\"https:\/\/amica.es\/es\/amica-participa-activamente-en-el-nef19-new-education-forum-en-bruselas\/\"]}]},{\"@type\":\"ImageObject\",\"inLanguage\":\"es\",\"@id\":\"https:\/\/amica.es\/es\/amica-participa-activamente-en-el-nef19-new-education-forum-en-bruselas\/#primaryimage\",\"url\":\"https:\/\/amica.es\/es\/wp-content\/uploads\/2019\/12\/191010-NEF19-2.jpg\",\"contentUrl\":\"https:\/\/amica.es\/es\/wp-content\/uploads\/2019\/12\/191010-NEF19-2.jpg\",\"width\":1599,\"height\":753,\"caption\":\"Imagen NEF19\"},{\"@type\":\"BreadcrumbList\",\"@id\":\"https:\/\/amica.es\/es\/amica-participa-activamente-en-el-nef19-new-education-forum-en-bruselas\/#breadcrumb\",\"itemListElement\":[{\"@type\":\"ListItem\",\"position\":1,\"name\":\"Portada\",\"item\":\"https:\/\/amica.es\/es\/\"},{\"@type\":\"ListItem\",\"position\":2,\"name\":\"Amica participa activamente en el NEF19, New Education Forum, en Bruselas.\"}]},{\"@type\":\"WebSite\",\"@id\":\"https:\/\/amica.es\/es\/#website\",\"url\":\"https:\/\/amica.es\/es\/\",\"name\":\"Amica - Descubriendo Capacidades\",\"description\":\"Apoyando a personas con discapacidad desde 1984\",\"publisher\":{\"@id\":\"https:\/\/amica.es\/es\/#organization\"},\"potentialAction\":[{\"@type\":\"SearchAction\",\"target\":{\"@type\":\"EntryPoint\",\"urlTemplate\":\"https:\/\/amica.es\/es\/?s={search_term_string}\"},\"query-input\":{\"@type\":\"PropertyValueSpecification\",\"valueRequired\":true,\"valueName\":\"search_term_string\"}}],\"inLanguage\":\"es\"},{\"@type\":\"Organization\",\"@id\":\"https:\/\/amica.es\/es\/#organization\",\"name\":\"Asociaci\u00f3n Amica\",\"url\":\"https:\/\/amica.es\/es\/\",\"logo\":{\"@type\":\"ImageObject\",\"inLanguage\":\"es\",\"@id\":\"https:\/\/amica.es\/es\/#\/schema\/logo\/image\/\",\"url\":\"https:\/\/amica.es\/es\/wp-content\/uploads\/2024\/07\/Amica-Logo.png\",\"contentUrl\":\"https:\/\/amica.es\/es\/wp-content\/uploads\/2024\/07\/Amica-Logo.png\",\"width\":1653,\"height\":577,\"caption\":\"Asociaci\u00f3n Amica\"},\"image\":{\"@id\":\"https:\/\/amica.es\/es\/#\/schema\/logo\/image\/\"},\"sameAs\":[\"https:\/\/www.facebook.com\/amicaasociacion\",\"https:\/\/x.com\/asociacionamica\",\"https:\/\/www.youtube.com\/c\/asociacionamicacantabria\",\"https:\/\/es.linkedin.com\/company\/asociacionamica?trk=similar-companies_org_title\",\"https:\/\/www.instagram.com\/asociacionamica\/\"]},{\"@type\":\"Person\",\"@id\":\"https:\/\/amica.es\/es\/#\/schema\/person\/e495a7dcb12dd9e3780a7b2abb2e5704\",\"name\":\"Amica\",\"image\":{\"@type\":\"ImageObject\",\"inLanguage\":\"es\",\"@id\":\"https:\/\/amica.es\/es\/#\/schema\/person\/image\/\",\"url\":\"https:\/\/secure.gravatar.com\/avatar\/39bd48442d48bee2968f3dadf4bca67d9d073335a5c28953daa9c3339ca6b4dc?s=96&d=mm&r=g\",\"contentUrl\":\"https:\/\/secure.gravatar.com\/avatar\/39bd48442d48bee2968f3dadf4bca67d9d073335a5c28953daa9c3339ca6b4dc?s=96&d=mm&r=g\",\"caption\":\"Amica\"},\"url\":\"https:\/\/amica.es\/es\/author\/amcapaz84ica\/\"}]}<\/script>\n<!-- \/ Yoast SEO plugin. -->","yoast_head_json":{"title":"Amica participa activamente en el NEF19, New Education Forum, en Bruselas. - Amica - Descubriendo Capacidades","robots":{"index":"index","follow":"follow","max-snippet":"max-snippet:-1","max-image-preview":"max-image-preview:large","max-video-preview":"max-video-preview:-1"},"canonical":"https:\/\/amica.es\/es\/amica-participa-activamente-en-el-nef19-new-education-forum-en-bruselas\/","og_locale":"es_ES","og_type":"article","og_title":"Amica participa activamente en el NEF19, New Education Forum, en Bruselas. - Amica - Descubriendo Capacidades","og_description":"Representantes de Amica han participado en el NEF 2019 (New Education Forum) organizado por el Center For innovation Educative (CIE) \u00a0y desarrollado en Comit\u00e9 econ\u00f3mico y social europeo presentando el Modelo de formaci\u00f3n para el empleo basado en las capacidades de las personas donde han participado otras entidades de diferentes pa\u00edses como Polonia, Alemania, IrlandaRead more","og_url":"https:\/\/amica.es\/es\/amica-participa-activamente-en-el-nef19-new-education-forum-en-bruselas\/","og_site_name":"Amica - Descubriendo Capacidades","article_publisher":"https:\/\/www.facebook.com\/amicaasociacion","article_published_time":"2019-12-11T10:46:46+00:00","article_modified_time":"2019-12-13T14:27:12+00:00","og_image":[{"width":1599,"height":753,"url":"https:\/\/amica.es\/es\/wp-content\/uploads\/2019\/12\/191010-NEF19-2.jpg","type":"image\/jpeg"}],"author":"Amica","twitter_card":"summary_large_image","twitter_creator":"@asociacionamica","twitter_site":"@asociacionamica","twitter_misc":{"Escrito por":"Amica","Tiempo de lectura":"3 minutos"},"schema":{"@context":"https:\/\/schema.org","@graph":[{"@type":"Article","@id":"https:\/\/amica.es\/es\/amica-participa-activamente-en-el-nef19-new-education-forum-en-bruselas\/#article","isPartOf":{"@id":"https:\/\/amica.es\/es\/amica-participa-activamente-en-el-nef19-new-education-forum-en-bruselas\/"},"author":{"name":"Amica","@id":"https:\/\/amica.es\/es\/#\/schema\/person\/e495a7dcb12dd9e3780a7b2abb2e5704"},"headline":"Amica participa activamente en el NEF19, New Education Forum, en Bruselas.","datePublished":"2019-12-11T10:46:46+00:00","dateModified":"2019-12-13T14:27:12+00:00","mainEntityOfPage":{"@id":"https:\/\/amica.es\/es\/amica-participa-activamente-en-el-nef19-new-education-forum-en-bruselas\/"},"wordCount":585,"commentCount":0,"publisher":{"@id":"https:\/\/amica.es\/es\/#organization"},"image":{"@id":"https:\/\/amica.es\/es\/amica-participa-activamente-en-el-nef19-new-education-forum-en-bruselas\/#primaryimage"},"thumbnailUrl":"https:\/\/amica.es\/es\/wp-content\/uploads\/2019\/12\/191010-NEF19-2.jpg","articleSection":["Noticias"],"inLanguage":"es","potentialAction":[{"@type":"CommentAction","name":"Comment","target":["https:\/\/amica.es\/es\/amica-participa-activamente-en-el-nef19-new-education-forum-en-bruselas\/#respond"]}]},{"@type":"WebPage","@id":"https:\/\/amica.es\/es\/amica-participa-activamente-en-el-nef19-new-education-forum-en-bruselas\/","url":"https:\/\/amica.es\/es\/amica-participa-activamente-en-el-nef19-new-education-forum-en-bruselas\/","name":"Amica participa activamente en el NEF19, New Education Forum, en Bruselas. - Amica - Descubriendo Capacidades","isPartOf":{"@id":"https:\/\/amica.es\/es\/#website"},"primaryImageOfPage":{"@id":"https:\/\/amica.es\/es\/amica-participa-activamente-en-el-nef19-new-education-forum-en-bruselas\/#primaryimage"},"image":{"@id":"https:\/\/amica.es\/es\/amica-participa-activamente-en-el-nef19-new-education-forum-en-bruselas\/#primaryimage"},"thumbnailUrl":"https:\/\/amica.es\/es\/wp-content\/uploads\/2019\/12\/191010-NEF19-2.jpg","datePublished":"2019-12-11T10:46:46+00:00","dateModified":"2019-12-13T14:27:12+00:00","breadcrumb":{"@id":"https:\/\/amica.es\/es\/amica-participa-activamente-en-el-nef19-new-education-forum-en-bruselas\/#breadcrumb"},"inLanguage":"es","potentialAction":[{"@type":"ReadAction","target":["https:\/\/amica.es\/es\/amica-participa-activamente-en-el-nef19-new-education-forum-en-bruselas\/"]}]},{"@type":"ImageObject","inLanguage":"es","@id":"https:\/\/amica.es\/es\/amica-participa-activamente-en-el-nef19-new-education-forum-en-bruselas\/#primaryimage","url":"https:\/\/amica.es\/es\/wp-content\/uploads\/2019\/12\/191010-NEF19-2.jpg","contentUrl":"https:\/\/amica.es\/es\/wp-content\/uploads\/2019\/12\/191010-NEF19-2.jpg","width":1599,"height":753,"caption":"Imagen NEF19"},{"@type":"BreadcrumbList","@id":"https:\/\/amica.es\/es\/amica-participa-activamente-en-el-nef19-new-education-forum-en-bruselas\/#breadcrumb","itemListElement":[{"@type":"ListItem","position":1,"name":"Portada","item":"https:\/\/amica.es\/es\/"},{"@type":"ListItem","position":2,"name":"Amica participa activamente en el NEF19, New Education Forum, en Bruselas."}]},{"@type":"WebSite","@id":"https:\/\/amica.es\/es\/#website","url":"https:\/\/amica.es\/es\/","name":"Amica - Descubriendo Capacidades","description":"Apoyando a personas con discapacidad desde 1984","publisher":{"@id":"https:\/\/amica.es\/es\/#organization"},"potentialAction":[{"@type":"SearchAction","target":{"@type":"EntryPoint","urlTemplate":"https:\/\/amica.es\/es\/?s={search_term_string}"},"query-input":{"@type":"PropertyValueSpecification","valueRequired":true,"valueName":"search_term_string"}}],"inLanguage":"es"},{"@type":"Organization","@id":"https:\/\/amica.es\/es\/#organization","name":"Asociaci\u00f3n Amica","url":"https:\/\/amica.es\/es\/","logo":{"@type":"ImageObject","inLanguage":"es","@id":"https:\/\/amica.es\/es\/#\/schema\/logo\/image\/","url":"https:\/\/amica.es\/es\/wp-content\/uploads\/2024\/07\/Amica-Logo.png","contentUrl":"https:\/\/amica.es\/es\/wp-content\/uploads\/2024\/07\/Amica-Logo.png","width":1653,"height":577,"caption":"Asociaci\u00f3n Amica"},"image":{"@id":"https:\/\/amica.es\/es\/#\/schema\/logo\/image\/"},"sameAs":["https:\/\/www.facebook.com\/amicaasociacion","https:\/\/x.com\/asociacionamica","https:\/\/www.youtube.com\/c\/asociacionamicacantabria","https:\/\/es.linkedin.com\/company\/asociacionamica?trk=similar-companies_org_title","https:\/\/www.instagram.com\/asociacionamica\/"]},{"@type":"Person","@id":"https:\/\/amica.es\/es\/#\/schema\/person\/e495a7dcb12dd9e3780a7b2abb2e5704","name":"Amica","image":{"@type":"ImageObject","inLanguage":"es","@id":"https:\/\/amica.es\/es\/#\/schema\/person\/image\/","url":"https:\/\/secure.gravatar.com\/avatar\/39bd48442d48bee2968f3dadf4bca67d9d073335a5c28953daa9c3339ca6b4dc?s=96&d=mm&r=g","contentUrl":"https:\/\/secure.gravatar.com\/avatar\/39bd48442d48bee2968f3dadf4bca67d9d073335a5c28953daa9c3339ca6b4dc?s=96&d=mm&r=g","caption":"Amica"},"url":"https:\/\/amica.es\/es\/author\/amcapaz84ica\/"}]}},"_links":{"self":[{"href":"https:\/\/amica.es\/es\/wp-json\/wp\/v2\/posts\/8177","targetHints":{"allow":["GET"]}}],"collection":[{"href":"https:\/\/amica.es\/es\/wp-json\/wp\/v2\/posts"}],"about":[{"href":"https:\/\/amica.es\/es\/wp-json\/wp\/v2\/types\/post"}],"author":[{"embeddable":true,"href":"https:\/\/amica.es\/es\/wp-json\/wp\/v2\/users\/3"}],"replies":[{"embeddable":true,"href":"https:\/\/amica.es\/es\/wp-json\/wp\/v2\/comments?post=8177"}],"version-history":[{"count":4,"href":"https:\/\/amica.es\/es\/wp-json\/wp\/v2\/posts\/8177\/revisions"}],"predecessor-version":[{"id":8200,"href":"https:\/\/amica.es\/es\/wp-json\/wp\/v2\/posts\/8177\/revisions\/8200"}],"wp:featuredmedia":[{"embeddable":true,"href":"https:\/\/amica.es\/es\/wp-json\/wp\/v2\/media\/8184"}],"wp:attachment":[{"href":"https:\/\/amica.es\/es\/wp-json\/wp\/v2\/media?parent=8177"}],"wp:term":[{"taxonomy":"category","embeddable":true,"href":"https:\/\/amica.es\/es\/wp-json\/wp\/v2\/categories?post=8177"},{"taxonomy":"post_tag","embeddable":true,"href":"https:\/\/amica.es\/es\/wp-json\/wp\/v2\/tags?post=8177"}],"curies":[{"name":"wp","href":"https:\/\/api.w.org\/{rel}","templated":true}]}}