{"id":8190,"date":"2019-12-11T12:55:12","date_gmt":"2019-12-11T10:55:12","guid":{"rendered":"https:\/\/amica.es\/es\/?p=8190"},"modified":"2019-12-13T13:53:43","modified_gmt":"2019-12-13T11:53:43","slug":"cumbre-del-clima-cop25-cocemfe-y-sus-entidades-analizan-las-relaciones-entre-cambio-climatico-y-discapacidad","status":"publish","type":"post","link":"https:\/\/amica.es\/es\/cumbre-del-clima-cop25-cocemfe-y-sus-entidades-analizan-las-relaciones-entre-cambio-climatico-y-discapacidad\/","title":{"rendered":"Cumbre del Clima (COP25): COCEMFE y sus entidades analizan las relaciones entre cambio clim\u00e1tico y discapacidad"},"content":{"rendered":"<p>El movimiento asociativo de COCEMFE estuvo presente el martes 10 en la Cumbre del Clima 2019 (COP25y donde ha celebrado la ponencia \u2018Di\u00e1logos sobre discapacidad y cambio clim\u00e1tico\u2019, con el objetivo de analizar las relaciones entre cambio clim\u00e1tico y discapacidad desde la necesidad de la transformaci\u00f3n.<\/p>\n<p>La directora gerente de COCEMFE, Elena Antelo, durante su intervenci\u00f3n ha reivindicado que \u201clas personas con discapacidad y sus organizaciones, como parte activa de la sociedad, tenemos mucho que decir y nuestras especificidades se tienen que tener en cuenta en todas las cuestiones incluyendo las acciones a favor del clima\u201d.<\/p>\n<p>\u201cNuestro movimiento asociativo y sus iniciativas de econom\u00eda social son pioneros en actividades empresariales que contribuyen a un desarrollo sostenible y a reducir las desigualdades\u201d, ha se\u00f1alado Antelo, al tiempo que ha defendido que \u201cdesde el movimiento asociativo de las personas con discapacidad f\u00edsica y org\u00e1nica contribuimos a que los espacios rurales sigan habitados desarrollando proyectos en este entorno\u201d.<\/p>\n<p>Representantes del movimiento asociativo de COCEMFE tambi\u00e9n han participado en la ponencia para exponer diferentes iniciativas puestas en marcha para contribuir a un desarrollo sostenible y respetuoso con el medio ambiente, as\u00ed como la incidencia de la contaminaci\u00f3n en la salud. Es el caso de la Coalici\u00f3n Nacional de Fibromialgia, S\u00edndrome de Fatiga Cr\u00f3nica, Sensibilidad Qu\u00edmica M\u00faltiple y Electrohipersensibilidad (CONFESQ), COCEMFE Catalunya, COCEMFE Cantabria, la Federaci\u00f3n Nacional de Trasplantados Hep\u00e1ticos (FNETH) y la Federaci\u00f3n Espa\u00f1ola de Hemofilia (FEDHEMO).<\/p>\n<p>En este marco, Marta Cano, como miembro de Cocemfe Cantabria present\u00f3 el compromiso de Amica y sus centros especiales de empleo con el medio ambiente, tanto a trav\u00e9s de las actividades que desde hace m\u00e1s de 20 a\u00f1os se vienen impulsando en Cantabria con el reciclaje de residuos, la divulgaci\u00f3n ambiental, la actuaci\u00f3n paisaj\u00edstica en Cantabria, y en Valencia en el Campus Diversia en un proyecto donde confluye la biodiversidad, la accesibilidad en el entorno natural y la dinamizaci\u00f3n rural, todo ello desarrollado por personas con discapacidad. Acciones que contribuyen a luchar contra el cambio clim\u00e1tico, junto a otras que se despliegan en el marco de la cultura ambiental de la entidad en su gesti\u00f3n, con el uso de energ\u00edas renovables, calculando la huella de carbono, etc.<\/p>\n<p>Por \u00faltimo, Antelo ha manifestado que \u201cCOCEMFE y sus entidades se ponen a disposici\u00f3n de los diferentes grupos pol\u00edticos, instituciones, organizaciones y ciudadan\u00eda en general para que cuenten con el movimiento asociativo como aliado de la Agenda 2030\u201d.<\/p>\n","protected":false},"excerpt":{"rendered":"<p>El movimiento asociativo de COCEMFE estuvo presente el martes 10 en la Cumbre del Clima 2019 (COP25y donde ha celebrado la ponencia \u2018Di\u00e1logos sobre discapacidad y cambio clim\u00e1tico\u2019, con el objetivo de analizar las relaciones entre cambio clim\u00e1tico y discapacidad desde la necesidad de la transformaci\u00f3n. La directora gerente de COCEMFE, Elena Antelo, durante su<br \/><a href=\"https:\/\/amica.es\/es\/cumbre-del-clima-cop25-cocemfe-y-sus-entidades-analizan-las-relaciones-entre-cambio-climatico-y-discapacidad\/\" class=\"more\">Read more<\/a><\/p>\n","protected":false},"author":3,"featured_media":8191,"comment_status":"open","ping_status":"open","sticky":false,"template":"","format":"standard","meta":{"_monsterinsights_skip_tracking":false,"_monsterinsights_sitenote_active":false,"_monsterinsights_sitenote_note":"","_monsterinsights_sitenote_category":0,"_joinchat":[],"footnotes":""},"categories":[27],"tags":[],"class_list":["post-8190","post","type-post","status-publish","format-standard","has-post-thumbnail","hentry","category-noticias-categoria"],"yoast_head":"<!-- This site is optimized with the Yoast SEO plugin v25.6 - https:\/\/yoast.com\/wordpress\/plugins\/seo\/ -->\n<title>Cumbre del Clima (COP25): COCEMFE y sus entidades analizan las relaciones entre cambio clim\u00e1tico y discapacidad - Amica - Descubriendo Capacidades<\/title>\n<meta name=\"robots\" content=\"index, follow, max-snippet:-1, max-image-preview:large, max-video-preview:-1\" \/>\n<link rel=\"canonical\" href=\"https:\/\/amica.es\/es\/cumbre-del-clima-cop25-cocemfe-y-sus-entidades-analizan-las-relaciones-entre-cambio-climatico-y-discapacidad\/\" \/>\n<meta property=\"og:locale\" content=\"es_ES\" \/>\n<meta property=\"og:type\" content=\"article\" \/>\n<meta property=\"og:title\" content=\"Cumbre del Clima (COP25): COCEMFE y sus entidades analizan las relaciones entre cambio clim\u00e1tico y discapacidad - Amica - Descubriendo Capacidades\" \/>\n<meta property=\"og:description\" content=\"El movimiento asociativo de COCEMFE estuvo presente el martes 10 en la Cumbre del Clima 2019 (COP25y donde ha celebrado la ponencia \u2018Di\u00e1logos sobre discapacidad y cambio clim\u00e1tico\u2019, con el objetivo de analizar las relaciones entre cambio clim\u00e1tico y discapacidad desde la necesidad de la transformaci\u00f3n. La directora gerente de COCEMFE, Elena Antelo, durante suRead more\" \/>\n<meta property=\"og:url\" content=\"https:\/\/amica.es\/es\/cumbre-del-clima-cop25-cocemfe-y-sus-entidades-analizan-las-relaciones-entre-cambio-climatico-y-discapacidad\/\" \/>\n<meta property=\"og:site_name\" content=\"Amica - Descubriendo Capacidades\" \/>\n<meta property=\"article:publisher\" content=\"https:\/\/www.facebook.com\/amicaasociacion\" \/>\n<meta property=\"article:published_time\" content=\"2019-12-11T10:55:12+00:00\" \/>\n<meta property=\"article:modified_time\" content=\"2019-12-13T11:53:43+00:00\" \/>\n<meta property=\"og:image\" content=\"https:\/\/amica.es\/es\/wp-content\/uploads\/2019\/12\/191210-COF25-1.jpg\" \/>\n\t<meta property=\"og:image:width\" content=\"1599\" \/>\n\t<meta property=\"og:image:height\" content=\"753\" \/>\n\t<meta property=\"og:image:type\" content=\"image\/jpeg\" \/>\n<meta name=\"author\" content=\"Amica\" \/>\n<meta name=\"twitter:card\" content=\"summary_large_image\" \/>\n<meta name=\"twitter:creator\" content=\"@asociacionamica\" \/>\n<meta name=\"twitter:site\" content=\"@asociacionamica\" \/>\n<meta name=\"twitter:label1\" content=\"Escrito por\" \/>\n\t<meta name=\"twitter:data1\" content=\"Amica\" \/>\n\t<meta name=\"twitter:label2\" content=\"Tiempo de lectura\" \/>\n\t<meta name=\"twitter:data2\" content=\"2 minutos\" \/>\n<script type=\"application\/ld+json\" class=\"yoast-schema-graph\">{\"@context\":\"https:\/\/schema.org\",\"@graph\":[{\"@type\":\"Article\",\"@id\":\"https:\/\/amica.es\/es\/cumbre-del-clima-cop25-cocemfe-y-sus-entidades-analizan-las-relaciones-entre-cambio-climatico-y-discapacidad\/#article\",\"isPartOf\":{\"@id\":\"https:\/\/amica.es\/es\/cumbre-del-clima-cop25-cocemfe-y-sus-entidades-analizan-las-relaciones-entre-cambio-climatico-y-discapacidad\/\"},\"author\":{\"name\":\"Amica\",\"@id\":\"https:\/\/amica.es\/es\/#\/schema\/person\/e495a7dcb12dd9e3780a7b2abb2e5704\"},\"headline\":\"Cumbre del Clima (COP25): COCEMFE y sus entidades analizan las relaciones entre cambio clim\u00e1tico y discapacidad\",\"datePublished\":\"2019-12-11T10:55:12+00:00\",\"dateModified\":\"2019-12-13T11:53:43+00:00\",\"mainEntityOfPage\":{\"@id\":\"https:\/\/amica.es\/es\/cumbre-del-clima-cop25-cocemfe-y-sus-entidades-analizan-las-relaciones-entre-cambio-climatico-y-discapacidad\/\"},\"wordCount\":445,\"commentCount\":0,\"publisher\":{\"@id\":\"https:\/\/amica.es\/es\/#organization\"},\"image\":{\"@id\":\"https:\/\/amica.es\/es\/cumbre-del-clima-cop25-cocemfe-y-sus-entidades-analizan-las-relaciones-entre-cambio-climatico-y-discapacidad\/#primaryimage\"},\"thumbnailUrl\":\"https:\/\/amica.es\/es\/wp-content\/uploads\/2019\/12\/191210-COF25-1.jpg\",\"articleSection\":[\"Noticias\"],\"inLanguage\":\"es\",\"potentialAction\":[{\"@type\":\"CommentAction\",\"name\":\"Comment\",\"target\":[\"https:\/\/amica.es\/es\/cumbre-del-clima-cop25-cocemfe-y-sus-entidades-analizan-las-relaciones-entre-cambio-climatico-y-discapacidad\/#respond\"]}]},{\"@type\":\"WebPage\",\"@id\":\"https:\/\/amica.es\/es\/cumbre-del-clima-cop25-cocemfe-y-sus-entidades-analizan-las-relaciones-entre-cambio-climatico-y-discapacidad\/\",\"url\":\"https:\/\/amica.es\/es\/cumbre-del-clima-cop25-cocemfe-y-sus-entidades-analizan-las-relaciones-entre-cambio-climatico-y-discapacidad\/\",\"name\":\"Cumbre del Clima (COP25): COCEMFE y sus entidades analizan las relaciones entre cambio clim\u00e1tico y discapacidad - Amica - Descubriendo Capacidades\",\"isPartOf\":{\"@id\":\"https:\/\/amica.es\/es\/#website\"},\"primaryImageOfPage\":{\"@id\":\"https:\/\/amica.es\/es\/cumbre-del-clima-cop25-cocemfe-y-sus-entidades-analizan-las-relaciones-entre-cambio-climatico-y-discapacidad\/#primaryimage\"},\"image\":{\"@id\":\"https:\/\/amica.es\/es\/cumbre-del-clima-cop25-cocemfe-y-sus-entidades-analizan-las-relaciones-entre-cambio-climatico-y-discapacidad\/#primaryimage\"},\"thumbnailUrl\":\"https:\/\/amica.es\/es\/wp-content\/uploads\/2019\/12\/191210-COF25-1.jpg\",\"datePublished\":\"2019-12-11T10:55:12+00:00\",\"dateModified\":\"2019-12-13T11:53:43+00:00\",\"breadcrumb\":{\"@id\":\"https:\/\/amica.es\/es\/cumbre-del-clima-cop25-cocemfe-y-sus-entidades-analizan-las-relaciones-entre-cambio-climatico-y-discapacidad\/#breadcrumb\"},\"inLanguage\":\"es\",\"potentialAction\":[{\"@type\":\"ReadAction\",\"target\":[\"https:\/\/amica.es\/es\/cumbre-del-clima-cop25-cocemfe-y-sus-entidades-analizan-las-relaciones-entre-cambio-climatico-y-discapacidad\/\"]}]},{\"@type\":\"ImageObject\",\"inLanguage\":\"es\",\"@id\":\"https:\/\/amica.es\/es\/cumbre-del-clima-cop25-cocemfe-y-sus-entidades-analizan-las-relaciones-entre-cambio-climatico-y-discapacidad\/#primaryimage\",\"url\":\"https:\/\/amica.es\/es\/wp-content\/uploads\/2019\/12\/191210-COF25-1.jpg\",\"contentUrl\":\"https:\/\/amica.es\/es\/wp-content\/uploads\/2019\/12\/191210-COF25-1.jpg\",\"width\":1599,\"height\":753,\"caption\":\"Marta interviene en COF25\"},{\"@type\":\"BreadcrumbList\",\"@id\":\"https:\/\/amica.es\/es\/cumbre-del-clima-cop25-cocemfe-y-sus-entidades-analizan-las-relaciones-entre-cambio-climatico-y-discapacidad\/#breadcrumb\",\"itemListElement\":[{\"@type\":\"ListItem\",\"position\":1,\"name\":\"Portada\",\"item\":\"https:\/\/amica.es\/es\/\"},{\"@type\":\"ListItem\",\"position\":2,\"name\":\"Cumbre del Clima (COP25): COCEMFE y sus entidades analizan las relaciones entre cambio clim\u00e1tico y discapacidad\"}]},{\"@type\":\"WebSite\",\"@id\":\"https:\/\/amica.es\/es\/#website\",\"url\":\"https:\/\/amica.es\/es\/\",\"name\":\"Amica - Descubriendo Capacidades\",\"description\":\"Apoyando a personas con discapacidad desde 1984\",\"publisher\":{\"@id\":\"https:\/\/amica.es\/es\/#organization\"},\"potentialAction\":[{\"@type\":\"SearchAction\",\"target\":{\"@type\":\"EntryPoint\",\"urlTemplate\":\"https:\/\/amica.es\/es\/?s={search_term_string}\"},\"query-input\":{\"@type\":\"PropertyValueSpecification\",\"valueRequired\":true,\"valueName\":\"search_term_string\"}}],\"inLanguage\":\"es\"},{\"@type\":\"Organization\",\"@id\":\"https:\/\/amica.es\/es\/#organization\",\"name\":\"Asociaci\u00f3n Amica\",\"url\":\"https:\/\/amica.es\/es\/\",\"logo\":{\"@type\":\"ImageObject\",\"inLanguage\":\"es\",\"@id\":\"https:\/\/amica.es\/es\/#\/schema\/logo\/image\/\",\"url\":\"https:\/\/amica.es\/es\/wp-content\/uploads\/2024\/07\/Amica-Logo.png\",\"contentUrl\":\"https:\/\/amica.es\/es\/wp-content\/uploads\/2024\/07\/Amica-Logo.png\",\"width\":1653,\"height\":577,\"caption\":\"Asociaci\u00f3n Amica\"},\"image\":{\"@id\":\"https:\/\/amica.es\/es\/#\/schema\/logo\/image\/\"},\"sameAs\":[\"https:\/\/www.facebook.com\/amicaasociacion\",\"https:\/\/x.com\/asociacionamica\",\"https:\/\/www.youtube.com\/c\/asociacionamicacantabria\",\"https:\/\/es.linkedin.com\/company\/asociacionamica?trk=similar-companies_org_title\",\"https:\/\/www.instagram.com\/asociacionamica\/\"]},{\"@type\":\"Person\",\"@id\":\"https:\/\/amica.es\/es\/#\/schema\/person\/e495a7dcb12dd9e3780a7b2abb2e5704\",\"name\":\"Amica\",\"image\":{\"@type\":\"ImageObject\",\"inLanguage\":\"es\",\"@id\":\"https:\/\/amica.es\/es\/#\/schema\/person\/image\/\",\"url\":\"https:\/\/secure.gravatar.com\/avatar\/39bd48442d48bee2968f3dadf4bca67d9d073335a5c28953daa9c3339ca6b4dc?s=96&d=mm&r=g\",\"contentUrl\":\"https:\/\/secure.gravatar.com\/avatar\/39bd48442d48bee2968f3dadf4bca67d9d073335a5c28953daa9c3339ca6b4dc?s=96&d=mm&r=g\",\"caption\":\"Amica\"},\"url\":\"https:\/\/amica.es\/es\/author\/amcapaz84ica\/\"}]}<\/script>\n<!-- \/ Yoast SEO plugin. -->","yoast_head_json":{"title":"Cumbre del Clima (COP25): COCEMFE y sus entidades analizan las relaciones entre cambio clim\u00e1tico y discapacidad - Amica - Descubriendo Capacidades","robots":{"index":"index","follow":"follow","max-snippet":"max-snippet:-1","max-image-preview":"max-image-preview:large","max-video-preview":"max-video-preview:-1"},"canonical":"https:\/\/amica.es\/es\/cumbre-del-clima-cop25-cocemfe-y-sus-entidades-analizan-las-relaciones-entre-cambio-climatico-y-discapacidad\/","og_locale":"es_ES","og_type":"article","og_title":"Cumbre del Clima (COP25): COCEMFE y sus entidades analizan las relaciones entre cambio clim\u00e1tico y discapacidad - Amica - Descubriendo Capacidades","og_description":"El movimiento asociativo de COCEMFE estuvo presente el martes 10 en la Cumbre del Clima 2019 (COP25y donde ha celebrado la ponencia \u2018Di\u00e1logos sobre discapacidad y cambio clim\u00e1tico\u2019, con el objetivo de analizar las relaciones entre cambio clim\u00e1tico y discapacidad desde la necesidad de la transformaci\u00f3n. La directora gerente de COCEMFE, Elena Antelo, durante suRead more","og_url":"https:\/\/amica.es\/es\/cumbre-del-clima-cop25-cocemfe-y-sus-entidades-analizan-las-relaciones-entre-cambio-climatico-y-discapacidad\/","og_site_name":"Amica - Descubriendo Capacidades","article_publisher":"https:\/\/www.facebook.com\/amicaasociacion","article_published_time":"2019-12-11T10:55:12+00:00","article_modified_time":"2019-12-13T11:53:43+00:00","og_image":[{"width":1599,"height":753,"url":"https:\/\/amica.es\/es\/wp-content\/uploads\/2019\/12\/191210-COF25-1.jpg","type":"image\/jpeg"}],"author":"Amica","twitter_card":"summary_large_image","twitter_creator":"@asociacionamica","twitter_site":"@asociacionamica","twitter_misc":{"Escrito por":"Amica","Tiempo de lectura":"2 minutos"},"schema":{"@context":"https:\/\/schema.org","@graph":[{"@type":"Article","@id":"https:\/\/amica.es\/es\/cumbre-del-clima-cop25-cocemfe-y-sus-entidades-analizan-las-relaciones-entre-cambio-climatico-y-discapacidad\/#article","isPartOf":{"@id":"https:\/\/amica.es\/es\/cumbre-del-clima-cop25-cocemfe-y-sus-entidades-analizan-las-relaciones-entre-cambio-climatico-y-discapacidad\/"},"author":{"name":"Amica","@id":"https:\/\/amica.es\/es\/#\/schema\/person\/e495a7dcb12dd9e3780a7b2abb2e5704"},"headline":"Cumbre del Clima (COP25): COCEMFE y sus entidades analizan las relaciones entre cambio clim\u00e1tico y discapacidad","datePublished":"2019-12-11T10:55:12+00:00","dateModified":"2019-12-13T11:53:43+00:00","mainEntityOfPage":{"@id":"https:\/\/amica.es\/es\/cumbre-del-clima-cop25-cocemfe-y-sus-entidades-analizan-las-relaciones-entre-cambio-climatico-y-discapacidad\/"},"wordCount":445,"commentCount":0,"publisher":{"@id":"https:\/\/amica.es\/es\/#organization"},"image":{"@id":"https:\/\/amica.es\/es\/cumbre-del-clima-cop25-cocemfe-y-sus-entidades-analizan-las-relaciones-entre-cambio-climatico-y-discapacidad\/#primaryimage"},"thumbnailUrl":"https:\/\/amica.es\/es\/wp-content\/uploads\/2019\/12\/191210-COF25-1.jpg","articleSection":["Noticias"],"inLanguage":"es","potentialAction":[{"@type":"CommentAction","name":"Comment","target":["https:\/\/amica.es\/es\/cumbre-del-clima-cop25-cocemfe-y-sus-entidades-analizan-las-relaciones-entre-cambio-climatico-y-discapacidad\/#respond"]}]},{"@type":"WebPage","@id":"https:\/\/amica.es\/es\/cumbre-del-clima-cop25-cocemfe-y-sus-entidades-analizan-las-relaciones-entre-cambio-climatico-y-discapacidad\/","url":"https:\/\/amica.es\/es\/cumbre-del-clima-cop25-cocemfe-y-sus-entidades-analizan-las-relaciones-entre-cambio-climatico-y-discapacidad\/","name":"Cumbre del Clima (COP25): COCEMFE y sus entidades analizan las relaciones entre cambio clim\u00e1tico y discapacidad - Amica - Descubriendo Capacidades","isPartOf":{"@id":"https:\/\/amica.es\/es\/#website"},"primaryImageOfPage":{"@id":"https:\/\/amica.es\/es\/cumbre-del-clima-cop25-cocemfe-y-sus-entidades-analizan-las-relaciones-entre-cambio-climatico-y-discapacidad\/#primaryimage"},"image":{"@id":"https:\/\/amica.es\/es\/cumbre-del-clima-cop25-cocemfe-y-sus-entidades-analizan-las-relaciones-entre-cambio-climatico-y-discapacidad\/#primaryimage"},"thumbnailUrl":"https:\/\/amica.es\/es\/wp-content\/uploads\/2019\/12\/191210-COF25-1.jpg","datePublished":"2019-12-11T10:55:12+00:00","dateModified":"2019-12-13T11:53:43+00:00","breadcrumb":{"@id":"https:\/\/amica.es\/es\/cumbre-del-clima-cop25-cocemfe-y-sus-entidades-analizan-las-relaciones-entre-cambio-climatico-y-discapacidad\/#breadcrumb"},"inLanguage":"es","potentialAction":[{"@type":"ReadAction","target":["https:\/\/amica.es\/es\/cumbre-del-clima-cop25-cocemfe-y-sus-entidades-analizan-las-relaciones-entre-cambio-climatico-y-discapacidad\/"]}]},{"@type":"ImageObject","inLanguage":"es","@id":"https:\/\/amica.es\/es\/cumbre-del-clima-cop25-cocemfe-y-sus-entidades-analizan-las-relaciones-entre-cambio-climatico-y-discapacidad\/#primaryimage","url":"https:\/\/amica.es\/es\/wp-content\/uploads\/2019\/12\/191210-COF25-1.jpg","contentUrl":"https:\/\/amica.es\/es\/wp-content\/uploads\/2019\/12\/191210-COF25-1.jpg","width":1599,"height":753,"caption":"Marta interviene en COF25"},{"@type":"BreadcrumbList","@id":"https:\/\/amica.es\/es\/cumbre-del-clima-cop25-cocemfe-y-sus-entidades-analizan-las-relaciones-entre-cambio-climatico-y-discapacidad\/#breadcrumb","itemListElement":[{"@type":"ListItem","position":1,"name":"Portada","item":"https:\/\/amica.es\/es\/"},{"@type":"ListItem","position":2,"name":"Cumbre del Clima (COP25): COCEMFE y sus entidades analizan las relaciones entre cambio clim\u00e1tico y discapacidad"}]},{"@type":"WebSite","@id":"https:\/\/amica.es\/es\/#website","url":"https:\/\/amica.es\/es\/","name":"Amica - Descubriendo Capacidades","description":"Apoyando a personas con discapacidad desde 1984","publisher":{"@id":"https:\/\/amica.es\/es\/#organization"},"potentialAction":[{"@type":"SearchAction","target":{"@type":"EntryPoint","urlTemplate":"https:\/\/amica.es\/es\/?s={search_term_string}"},"query-input":{"@type":"PropertyValueSpecification","valueRequired":true,"valueName":"search_term_string"}}],"inLanguage":"es"},{"@type":"Organization","@id":"https:\/\/amica.es\/es\/#organization","name":"Asociaci\u00f3n Amica","url":"https:\/\/amica.es\/es\/","logo":{"@type":"ImageObject","inLanguage":"es","@id":"https:\/\/amica.es\/es\/#\/schema\/logo\/image\/","url":"https:\/\/amica.es\/es\/wp-content\/uploads\/2024\/07\/Amica-Logo.png","contentUrl":"https:\/\/amica.es\/es\/wp-content\/uploads\/2024\/07\/Amica-Logo.png","width":1653,"height":577,"caption":"Asociaci\u00f3n Amica"},"image":{"@id":"https:\/\/amica.es\/es\/#\/schema\/logo\/image\/"},"sameAs":["https:\/\/www.facebook.com\/amicaasociacion","https:\/\/x.com\/asociacionamica","https:\/\/www.youtube.com\/c\/asociacionamicacantabria","https:\/\/es.linkedin.com\/company\/asociacionamica?trk=similar-companies_org_title","https:\/\/www.instagram.com\/asociacionamica\/"]},{"@type":"Person","@id":"https:\/\/amica.es\/es\/#\/schema\/person\/e495a7dcb12dd9e3780a7b2abb2e5704","name":"Amica","image":{"@type":"ImageObject","inLanguage":"es","@id":"https:\/\/amica.es\/es\/#\/schema\/person\/image\/","url":"https:\/\/secure.gravatar.com\/avatar\/39bd48442d48bee2968f3dadf4bca67d9d073335a5c28953daa9c3339ca6b4dc?s=96&d=mm&r=g","contentUrl":"https:\/\/secure.gravatar.com\/avatar\/39bd48442d48bee2968f3dadf4bca67d9d073335a5c28953daa9c3339ca6b4dc?s=96&d=mm&r=g","caption":"Amica"},"url":"https:\/\/amica.es\/es\/author\/amcapaz84ica\/"}]}},"_links":{"self":[{"href":"https:\/\/amica.es\/es\/wp-json\/wp\/v2\/posts\/8190","targetHints":{"allow":["GET"]}}],"collection":[{"href":"https:\/\/amica.es\/es\/wp-json\/wp\/v2\/posts"}],"about":[{"href":"https:\/\/amica.es\/es\/wp-json\/wp\/v2\/types\/post"}],"author":[{"embeddable":true,"href":"https:\/\/amica.es\/es\/wp-json\/wp\/v2\/users\/3"}],"replies":[{"embeddable":true,"href":"https:\/\/amica.es\/es\/wp-json\/wp\/v2\/comments?post=8190"}],"version-history":[{"count":2,"href":"https:\/\/amica.es\/es\/wp-json\/wp\/v2\/posts\/8190\/revisions"}],"predecessor-version":[{"id":8197,"href":"https:\/\/amica.es\/es\/wp-json\/wp\/v2\/posts\/8190\/revisions\/8197"}],"wp:featuredmedia":[{"embeddable":true,"href":"https:\/\/amica.es\/es\/wp-json\/wp\/v2\/media\/8191"}],"wp:attachment":[{"href":"https:\/\/amica.es\/es\/wp-json\/wp\/v2\/media?parent=8190"}],"wp:term":[{"taxonomy":"category","embeddable":true,"href":"https:\/\/amica.es\/es\/wp-json\/wp\/v2\/categories?post=8190"},{"taxonomy":"post_tag","embeddable":true,"href":"https:\/\/amica.es\/es\/wp-json\/wp\/v2\/tags?post=8190"}],"curies":[{"name":"wp","href":"https:\/\/api.w.org\/{rel}","templated":true}]}}