{"id":8205,"date":"2019-12-16T11:31:12","date_gmt":"2019-12-16T09:31:12","guid":{"rendered":"https:\/\/amica.es\/es\/?p=8205"},"modified":"2019-12-16T11:31:12","modified_gmt":"2019-12-16T09:31:12","slug":"el-codigo-de-conducta-y-el-canal-de-denuncias-en-nuestra-web","status":"publish","type":"post","link":"https:\/\/amica.es\/es\/el-codigo-de-conducta-y-el-canal-de-denuncias-en-nuestra-web\/","title":{"rendered":"El C\u00f3digo de Conducta y el Canal de Denuncias en nuestra web."},"content":{"rendered":"<p>Recientemente se ha realizado una modificaci\u00f3n en nuestra p\u00e1gina web para incluir el C\u00f3digo de Conducta de Amica, Soemca y Saema y el obligado Canal de Denuncias.<\/p>\n<p>El C\u00f3digo de Conducta es un paso m\u00e1s all\u00e1 de nuestra Gu\u00eda de Buenas Pr\u00e1cticas que busca definir diferentes aspectos del Buen Gobierno de nuestra Asociaci\u00f3n.<\/p>\n<p>El Canal de Denuncias es parte de los requisitos exigidos en el C\u00f3digo Penal espa\u00f1ol para la prevenci\u00f3n de los delitos penales dentro de las empresas y organizaciones. Desde dicho Canal puedes plantear aquellas dudas o denuncias referidas al no cumplimiento de nuestro C\u00f3digo de Conducta o de la ley por parte de Amica o las personas que trabajamos en ella. Se incluye tambi\u00e9n en Procedimiento que regula dicho Canal.<\/p>\n<p>Para llegar a esta informaci\u00f3n puedes entrar en la pesta\u00f1a de Transparencia<\/p>\n<p>.<\/p>\n","protected":false},"excerpt":{"rendered":"<p>Recientemente se ha realizado una modificaci\u00f3n en nuestra p\u00e1gina web para incluir el C\u00f3digo de Conducta de Amica, Soemca y Saema y el obligado Canal de Denuncias. El C\u00f3digo de Conducta es un paso m\u00e1s all\u00e1 de nuestra Gu\u00eda de Buenas Pr\u00e1cticas que busca definir diferentes aspectos del Buen Gobierno de nuestra Asociaci\u00f3n. El Canal<br \/><a href=\"https:\/\/amica.es\/es\/el-codigo-de-conducta-y-el-canal-de-denuncias-en-nuestra-web\/\" class=\"more\">Read more<\/a><\/p>\n","protected":false},"author":3,"featured_media":8206,"comment_status":"open","ping_status":"open","sticky":false,"template":"","format":"standard","meta":{"_monsterinsights_skip_tracking":false,"_monsterinsights_sitenote_active":false,"_monsterinsights_sitenote_note":"","_monsterinsights_sitenote_category":0,"_joinchat":[],"footnotes":""},"categories":[27],"tags":[],"class_list":["post-8205","post","type-post","status-publish","format-standard","has-post-thumbnail","hentry","category-noticias-categoria"],"yoast_head":"<!-- This site is optimized with the Yoast SEO plugin v25.6 - https:\/\/yoast.com\/wordpress\/plugins\/seo\/ -->\n<title>El C\u00f3digo de Conducta y el Canal de Denuncias en nuestra web. - Amica - Descubriendo Capacidades<\/title>\n<meta name=\"robots\" content=\"index, follow, max-snippet:-1, max-image-preview:large, max-video-preview:-1\" \/>\n<link rel=\"canonical\" href=\"https:\/\/amica.es\/es\/el-codigo-de-conducta-y-el-canal-de-denuncias-en-nuestra-web\/\" \/>\n<meta property=\"og:locale\" content=\"es_ES\" \/>\n<meta property=\"og:type\" content=\"article\" \/>\n<meta property=\"og:title\" content=\"El C\u00f3digo de Conducta y el Canal de Denuncias en nuestra web. - Amica - Descubriendo Capacidades\" \/>\n<meta property=\"og:description\" content=\"Recientemente se ha realizado una modificaci\u00f3n en nuestra p\u00e1gina web para incluir el C\u00f3digo de Conducta de Amica, Soemca y Saema y el obligado Canal de Denuncias. El C\u00f3digo de Conducta es un paso m\u00e1s all\u00e1 de nuestra Gu\u00eda de Buenas Pr\u00e1cticas que busca definir diferentes aspectos del Buen Gobierno de nuestra Asociaci\u00f3n. El CanalRead more\" \/>\n<meta property=\"og:url\" content=\"https:\/\/amica.es\/es\/el-codigo-de-conducta-y-el-canal-de-denuncias-en-nuestra-web\/\" \/>\n<meta property=\"og:site_name\" content=\"Amica - Descubriendo Capacidades\" \/>\n<meta property=\"article:publisher\" content=\"https:\/\/www.facebook.com\/amicaasociacion\" \/>\n<meta property=\"article:published_time\" content=\"2019-12-16T09:31:12+00:00\" \/>\n<meta property=\"og:image\" content=\"https:\/\/amica.es\/es\/wp-content\/uploads\/2019\/12\/Nota-codigo-y-canal-en-la-web.jpg\" \/>\n\t<meta property=\"og:image:width\" content=\"1599\" \/>\n\t<meta property=\"og:image:height\" content=\"753\" \/>\n\t<meta property=\"og:image:type\" content=\"image\/jpeg\" \/>\n<meta name=\"author\" content=\"Amica\" \/>\n<meta name=\"twitter:card\" content=\"summary_large_image\" \/>\n<meta name=\"twitter:creator\" content=\"@asociacionamica\" \/>\n<meta name=\"twitter:site\" content=\"@asociacionamica\" \/>\n<meta name=\"twitter:label1\" content=\"Escrito por\" \/>\n\t<meta name=\"twitter:data1\" content=\"Amica\" \/>\n\t<meta name=\"twitter:label2\" content=\"Tiempo de lectura\" \/>\n\t<meta name=\"twitter:data2\" content=\"1 minuto\" \/>\n<script type=\"application\/ld+json\" class=\"yoast-schema-graph\">{\"@context\":\"https:\/\/schema.org\",\"@graph\":[{\"@type\":\"Article\",\"@id\":\"https:\/\/amica.es\/es\/el-codigo-de-conducta-y-el-canal-de-denuncias-en-nuestra-web\/#article\",\"isPartOf\":{\"@id\":\"https:\/\/amica.es\/es\/el-codigo-de-conducta-y-el-canal-de-denuncias-en-nuestra-web\/\"},\"author\":{\"name\":\"Amica\",\"@id\":\"https:\/\/amica.es\/es\/#\/schema\/person\/e495a7dcb12dd9e3780a7b2abb2e5704\"},\"headline\":\"El C\u00f3digo de Conducta y el Canal de Denuncias en nuestra web.\",\"datePublished\":\"2019-12-16T09:31:12+00:00\",\"mainEntityOfPage\":{\"@id\":\"https:\/\/amica.es\/es\/el-codigo-de-conducta-y-el-canal-de-denuncias-en-nuestra-web\/\"},\"wordCount\":163,\"commentCount\":0,\"publisher\":{\"@id\":\"https:\/\/amica.es\/es\/#organization\"},\"image\":{\"@id\":\"https:\/\/amica.es\/es\/el-codigo-de-conducta-y-el-canal-de-denuncias-en-nuestra-web\/#primaryimage\"},\"thumbnailUrl\":\"https:\/\/amica.es\/es\/wp-content\/uploads\/2019\/12\/Nota-codigo-y-canal-en-la-web.jpg\",\"articleSection\":[\"Noticias\"],\"inLanguage\":\"es\",\"potentialAction\":[{\"@type\":\"CommentAction\",\"name\":\"Comment\",\"target\":[\"https:\/\/amica.es\/es\/el-codigo-de-conducta-y-el-canal-de-denuncias-en-nuestra-web\/#respond\"]}]},{\"@type\":\"WebPage\",\"@id\":\"https:\/\/amica.es\/es\/el-codigo-de-conducta-y-el-canal-de-denuncias-en-nuestra-web\/\",\"url\":\"https:\/\/amica.es\/es\/el-codigo-de-conducta-y-el-canal-de-denuncias-en-nuestra-web\/\",\"name\":\"El C\u00f3digo de Conducta y el Canal de Denuncias en nuestra web. - Amica - Descubriendo Capacidades\",\"isPartOf\":{\"@id\":\"https:\/\/amica.es\/es\/#website\"},\"primaryImageOfPage\":{\"@id\":\"https:\/\/amica.es\/es\/el-codigo-de-conducta-y-el-canal-de-denuncias-en-nuestra-web\/#primaryimage\"},\"image\":{\"@id\":\"https:\/\/amica.es\/es\/el-codigo-de-conducta-y-el-canal-de-denuncias-en-nuestra-web\/#primaryimage\"},\"thumbnailUrl\":\"https:\/\/amica.es\/es\/wp-content\/uploads\/2019\/12\/Nota-codigo-y-canal-en-la-web.jpg\",\"datePublished\":\"2019-12-16T09:31:12+00:00\",\"breadcrumb\":{\"@id\":\"https:\/\/amica.es\/es\/el-codigo-de-conducta-y-el-canal-de-denuncias-en-nuestra-web\/#breadcrumb\"},\"inLanguage\":\"es\",\"potentialAction\":[{\"@type\":\"ReadAction\",\"target\":[\"https:\/\/amica.es\/es\/el-codigo-de-conducta-y-el-canal-de-denuncias-en-nuestra-web\/\"]}]},{\"@type\":\"ImageObject\",\"inLanguage\":\"es\",\"@id\":\"https:\/\/amica.es\/es\/el-codigo-de-conducta-y-el-canal-de-denuncias-en-nuestra-web\/#primaryimage\",\"url\":\"https:\/\/amica.es\/es\/wp-content\/uploads\/2019\/12\/Nota-codigo-y-canal-en-la-web.jpg\",\"contentUrl\":\"https:\/\/amica.es\/es\/wp-content\/uploads\/2019\/12\/Nota-codigo-y-canal-en-la-web.jpg\",\"width\":1599,\"height\":753,\"caption\":\"c\u00f3digo \u00e9tico y canal de denuncias\"},{\"@type\":\"BreadcrumbList\",\"@id\":\"https:\/\/amica.es\/es\/el-codigo-de-conducta-y-el-canal-de-denuncias-en-nuestra-web\/#breadcrumb\",\"itemListElement\":[{\"@type\":\"ListItem\",\"position\":1,\"name\":\"Portada\",\"item\":\"https:\/\/amica.es\/es\/\"},{\"@type\":\"ListItem\",\"position\":2,\"name\":\"El C\u00f3digo de Conducta y el Canal de Denuncias en nuestra web.\"}]},{\"@type\":\"WebSite\",\"@id\":\"https:\/\/amica.es\/es\/#website\",\"url\":\"https:\/\/amica.es\/es\/\",\"name\":\"Amica - Descubriendo Capacidades\",\"description\":\"Apoyando a personas con discapacidad desde 1984\",\"publisher\":{\"@id\":\"https:\/\/amica.es\/es\/#organization\"},\"potentialAction\":[{\"@type\":\"SearchAction\",\"target\":{\"@type\":\"EntryPoint\",\"urlTemplate\":\"https:\/\/amica.es\/es\/?s={search_term_string}\"},\"query-input\":{\"@type\":\"PropertyValueSpecification\",\"valueRequired\":true,\"valueName\":\"search_term_string\"}}],\"inLanguage\":\"es\"},{\"@type\":\"Organization\",\"@id\":\"https:\/\/amica.es\/es\/#organization\",\"name\":\"Asociaci\u00f3n Amica\",\"url\":\"https:\/\/amica.es\/es\/\",\"logo\":{\"@type\":\"ImageObject\",\"inLanguage\":\"es\",\"@id\":\"https:\/\/amica.es\/es\/#\/schema\/logo\/image\/\",\"url\":\"https:\/\/amica.es\/es\/wp-content\/uploads\/2024\/07\/Amica-Logo.png\",\"contentUrl\":\"https:\/\/amica.es\/es\/wp-content\/uploads\/2024\/07\/Amica-Logo.png\",\"width\":1653,\"height\":577,\"caption\":\"Asociaci\u00f3n Amica\"},\"image\":{\"@id\":\"https:\/\/amica.es\/es\/#\/schema\/logo\/image\/\"},\"sameAs\":[\"https:\/\/www.facebook.com\/amicaasociacion\",\"https:\/\/x.com\/asociacionamica\",\"https:\/\/www.youtube.com\/c\/asociacionamicacantabria\",\"https:\/\/es.linkedin.com\/company\/asociacionamica?trk=similar-companies_org_title\",\"https:\/\/www.instagram.com\/asociacionamica\/\"]},{\"@type\":\"Person\",\"@id\":\"https:\/\/amica.es\/es\/#\/schema\/person\/e495a7dcb12dd9e3780a7b2abb2e5704\",\"name\":\"Amica\",\"image\":{\"@type\":\"ImageObject\",\"inLanguage\":\"es\",\"@id\":\"https:\/\/amica.es\/es\/#\/schema\/person\/image\/\",\"url\":\"https:\/\/secure.gravatar.com\/avatar\/39bd48442d48bee2968f3dadf4bca67d9d073335a5c28953daa9c3339ca6b4dc?s=96&d=mm&r=g\",\"contentUrl\":\"https:\/\/secure.gravatar.com\/avatar\/39bd48442d48bee2968f3dadf4bca67d9d073335a5c28953daa9c3339ca6b4dc?s=96&d=mm&r=g\",\"caption\":\"Amica\"},\"url\":\"https:\/\/amica.es\/es\/author\/amcapaz84ica\/\"}]}<\/script>\n<!-- \/ Yoast SEO plugin. -->","yoast_head_json":{"title":"El C\u00f3digo de Conducta y el Canal de Denuncias en nuestra web. - Amica - Descubriendo Capacidades","robots":{"index":"index","follow":"follow","max-snippet":"max-snippet:-1","max-image-preview":"max-image-preview:large","max-video-preview":"max-video-preview:-1"},"canonical":"https:\/\/amica.es\/es\/el-codigo-de-conducta-y-el-canal-de-denuncias-en-nuestra-web\/","og_locale":"es_ES","og_type":"article","og_title":"El C\u00f3digo de Conducta y el Canal de Denuncias en nuestra web. - Amica - Descubriendo Capacidades","og_description":"Recientemente se ha realizado una modificaci\u00f3n en nuestra p\u00e1gina web para incluir el C\u00f3digo de Conducta de Amica, Soemca y Saema y el obligado Canal de Denuncias. El C\u00f3digo de Conducta es un paso m\u00e1s all\u00e1 de nuestra Gu\u00eda de Buenas Pr\u00e1cticas que busca definir diferentes aspectos del Buen Gobierno de nuestra Asociaci\u00f3n. El CanalRead more","og_url":"https:\/\/amica.es\/es\/el-codigo-de-conducta-y-el-canal-de-denuncias-en-nuestra-web\/","og_site_name":"Amica - Descubriendo Capacidades","article_publisher":"https:\/\/www.facebook.com\/amicaasociacion","article_published_time":"2019-12-16T09:31:12+00:00","og_image":[{"width":1599,"height":753,"url":"https:\/\/amica.es\/es\/wp-content\/uploads\/2019\/12\/Nota-codigo-y-canal-en-la-web.jpg","type":"image\/jpeg"}],"author":"Amica","twitter_card":"summary_large_image","twitter_creator":"@asociacionamica","twitter_site":"@asociacionamica","twitter_misc":{"Escrito por":"Amica","Tiempo de lectura":"1 minuto"},"schema":{"@context":"https:\/\/schema.org","@graph":[{"@type":"Article","@id":"https:\/\/amica.es\/es\/el-codigo-de-conducta-y-el-canal-de-denuncias-en-nuestra-web\/#article","isPartOf":{"@id":"https:\/\/amica.es\/es\/el-codigo-de-conducta-y-el-canal-de-denuncias-en-nuestra-web\/"},"author":{"name":"Amica","@id":"https:\/\/amica.es\/es\/#\/schema\/person\/e495a7dcb12dd9e3780a7b2abb2e5704"},"headline":"El C\u00f3digo de Conducta y el Canal de Denuncias en nuestra web.","datePublished":"2019-12-16T09:31:12+00:00","mainEntityOfPage":{"@id":"https:\/\/amica.es\/es\/el-codigo-de-conducta-y-el-canal-de-denuncias-en-nuestra-web\/"},"wordCount":163,"commentCount":0,"publisher":{"@id":"https:\/\/amica.es\/es\/#organization"},"image":{"@id":"https:\/\/amica.es\/es\/el-codigo-de-conducta-y-el-canal-de-denuncias-en-nuestra-web\/#primaryimage"},"thumbnailUrl":"https:\/\/amica.es\/es\/wp-content\/uploads\/2019\/12\/Nota-codigo-y-canal-en-la-web.jpg","articleSection":["Noticias"],"inLanguage":"es","potentialAction":[{"@type":"CommentAction","name":"Comment","target":["https:\/\/amica.es\/es\/el-codigo-de-conducta-y-el-canal-de-denuncias-en-nuestra-web\/#respond"]}]},{"@type":"WebPage","@id":"https:\/\/amica.es\/es\/el-codigo-de-conducta-y-el-canal-de-denuncias-en-nuestra-web\/","url":"https:\/\/amica.es\/es\/el-codigo-de-conducta-y-el-canal-de-denuncias-en-nuestra-web\/","name":"El C\u00f3digo de Conducta y el Canal de Denuncias en nuestra web. - Amica - Descubriendo Capacidades","isPartOf":{"@id":"https:\/\/amica.es\/es\/#website"},"primaryImageOfPage":{"@id":"https:\/\/amica.es\/es\/el-codigo-de-conducta-y-el-canal-de-denuncias-en-nuestra-web\/#primaryimage"},"image":{"@id":"https:\/\/amica.es\/es\/el-codigo-de-conducta-y-el-canal-de-denuncias-en-nuestra-web\/#primaryimage"},"thumbnailUrl":"https:\/\/amica.es\/es\/wp-content\/uploads\/2019\/12\/Nota-codigo-y-canal-en-la-web.jpg","datePublished":"2019-12-16T09:31:12+00:00","breadcrumb":{"@id":"https:\/\/amica.es\/es\/el-codigo-de-conducta-y-el-canal-de-denuncias-en-nuestra-web\/#breadcrumb"},"inLanguage":"es","potentialAction":[{"@type":"ReadAction","target":["https:\/\/amica.es\/es\/el-codigo-de-conducta-y-el-canal-de-denuncias-en-nuestra-web\/"]}]},{"@type":"ImageObject","inLanguage":"es","@id":"https:\/\/amica.es\/es\/el-codigo-de-conducta-y-el-canal-de-denuncias-en-nuestra-web\/#primaryimage","url":"https:\/\/amica.es\/es\/wp-content\/uploads\/2019\/12\/Nota-codigo-y-canal-en-la-web.jpg","contentUrl":"https:\/\/amica.es\/es\/wp-content\/uploads\/2019\/12\/Nota-codigo-y-canal-en-la-web.jpg","width":1599,"height":753,"caption":"c\u00f3digo \u00e9tico y canal de denuncias"},{"@type":"BreadcrumbList","@id":"https:\/\/amica.es\/es\/el-codigo-de-conducta-y-el-canal-de-denuncias-en-nuestra-web\/#breadcrumb","itemListElement":[{"@type":"ListItem","position":1,"name":"Portada","item":"https:\/\/amica.es\/es\/"},{"@type":"ListItem","position":2,"name":"El C\u00f3digo de Conducta y el Canal de Denuncias en nuestra web."}]},{"@type":"WebSite","@id":"https:\/\/amica.es\/es\/#website","url":"https:\/\/amica.es\/es\/","name":"Amica - Descubriendo Capacidades","description":"Apoyando a personas con discapacidad desde 1984","publisher":{"@id":"https:\/\/amica.es\/es\/#organization"},"potentialAction":[{"@type":"SearchAction","target":{"@type":"EntryPoint","urlTemplate":"https:\/\/amica.es\/es\/?s={search_term_string}"},"query-input":{"@type":"PropertyValueSpecification","valueRequired":true,"valueName":"search_term_string"}}],"inLanguage":"es"},{"@type":"Organization","@id":"https:\/\/amica.es\/es\/#organization","name":"Asociaci\u00f3n Amica","url":"https:\/\/amica.es\/es\/","logo":{"@type":"ImageObject","inLanguage":"es","@id":"https:\/\/amica.es\/es\/#\/schema\/logo\/image\/","url":"https:\/\/amica.es\/es\/wp-content\/uploads\/2024\/07\/Amica-Logo.png","contentUrl":"https:\/\/amica.es\/es\/wp-content\/uploads\/2024\/07\/Amica-Logo.png","width":1653,"height":577,"caption":"Asociaci\u00f3n Amica"},"image":{"@id":"https:\/\/amica.es\/es\/#\/schema\/logo\/image\/"},"sameAs":["https:\/\/www.facebook.com\/amicaasociacion","https:\/\/x.com\/asociacionamica","https:\/\/www.youtube.com\/c\/asociacionamicacantabria","https:\/\/es.linkedin.com\/company\/asociacionamica?trk=similar-companies_org_title","https:\/\/www.instagram.com\/asociacionamica\/"]},{"@type":"Person","@id":"https:\/\/amica.es\/es\/#\/schema\/person\/e495a7dcb12dd9e3780a7b2abb2e5704","name":"Amica","image":{"@type":"ImageObject","inLanguage":"es","@id":"https:\/\/amica.es\/es\/#\/schema\/person\/image\/","url":"https:\/\/secure.gravatar.com\/avatar\/39bd48442d48bee2968f3dadf4bca67d9d073335a5c28953daa9c3339ca6b4dc?s=96&d=mm&r=g","contentUrl":"https:\/\/secure.gravatar.com\/avatar\/39bd48442d48bee2968f3dadf4bca67d9d073335a5c28953daa9c3339ca6b4dc?s=96&d=mm&r=g","caption":"Amica"},"url":"https:\/\/amica.es\/es\/author\/amcapaz84ica\/"}]}},"_links":{"self":[{"href":"https:\/\/amica.es\/es\/wp-json\/wp\/v2\/posts\/8205","targetHints":{"allow":["GET"]}}],"collection":[{"href":"https:\/\/amica.es\/es\/wp-json\/wp\/v2\/posts"}],"about":[{"href":"https:\/\/amica.es\/es\/wp-json\/wp\/v2\/types\/post"}],"author":[{"embeddable":true,"href":"https:\/\/amica.es\/es\/wp-json\/wp\/v2\/users\/3"}],"replies":[{"embeddable":true,"href":"https:\/\/amica.es\/es\/wp-json\/wp\/v2\/comments?post=8205"}],"version-history":[{"count":1,"href":"https:\/\/amica.es\/es\/wp-json\/wp\/v2\/posts\/8205\/revisions"}],"predecessor-version":[{"id":8207,"href":"https:\/\/amica.es\/es\/wp-json\/wp\/v2\/posts\/8205\/revisions\/8207"}],"wp:featuredmedia":[{"embeddable":true,"href":"https:\/\/amica.es\/es\/wp-json\/wp\/v2\/media\/8206"}],"wp:attachment":[{"href":"https:\/\/amica.es\/es\/wp-json\/wp\/v2\/media?parent=8205"}],"wp:term":[{"taxonomy":"category","embeddable":true,"href":"https:\/\/amica.es\/es\/wp-json\/wp\/v2\/categories?post=8205"},{"taxonomy":"post_tag","embeddable":true,"href":"https:\/\/amica.es\/es\/wp-json\/wp\/v2\/tags?post=8205"}],"curies":[{"name":"wp","href":"https:\/\/api.w.org\/{rel}","templated":true}]}}