{"id":8210,"date":"2019-12-19T15:09:58","date_gmt":"2019-12-19T13:09:58","guid":{"rendered":"https:\/\/amica.es\/es\/?p=8210"},"modified":"2019-12-19T15:09:58","modified_gmt":"2019-12-19T13:09:58","slug":"amica-volvio-a-reconocer-el-compromiso-con-amica-de-personas-y-entidades","status":"publish","type":"post","link":"https:\/\/amica.es\/es\/amica-volvio-a-reconocer-el-compromiso-con-amica-de-personas-y-entidades\/","title":{"rendered":"Amica volvi\u00f3 a reconocer el \u201cCompromiso con Amica\u201d de personas y entidades"},"content":{"rendered":"<div class=\"wpb-content-wrapper\">[vc_row][vc_column][vc_column_text]El 17 de diciembre hemos vuelto a celebrar el acto \u201cCompromiso con Amica\u201d.<\/p>\n<p>Amica con este acto quiere dar las gracias y reconocer el compromiso de entidades y personas entidades y personas que tienen una trayectoria de colaboraci\u00f3n con Amica, muy importante para que pueda cumplir con su misi\u00f3n de \u201cDescubrir capacidades\u201d y seguir innovando y avanzando para dar nuevas oportunidades.<\/p>\n<p>Este es el segundo a\u00f1o que celebramos este acto y nos acompa\u00f1aron tambi\u00e9n muchas de las personas y entidades reconocidas en la primera edici\u00f3n.<\/p>\n<p>Cada a\u00f1o se suman m\u00e1s personas y entidades a colaborar con el proyecto de Amica y juntos contribuimos a alcanzar los Objetivos de Desarrollo Sostenible para \u201cQue nadie se quede atr\u00e1s\u201d.<\/p>\n<p>En el acto el director-gerente, Tom\u00e1s Castillo, hizo balance de los logros alcanzados por Amica, que mantiene una plantilla de m\u00e1s de 600 personas de media anual, en los servicios de confecci\u00f3n, lavander\u00eda, tratamiento de residuos, mantenimiento del medio ambiente; adem\u00e1s de los apoyos a las personas. Este modelo de econom\u00eda social est\u00e1 demostrando a\u00f1o tras a\u00f1o sus resultados creando oportunidades. Tambi\u00e9n se expusieron los retos de nuevos proyectos ya en marcha como la mecanizaci\u00f3n de la planta de reciclaje, o la instalaci\u00f3n de paneles solares en numerosos centros, el desarrollo del \u00a0Campus Diversia en Valencia, o la propuesta de crear un Parque tem\u00e1tico sobre la prehistoria de Cantabria.<\/p>\n<p>La responsabilidad social es algo ya consolidado en nuestra sociedad y muestra de ello son las numerosas personas que nos acompa\u00f1aron representando a empresas que son un claro ejemplo de ello. Este a\u00f1o se reconoci\u00f3 a Aldro, Bankia &#8211; Fundaci\u00f3n Bancaja, Centro deportivo BeUp , Copsesa, Fundaci\u00f3n La Caixa, Fundaci\u00f3n Telef\u00f3nica, Hotel Rovac\u00edas, Leroy Merl\u00edn tienda de Torrelavega, NetBoss Comunicaciones, Quesoba, Saica, Sobaos Josel\u00edn y Veolia.<\/p>\n<p>Tambi\u00e9n se reconoci\u00f3 a las empresas que dan oportunidades de empleo, bien confiando en las capacidades de las personas y en la labor de intermediaci\u00f3n laboral de Amica contratando a personas con discapacidad o bien apostando por nuestros productos y servicios elaborados en nuestros centros especiales de empleo, SOEMCA, SAEMA y Diversia Empleo, colaboraci\u00f3n clave para la misi\u00f3n de Amica .Y fueron reconocidos Hospital Santa Clotilde, Palomera Obras y Proyectos SL, Sergema y Solvay.<\/p>\n<p>Muchas son las entidades que colaboran con Amica en la construcci\u00f3n de una sociedad comprometida y solidaria. Entidades culturales, deportivas, de la comunicaci\u00f3n, gastron\u00f3micas ponen al servicio de la sociedad sus objetivos para promover valores e iniciativas solidarias. Por las iniciativas impulsadas se reconoci\u00f3 a Agrupaci\u00f3n Pulso y p\u00faa, Campo de Golf Rovac\u00edas, Coral Sardinero, Diario Monta\u00f1\u00e9s, Harley Davidson, HC Monta\u00f1\u00e9s, Sociedad C\u00e1ntabra de Escritores, Sociedad Gastron\u00f3mica El Zapico y Teiba.<\/p>\n<p>Adem\u00e1s de entidades colaboradoras, Amica quiso reconocer a personas, que de manera voluntaria siempre est\u00e1n dispuestas a compartir su tiempo y su saber hacer. Gracias a ellas los resultados del proyecto son posibles. Y se reconoci\u00f3 la labor callada de Ana Fern\u00e1ndez Laviada, Charo Bedia, Fran Stanford, Juan de Dios, Juli\u00e1n de la Torre, Miguel Rinc\u00f3n y Olga Fern\u00e1ndez<\/p>\n<p>Por ultimo la presidenta de Amica, Mercedes del Hoyo, agradeci\u00f3 en nombre de las familias los apoyos de tantas personas, para comprobar que ante las dificultades hay siempre personas dispuestas a nuestro lado.<\/p>\n<p>Tuvo un recuerdo para los inicios del proyecto y la uni\u00f3n de dos deseos: el de las familias de que se hiciera algo con sus hijos y el de un equipo de profesionales con ganas de cambiar las cosas, -\u201ccon los a\u00f1os compruebo que sigo, rodeada de gente para la que la ilusi\u00f3n y el compromiso son el motor de todo el proyecto. Ese compromiso e ilusi\u00f3n que tambi\u00e9n percibo en todas las personas que hoy nos acompa\u00f1an. Hoy hemos agradecido y reconocido la colaboraci\u00f3n de numerosas personas y entidades que se suman a nuestra valiosa lista de personas comprometidas con Amica, que ya reconocimos el a\u00f1o pasado, algunas de las cuales nos acompa\u00f1an tambi\u00e9n este a\u00f1o y a las que reitero el agradecimiento\u201d-, manifest\u00f3 cerrando el acto.[\/vc_column_text]<div class=\"rd_img_gallery_ctn clearfix\" style=\"margin:0px auto 0px;\"><a class=\"ig_col_4 \" href=\"https:\/\/amica.es\/es\/wp-content\/uploads\/2019\/12\/DSC00006-1024x682.jpg\"  rel=\"prettyPhoto[rel-1837285611]\" ><img loading=\"lazy\" decoding=\"async\" width=\"1170\" height=\"779\" src=\"https:\/\/amica.es\/es\/wp-content\/uploads\/2019\/12\/DSC00006.jpg\" class=\"attachment-full\" alt=\"Amica volvi\u00f3 a reconocer el \u201cCompromiso con Amica\u201d de personas y entidades\" title=\"Amica volvi\u00f3 a reconocer el \u201cCompromiso con Amica\u201d de personas y entidades\" srcset=\"https:\/\/amica.es\/es\/wp-content\/uploads\/2019\/12\/DSC00006.jpg 1170w, https:\/\/amica.es\/es\/wp-content\/uploads\/2019\/12\/DSC00006-535x356.jpg 535w, https:\/\/amica.es\/es\/wp-content\/uploads\/2019\/12\/DSC00006-1024x682.jpg 1024w, https:\/\/amica.es\/es\/wp-content\/uploads\/2019\/12\/DSC00006-300x200.jpg 300w\" sizes=\"auto, (max-width: 1170px) 100vw, 1170px\" \/><\/a><a class=\"ig_col_4 \" href=\"https:\/\/amica.es\/es\/wp-content\/uploads\/2019\/12\/DSC09864-1024x682.jpg\"  rel=\"prettyPhoto[rel-1837285611]\" ><img loading=\"lazy\" decoding=\"async\" width=\"1170\" height=\"779\" src=\"https:\/\/amica.es\/es\/wp-content\/uploads\/2019\/12\/DSC09864.jpg\" class=\"attachment-full\" alt=\"Amica volvi\u00f3 a reconocer el \u201cCompromiso con Amica\u201d de personas y entidades\" title=\"Amica volvi\u00f3 a reconocer el \u201cCompromiso con Amica\u201d de personas y entidades\" srcset=\"https:\/\/amica.es\/es\/wp-content\/uploads\/2019\/12\/DSC09864.jpg 1170w, https:\/\/amica.es\/es\/wp-content\/uploads\/2019\/12\/DSC09864-535x356.jpg 535w, https:\/\/amica.es\/es\/wp-content\/uploads\/2019\/12\/DSC09864-1024x682.jpg 1024w, https:\/\/amica.es\/es\/wp-content\/uploads\/2019\/12\/DSC09864-300x200.jpg 300w\" sizes=\"auto, (max-width: 1170px) 100vw, 1170px\" \/><\/a><a class=\"ig_col_4 \" href=\"https:\/\/amica.es\/es\/wp-content\/uploads\/2019\/12\/DSC09876-1024x682.jpg\"  rel=\"prettyPhoto[rel-1837285611]\" ><img loading=\"lazy\" decoding=\"async\" width=\"1170\" height=\"779\" src=\"https:\/\/amica.es\/es\/wp-content\/uploads\/2019\/12\/DSC09876.jpg\" class=\"attachment-full\" alt=\"Amica volvi\u00f3 a reconocer el \u201cCompromiso con Amica\u201d de personas y entidades\" title=\"Amica volvi\u00f3 a reconocer el \u201cCompromiso con Amica\u201d de personas y entidades\" srcset=\"https:\/\/amica.es\/es\/wp-content\/uploads\/2019\/12\/DSC09876.jpg 1170w, https:\/\/amica.es\/es\/wp-content\/uploads\/2019\/12\/DSC09876-535x356.jpg 535w, https:\/\/amica.es\/es\/wp-content\/uploads\/2019\/12\/DSC09876-1024x682.jpg 1024w, https:\/\/amica.es\/es\/wp-content\/uploads\/2019\/12\/DSC09876-300x200.jpg 300w\" sizes=\"auto, (max-width: 1170px) 100vw, 1170px\" \/><\/a><a class=\"ig_col_4 \" href=\"https:\/\/amica.es\/es\/wp-content\/uploads\/2019\/12\/DSC09977-1024x682.jpg\"  rel=\"prettyPhoto[rel-1837285611]\" ><img loading=\"lazy\" decoding=\"async\" width=\"1170\" height=\"779\" src=\"https:\/\/amica.es\/es\/wp-content\/uploads\/2019\/12\/DSC09977.jpg\" class=\"attachment-full\" alt=\"Amica volvi\u00f3 a reconocer el \u201cCompromiso con Amica\u201d de personas y entidades\" title=\"Amica volvi\u00f3 a reconocer el \u201cCompromiso con Amica\u201d de personas y entidades\" srcset=\"https:\/\/amica.es\/es\/wp-content\/uploads\/2019\/12\/DSC09977.jpg 1170w, https:\/\/amica.es\/es\/wp-content\/uploads\/2019\/12\/DSC09977-535x356.jpg 535w, https:\/\/amica.es\/es\/wp-content\/uploads\/2019\/12\/DSC09977-1024x682.jpg 1024w, https:\/\/amica.es\/es\/wp-content\/uploads\/2019\/12\/DSC09977-300x200.jpg 300w\" sizes=\"auto, (max-width: 1170px) 100vw, 1170px\" \/><\/a><\/div>[\/vc_column][\/vc_row]\n<\/div>","protected":false},"excerpt":{"rendered":"<p>[vc_row][vc_column][vc_column_text]El 17 de diciembre hemos vuelto a celebrar el acto \u201cCompromiso con Amica\u201d. Amica con este acto quiere dar las gracias y reconocer el compromiso de entidades y personas entidades y personas que tienen una trayectoria de colaboraci\u00f3n con Amica, muy importante para que pueda cumplir con su misi\u00f3n de \u201cDescubrir capacidades\u201d y seguir innovando<br \/><a href=\"https:\/\/amica.es\/es\/amica-volvio-a-reconocer-el-compromiso-con-amica-de-personas-y-entidades\/\" class=\"more\">Read more<\/a><\/p>\n","protected":false},"author":3,"featured_media":8212,"comment_status":"open","ping_status":"open","sticky":false,"template":"","format":"standard","meta":{"_monsterinsights_skip_tracking":false,"_monsterinsights_sitenote_active":false,"_monsterinsights_sitenote_note":"","_monsterinsights_sitenote_category":0,"_joinchat":[],"footnotes":""},"categories":[27],"tags":[],"class_list":["post-8210","post","type-post","status-publish","format-standard","has-post-thumbnail","hentry","category-noticias-categoria"],"yoast_head":"<!-- This site is optimized with the Yoast SEO plugin v25.6 - https:\/\/yoast.com\/wordpress\/plugins\/seo\/ -->\n<title>Amica volvi\u00f3 a reconocer el \u201cCompromiso con Amica\u201d de personas y entidades - Amica - Descubriendo Capacidades<\/title>\n<meta name=\"robots\" content=\"index, follow, max-snippet:-1, max-image-preview:large, max-video-preview:-1\" \/>\n<link rel=\"canonical\" href=\"https:\/\/amica.es\/es\/amica-volvio-a-reconocer-el-compromiso-con-amica-de-personas-y-entidades\/\" \/>\n<meta property=\"og:locale\" content=\"es_ES\" \/>\n<meta property=\"og:type\" content=\"article\" \/>\n<meta property=\"og:title\" content=\"Amica volvi\u00f3 a reconocer el \u201cCompromiso con Amica\u201d de personas y entidades - Amica - Descubriendo Capacidades\" \/>\n<meta property=\"og:description\" content=\"[vc_row][vc_column][vc_column_text]El 17 de diciembre hemos vuelto a celebrar el acto \u201cCompromiso con Amica\u201d. Amica con este acto quiere dar las gracias y reconocer el compromiso de entidades y personas entidades y personas que tienen una trayectoria de colaboraci\u00f3n con Amica, muy importante para que pueda cumplir con su misi\u00f3n de \u201cDescubrir capacidades\u201d y seguir innovandoRead more\" \/>\n<meta property=\"og:url\" content=\"https:\/\/amica.es\/es\/amica-volvio-a-reconocer-el-compromiso-con-amica-de-personas-y-entidades\/\" \/>\n<meta property=\"og:site_name\" content=\"Amica - Descubriendo Capacidades\" \/>\n<meta property=\"article:publisher\" content=\"https:\/\/www.facebook.com\/amicaasociacion\" \/>\n<meta property=\"article:published_time\" content=\"2019-12-19T13:09:58+00:00\" \/>\n<meta property=\"og:image\" content=\"https:\/\/amica.es\/es\/wp-content\/uploads\/2019\/12\/DSC09866.jpg\" \/>\n\t<meta property=\"og:image:width\" content=\"1170\" \/>\n\t<meta property=\"og:image:height\" content=\"523\" \/>\n\t<meta property=\"og:image:type\" content=\"image\/jpeg\" \/>\n<meta name=\"author\" content=\"Amica\" \/>\n<meta name=\"twitter:card\" content=\"summary_large_image\" \/>\n<meta name=\"twitter:creator\" content=\"@asociacionamica\" \/>\n<meta name=\"twitter:site\" content=\"@asociacionamica\" \/>\n<meta name=\"twitter:label1\" content=\"Escrito por\" \/>\n\t<meta name=\"twitter:data1\" content=\"Amica\" \/>\n\t<meta name=\"twitter:label2\" content=\"Tiempo de lectura\" \/>\n\t<meta name=\"twitter:data2\" content=\"4 minutos\" \/>\n<script type=\"application\/ld+json\" class=\"yoast-schema-graph\">{\"@context\":\"https:\/\/schema.org\",\"@graph\":[{\"@type\":\"Article\",\"@id\":\"https:\/\/amica.es\/es\/amica-volvio-a-reconocer-el-compromiso-con-amica-de-personas-y-entidades\/#article\",\"isPartOf\":{\"@id\":\"https:\/\/amica.es\/es\/amica-volvio-a-reconocer-el-compromiso-con-amica-de-personas-y-entidades\/\"},\"author\":{\"name\":\"Amica\",\"@id\":\"https:\/\/amica.es\/es\/#\/schema\/person\/e495a7dcb12dd9e3780a7b2abb2e5704\"},\"headline\":\"Amica volvi\u00f3 a reconocer el \u201cCompromiso con Amica\u201d de personas y entidades\",\"datePublished\":\"2019-12-19T13:09:58+00:00\",\"mainEntityOfPage\":{\"@id\":\"https:\/\/amica.es\/es\/amica-volvio-a-reconocer-el-compromiso-con-amica-de-personas-y-entidades\/\"},\"wordCount\":751,\"commentCount\":0,\"publisher\":{\"@id\":\"https:\/\/amica.es\/es\/#organization\"},\"image\":{\"@id\":\"https:\/\/amica.es\/es\/amica-volvio-a-reconocer-el-compromiso-con-amica-de-personas-y-entidades\/#primaryimage\"},\"thumbnailUrl\":\"https:\/\/amica.es\/es\/wp-content\/uploads\/2019\/12\/DSC09866.jpg\",\"articleSection\":[\"Noticias\"],\"inLanguage\":\"es\",\"potentialAction\":[{\"@type\":\"CommentAction\",\"name\":\"Comment\",\"target\":[\"https:\/\/amica.es\/es\/amica-volvio-a-reconocer-el-compromiso-con-amica-de-personas-y-entidades\/#respond\"]}]},{\"@type\":\"WebPage\",\"@id\":\"https:\/\/amica.es\/es\/amica-volvio-a-reconocer-el-compromiso-con-amica-de-personas-y-entidades\/\",\"url\":\"https:\/\/amica.es\/es\/amica-volvio-a-reconocer-el-compromiso-con-amica-de-personas-y-entidades\/\",\"name\":\"Amica volvi\u00f3 a reconocer el \u201cCompromiso con Amica\u201d de personas y entidades - Amica - Descubriendo Capacidades\",\"isPartOf\":{\"@id\":\"https:\/\/amica.es\/es\/#website\"},\"primaryImageOfPage\":{\"@id\":\"https:\/\/amica.es\/es\/amica-volvio-a-reconocer-el-compromiso-con-amica-de-personas-y-entidades\/#primaryimage\"},\"image\":{\"@id\":\"https:\/\/amica.es\/es\/amica-volvio-a-reconocer-el-compromiso-con-amica-de-personas-y-entidades\/#primaryimage\"},\"thumbnailUrl\":\"https:\/\/amica.es\/es\/wp-content\/uploads\/2019\/12\/DSC09866.jpg\",\"datePublished\":\"2019-12-19T13:09:58+00:00\",\"breadcrumb\":{\"@id\":\"https:\/\/amica.es\/es\/amica-volvio-a-reconocer-el-compromiso-con-amica-de-personas-y-entidades\/#breadcrumb\"},\"inLanguage\":\"es\",\"potentialAction\":[{\"@type\":\"ReadAction\",\"target\":[\"https:\/\/amica.es\/es\/amica-volvio-a-reconocer-el-compromiso-con-amica-de-personas-y-entidades\/\"]}]},{\"@type\":\"ImageObject\",\"inLanguage\":\"es\",\"@id\":\"https:\/\/amica.es\/es\/amica-volvio-a-reconocer-el-compromiso-con-amica-de-personas-y-entidades\/#primaryimage\",\"url\":\"https:\/\/amica.es\/es\/wp-content\/uploads\/2019\/12\/DSC09866.jpg\",\"contentUrl\":\"https:\/\/amica.es\/es\/wp-content\/uploads\/2019\/12\/DSC09866.jpg\",\"width\":1170,\"height\":523,\"caption\":\"Amica volvi\u00f3 a reconocer el \u201cCompromiso con Amica\u201d de personas y entidades\"},{\"@type\":\"BreadcrumbList\",\"@id\":\"https:\/\/amica.es\/es\/amica-volvio-a-reconocer-el-compromiso-con-amica-de-personas-y-entidades\/#breadcrumb\",\"itemListElement\":[{\"@type\":\"ListItem\",\"position\":1,\"name\":\"Portada\",\"item\":\"https:\/\/amica.es\/es\/\"},{\"@type\":\"ListItem\",\"position\":2,\"name\":\"Amica volvi\u00f3 a reconocer el \u201cCompromiso con Amica\u201d de personas y entidades\"}]},{\"@type\":\"WebSite\",\"@id\":\"https:\/\/amica.es\/es\/#website\",\"url\":\"https:\/\/amica.es\/es\/\",\"name\":\"Amica - Descubriendo Capacidades\",\"description\":\"Apoyando a personas con discapacidad desde 1984\",\"publisher\":{\"@id\":\"https:\/\/amica.es\/es\/#organization\"},\"potentialAction\":[{\"@type\":\"SearchAction\",\"target\":{\"@type\":\"EntryPoint\",\"urlTemplate\":\"https:\/\/amica.es\/es\/?s={search_term_string}\"},\"query-input\":{\"@type\":\"PropertyValueSpecification\",\"valueRequired\":true,\"valueName\":\"search_term_string\"}}],\"inLanguage\":\"es\"},{\"@type\":\"Organization\",\"@id\":\"https:\/\/amica.es\/es\/#organization\",\"name\":\"Asociaci\u00f3n Amica\",\"url\":\"https:\/\/amica.es\/es\/\",\"logo\":{\"@type\":\"ImageObject\",\"inLanguage\":\"es\",\"@id\":\"https:\/\/amica.es\/es\/#\/schema\/logo\/image\/\",\"url\":\"https:\/\/amica.es\/es\/wp-content\/uploads\/2024\/07\/Amica-Logo.png\",\"contentUrl\":\"https:\/\/amica.es\/es\/wp-content\/uploads\/2024\/07\/Amica-Logo.png\",\"width\":1653,\"height\":577,\"caption\":\"Asociaci\u00f3n Amica\"},\"image\":{\"@id\":\"https:\/\/amica.es\/es\/#\/schema\/logo\/image\/\"},\"sameAs\":[\"https:\/\/www.facebook.com\/amicaasociacion\",\"https:\/\/x.com\/asociacionamica\",\"https:\/\/www.youtube.com\/c\/asociacionamicacantabria\",\"https:\/\/es.linkedin.com\/company\/asociacionamica?trk=similar-companies_org_title\",\"https:\/\/www.instagram.com\/asociacionamica\/\"]},{\"@type\":\"Person\",\"@id\":\"https:\/\/amica.es\/es\/#\/schema\/person\/e495a7dcb12dd9e3780a7b2abb2e5704\",\"name\":\"Amica\",\"image\":{\"@type\":\"ImageObject\",\"inLanguage\":\"es\",\"@id\":\"https:\/\/amica.es\/es\/#\/schema\/person\/image\/\",\"url\":\"https:\/\/secure.gravatar.com\/avatar\/39bd48442d48bee2968f3dadf4bca67d9d073335a5c28953daa9c3339ca6b4dc?s=96&d=mm&r=g\",\"contentUrl\":\"https:\/\/secure.gravatar.com\/avatar\/39bd48442d48bee2968f3dadf4bca67d9d073335a5c28953daa9c3339ca6b4dc?s=96&d=mm&r=g\",\"caption\":\"Amica\"},\"url\":\"https:\/\/amica.es\/es\/author\/amcapaz84ica\/\"}]}<\/script>\n<!-- \/ Yoast SEO plugin. -->","yoast_head_json":{"title":"Amica volvi\u00f3 a reconocer el \u201cCompromiso con Amica\u201d de personas y entidades - Amica - Descubriendo Capacidades","robots":{"index":"index","follow":"follow","max-snippet":"max-snippet:-1","max-image-preview":"max-image-preview:large","max-video-preview":"max-video-preview:-1"},"canonical":"https:\/\/amica.es\/es\/amica-volvio-a-reconocer-el-compromiso-con-amica-de-personas-y-entidades\/","og_locale":"es_ES","og_type":"article","og_title":"Amica volvi\u00f3 a reconocer el \u201cCompromiso con Amica\u201d de personas y entidades - Amica - Descubriendo Capacidades","og_description":"[vc_row][vc_column][vc_column_text]El 17 de diciembre hemos vuelto a celebrar el acto \u201cCompromiso con Amica\u201d. Amica con este acto quiere dar las gracias y reconocer el compromiso de entidades y personas entidades y personas que tienen una trayectoria de colaboraci\u00f3n con Amica, muy importante para que pueda cumplir con su misi\u00f3n de \u201cDescubrir capacidades\u201d y seguir innovandoRead more","og_url":"https:\/\/amica.es\/es\/amica-volvio-a-reconocer-el-compromiso-con-amica-de-personas-y-entidades\/","og_site_name":"Amica - Descubriendo Capacidades","article_publisher":"https:\/\/www.facebook.com\/amicaasociacion","article_published_time":"2019-12-19T13:09:58+00:00","og_image":[{"width":1170,"height":523,"url":"https:\/\/amica.es\/es\/wp-content\/uploads\/2019\/12\/DSC09866.jpg","type":"image\/jpeg"}],"author":"Amica","twitter_card":"summary_large_image","twitter_creator":"@asociacionamica","twitter_site":"@asociacionamica","twitter_misc":{"Escrito por":"Amica","Tiempo de lectura":"4 minutos"},"schema":{"@context":"https:\/\/schema.org","@graph":[{"@type":"Article","@id":"https:\/\/amica.es\/es\/amica-volvio-a-reconocer-el-compromiso-con-amica-de-personas-y-entidades\/#article","isPartOf":{"@id":"https:\/\/amica.es\/es\/amica-volvio-a-reconocer-el-compromiso-con-amica-de-personas-y-entidades\/"},"author":{"name":"Amica","@id":"https:\/\/amica.es\/es\/#\/schema\/person\/e495a7dcb12dd9e3780a7b2abb2e5704"},"headline":"Amica volvi\u00f3 a reconocer el \u201cCompromiso con Amica\u201d de personas y entidades","datePublished":"2019-12-19T13:09:58+00:00","mainEntityOfPage":{"@id":"https:\/\/amica.es\/es\/amica-volvio-a-reconocer-el-compromiso-con-amica-de-personas-y-entidades\/"},"wordCount":751,"commentCount":0,"publisher":{"@id":"https:\/\/amica.es\/es\/#organization"},"image":{"@id":"https:\/\/amica.es\/es\/amica-volvio-a-reconocer-el-compromiso-con-amica-de-personas-y-entidades\/#primaryimage"},"thumbnailUrl":"https:\/\/amica.es\/es\/wp-content\/uploads\/2019\/12\/DSC09866.jpg","articleSection":["Noticias"],"inLanguage":"es","potentialAction":[{"@type":"CommentAction","name":"Comment","target":["https:\/\/amica.es\/es\/amica-volvio-a-reconocer-el-compromiso-con-amica-de-personas-y-entidades\/#respond"]}]},{"@type":"WebPage","@id":"https:\/\/amica.es\/es\/amica-volvio-a-reconocer-el-compromiso-con-amica-de-personas-y-entidades\/","url":"https:\/\/amica.es\/es\/amica-volvio-a-reconocer-el-compromiso-con-amica-de-personas-y-entidades\/","name":"Amica volvi\u00f3 a reconocer el \u201cCompromiso con Amica\u201d de personas y entidades - Amica - Descubriendo Capacidades","isPartOf":{"@id":"https:\/\/amica.es\/es\/#website"},"primaryImageOfPage":{"@id":"https:\/\/amica.es\/es\/amica-volvio-a-reconocer-el-compromiso-con-amica-de-personas-y-entidades\/#primaryimage"},"image":{"@id":"https:\/\/amica.es\/es\/amica-volvio-a-reconocer-el-compromiso-con-amica-de-personas-y-entidades\/#primaryimage"},"thumbnailUrl":"https:\/\/amica.es\/es\/wp-content\/uploads\/2019\/12\/DSC09866.jpg","datePublished":"2019-12-19T13:09:58+00:00","breadcrumb":{"@id":"https:\/\/amica.es\/es\/amica-volvio-a-reconocer-el-compromiso-con-amica-de-personas-y-entidades\/#breadcrumb"},"inLanguage":"es","potentialAction":[{"@type":"ReadAction","target":["https:\/\/amica.es\/es\/amica-volvio-a-reconocer-el-compromiso-con-amica-de-personas-y-entidades\/"]}]},{"@type":"ImageObject","inLanguage":"es","@id":"https:\/\/amica.es\/es\/amica-volvio-a-reconocer-el-compromiso-con-amica-de-personas-y-entidades\/#primaryimage","url":"https:\/\/amica.es\/es\/wp-content\/uploads\/2019\/12\/DSC09866.jpg","contentUrl":"https:\/\/amica.es\/es\/wp-content\/uploads\/2019\/12\/DSC09866.jpg","width":1170,"height":523,"caption":"Amica volvi\u00f3 a reconocer el \u201cCompromiso con Amica\u201d de personas y entidades"},{"@type":"BreadcrumbList","@id":"https:\/\/amica.es\/es\/amica-volvio-a-reconocer-el-compromiso-con-amica-de-personas-y-entidades\/#breadcrumb","itemListElement":[{"@type":"ListItem","position":1,"name":"Portada","item":"https:\/\/amica.es\/es\/"},{"@type":"ListItem","position":2,"name":"Amica volvi\u00f3 a reconocer el \u201cCompromiso con Amica\u201d de personas y entidades"}]},{"@type":"WebSite","@id":"https:\/\/amica.es\/es\/#website","url":"https:\/\/amica.es\/es\/","name":"Amica - Descubriendo Capacidades","description":"Apoyando a personas con discapacidad desde 1984","publisher":{"@id":"https:\/\/amica.es\/es\/#organization"},"potentialAction":[{"@type":"SearchAction","target":{"@type":"EntryPoint","urlTemplate":"https:\/\/amica.es\/es\/?s={search_term_string}"},"query-input":{"@type":"PropertyValueSpecification","valueRequired":true,"valueName":"search_term_string"}}],"inLanguage":"es"},{"@type":"Organization","@id":"https:\/\/amica.es\/es\/#organization","name":"Asociaci\u00f3n Amica","url":"https:\/\/amica.es\/es\/","logo":{"@type":"ImageObject","inLanguage":"es","@id":"https:\/\/amica.es\/es\/#\/schema\/logo\/image\/","url":"https:\/\/amica.es\/es\/wp-content\/uploads\/2024\/07\/Amica-Logo.png","contentUrl":"https:\/\/amica.es\/es\/wp-content\/uploads\/2024\/07\/Amica-Logo.png","width":1653,"height":577,"caption":"Asociaci\u00f3n Amica"},"image":{"@id":"https:\/\/amica.es\/es\/#\/schema\/logo\/image\/"},"sameAs":["https:\/\/www.facebook.com\/amicaasociacion","https:\/\/x.com\/asociacionamica","https:\/\/www.youtube.com\/c\/asociacionamicacantabria","https:\/\/es.linkedin.com\/company\/asociacionamica?trk=similar-companies_org_title","https:\/\/www.instagram.com\/asociacionamica\/"]},{"@type":"Person","@id":"https:\/\/amica.es\/es\/#\/schema\/person\/e495a7dcb12dd9e3780a7b2abb2e5704","name":"Amica","image":{"@type":"ImageObject","inLanguage":"es","@id":"https:\/\/amica.es\/es\/#\/schema\/person\/image\/","url":"https:\/\/secure.gravatar.com\/avatar\/39bd48442d48bee2968f3dadf4bca67d9d073335a5c28953daa9c3339ca6b4dc?s=96&d=mm&r=g","contentUrl":"https:\/\/secure.gravatar.com\/avatar\/39bd48442d48bee2968f3dadf4bca67d9d073335a5c28953daa9c3339ca6b4dc?s=96&d=mm&r=g","caption":"Amica"},"url":"https:\/\/amica.es\/es\/author\/amcapaz84ica\/"}]}},"_links":{"self":[{"href":"https:\/\/amica.es\/es\/wp-json\/wp\/v2\/posts\/8210","targetHints":{"allow":["GET"]}}],"collection":[{"href":"https:\/\/amica.es\/es\/wp-json\/wp\/v2\/posts"}],"about":[{"href":"https:\/\/amica.es\/es\/wp-json\/wp\/v2\/types\/post"}],"author":[{"embeddable":true,"href":"https:\/\/amica.es\/es\/wp-json\/wp\/v2\/users\/3"}],"replies":[{"embeddable":true,"href":"https:\/\/amica.es\/es\/wp-json\/wp\/v2\/comments?post=8210"}],"version-history":[{"count":3,"href":"https:\/\/amica.es\/es\/wp-json\/wp\/v2\/posts\/8210\/revisions"}],"predecessor-version":[{"id":8214,"href":"https:\/\/amica.es\/es\/wp-json\/wp\/v2\/posts\/8210\/revisions\/8214"}],"wp:featuredmedia":[{"embeddable":true,"href":"https:\/\/amica.es\/es\/wp-json\/wp\/v2\/media\/8212"}],"wp:attachment":[{"href":"https:\/\/amica.es\/es\/wp-json\/wp\/v2\/media?parent=8210"}],"wp:term":[{"taxonomy":"category","embeddable":true,"href":"https:\/\/amica.es\/es\/wp-json\/wp\/v2\/categories?post=8210"},{"taxonomy":"post_tag","embeddable":true,"href":"https:\/\/amica.es\/es\/wp-json\/wp\/v2\/tags?post=8210"}],"curies":[{"name":"wp","href":"https:\/\/api.w.org\/{rel}","templated":true}]}}