{"id":8239,"date":"2019-12-27T13:41:15","date_gmt":"2019-12-27T11:41:15","guid":{"rendered":"https:\/\/amica.es\/es\/?p=8239"},"modified":"2019-12-23T13:56:08","modified_gmt":"2019-12-23T11:56:08","slug":"descubriendo-europa-en-amica","status":"publish","type":"post","link":"https:\/\/amica.es\/es\/descubriendo-europa-en-amica\/","title":{"rendered":"\u00a1Descubriendo Europa! en Amica"},"content":{"rendered":"<div class=\"wpb-content-wrapper\">[vc_row][vc_column][vc_single_image image=&#8221;8248&#8243; img_size=&#8221;full&#8221;][vc_column_text]Gracias al Proyecto \u00a1Descubriendo Europa! para la inmersi\u00f3n del conocimiento sobre la Uni\u00f3n Europea, m\u00e1s de 150 personas de la entidad \u00a0han participado en las acciones formativas desde el mes de Octubre hasta Diciembre.<\/p>\n<p><strong>15 formadores de Amica<\/strong> han tenido la oportunidad de profundizar en el Conocimiento de la Uni\u00f3n Europea a trav\u00e9s del Curso Online \u201cFormaci\u00f3n de Formadores\u201d \u00a1Descubriendo Europa\u201d estructurado en 4 bloques tem\u00e1ticos: \u00bfQu\u00e9 es la Uni\u00f3n Europea?; Amica y Europa; Plataforma Formativas desarrolladas por la Uni\u00f3n Europea; Planificaci\u00f3n de acciones del proyecto.<\/p>\n<p><strong>30 personas<\/strong> (profesionales y personas usuarias) de diferentes centros de d\u00eda y de formaci\u00f3n de Amica de Torrelavega, Santander y Santo\u00f1a han participado en las tertulias intercentro en las que conjuntamente han reflexionado y debatido sobre algunos temas prioritarios para la Uni\u00f3n Europea como son el Comercio (Consumo Responsable) y el Medio ambiente. Durante estas tertulias, se han puesto en com\u00fan las actitudes que un ciudadano\/a europeo debe tener adoptar para estar en sinton\u00eda con las propuestas de la Uni\u00f3n Europea. Tambi\u00e9n, se han intercambiado ejemplos de buenas pr\u00e1cticas que ya se vienen haciendo por parte de cada una de las personas.<\/p>\n<p><strong>M\u00e1s de 20 familiares<\/strong> han participado en charlas especialmente dise\u00f1ados para aumentar su conocimiento sobre la Uni\u00f3n Europea (composici\u00f3n, instituciones, funcionamiento, l\u00edneas prioritarias\u2026) y la importancia que tiene el que Amica participe en proyectos europeos.<\/p>\n<p><strong>12 ni\u00f1os\/as<\/strong> apoyados desde el Servicio de Atenci\u00f3n a la Infancia \u00a0han participado en dos de los talleres \u00a1Descubriendo Europa!. Han tenido la oportunidad de aprender jugando a trav\u00e9s de diferentes din\u00e1micas y actividades propuestas e incluso han pasado por la experiencia de ponerse en la piel de Europarlamentarios y poner a prueba a sus familiares a trav\u00e9s de una serie de preguntas relacionadas con la Uni\u00f3n Europea. En esta ocasi\u00f3n, los ni\u00f1os\/as son quienes han ense\u00f1ado a sus familiares algunas cuestiones que desconoc\u00eda en relaci\u00f3n a este tema.<\/p>\n<p><strong>40 personas<\/strong> que actualmente est\u00e1n en los <strong>grupos de formaci\u00f3n<\/strong> del Centro de Formaci\u00f3n y Empleo de Horizon tambi\u00e9n han participado en otro de los talleres planificados. A lo largo de esta actividad, las personas han podido conocer las diferentes formas de participar e influir en las decisiones de la Uni\u00f3n Europea a trav\u00e9s de los diferentes mecanismos que se ponen a disposici\u00f3n de la ciudadan\u00eda.<\/p>\n<p>Finalmente, todas las <strong>personas usuarias y profesionales que forman parte de los Centros de D\u00eda<\/strong> de Amica se han volcado en esta iniciativa desarrollando un sinf\u00edn de actividades vinculadas a la adquisici\u00f3n del conocimiento sobre la Uni\u00f3n Europea. De una forma original y divertida han afrontado diferentes retos propuestos a trav\u00e9s de los talleres realizados y se han convertido en uno verdaderos expertos en la materia.<\/p>\n<p>Agradecemos el apoyo de la Direcci\u00f3n General de Fondos Europeos vinculado a la Consejer\u00eda de Hacienda y Empleo por darnos la oportunidad de desarrollar este proyecto que ha hecho que toda la organizaci\u00f3n haya despertado su inter\u00e9s por continuar profundizando en todo lo que la Uni\u00f3n Europea nos ofrece y nos aporta.[\/vc_column_text][\/vc_column][\/vc_row]\n<\/div>","protected":false},"excerpt":{"rendered":"<p>[vc_row][vc_column][vc_single_image image=&#8221;8248&#8243; img_size=&#8221;full&#8221;][vc_column_text]Gracias al Proyecto \u00a1Descubriendo Europa! para la inmersi\u00f3n del conocimiento sobre la Uni\u00f3n Europea, m\u00e1s de 150 personas de la entidad \u00a0han participado en las acciones formativas desde el mes de Octubre hasta Diciembre. 15 formadores de Amica han tenido la oportunidad de profundizar en el Conocimiento de la Uni\u00f3n Europea a trav\u00e9s<br \/><a href=\"https:\/\/amica.es\/es\/descubriendo-europa-en-amica\/\" class=\"more\">Read more<\/a><\/p>\n","protected":false},"author":3,"featured_media":8246,"comment_status":"open","ping_status":"open","sticky":false,"template":"","format":"standard","meta":{"_monsterinsights_skip_tracking":false,"_monsterinsights_sitenote_active":false,"_monsterinsights_sitenote_note":"","_monsterinsights_sitenote_category":0,"_joinchat":[],"footnotes":""},"categories":[27],"tags":[],"class_list":["post-8239","post","type-post","status-publish","format-standard","has-post-thumbnail","hentry","category-noticias-categoria"],"yoast_head":"<!-- This site is optimized with the Yoast SEO plugin v25.6 - https:\/\/yoast.com\/wordpress\/plugins\/seo\/ -->\n<title>\u00a1Descubriendo Europa! en Amica - Amica - Descubriendo Capacidades<\/title>\n<meta name=\"robots\" content=\"index, follow, max-snippet:-1, max-image-preview:large, max-video-preview:-1\" \/>\n<link rel=\"canonical\" href=\"https:\/\/amica.es\/es\/descubriendo-europa-en-amica\/\" \/>\n<meta property=\"og:locale\" content=\"es_ES\" \/>\n<meta property=\"og:type\" content=\"article\" \/>\n<meta property=\"og:title\" content=\"\u00a1Descubriendo Europa! en Amica - Amica - Descubriendo Capacidades\" \/>\n<meta property=\"og:description\" content=\"[vc_row][vc_column][vc_single_image image=&#8221;8248&#8243; img_size=&#8221;full&#8221;][vc_column_text]Gracias al Proyecto \u00a1Descubriendo Europa! para la inmersi\u00f3n del conocimiento sobre la Uni\u00f3n Europea, m\u00e1s de 150 personas de la entidad \u00a0han participado en las acciones formativas desde el mes de Octubre hasta Diciembre. 15 formadores de Amica han tenido la oportunidad de profundizar en el Conocimiento de la Uni\u00f3n Europea a trav\u00e9sRead more\" \/>\n<meta property=\"og:url\" content=\"https:\/\/amica.es\/es\/descubriendo-europa-en-amica\/\" \/>\n<meta property=\"og:site_name\" content=\"Amica - Descubriendo Capacidades\" \/>\n<meta property=\"article:publisher\" content=\"https:\/\/www.facebook.com\/amicaasociacion\" \/>\n<meta property=\"article:published_time\" content=\"2019-12-27T11:41:15+00:00\" \/>\n<meta property=\"og:image\" content=\"https:\/\/amica.es\/es\/wp-content\/uploads\/2019\/12\/eu2.jpg\" \/>\n\t<meta property=\"og:image:width\" content=\"1170\" \/>\n\t<meta property=\"og:image:height\" content=\"500\" \/>\n\t<meta property=\"og:image:type\" content=\"image\/jpeg\" \/>\n<meta name=\"author\" content=\"Amica\" \/>\n<meta name=\"twitter:card\" content=\"summary_large_image\" \/>\n<meta name=\"twitter:creator\" content=\"@asociacionamica\" \/>\n<meta name=\"twitter:site\" content=\"@asociacionamica\" \/>\n<meta name=\"twitter:label1\" content=\"Escrito por\" \/>\n\t<meta name=\"twitter:data1\" content=\"Amica\" \/>\n\t<meta name=\"twitter:label2\" content=\"Tiempo de lectura\" \/>\n\t<meta name=\"twitter:data2\" content=\"3 minutos\" \/>\n<script type=\"application\/ld+json\" class=\"yoast-schema-graph\">{\"@context\":\"https:\/\/schema.org\",\"@graph\":[{\"@type\":\"Article\",\"@id\":\"https:\/\/amica.es\/es\/descubriendo-europa-en-amica\/#article\",\"isPartOf\":{\"@id\":\"https:\/\/amica.es\/es\/descubriendo-europa-en-amica\/\"},\"author\":{\"name\":\"Amica\",\"@id\":\"https:\/\/amica.es\/es\/#\/schema\/person\/e495a7dcb12dd9e3780a7b2abb2e5704\"},\"headline\":\"\u00a1Descubriendo Europa! en Amica\",\"datePublished\":\"2019-12-27T11:41:15+00:00\",\"mainEntityOfPage\":{\"@id\":\"https:\/\/amica.es\/es\/descubriendo-europa-en-amica\/\"},\"wordCount\":570,\"commentCount\":0,\"publisher\":{\"@id\":\"https:\/\/amica.es\/es\/#organization\"},\"image\":{\"@id\":\"https:\/\/amica.es\/es\/descubriendo-europa-en-amica\/#primaryimage\"},\"thumbnailUrl\":\"https:\/\/amica.es\/es\/wp-content\/uploads\/2019\/12\/eu2.jpg\",\"articleSection\":[\"Noticias\"],\"inLanguage\":\"es\",\"potentialAction\":[{\"@type\":\"CommentAction\",\"name\":\"Comment\",\"target\":[\"https:\/\/amica.es\/es\/descubriendo-europa-en-amica\/#respond\"]}]},{\"@type\":\"WebPage\",\"@id\":\"https:\/\/amica.es\/es\/descubriendo-europa-en-amica\/\",\"url\":\"https:\/\/amica.es\/es\/descubriendo-europa-en-amica\/\",\"name\":\"\u00a1Descubriendo Europa! en Amica - Amica - Descubriendo Capacidades\",\"isPartOf\":{\"@id\":\"https:\/\/amica.es\/es\/#website\"},\"primaryImageOfPage\":{\"@id\":\"https:\/\/amica.es\/es\/descubriendo-europa-en-amica\/#primaryimage\"},\"image\":{\"@id\":\"https:\/\/amica.es\/es\/descubriendo-europa-en-amica\/#primaryimage\"},\"thumbnailUrl\":\"https:\/\/amica.es\/es\/wp-content\/uploads\/2019\/12\/eu2.jpg\",\"datePublished\":\"2019-12-27T11:41:15+00:00\",\"breadcrumb\":{\"@id\":\"https:\/\/amica.es\/es\/descubriendo-europa-en-amica\/#breadcrumb\"},\"inLanguage\":\"es\",\"potentialAction\":[{\"@type\":\"ReadAction\",\"target\":[\"https:\/\/amica.es\/es\/descubriendo-europa-en-amica\/\"]}]},{\"@type\":\"ImageObject\",\"inLanguage\":\"es\",\"@id\":\"https:\/\/amica.es\/es\/descubriendo-europa-en-amica\/#primaryimage\",\"url\":\"https:\/\/amica.es\/es\/wp-content\/uploads\/2019\/12\/eu2.jpg\",\"contentUrl\":\"https:\/\/amica.es\/es\/wp-content\/uploads\/2019\/12\/eu2.jpg\",\"width\":1170,\"height\":500,\"caption\":\"\u00a1Descubriendo Europa! en Amica\"},{\"@type\":\"BreadcrumbList\",\"@id\":\"https:\/\/amica.es\/es\/descubriendo-europa-en-amica\/#breadcrumb\",\"itemListElement\":[{\"@type\":\"ListItem\",\"position\":1,\"name\":\"Portada\",\"item\":\"https:\/\/amica.es\/es\/\"},{\"@type\":\"ListItem\",\"position\":2,\"name\":\"\u00a1Descubriendo Europa! en Amica\"}]},{\"@type\":\"WebSite\",\"@id\":\"https:\/\/amica.es\/es\/#website\",\"url\":\"https:\/\/amica.es\/es\/\",\"name\":\"Amica - Descubriendo Capacidades\",\"description\":\"Apoyando a personas con discapacidad desde 1984\",\"publisher\":{\"@id\":\"https:\/\/amica.es\/es\/#organization\"},\"potentialAction\":[{\"@type\":\"SearchAction\",\"target\":{\"@type\":\"EntryPoint\",\"urlTemplate\":\"https:\/\/amica.es\/es\/?s={search_term_string}\"},\"query-input\":{\"@type\":\"PropertyValueSpecification\",\"valueRequired\":true,\"valueName\":\"search_term_string\"}}],\"inLanguage\":\"es\"},{\"@type\":\"Organization\",\"@id\":\"https:\/\/amica.es\/es\/#organization\",\"name\":\"Asociaci\u00f3n Amica\",\"url\":\"https:\/\/amica.es\/es\/\",\"logo\":{\"@type\":\"ImageObject\",\"inLanguage\":\"es\",\"@id\":\"https:\/\/amica.es\/es\/#\/schema\/logo\/image\/\",\"url\":\"https:\/\/amica.es\/es\/wp-content\/uploads\/2024\/07\/Amica-Logo.png\",\"contentUrl\":\"https:\/\/amica.es\/es\/wp-content\/uploads\/2024\/07\/Amica-Logo.png\",\"width\":1653,\"height\":577,\"caption\":\"Asociaci\u00f3n Amica\"},\"image\":{\"@id\":\"https:\/\/amica.es\/es\/#\/schema\/logo\/image\/\"},\"sameAs\":[\"https:\/\/www.facebook.com\/amicaasociacion\",\"https:\/\/x.com\/asociacionamica\",\"https:\/\/www.youtube.com\/c\/asociacionamicacantabria\",\"https:\/\/es.linkedin.com\/company\/asociacionamica?trk=similar-companies_org_title\",\"https:\/\/www.instagram.com\/asociacionamica\/\"]},{\"@type\":\"Person\",\"@id\":\"https:\/\/amica.es\/es\/#\/schema\/person\/e495a7dcb12dd9e3780a7b2abb2e5704\",\"name\":\"Amica\",\"image\":{\"@type\":\"ImageObject\",\"inLanguage\":\"es\",\"@id\":\"https:\/\/amica.es\/es\/#\/schema\/person\/image\/\",\"url\":\"https:\/\/secure.gravatar.com\/avatar\/39bd48442d48bee2968f3dadf4bca67d9d073335a5c28953daa9c3339ca6b4dc?s=96&d=mm&r=g\",\"contentUrl\":\"https:\/\/secure.gravatar.com\/avatar\/39bd48442d48bee2968f3dadf4bca67d9d073335a5c28953daa9c3339ca6b4dc?s=96&d=mm&r=g\",\"caption\":\"Amica\"},\"url\":\"https:\/\/amica.es\/es\/author\/amcapaz84ica\/\"}]}<\/script>\n<!-- \/ Yoast SEO plugin. -->","yoast_head_json":{"title":"\u00a1Descubriendo Europa! en Amica - Amica - Descubriendo Capacidades","robots":{"index":"index","follow":"follow","max-snippet":"max-snippet:-1","max-image-preview":"max-image-preview:large","max-video-preview":"max-video-preview:-1"},"canonical":"https:\/\/amica.es\/es\/descubriendo-europa-en-amica\/","og_locale":"es_ES","og_type":"article","og_title":"\u00a1Descubriendo Europa! en Amica - Amica - Descubriendo Capacidades","og_description":"[vc_row][vc_column][vc_single_image image=&#8221;8248&#8243; img_size=&#8221;full&#8221;][vc_column_text]Gracias al Proyecto \u00a1Descubriendo Europa! para la inmersi\u00f3n del conocimiento sobre la Uni\u00f3n Europea, m\u00e1s de 150 personas de la entidad \u00a0han participado en las acciones formativas desde el mes de Octubre hasta Diciembre. 15 formadores de Amica han tenido la oportunidad de profundizar en el Conocimiento de la Uni\u00f3n Europea a trav\u00e9sRead more","og_url":"https:\/\/amica.es\/es\/descubriendo-europa-en-amica\/","og_site_name":"Amica - Descubriendo Capacidades","article_publisher":"https:\/\/www.facebook.com\/amicaasociacion","article_published_time":"2019-12-27T11:41:15+00:00","og_image":[{"width":1170,"height":500,"url":"https:\/\/amica.es\/es\/wp-content\/uploads\/2019\/12\/eu2.jpg","type":"image\/jpeg"}],"author":"Amica","twitter_card":"summary_large_image","twitter_creator":"@asociacionamica","twitter_site":"@asociacionamica","twitter_misc":{"Escrito por":"Amica","Tiempo de lectura":"3 minutos"},"schema":{"@context":"https:\/\/schema.org","@graph":[{"@type":"Article","@id":"https:\/\/amica.es\/es\/descubriendo-europa-en-amica\/#article","isPartOf":{"@id":"https:\/\/amica.es\/es\/descubriendo-europa-en-amica\/"},"author":{"name":"Amica","@id":"https:\/\/amica.es\/es\/#\/schema\/person\/e495a7dcb12dd9e3780a7b2abb2e5704"},"headline":"\u00a1Descubriendo Europa! en Amica","datePublished":"2019-12-27T11:41:15+00:00","mainEntityOfPage":{"@id":"https:\/\/amica.es\/es\/descubriendo-europa-en-amica\/"},"wordCount":570,"commentCount":0,"publisher":{"@id":"https:\/\/amica.es\/es\/#organization"},"image":{"@id":"https:\/\/amica.es\/es\/descubriendo-europa-en-amica\/#primaryimage"},"thumbnailUrl":"https:\/\/amica.es\/es\/wp-content\/uploads\/2019\/12\/eu2.jpg","articleSection":["Noticias"],"inLanguage":"es","potentialAction":[{"@type":"CommentAction","name":"Comment","target":["https:\/\/amica.es\/es\/descubriendo-europa-en-amica\/#respond"]}]},{"@type":"WebPage","@id":"https:\/\/amica.es\/es\/descubriendo-europa-en-amica\/","url":"https:\/\/amica.es\/es\/descubriendo-europa-en-amica\/","name":"\u00a1Descubriendo Europa! en Amica - Amica - Descubriendo Capacidades","isPartOf":{"@id":"https:\/\/amica.es\/es\/#website"},"primaryImageOfPage":{"@id":"https:\/\/amica.es\/es\/descubriendo-europa-en-amica\/#primaryimage"},"image":{"@id":"https:\/\/amica.es\/es\/descubriendo-europa-en-amica\/#primaryimage"},"thumbnailUrl":"https:\/\/amica.es\/es\/wp-content\/uploads\/2019\/12\/eu2.jpg","datePublished":"2019-12-27T11:41:15+00:00","breadcrumb":{"@id":"https:\/\/amica.es\/es\/descubriendo-europa-en-amica\/#breadcrumb"},"inLanguage":"es","potentialAction":[{"@type":"ReadAction","target":["https:\/\/amica.es\/es\/descubriendo-europa-en-amica\/"]}]},{"@type":"ImageObject","inLanguage":"es","@id":"https:\/\/amica.es\/es\/descubriendo-europa-en-amica\/#primaryimage","url":"https:\/\/amica.es\/es\/wp-content\/uploads\/2019\/12\/eu2.jpg","contentUrl":"https:\/\/amica.es\/es\/wp-content\/uploads\/2019\/12\/eu2.jpg","width":1170,"height":500,"caption":"\u00a1Descubriendo Europa! en Amica"},{"@type":"BreadcrumbList","@id":"https:\/\/amica.es\/es\/descubriendo-europa-en-amica\/#breadcrumb","itemListElement":[{"@type":"ListItem","position":1,"name":"Portada","item":"https:\/\/amica.es\/es\/"},{"@type":"ListItem","position":2,"name":"\u00a1Descubriendo Europa! en Amica"}]},{"@type":"WebSite","@id":"https:\/\/amica.es\/es\/#website","url":"https:\/\/amica.es\/es\/","name":"Amica - Descubriendo Capacidades","description":"Apoyando a personas con discapacidad desde 1984","publisher":{"@id":"https:\/\/amica.es\/es\/#organization"},"potentialAction":[{"@type":"SearchAction","target":{"@type":"EntryPoint","urlTemplate":"https:\/\/amica.es\/es\/?s={search_term_string}"},"query-input":{"@type":"PropertyValueSpecification","valueRequired":true,"valueName":"search_term_string"}}],"inLanguage":"es"},{"@type":"Organization","@id":"https:\/\/amica.es\/es\/#organization","name":"Asociaci\u00f3n Amica","url":"https:\/\/amica.es\/es\/","logo":{"@type":"ImageObject","inLanguage":"es","@id":"https:\/\/amica.es\/es\/#\/schema\/logo\/image\/","url":"https:\/\/amica.es\/es\/wp-content\/uploads\/2024\/07\/Amica-Logo.png","contentUrl":"https:\/\/amica.es\/es\/wp-content\/uploads\/2024\/07\/Amica-Logo.png","width":1653,"height":577,"caption":"Asociaci\u00f3n Amica"},"image":{"@id":"https:\/\/amica.es\/es\/#\/schema\/logo\/image\/"},"sameAs":["https:\/\/www.facebook.com\/amicaasociacion","https:\/\/x.com\/asociacionamica","https:\/\/www.youtube.com\/c\/asociacionamicacantabria","https:\/\/es.linkedin.com\/company\/asociacionamica?trk=similar-companies_org_title","https:\/\/www.instagram.com\/asociacionamica\/"]},{"@type":"Person","@id":"https:\/\/amica.es\/es\/#\/schema\/person\/e495a7dcb12dd9e3780a7b2abb2e5704","name":"Amica","image":{"@type":"ImageObject","inLanguage":"es","@id":"https:\/\/amica.es\/es\/#\/schema\/person\/image\/","url":"https:\/\/secure.gravatar.com\/avatar\/39bd48442d48bee2968f3dadf4bca67d9d073335a5c28953daa9c3339ca6b4dc?s=96&d=mm&r=g","contentUrl":"https:\/\/secure.gravatar.com\/avatar\/39bd48442d48bee2968f3dadf4bca67d9d073335a5c28953daa9c3339ca6b4dc?s=96&d=mm&r=g","caption":"Amica"},"url":"https:\/\/amica.es\/es\/author\/amcapaz84ica\/"}]}},"_links":{"self":[{"href":"https:\/\/amica.es\/es\/wp-json\/wp\/v2\/posts\/8239","targetHints":{"allow":["GET"]}}],"collection":[{"href":"https:\/\/amica.es\/es\/wp-json\/wp\/v2\/posts"}],"about":[{"href":"https:\/\/amica.es\/es\/wp-json\/wp\/v2\/types\/post"}],"author":[{"embeddable":true,"href":"https:\/\/amica.es\/es\/wp-json\/wp\/v2\/users\/3"}],"replies":[{"embeddable":true,"href":"https:\/\/amica.es\/es\/wp-json\/wp\/v2\/comments?post=8239"}],"version-history":[{"count":3,"href":"https:\/\/amica.es\/es\/wp-json\/wp\/v2\/posts\/8239\/revisions"}],"predecessor-version":[{"id":8251,"href":"https:\/\/amica.es\/es\/wp-json\/wp\/v2\/posts\/8239\/revisions\/8251"}],"wp:featuredmedia":[{"embeddable":true,"href":"https:\/\/amica.es\/es\/wp-json\/wp\/v2\/media\/8246"}],"wp:attachment":[{"href":"https:\/\/amica.es\/es\/wp-json\/wp\/v2\/media?parent=8239"}],"wp:term":[{"taxonomy":"category","embeddable":true,"href":"https:\/\/amica.es\/es\/wp-json\/wp\/v2\/categories?post=8239"},{"taxonomy":"post_tag","embeddable":true,"href":"https:\/\/amica.es\/es\/wp-json\/wp\/v2\/tags?post=8239"}],"curies":[{"name":"wp","href":"https:\/\/api.w.org\/{rel}","templated":true}]}}