{"id":8252,"date":"2019-12-24T11:49:49","date_gmt":"2019-12-24T09:49:49","guid":{"rendered":"https:\/\/amica.es\/es\/?p=8252"},"modified":"2019-12-24T11:49:49","modified_gmt":"2019-12-24T09:49:49","slug":"la-inspeccion-de-trabajo-propuso-en-2018-sanciones-a-empresas-por-no-cumplir-la-cuota-de-reserva-para-personas-con-discapacidad-por-importe-de-casi-11-millones-y-medio-de-euros","status":"publish","type":"post","link":"https:\/\/amica.es\/es\/la-inspeccion-de-trabajo-propuso-en-2018-sanciones-a-empresas-por-no-cumplir-la-cuota-de-reserva-para-personas-con-discapacidad-por-importe-de-casi-11-millones-y-medio-de-euros\/","title":{"rendered":"LA INSPECCI\u00d3N DE TRABAJO PROPUSO EN 2018 SANCIONES A EMPRESAS POR NO CUMPLIR LA CUOTA DE RESERVA PARA PERSONAS CON DISCAPACIDAD POR IMPORTE DE CASI 11 MILLONES Y MEDIO DE EUROS"},"content":{"rendered":"<p>Fuente: <a href=\"https:\/\/www.cermi.es\/es\/actualidad\/noticias\/la-inspecci%C3%B3n-de-trabajo-propuso-en-2018-sanciones-empresas-por-no-cumplir-la\">cermi.es<\/a><\/p>\n<p>La Inspecci\u00f3n de Trabajo y de la Seguridad Social propuso en el a\u00f1o 2018 sanciones pecuniarias a empresas que estando obligadas no acreditaron cumplir la cuota de reserva en favor de trabajadores con discapacidad por un importe global de 11.398.172 euros, un 37,3 5 m\u00e1s que en 2017.<\/p>\n<p>As\u00ed se recoge en la Memoria correspondiente a 2018 de la Inspecci\u00f3n de Trabajo y Seguridad Social en referencia a las actuaciones de este organismo en relaci\u00f3n con la comprobaci\u00f3n del cumplimiento del Texto Refundido de la Ley General de Derechos de las Personas con Discapacidad y de su Inclusi\u00f3n Social, aprobado por el Real Decreto Legislativo 1\/2013, de 29 de noviembre.<\/p>\n<p>Esta norma legal establece la obligaci\u00f3n para las empresas con 50 o m\u00e1s trabajadores de reservar un 2 % para personas con discapacidad oficialmente reconocida, constituyendo una infracci\u00f3n laboral sancionable el incumplimiento de este deber.<\/p>\n<p>El n\u00famero de actuaciones inspectoras referidas a la comprobaci\u00f3n de la cuota de reserva en favor de trabajadores con discapacidad fue en 2018 de 3.428, un 26,1 % del total de las llevadas a cabo por la Inspecci\u00f3n.<\/p>\n<p>El n\u00famero de infracciones detectadas por incumplimiento de la reserva legal pas\u00f3 de 144 en 2017 a 260 en 2018, lo que supuso un aumento de un 86,1 %, con el incremento de las sanciones ya se\u00f1alado.<\/p>\n<p>Con la Ley de Contratos del Sector P\u00fablico de 2017, y gracias a una propuesta del Comit\u00e9 Espa\u00f1ol de Representantes de Personas con Discapacidad (CERMI) asumida por el Legislador, la no acreditaci\u00f3n del cumplimiento de la cuota del 2 % en beneficio de trabajadores con discapacidad comporta para las empresas el no poder acceder a las licitaciones p\u00fablicas, vi\u00e9ndose excluidas de la contrataci\u00f3n de las Administraciones.<\/p>\n<p>En esta l\u00ednea, el CERMI trabajar\u00e1 en esta Legislatura para modificar la Ley General de Subvenciones a fin de que no puedan percibir ayudas p\u00fablicas aquellas empresas que no cumplan la reserva legal de empleo para personas con discapacidad.<\/p>\n","protected":false},"excerpt":{"rendered":"<p>Fuente: cermi.es La Inspecci\u00f3n de Trabajo y de la Seguridad Social propuso en el a\u00f1o 2018 sanciones pecuniarias a empresas que estando obligadas no acreditaron cumplir la cuota de reserva en favor de trabajadores con discapacidad por un importe global de 11.398.172 euros, un 37,3 5 m\u00e1s que en 2017. As\u00ed se recoge en la<br \/><a href=\"https:\/\/amica.es\/es\/la-inspeccion-de-trabajo-propuso-en-2018-sanciones-a-empresas-por-no-cumplir-la-cuota-de-reserva-para-personas-con-discapacidad-por-importe-de-casi-11-millones-y-medio-de-euros\/\" class=\"more\">Read more<\/a><\/p>\n","protected":false},"author":3,"featured_media":8253,"comment_status":"open","ping_status":"open","sticky":false,"template":"","format":"standard","meta":{"_monsterinsights_skip_tracking":false,"_monsterinsights_sitenote_active":false,"_monsterinsights_sitenote_note":"","_monsterinsights_sitenote_category":0,"_joinchat":[],"footnotes":""},"categories":[27],"tags":[],"class_list":["post-8252","post","type-post","status-publish","format-standard","has-post-thumbnail","hentry","category-noticias-categoria"],"yoast_head":"<!-- This site is optimized with the Yoast SEO plugin v25.6 - https:\/\/yoast.com\/wordpress\/plugins\/seo\/ -->\n<title>LA INSPECCI\u00d3N DE TRABAJO PROPUSO EN 2018 SANCIONES A EMPRESAS POR NO CUMPLIR LA CUOTA DE RESERVA PARA PERSONAS CON DISCAPACIDAD POR IMPORTE DE CASI 11 MILLONES Y MEDIO DE EUROS - Amica - Descubriendo Capacidades<\/title>\n<meta name=\"robots\" content=\"index, follow, max-snippet:-1, max-image-preview:large, max-video-preview:-1\" \/>\n<link rel=\"canonical\" href=\"https:\/\/amica.es\/es\/la-inspeccion-de-trabajo-propuso-en-2018-sanciones-a-empresas-por-no-cumplir-la-cuota-de-reserva-para-personas-con-discapacidad-por-importe-de-casi-11-millones-y-medio-de-euros\/\" \/>\n<meta property=\"og:locale\" content=\"es_ES\" \/>\n<meta property=\"og:type\" content=\"article\" \/>\n<meta property=\"og:title\" content=\"LA INSPECCI\u00d3N DE TRABAJO PROPUSO EN 2018 SANCIONES A EMPRESAS POR NO CUMPLIR LA CUOTA DE RESERVA PARA PERSONAS CON DISCAPACIDAD POR IMPORTE DE CASI 11 MILLONES Y MEDIO DE EUROS - Amica - Descubriendo Capacidades\" \/>\n<meta property=\"og:description\" content=\"Fuente: cermi.es La Inspecci\u00f3n de Trabajo y de la Seguridad Social propuso en el a\u00f1o 2018 sanciones pecuniarias a empresas que estando obligadas no acreditaron cumplir la cuota de reserva en favor de trabajadores con discapacidad por un importe global de 11.398.172 euros, un 37,3 5 m\u00e1s que en 2017. As\u00ed se recoge en laRead more\" \/>\n<meta property=\"og:url\" content=\"https:\/\/amica.es\/es\/la-inspeccion-de-trabajo-propuso-en-2018-sanciones-a-empresas-por-no-cumplir-la-cuota-de-reserva-para-personas-con-discapacidad-por-importe-de-casi-11-millones-y-medio-de-euros\/\" \/>\n<meta property=\"og:site_name\" content=\"Amica - Descubriendo Capacidades\" \/>\n<meta property=\"article:publisher\" content=\"https:\/\/www.facebook.com\/amicaasociacion\" \/>\n<meta property=\"article:published_time\" content=\"2019-12-24T09:49:49+00:00\" \/>\n<meta property=\"og:image\" content=\"https:\/\/amica.es\/es\/wp-content\/uploads\/2019\/12\/trabajo-discapacidad-sillas-470x270.jpg\" \/>\n\t<meta property=\"og:image:width\" content=\"470\" \/>\n\t<meta property=\"og:image:height\" content=\"270\" \/>\n\t<meta property=\"og:image:type\" content=\"image\/jpeg\" \/>\n<meta name=\"author\" content=\"Amica\" \/>\n<meta name=\"twitter:card\" content=\"summary_large_image\" \/>\n<meta name=\"twitter:creator\" content=\"@asociacionamica\" \/>\n<meta name=\"twitter:site\" content=\"@asociacionamica\" \/>\n<meta name=\"twitter:label1\" content=\"Escrito por\" \/>\n\t<meta name=\"twitter:data1\" content=\"Amica\" \/>\n\t<meta name=\"twitter:label2\" content=\"Tiempo de lectura\" \/>\n\t<meta name=\"twitter:data2\" content=\"2 minutos\" \/>\n<script type=\"application\/ld+json\" class=\"yoast-schema-graph\">{\"@context\":\"https:\/\/schema.org\",\"@graph\":[{\"@type\":\"Article\",\"@id\":\"https:\/\/amica.es\/es\/la-inspeccion-de-trabajo-propuso-en-2018-sanciones-a-empresas-por-no-cumplir-la-cuota-de-reserva-para-personas-con-discapacidad-por-importe-de-casi-11-millones-y-medio-de-euros\/#article\",\"isPartOf\":{\"@id\":\"https:\/\/amica.es\/es\/la-inspeccion-de-trabajo-propuso-en-2018-sanciones-a-empresas-por-no-cumplir-la-cuota-de-reserva-para-personas-con-discapacidad-por-importe-de-casi-11-millones-y-medio-de-euros\/\"},\"author\":{\"name\":\"Amica\",\"@id\":\"https:\/\/amica.es\/es\/#\/schema\/person\/e495a7dcb12dd9e3780a7b2abb2e5704\"},\"headline\":\"LA INSPECCI\u00d3N DE TRABAJO PROPUSO EN 2018 SANCIONES A EMPRESAS POR NO CUMPLIR LA CUOTA DE RESERVA PARA PERSONAS CON DISCAPACIDAD POR IMPORTE DE CASI 11 MILLONES Y MEDIO DE EUROS\",\"datePublished\":\"2019-12-24T09:49:49+00:00\",\"mainEntityOfPage\":{\"@id\":\"https:\/\/amica.es\/es\/la-inspeccion-de-trabajo-propuso-en-2018-sanciones-a-empresas-por-no-cumplir-la-cuota-de-reserva-para-personas-con-discapacidad-por-importe-de-casi-11-millones-y-medio-de-euros\/\"},\"wordCount\":357,\"commentCount\":0,\"publisher\":{\"@id\":\"https:\/\/amica.es\/es\/#organization\"},\"image\":{\"@id\":\"https:\/\/amica.es\/es\/la-inspeccion-de-trabajo-propuso-en-2018-sanciones-a-empresas-por-no-cumplir-la-cuota-de-reserva-para-personas-con-discapacidad-por-importe-de-casi-11-millones-y-medio-de-euros\/#primaryimage\"},\"thumbnailUrl\":\"https:\/\/amica.es\/es\/wp-content\/uploads\/2019\/12\/trabajo-discapacidad-sillas-470x270.jpg\",\"articleSection\":[\"Noticias\"],\"inLanguage\":\"es\",\"potentialAction\":[{\"@type\":\"CommentAction\",\"name\":\"Comment\",\"target\":[\"https:\/\/amica.es\/es\/la-inspeccion-de-trabajo-propuso-en-2018-sanciones-a-empresas-por-no-cumplir-la-cuota-de-reserva-para-personas-con-discapacidad-por-importe-de-casi-11-millones-y-medio-de-euros\/#respond\"]}]},{\"@type\":\"WebPage\",\"@id\":\"https:\/\/amica.es\/es\/la-inspeccion-de-trabajo-propuso-en-2018-sanciones-a-empresas-por-no-cumplir-la-cuota-de-reserva-para-personas-con-discapacidad-por-importe-de-casi-11-millones-y-medio-de-euros\/\",\"url\":\"https:\/\/amica.es\/es\/la-inspeccion-de-trabajo-propuso-en-2018-sanciones-a-empresas-por-no-cumplir-la-cuota-de-reserva-para-personas-con-discapacidad-por-importe-de-casi-11-millones-y-medio-de-euros\/\",\"name\":\"LA INSPECCI\u00d3N DE TRABAJO PROPUSO EN 2018 SANCIONES A EMPRESAS POR NO CUMPLIR LA CUOTA DE RESERVA PARA PERSONAS CON DISCAPACIDAD POR IMPORTE DE CASI 11 MILLONES Y MEDIO DE EUROS - Amica - Descubriendo Capacidades\",\"isPartOf\":{\"@id\":\"https:\/\/amica.es\/es\/#website\"},\"primaryImageOfPage\":{\"@id\":\"https:\/\/amica.es\/es\/la-inspeccion-de-trabajo-propuso-en-2018-sanciones-a-empresas-por-no-cumplir-la-cuota-de-reserva-para-personas-con-discapacidad-por-importe-de-casi-11-millones-y-medio-de-euros\/#primaryimage\"},\"image\":{\"@id\":\"https:\/\/amica.es\/es\/la-inspeccion-de-trabajo-propuso-en-2018-sanciones-a-empresas-por-no-cumplir-la-cuota-de-reserva-para-personas-con-discapacidad-por-importe-de-casi-11-millones-y-medio-de-euros\/#primaryimage\"},\"thumbnailUrl\":\"https:\/\/amica.es\/es\/wp-content\/uploads\/2019\/12\/trabajo-discapacidad-sillas-470x270.jpg\",\"datePublished\":\"2019-12-24T09:49:49+00:00\",\"breadcrumb\":{\"@id\":\"https:\/\/amica.es\/es\/la-inspeccion-de-trabajo-propuso-en-2018-sanciones-a-empresas-por-no-cumplir-la-cuota-de-reserva-para-personas-con-discapacidad-por-importe-de-casi-11-millones-y-medio-de-euros\/#breadcrumb\"},\"inLanguage\":\"es\",\"potentialAction\":[{\"@type\":\"ReadAction\",\"target\":[\"https:\/\/amica.es\/es\/la-inspeccion-de-trabajo-propuso-en-2018-sanciones-a-empresas-por-no-cumplir-la-cuota-de-reserva-para-personas-con-discapacidad-por-importe-de-casi-11-millones-y-medio-de-euros\/\"]}]},{\"@type\":\"ImageObject\",\"inLanguage\":\"es\",\"@id\":\"https:\/\/amica.es\/es\/la-inspeccion-de-trabajo-propuso-en-2018-sanciones-a-empresas-por-no-cumplir-la-cuota-de-reserva-para-personas-con-discapacidad-por-importe-de-casi-11-millones-y-medio-de-euros\/#primaryimage\",\"url\":\"https:\/\/amica.es\/es\/wp-content\/uploads\/2019\/12\/trabajo-discapacidad-sillas-470x270.jpg\",\"contentUrl\":\"https:\/\/amica.es\/es\/wp-content\/uploads\/2019\/12\/trabajo-discapacidad-sillas-470x270.jpg\",\"width\":470,\"height\":270,\"caption\":\"191224 nota sobre sanciones\"},{\"@type\":\"BreadcrumbList\",\"@id\":\"https:\/\/amica.es\/es\/la-inspeccion-de-trabajo-propuso-en-2018-sanciones-a-empresas-por-no-cumplir-la-cuota-de-reserva-para-personas-con-discapacidad-por-importe-de-casi-11-millones-y-medio-de-euros\/#breadcrumb\",\"itemListElement\":[{\"@type\":\"ListItem\",\"position\":1,\"name\":\"Portada\",\"item\":\"https:\/\/amica.es\/es\/\"},{\"@type\":\"ListItem\",\"position\":2,\"name\":\"LA INSPECCI\u00d3N DE TRABAJO PROPUSO EN 2018 SANCIONES A EMPRESAS POR NO CUMPLIR LA CUOTA DE RESERVA PARA PERSONAS CON DISCAPACIDAD POR IMPORTE DE CASI 11 MILLONES Y MEDIO DE EUROS\"}]},{\"@type\":\"WebSite\",\"@id\":\"https:\/\/amica.es\/es\/#website\",\"url\":\"https:\/\/amica.es\/es\/\",\"name\":\"Amica - Descubriendo Capacidades\",\"description\":\"Apoyando a personas con discapacidad desde 1984\",\"publisher\":{\"@id\":\"https:\/\/amica.es\/es\/#organization\"},\"potentialAction\":[{\"@type\":\"SearchAction\",\"target\":{\"@type\":\"EntryPoint\",\"urlTemplate\":\"https:\/\/amica.es\/es\/?s={search_term_string}\"},\"query-input\":{\"@type\":\"PropertyValueSpecification\",\"valueRequired\":true,\"valueName\":\"search_term_string\"}}],\"inLanguage\":\"es\"},{\"@type\":\"Organization\",\"@id\":\"https:\/\/amica.es\/es\/#organization\",\"name\":\"Asociaci\u00f3n Amica\",\"url\":\"https:\/\/amica.es\/es\/\",\"logo\":{\"@type\":\"ImageObject\",\"inLanguage\":\"es\",\"@id\":\"https:\/\/amica.es\/es\/#\/schema\/logo\/image\/\",\"url\":\"https:\/\/amica.es\/es\/wp-content\/uploads\/2024\/07\/Amica-Logo.png\",\"contentUrl\":\"https:\/\/amica.es\/es\/wp-content\/uploads\/2024\/07\/Amica-Logo.png\",\"width\":1653,\"height\":577,\"caption\":\"Asociaci\u00f3n Amica\"},\"image\":{\"@id\":\"https:\/\/amica.es\/es\/#\/schema\/logo\/image\/\"},\"sameAs\":[\"https:\/\/www.facebook.com\/amicaasociacion\",\"https:\/\/x.com\/asociacionamica\",\"https:\/\/www.youtube.com\/c\/asociacionamicacantabria\",\"https:\/\/es.linkedin.com\/company\/asociacionamica?trk=similar-companies_org_title\",\"https:\/\/www.instagram.com\/asociacionamica\/\"]},{\"@type\":\"Person\",\"@id\":\"https:\/\/amica.es\/es\/#\/schema\/person\/e495a7dcb12dd9e3780a7b2abb2e5704\",\"name\":\"Amica\",\"image\":{\"@type\":\"ImageObject\",\"inLanguage\":\"es\",\"@id\":\"https:\/\/amica.es\/es\/#\/schema\/person\/image\/\",\"url\":\"https:\/\/secure.gravatar.com\/avatar\/39bd48442d48bee2968f3dadf4bca67d9d073335a5c28953daa9c3339ca6b4dc?s=96&d=mm&r=g\",\"contentUrl\":\"https:\/\/secure.gravatar.com\/avatar\/39bd48442d48bee2968f3dadf4bca67d9d073335a5c28953daa9c3339ca6b4dc?s=96&d=mm&r=g\",\"caption\":\"Amica\"},\"url\":\"https:\/\/amica.es\/es\/author\/amcapaz84ica\/\"}]}<\/script>\n<!-- \/ Yoast SEO plugin. -->","yoast_head_json":{"title":"LA INSPECCI\u00d3N DE TRABAJO PROPUSO EN 2018 SANCIONES A EMPRESAS POR NO CUMPLIR LA CUOTA DE RESERVA PARA PERSONAS CON DISCAPACIDAD POR IMPORTE DE CASI 11 MILLONES Y MEDIO DE EUROS - Amica - Descubriendo Capacidades","robots":{"index":"index","follow":"follow","max-snippet":"max-snippet:-1","max-image-preview":"max-image-preview:large","max-video-preview":"max-video-preview:-1"},"canonical":"https:\/\/amica.es\/es\/la-inspeccion-de-trabajo-propuso-en-2018-sanciones-a-empresas-por-no-cumplir-la-cuota-de-reserva-para-personas-con-discapacidad-por-importe-de-casi-11-millones-y-medio-de-euros\/","og_locale":"es_ES","og_type":"article","og_title":"LA INSPECCI\u00d3N DE TRABAJO PROPUSO EN 2018 SANCIONES A EMPRESAS POR NO CUMPLIR LA CUOTA DE RESERVA PARA PERSONAS CON DISCAPACIDAD POR IMPORTE DE CASI 11 MILLONES Y MEDIO DE EUROS - Amica - Descubriendo Capacidades","og_description":"Fuente: cermi.es La Inspecci\u00f3n de Trabajo y de la Seguridad Social propuso en el a\u00f1o 2018 sanciones pecuniarias a empresas que estando obligadas no acreditaron cumplir la cuota de reserva en favor de trabajadores con discapacidad por un importe global de 11.398.172 euros, un 37,3 5 m\u00e1s que en 2017. As\u00ed se recoge en laRead more","og_url":"https:\/\/amica.es\/es\/la-inspeccion-de-trabajo-propuso-en-2018-sanciones-a-empresas-por-no-cumplir-la-cuota-de-reserva-para-personas-con-discapacidad-por-importe-de-casi-11-millones-y-medio-de-euros\/","og_site_name":"Amica - Descubriendo Capacidades","article_publisher":"https:\/\/www.facebook.com\/amicaasociacion","article_published_time":"2019-12-24T09:49:49+00:00","og_image":[{"width":470,"height":270,"url":"https:\/\/amica.es\/es\/wp-content\/uploads\/2019\/12\/trabajo-discapacidad-sillas-470x270.jpg","type":"image\/jpeg"}],"author":"Amica","twitter_card":"summary_large_image","twitter_creator":"@asociacionamica","twitter_site":"@asociacionamica","twitter_misc":{"Escrito por":"Amica","Tiempo de lectura":"2 minutos"},"schema":{"@context":"https:\/\/schema.org","@graph":[{"@type":"Article","@id":"https:\/\/amica.es\/es\/la-inspeccion-de-trabajo-propuso-en-2018-sanciones-a-empresas-por-no-cumplir-la-cuota-de-reserva-para-personas-con-discapacidad-por-importe-de-casi-11-millones-y-medio-de-euros\/#article","isPartOf":{"@id":"https:\/\/amica.es\/es\/la-inspeccion-de-trabajo-propuso-en-2018-sanciones-a-empresas-por-no-cumplir-la-cuota-de-reserva-para-personas-con-discapacidad-por-importe-de-casi-11-millones-y-medio-de-euros\/"},"author":{"name":"Amica","@id":"https:\/\/amica.es\/es\/#\/schema\/person\/e495a7dcb12dd9e3780a7b2abb2e5704"},"headline":"LA INSPECCI\u00d3N DE TRABAJO PROPUSO EN 2018 SANCIONES A EMPRESAS POR NO CUMPLIR LA CUOTA DE RESERVA PARA PERSONAS CON DISCAPACIDAD POR IMPORTE DE CASI 11 MILLONES Y MEDIO DE EUROS","datePublished":"2019-12-24T09:49:49+00:00","mainEntityOfPage":{"@id":"https:\/\/amica.es\/es\/la-inspeccion-de-trabajo-propuso-en-2018-sanciones-a-empresas-por-no-cumplir-la-cuota-de-reserva-para-personas-con-discapacidad-por-importe-de-casi-11-millones-y-medio-de-euros\/"},"wordCount":357,"commentCount":0,"publisher":{"@id":"https:\/\/amica.es\/es\/#organization"},"image":{"@id":"https:\/\/amica.es\/es\/la-inspeccion-de-trabajo-propuso-en-2018-sanciones-a-empresas-por-no-cumplir-la-cuota-de-reserva-para-personas-con-discapacidad-por-importe-de-casi-11-millones-y-medio-de-euros\/#primaryimage"},"thumbnailUrl":"https:\/\/amica.es\/es\/wp-content\/uploads\/2019\/12\/trabajo-discapacidad-sillas-470x270.jpg","articleSection":["Noticias"],"inLanguage":"es","potentialAction":[{"@type":"CommentAction","name":"Comment","target":["https:\/\/amica.es\/es\/la-inspeccion-de-trabajo-propuso-en-2018-sanciones-a-empresas-por-no-cumplir-la-cuota-de-reserva-para-personas-con-discapacidad-por-importe-de-casi-11-millones-y-medio-de-euros\/#respond"]}]},{"@type":"WebPage","@id":"https:\/\/amica.es\/es\/la-inspeccion-de-trabajo-propuso-en-2018-sanciones-a-empresas-por-no-cumplir-la-cuota-de-reserva-para-personas-con-discapacidad-por-importe-de-casi-11-millones-y-medio-de-euros\/","url":"https:\/\/amica.es\/es\/la-inspeccion-de-trabajo-propuso-en-2018-sanciones-a-empresas-por-no-cumplir-la-cuota-de-reserva-para-personas-con-discapacidad-por-importe-de-casi-11-millones-y-medio-de-euros\/","name":"LA INSPECCI\u00d3N DE TRABAJO PROPUSO EN 2018 SANCIONES A EMPRESAS POR NO CUMPLIR LA CUOTA DE RESERVA PARA PERSONAS CON DISCAPACIDAD POR IMPORTE DE CASI 11 MILLONES Y MEDIO DE EUROS - Amica - Descubriendo Capacidades","isPartOf":{"@id":"https:\/\/amica.es\/es\/#website"},"primaryImageOfPage":{"@id":"https:\/\/amica.es\/es\/la-inspeccion-de-trabajo-propuso-en-2018-sanciones-a-empresas-por-no-cumplir-la-cuota-de-reserva-para-personas-con-discapacidad-por-importe-de-casi-11-millones-y-medio-de-euros\/#primaryimage"},"image":{"@id":"https:\/\/amica.es\/es\/la-inspeccion-de-trabajo-propuso-en-2018-sanciones-a-empresas-por-no-cumplir-la-cuota-de-reserva-para-personas-con-discapacidad-por-importe-de-casi-11-millones-y-medio-de-euros\/#primaryimage"},"thumbnailUrl":"https:\/\/amica.es\/es\/wp-content\/uploads\/2019\/12\/trabajo-discapacidad-sillas-470x270.jpg","datePublished":"2019-12-24T09:49:49+00:00","breadcrumb":{"@id":"https:\/\/amica.es\/es\/la-inspeccion-de-trabajo-propuso-en-2018-sanciones-a-empresas-por-no-cumplir-la-cuota-de-reserva-para-personas-con-discapacidad-por-importe-de-casi-11-millones-y-medio-de-euros\/#breadcrumb"},"inLanguage":"es","potentialAction":[{"@type":"ReadAction","target":["https:\/\/amica.es\/es\/la-inspeccion-de-trabajo-propuso-en-2018-sanciones-a-empresas-por-no-cumplir-la-cuota-de-reserva-para-personas-con-discapacidad-por-importe-de-casi-11-millones-y-medio-de-euros\/"]}]},{"@type":"ImageObject","inLanguage":"es","@id":"https:\/\/amica.es\/es\/la-inspeccion-de-trabajo-propuso-en-2018-sanciones-a-empresas-por-no-cumplir-la-cuota-de-reserva-para-personas-con-discapacidad-por-importe-de-casi-11-millones-y-medio-de-euros\/#primaryimage","url":"https:\/\/amica.es\/es\/wp-content\/uploads\/2019\/12\/trabajo-discapacidad-sillas-470x270.jpg","contentUrl":"https:\/\/amica.es\/es\/wp-content\/uploads\/2019\/12\/trabajo-discapacidad-sillas-470x270.jpg","width":470,"height":270,"caption":"191224 nota sobre sanciones"},{"@type":"BreadcrumbList","@id":"https:\/\/amica.es\/es\/la-inspeccion-de-trabajo-propuso-en-2018-sanciones-a-empresas-por-no-cumplir-la-cuota-de-reserva-para-personas-con-discapacidad-por-importe-de-casi-11-millones-y-medio-de-euros\/#breadcrumb","itemListElement":[{"@type":"ListItem","position":1,"name":"Portada","item":"https:\/\/amica.es\/es\/"},{"@type":"ListItem","position":2,"name":"LA INSPECCI\u00d3N DE TRABAJO PROPUSO EN 2018 SANCIONES A EMPRESAS POR NO CUMPLIR LA CUOTA DE RESERVA PARA PERSONAS CON DISCAPACIDAD POR IMPORTE DE CASI 11 MILLONES Y MEDIO DE EUROS"}]},{"@type":"WebSite","@id":"https:\/\/amica.es\/es\/#website","url":"https:\/\/amica.es\/es\/","name":"Amica - Descubriendo Capacidades","description":"Apoyando a personas con discapacidad desde 1984","publisher":{"@id":"https:\/\/amica.es\/es\/#organization"},"potentialAction":[{"@type":"SearchAction","target":{"@type":"EntryPoint","urlTemplate":"https:\/\/amica.es\/es\/?s={search_term_string}"},"query-input":{"@type":"PropertyValueSpecification","valueRequired":true,"valueName":"search_term_string"}}],"inLanguage":"es"},{"@type":"Organization","@id":"https:\/\/amica.es\/es\/#organization","name":"Asociaci\u00f3n Amica","url":"https:\/\/amica.es\/es\/","logo":{"@type":"ImageObject","inLanguage":"es","@id":"https:\/\/amica.es\/es\/#\/schema\/logo\/image\/","url":"https:\/\/amica.es\/es\/wp-content\/uploads\/2024\/07\/Amica-Logo.png","contentUrl":"https:\/\/amica.es\/es\/wp-content\/uploads\/2024\/07\/Amica-Logo.png","width":1653,"height":577,"caption":"Asociaci\u00f3n Amica"},"image":{"@id":"https:\/\/amica.es\/es\/#\/schema\/logo\/image\/"},"sameAs":["https:\/\/www.facebook.com\/amicaasociacion","https:\/\/x.com\/asociacionamica","https:\/\/www.youtube.com\/c\/asociacionamicacantabria","https:\/\/es.linkedin.com\/company\/asociacionamica?trk=similar-companies_org_title","https:\/\/www.instagram.com\/asociacionamica\/"]},{"@type":"Person","@id":"https:\/\/amica.es\/es\/#\/schema\/person\/e495a7dcb12dd9e3780a7b2abb2e5704","name":"Amica","image":{"@type":"ImageObject","inLanguage":"es","@id":"https:\/\/amica.es\/es\/#\/schema\/person\/image\/","url":"https:\/\/secure.gravatar.com\/avatar\/39bd48442d48bee2968f3dadf4bca67d9d073335a5c28953daa9c3339ca6b4dc?s=96&d=mm&r=g","contentUrl":"https:\/\/secure.gravatar.com\/avatar\/39bd48442d48bee2968f3dadf4bca67d9d073335a5c28953daa9c3339ca6b4dc?s=96&d=mm&r=g","caption":"Amica"},"url":"https:\/\/amica.es\/es\/author\/amcapaz84ica\/"}]}},"_links":{"self":[{"href":"https:\/\/amica.es\/es\/wp-json\/wp\/v2\/posts\/8252","targetHints":{"allow":["GET"]}}],"collection":[{"href":"https:\/\/amica.es\/es\/wp-json\/wp\/v2\/posts"}],"about":[{"href":"https:\/\/amica.es\/es\/wp-json\/wp\/v2\/types\/post"}],"author":[{"embeddable":true,"href":"https:\/\/amica.es\/es\/wp-json\/wp\/v2\/users\/3"}],"replies":[{"embeddable":true,"href":"https:\/\/amica.es\/es\/wp-json\/wp\/v2\/comments?post=8252"}],"version-history":[{"count":1,"href":"https:\/\/amica.es\/es\/wp-json\/wp\/v2\/posts\/8252\/revisions"}],"predecessor-version":[{"id":8254,"href":"https:\/\/amica.es\/es\/wp-json\/wp\/v2\/posts\/8252\/revisions\/8254"}],"wp:featuredmedia":[{"embeddable":true,"href":"https:\/\/amica.es\/es\/wp-json\/wp\/v2\/media\/8253"}],"wp:attachment":[{"href":"https:\/\/amica.es\/es\/wp-json\/wp\/v2\/media?parent=8252"}],"wp:term":[{"taxonomy":"category","embeddable":true,"href":"https:\/\/amica.es\/es\/wp-json\/wp\/v2\/categories?post=8252"},{"taxonomy":"post_tag","embeddable":true,"href":"https:\/\/amica.es\/es\/wp-json\/wp\/v2\/tags?post=8252"}],"curies":[{"name":"wp","href":"https:\/\/api.w.org\/{rel}","templated":true}]}}