{"id":8271,"date":"2020-01-10T19:31:08","date_gmt":"2020-01-10T17:31:08","guid":{"rendered":"https:\/\/amica.es\/es\/?p=8271"},"modified":"2020-01-10T19:31:08","modified_gmt":"2020-01-10T17:31:08","slug":"el-proyecto-descubriendo-capacidades-en-la-conservacion-de-la-biodiversidad-seleccionado-por-bankia-y-fundacion-bancaja","status":"publish","type":"post","link":"https:\/\/amica.es\/es\/el-proyecto-descubriendo-capacidades-en-la-conservacion-de-la-biodiversidad-seleccionado-por-bankia-y-fundacion-bancaja\/","title":{"rendered":"El proyecto \u2018Descubriendo capacidades en la conservaci\u00f3n de la biodiversidad\u2019 seleccionado por Bankia y Fundaci\u00f3n Bancaja"},"content":{"rendered":"<div class=\"wpb-content-wrapper\">[vc_row][vc_column width=&#8221;1\/2&#8243;][vc_column_text]Bankia y Fundaci\u00f3n Bancaja han resuelto la\u00a0primera edici\u00f3n\u00a0de su\u00a0convocatoria medioambiental\u00a0con la concesi\u00f3n de 100.000 euros a\u00a011 proyectos medioambientales\u00a0en la Comunidad Valenciana.<\/p>\n<ul>\n<li>Las ayudas se destinan a proyectos de protecci\u00f3n de la biodiversidad e innovaci\u00f3n ambiental<\/li>\n<li>La convocatoria permite apoyar el desarrollo de cinco proyectos en Valencia, uno en Castell\u00f3n, uno en Alicante y cuatro en el conjunto del territorio de la Comunidad Valenciana<\/li>\n<\/ul>\n<p>La\u00a0<a href=\"https:\/\/www.bankia.com\/es\/gestion-responsable\/sociedad\/convocatorias-de-accion-social\/\">\u2018I Convocatoria Medioambiental\u2019<\/a>, dirigida a entidades privadas sin \u00e1nimo de lucro con sede o delegaci\u00f3n permanente en la Comunidad Valenciana y con una antig\u00fcedad m\u00ednima de tres a\u00f1os, permite as\u00ed apoyar iniciativas encaminadas a la protecci\u00f3n de la biodiversidad y la innovaci\u00f3n ambiental.<\/p>\n<p>La Asociaci\u00f3n AMICA, por \u2018Descubriendo capacidades en la conservaci\u00f3n de la biodiversidad\u2019 (Valencia). a desarrollar en Campus Diversia ha sido uno de los proyectos seleccionados.<\/p>\n<p>La mayor\u00eda de los proyectos apoyados se centran en el \u00e1mbito de la\u00a0biodiversidad. Las iniciativas se dirigen al fomento de la conservaci\u00f3n, el restablecimiento y el uso sostenible de los ecosistemas (terrestres, marinos y de agua dulce).<\/p>\n<p>La convocatoria permite impulsar cinco proyectos en la provincia de Val\u00e8ncia; uno, en Castell\u00f3n; uno, en Alicante; y cuatro en todo el \u00e1mbito auton\u00f3mico de la Comunidad Valenciana.<\/p>\n<p>Esta colaboraci\u00f3n en\u00a0materia medioambiental\u00a0se suma a la que\u00a0Bankia y Fundaci\u00f3n Bancaja\u00a0desarrollan anualmente en materia de acci\u00f3n social con las convocatorias de ayudas a asociaciones de la Comunidad Valenciana que desarrollan proyectos de exclusi\u00f3n social, cooperaci\u00f3n internacional y discapacidad.<\/p>\n<p>Otras \u00a0entidades seleccionadas\u00a0en esta primera edici\u00f3n han sido:a Sociedad Espa\u00f1ola de Ornitolog\u00eda (SEO\/BirdLife), por el proyecto \u2018Renaturalizando playas para el chorlitejo patinegro\u2019 , Fundaci\u00f3n LIMNE, por la iniciativa \u2018Conservaci\u00f3n de gal\u00e1pagos aut\u00f3ctonos\u2019, Fundaci\u00f3n de la Comunidad Valenciana por una Econom\u00eda Baja en Carb\u00f3n, con el proyecto \u2018Lowcarbon Feed\u2019 , Fundaci\u00f3n Global Nature, con la iniciativa \u2018Conservaci\u00f3n del gal\u00e1pago europeo en el Parque Natural del Prat de Cabanes-Torreblanca\u2019, C\u00e1ritas Interparroquial de Gand\u00eda, con el Vivero Forestal \u2018Creando Futuro\u2019, Fundaci\u00f3n de la Comunidad Valenciana Victoria Laporta Carbonell, con la iniciativa \u2018Reproducci\u00f3n de la planta aut\u00f3ctona y plantaciones de monte frutal en campos de cultivo abandonados para el fomento de la biodiversidad en la Finca Buixcarr\u00f3, Parque Natural Sierra de Mariola, Asociaci\u00f3n de Familiares y Personas con Enfermedad Mental de Paterna, L\u2019Eliana y San Antonio de Benag\u00e9ber (AFEMPES), por \u2018R\u00edo T\u00faria, m\u00e1s vivo que nunca\u2019, Asociaci\u00f3n de Municipios Forestales de la C.V (AMUFOR), con la iniciativa \u2018Gu\u00eda de compra p\u00fablica de innovaci\u00f3n para entidades locales con criterios de responsabilidad social en el sector de la bioeconom\u00eda\u2019 , XALOC- Asociaci\u00f3n para el Estudio y Conservaci\u00f3n del Entorno por el proyecto \u2018Regeneraci\u00f3n de las dunas del entorno del parador de El Saler. Eliminaci\u00f3n de especies invasoras\u2019 y Acci\u00f3 Ecologista-AGRO, con el proyecto \u2018Conservaci\u00f3n y mejora de la biodiversidad vegetal en la umbr\u00eda de Benirrama en Vall de Gallinera (Alicante).<\/p>\n<p>Bankia consolida su compromiso con la sociedad a trav\u00e9s de cinco l\u00edneas prioritarias de acci\u00f3n social: empleo y formaci\u00f3n; vivienda, desarrollo local y rural; discapacidad y medioambiente. La entidad financiera centra su inversi\u00f3n social en estas \u00e1reas y mantiene su compromiso con la sociedad a trav\u00e9s de la implicaci\u00f3n de toda su estructura y sus profesionales. La pol\u00edtica de Gesti\u00f3n Responsable se caracteriza por ser capilar y cercana al relacionar la actividad social del banco con la consecuci\u00f3n de objetivos de la entidad. As\u00ed, Bankia contribuye de manera prioritaria con nueve de los 17 ODS entre los que se encuentran trabajo decente y crecimiento econ\u00f3mico; industria, innovaci\u00f3n e infraestructura; acci\u00f3n por el clima, y energ\u00eda asequible y no contaminante.<\/p>\n<p>&nbsp;[\/vc_column_text][\/vc_column][vc_column width=&#8221;1\/2&#8243;][vc_single_image image=&#8221;8281&#8243; img_size=&#8221;full&#8221; onclick=&#8221;link_image&#8221;][vc_single_image image=&#8221;8280&#8243; img_size=&#8221;full&#8221; onclick=&#8221;link_image&#8221;][\/vc_column][\/vc_row]\n<\/div>","protected":false},"excerpt":{"rendered":"<p>[vc_row][vc_column width=&#8221;1\/2&#8243;][vc_column_text]Bankia y Fundaci\u00f3n Bancaja han resuelto la\u00a0primera edici\u00f3n\u00a0de su\u00a0convocatoria medioambiental\u00a0con la concesi\u00f3n de 100.000 euros a\u00a011 proyectos medioambientales\u00a0en la Comunidad Valenciana. Las ayudas se destinan a proyectos de protecci\u00f3n de la biodiversidad e innovaci\u00f3n ambiental La convocatoria permite apoyar el desarrollo de cinco proyectos en Valencia, uno en Castell\u00f3n, uno en Alicante y cuatro<br \/><a href=\"https:\/\/amica.es\/es\/el-proyecto-descubriendo-capacidades-en-la-conservacion-de-la-biodiversidad-seleccionado-por-bankia-y-fundacion-bancaja\/\" class=\"more\">Read more<\/a><\/p>\n","protected":false},"author":3,"featured_media":8278,"comment_status":"open","ping_status":"open","sticky":false,"template":"","format":"standard","meta":{"_monsterinsights_skip_tracking":false,"_monsterinsights_sitenote_active":false,"_monsterinsights_sitenote_note":"","_monsterinsights_sitenote_category":0,"_joinchat":[],"footnotes":""},"categories":[27],"tags":[],"class_list":["post-8271","post","type-post","status-publish","format-standard","has-post-thumbnail","hentry","category-noticias-categoria"],"yoast_head":"<!-- This site is optimized with the Yoast SEO plugin v25.6 - https:\/\/yoast.com\/wordpress\/plugins\/seo\/ -->\n<title>El proyecto \u2018Descubriendo capacidades en la conservaci\u00f3n de la biodiversidad\u2019 seleccionado por Bankia y Fundaci\u00f3n Bancaja - Amica - Descubriendo Capacidades<\/title>\n<meta name=\"robots\" content=\"index, follow, max-snippet:-1, max-image-preview:large, max-video-preview:-1\" \/>\n<link rel=\"canonical\" href=\"https:\/\/amica.es\/es\/el-proyecto-descubriendo-capacidades-en-la-conservacion-de-la-biodiversidad-seleccionado-por-bankia-y-fundacion-bancaja\/\" \/>\n<meta property=\"og:locale\" content=\"es_ES\" \/>\n<meta property=\"og:type\" content=\"article\" \/>\n<meta property=\"og:title\" content=\"El proyecto \u2018Descubriendo capacidades en la conservaci\u00f3n de la biodiversidad\u2019 seleccionado por Bankia y Fundaci\u00f3n Bancaja - Amica - Descubriendo Capacidades\" \/>\n<meta property=\"og:description\" content=\"[vc_row][vc_column width=&#8221;1\/2&#8243;][vc_column_text]Bankia y Fundaci\u00f3n Bancaja han resuelto la\u00a0primera edici\u00f3n\u00a0de su\u00a0convocatoria medioambiental\u00a0con la concesi\u00f3n de 100.000 euros a\u00a011 proyectos medioambientales\u00a0en la Comunidad Valenciana. Las ayudas se destinan a proyectos de protecci\u00f3n de la biodiversidad e innovaci\u00f3n ambiental La convocatoria permite apoyar el desarrollo de cinco proyectos en Valencia, uno en Castell\u00f3n, uno en Alicante y cuatroRead more\" \/>\n<meta property=\"og:url\" content=\"https:\/\/amica.es\/es\/el-proyecto-descubriendo-capacidades-en-la-conservacion-de-la-biodiversidad-seleccionado-por-bankia-y-fundacion-bancaja\/\" \/>\n<meta property=\"og:site_name\" content=\"Amica - Descubriendo Capacidades\" \/>\n<meta property=\"article:publisher\" content=\"https:\/\/www.facebook.com\/amicaasociacion\" \/>\n<meta property=\"article:published_time\" content=\"2020-01-10T17:31:08+00:00\" \/>\n<meta property=\"og:image\" content=\"https:\/\/amica.es\/es\/wp-content\/uploads\/2020\/01\/IMG-94bankia23.jpg\" \/>\n\t<meta property=\"og:image:width\" content=\"1170\" \/>\n\t<meta property=\"og:image:height\" content=\"500\" \/>\n\t<meta property=\"og:image:type\" content=\"image\/jpeg\" \/>\n<meta name=\"author\" content=\"Amica\" \/>\n<meta name=\"twitter:card\" content=\"summary_large_image\" \/>\n<meta name=\"twitter:creator\" content=\"@asociacionamica\" \/>\n<meta name=\"twitter:site\" content=\"@asociacionamica\" \/>\n<meta name=\"twitter:label1\" content=\"Escrito por\" \/>\n\t<meta name=\"twitter:data1\" content=\"Amica\" \/>\n\t<meta name=\"twitter:label2\" content=\"Tiempo de lectura\" \/>\n\t<meta name=\"twitter:data2\" content=\"4 minutos\" \/>\n<script type=\"application\/ld+json\" class=\"yoast-schema-graph\">{\"@context\":\"https:\/\/schema.org\",\"@graph\":[{\"@type\":\"Article\",\"@id\":\"https:\/\/amica.es\/es\/el-proyecto-descubriendo-capacidades-en-la-conservacion-de-la-biodiversidad-seleccionado-por-bankia-y-fundacion-bancaja\/#article\",\"isPartOf\":{\"@id\":\"https:\/\/amica.es\/es\/el-proyecto-descubriendo-capacidades-en-la-conservacion-de-la-biodiversidad-seleccionado-por-bankia-y-fundacion-bancaja\/\"},\"author\":{\"name\":\"Amica\",\"@id\":\"https:\/\/amica.es\/es\/#\/schema\/person\/e495a7dcb12dd9e3780a7b2abb2e5704\"},\"headline\":\"El proyecto \u2018Descubriendo capacidades en la conservaci\u00f3n de la biodiversidad\u2019 seleccionado por Bankia y Fundaci\u00f3n Bancaja\",\"datePublished\":\"2020-01-10T17:31:08+00:00\",\"mainEntityOfPage\":{\"@id\":\"https:\/\/amica.es\/es\/el-proyecto-descubriendo-capacidades-en-la-conservacion-de-la-biodiversidad-seleccionado-por-bankia-y-fundacion-bancaja\/\"},\"wordCount\":719,\"commentCount\":0,\"publisher\":{\"@id\":\"https:\/\/amica.es\/es\/#organization\"},\"image\":{\"@id\":\"https:\/\/amica.es\/es\/el-proyecto-descubriendo-capacidades-en-la-conservacion-de-la-biodiversidad-seleccionado-por-bankia-y-fundacion-bancaja\/#primaryimage\"},\"thumbnailUrl\":\"https:\/\/amica.es\/es\/wp-content\/uploads\/2020\/01\/IMG-94bankia23.jpg\",\"articleSection\":[\"Noticias\"],\"inLanguage\":\"es\",\"potentialAction\":[{\"@type\":\"CommentAction\",\"name\":\"Comment\",\"target\":[\"https:\/\/amica.es\/es\/el-proyecto-descubriendo-capacidades-en-la-conservacion-de-la-biodiversidad-seleccionado-por-bankia-y-fundacion-bancaja\/#respond\"]}]},{\"@type\":\"WebPage\",\"@id\":\"https:\/\/amica.es\/es\/el-proyecto-descubriendo-capacidades-en-la-conservacion-de-la-biodiversidad-seleccionado-por-bankia-y-fundacion-bancaja\/\",\"url\":\"https:\/\/amica.es\/es\/el-proyecto-descubriendo-capacidades-en-la-conservacion-de-la-biodiversidad-seleccionado-por-bankia-y-fundacion-bancaja\/\",\"name\":\"El proyecto \u2018Descubriendo capacidades en la conservaci\u00f3n de la biodiversidad\u2019 seleccionado por Bankia y Fundaci\u00f3n Bancaja - Amica - Descubriendo Capacidades\",\"isPartOf\":{\"@id\":\"https:\/\/amica.es\/es\/#website\"},\"primaryImageOfPage\":{\"@id\":\"https:\/\/amica.es\/es\/el-proyecto-descubriendo-capacidades-en-la-conservacion-de-la-biodiversidad-seleccionado-por-bankia-y-fundacion-bancaja\/#primaryimage\"},\"image\":{\"@id\":\"https:\/\/amica.es\/es\/el-proyecto-descubriendo-capacidades-en-la-conservacion-de-la-biodiversidad-seleccionado-por-bankia-y-fundacion-bancaja\/#primaryimage\"},\"thumbnailUrl\":\"https:\/\/amica.es\/es\/wp-content\/uploads\/2020\/01\/IMG-94bankia23.jpg\",\"datePublished\":\"2020-01-10T17:31:08+00:00\",\"breadcrumb\":{\"@id\":\"https:\/\/amica.es\/es\/el-proyecto-descubriendo-capacidades-en-la-conservacion-de-la-biodiversidad-seleccionado-por-bankia-y-fundacion-bancaja\/#breadcrumb\"},\"inLanguage\":\"es\",\"potentialAction\":[{\"@type\":\"ReadAction\",\"target\":[\"https:\/\/amica.es\/es\/el-proyecto-descubriendo-capacidades-en-la-conservacion-de-la-biodiversidad-seleccionado-por-bankia-y-fundacion-bancaja\/\"]}]},{\"@type\":\"ImageObject\",\"inLanguage\":\"es\",\"@id\":\"https:\/\/amica.es\/es\/el-proyecto-descubriendo-capacidades-en-la-conservacion-de-la-biodiversidad-seleccionado-por-bankia-y-fundacion-bancaja\/#primaryimage\",\"url\":\"https:\/\/amica.es\/es\/wp-content\/uploads\/2020\/01\/IMG-94bankia23.jpg\",\"contentUrl\":\"https:\/\/amica.es\/es\/wp-content\/uploads\/2020\/01\/IMG-94bankia23.jpg\",\"width\":1170,\"height\":500,\"caption\":\"El proyecto \u2018Descubriendo capacidades en la conservaci\u00f3n de la biodiversidad\u2019 seleccionado por Bankia y Fundaci\u00f3n Bancaja\"},{\"@type\":\"BreadcrumbList\",\"@id\":\"https:\/\/amica.es\/es\/el-proyecto-descubriendo-capacidades-en-la-conservacion-de-la-biodiversidad-seleccionado-por-bankia-y-fundacion-bancaja\/#breadcrumb\",\"itemListElement\":[{\"@type\":\"ListItem\",\"position\":1,\"name\":\"Portada\",\"item\":\"https:\/\/amica.es\/es\/\"},{\"@type\":\"ListItem\",\"position\":2,\"name\":\"El proyecto \u2018Descubriendo capacidades en la conservaci\u00f3n de la biodiversidad\u2019 seleccionado por Bankia y Fundaci\u00f3n Bancaja\"}]},{\"@type\":\"WebSite\",\"@id\":\"https:\/\/amica.es\/es\/#website\",\"url\":\"https:\/\/amica.es\/es\/\",\"name\":\"Amica - Descubriendo Capacidades\",\"description\":\"Apoyando a personas con discapacidad desde 1984\",\"publisher\":{\"@id\":\"https:\/\/amica.es\/es\/#organization\"},\"potentialAction\":[{\"@type\":\"SearchAction\",\"target\":{\"@type\":\"EntryPoint\",\"urlTemplate\":\"https:\/\/amica.es\/es\/?s={search_term_string}\"},\"query-input\":{\"@type\":\"PropertyValueSpecification\",\"valueRequired\":true,\"valueName\":\"search_term_string\"}}],\"inLanguage\":\"es\"},{\"@type\":\"Organization\",\"@id\":\"https:\/\/amica.es\/es\/#organization\",\"name\":\"Asociaci\u00f3n Amica\",\"url\":\"https:\/\/amica.es\/es\/\",\"logo\":{\"@type\":\"ImageObject\",\"inLanguage\":\"es\",\"@id\":\"https:\/\/amica.es\/es\/#\/schema\/logo\/image\/\",\"url\":\"https:\/\/amica.es\/es\/wp-content\/uploads\/2024\/07\/Amica-Logo.png\",\"contentUrl\":\"https:\/\/amica.es\/es\/wp-content\/uploads\/2024\/07\/Amica-Logo.png\",\"width\":1653,\"height\":577,\"caption\":\"Asociaci\u00f3n Amica\"},\"image\":{\"@id\":\"https:\/\/amica.es\/es\/#\/schema\/logo\/image\/\"},\"sameAs\":[\"https:\/\/www.facebook.com\/amicaasociacion\",\"https:\/\/x.com\/asociacionamica\",\"https:\/\/www.youtube.com\/c\/asociacionamicacantabria\",\"https:\/\/es.linkedin.com\/company\/asociacionamica?trk=similar-companies_org_title\",\"https:\/\/www.instagram.com\/asociacionamica\/\"]},{\"@type\":\"Person\",\"@id\":\"https:\/\/amica.es\/es\/#\/schema\/person\/e495a7dcb12dd9e3780a7b2abb2e5704\",\"name\":\"Amica\",\"image\":{\"@type\":\"ImageObject\",\"inLanguage\":\"es\",\"@id\":\"https:\/\/amica.es\/es\/#\/schema\/person\/image\/\",\"url\":\"https:\/\/secure.gravatar.com\/avatar\/39bd48442d48bee2968f3dadf4bca67d9d073335a5c28953daa9c3339ca6b4dc?s=96&d=mm&r=g\",\"contentUrl\":\"https:\/\/secure.gravatar.com\/avatar\/39bd48442d48bee2968f3dadf4bca67d9d073335a5c28953daa9c3339ca6b4dc?s=96&d=mm&r=g\",\"caption\":\"Amica\"},\"url\":\"https:\/\/amica.es\/es\/author\/amcapaz84ica\/\"}]}<\/script>\n<!-- \/ Yoast SEO plugin. -->","yoast_head_json":{"title":"El proyecto \u2018Descubriendo capacidades en la conservaci\u00f3n de la biodiversidad\u2019 seleccionado por Bankia y Fundaci\u00f3n Bancaja - Amica - Descubriendo Capacidades","robots":{"index":"index","follow":"follow","max-snippet":"max-snippet:-1","max-image-preview":"max-image-preview:large","max-video-preview":"max-video-preview:-1"},"canonical":"https:\/\/amica.es\/es\/el-proyecto-descubriendo-capacidades-en-la-conservacion-de-la-biodiversidad-seleccionado-por-bankia-y-fundacion-bancaja\/","og_locale":"es_ES","og_type":"article","og_title":"El proyecto \u2018Descubriendo capacidades en la conservaci\u00f3n de la biodiversidad\u2019 seleccionado por Bankia y Fundaci\u00f3n Bancaja - Amica - Descubriendo Capacidades","og_description":"[vc_row][vc_column width=&#8221;1\/2&#8243;][vc_column_text]Bankia y Fundaci\u00f3n Bancaja han resuelto la\u00a0primera edici\u00f3n\u00a0de su\u00a0convocatoria medioambiental\u00a0con la concesi\u00f3n de 100.000 euros a\u00a011 proyectos medioambientales\u00a0en la Comunidad Valenciana. Las ayudas se destinan a proyectos de protecci\u00f3n de la biodiversidad e innovaci\u00f3n ambiental La convocatoria permite apoyar el desarrollo de cinco proyectos en Valencia, uno en Castell\u00f3n, uno en Alicante y cuatroRead more","og_url":"https:\/\/amica.es\/es\/el-proyecto-descubriendo-capacidades-en-la-conservacion-de-la-biodiversidad-seleccionado-por-bankia-y-fundacion-bancaja\/","og_site_name":"Amica - Descubriendo Capacidades","article_publisher":"https:\/\/www.facebook.com\/amicaasociacion","article_published_time":"2020-01-10T17:31:08+00:00","og_image":[{"width":1170,"height":500,"url":"https:\/\/amica.es\/es\/wp-content\/uploads\/2020\/01\/IMG-94bankia23.jpg","type":"image\/jpeg"}],"author":"Amica","twitter_card":"summary_large_image","twitter_creator":"@asociacionamica","twitter_site":"@asociacionamica","twitter_misc":{"Escrito por":"Amica","Tiempo de lectura":"4 minutos"},"schema":{"@context":"https:\/\/schema.org","@graph":[{"@type":"Article","@id":"https:\/\/amica.es\/es\/el-proyecto-descubriendo-capacidades-en-la-conservacion-de-la-biodiversidad-seleccionado-por-bankia-y-fundacion-bancaja\/#article","isPartOf":{"@id":"https:\/\/amica.es\/es\/el-proyecto-descubriendo-capacidades-en-la-conservacion-de-la-biodiversidad-seleccionado-por-bankia-y-fundacion-bancaja\/"},"author":{"name":"Amica","@id":"https:\/\/amica.es\/es\/#\/schema\/person\/e495a7dcb12dd9e3780a7b2abb2e5704"},"headline":"El proyecto \u2018Descubriendo capacidades en la conservaci\u00f3n de la biodiversidad\u2019 seleccionado por Bankia y Fundaci\u00f3n Bancaja","datePublished":"2020-01-10T17:31:08+00:00","mainEntityOfPage":{"@id":"https:\/\/amica.es\/es\/el-proyecto-descubriendo-capacidades-en-la-conservacion-de-la-biodiversidad-seleccionado-por-bankia-y-fundacion-bancaja\/"},"wordCount":719,"commentCount":0,"publisher":{"@id":"https:\/\/amica.es\/es\/#organization"},"image":{"@id":"https:\/\/amica.es\/es\/el-proyecto-descubriendo-capacidades-en-la-conservacion-de-la-biodiversidad-seleccionado-por-bankia-y-fundacion-bancaja\/#primaryimage"},"thumbnailUrl":"https:\/\/amica.es\/es\/wp-content\/uploads\/2020\/01\/IMG-94bankia23.jpg","articleSection":["Noticias"],"inLanguage":"es","potentialAction":[{"@type":"CommentAction","name":"Comment","target":["https:\/\/amica.es\/es\/el-proyecto-descubriendo-capacidades-en-la-conservacion-de-la-biodiversidad-seleccionado-por-bankia-y-fundacion-bancaja\/#respond"]}]},{"@type":"WebPage","@id":"https:\/\/amica.es\/es\/el-proyecto-descubriendo-capacidades-en-la-conservacion-de-la-biodiversidad-seleccionado-por-bankia-y-fundacion-bancaja\/","url":"https:\/\/amica.es\/es\/el-proyecto-descubriendo-capacidades-en-la-conservacion-de-la-biodiversidad-seleccionado-por-bankia-y-fundacion-bancaja\/","name":"El proyecto \u2018Descubriendo capacidades en la conservaci\u00f3n de la biodiversidad\u2019 seleccionado por Bankia y Fundaci\u00f3n Bancaja - Amica - Descubriendo Capacidades","isPartOf":{"@id":"https:\/\/amica.es\/es\/#website"},"primaryImageOfPage":{"@id":"https:\/\/amica.es\/es\/el-proyecto-descubriendo-capacidades-en-la-conservacion-de-la-biodiversidad-seleccionado-por-bankia-y-fundacion-bancaja\/#primaryimage"},"image":{"@id":"https:\/\/amica.es\/es\/el-proyecto-descubriendo-capacidades-en-la-conservacion-de-la-biodiversidad-seleccionado-por-bankia-y-fundacion-bancaja\/#primaryimage"},"thumbnailUrl":"https:\/\/amica.es\/es\/wp-content\/uploads\/2020\/01\/IMG-94bankia23.jpg","datePublished":"2020-01-10T17:31:08+00:00","breadcrumb":{"@id":"https:\/\/amica.es\/es\/el-proyecto-descubriendo-capacidades-en-la-conservacion-de-la-biodiversidad-seleccionado-por-bankia-y-fundacion-bancaja\/#breadcrumb"},"inLanguage":"es","potentialAction":[{"@type":"ReadAction","target":["https:\/\/amica.es\/es\/el-proyecto-descubriendo-capacidades-en-la-conservacion-de-la-biodiversidad-seleccionado-por-bankia-y-fundacion-bancaja\/"]}]},{"@type":"ImageObject","inLanguage":"es","@id":"https:\/\/amica.es\/es\/el-proyecto-descubriendo-capacidades-en-la-conservacion-de-la-biodiversidad-seleccionado-por-bankia-y-fundacion-bancaja\/#primaryimage","url":"https:\/\/amica.es\/es\/wp-content\/uploads\/2020\/01\/IMG-94bankia23.jpg","contentUrl":"https:\/\/amica.es\/es\/wp-content\/uploads\/2020\/01\/IMG-94bankia23.jpg","width":1170,"height":500,"caption":"El proyecto \u2018Descubriendo capacidades en la conservaci\u00f3n de la biodiversidad\u2019 seleccionado por Bankia y Fundaci\u00f3n Bancaja"},{"@type":"BreadcrumbList","@id":"https:\/\/amica.es\/es\/el-proyecto-descubriendo-capacidades-en-la-conservacion-de-la-biodiversidad-seleccionado-por-bankia-y-fundacion-bancaja\/#breadcrumb","itemListElement":[{"@type":"ListItem","position":1,"name":"Portada","item":"https:\/\/amica.es\/es\/"},{"@type":"ListItem","position":2,"name":"El proyecto \u2018Descubriendo capacidades en la conservaci\u00f3n de la biodiversidad\u2019 seleccionado por Bankia y Fundaci\u00f3n Bancaja"}]},{"@type":"WebSite","@id":"https:\/\/amica.es\/es\/#website","url":"https:\/\/amica.es\/es\/","name":"Amica - Descubriendo Capacidades","description":"Apoyando a personas con discapacidad desde 1984","publisher":{"@id":"https:\/\/amica.es\/es\/#organization"},"potentialAction":[{"@type":"SearchAction","target":{"@type":"EntryPoint","urlTemplate":"https:\/\/amica.es\/es\/?s={search_term_string}"},"query-input":{"@type":"PropertyValueSpecification","valueRequired":true,"valueName":"search_term_string"}}],"inLanguage":"es"},{"@type":"Organization","@id":"https:\/\/amica.es\/es\/#organization","name":"Asociaci\u00f3n Amica","url":"https:\/\/amica.es\/es\/","logo":{"@type":"ImageObject","inLanguage":"es","@id":"https:\/\/amica.es\/es\/#\/schema\/logo\/image\/","url":"https:\/\/amica.es\/es\/wp-content\/uploads\/2024\/07\/Amica-Logo.png","contentUrl":"https:\/\/amica.es\/es\/wp-content\/uploads\/2024\/07\/Amica-Logo.png","width":1653,"height":577,"caption":"Asociaci\u00f3n Amica"},"image":{"@id":"https:\/\/amica.es\/es\/#\/schema\/logo\/image\/"},"sameAs":["https:\/\/www.facebook.com\/amicaasociacion","https:\/\/x.com\/asociacionamica","https:\/\/www.youtube.com\/c\/asociacionamicacantabria","https:\/\/es.linkedin.com\/company\/asociacionamica?trk=similar-companies_org_title","https:\/\/www.instagram.com\/asociacionamica\/"]},{"@type":"Person","@id":"https:\/\/amica.es\/es\/#\/schema\/person\/e495a7dcb12dd9e3780a7b2abb2e5704","name":"Amica","image":{"@type":"ImageObject","inLanguage":"es","@id":"https:\/\/amica.es\/es\/#\/schema\/person\/image\/","url":"https:\/\/secure.gravatar.com\/avatar\/39bd48442d48bee2968f3dadf4bca67d9d073335a5c28953daa9c3339ca6b4dc?s=96&d=mm&r=g","contentUrl":"https:\/\/secure.gravatar.com\/avatar\/39bd48442d48bee2968f3dadf4bca67d9d073335a5c28953daa9c3339ca6b4dc?s=96&d=mm&r=g","caption":"Amica"},"url":"https:\/\/amica.es\/es\/author\/amcapaz84ica\/"}]}},"_links":{"self":[{"href":"https:\/\/amica.es\/es\/wp-json\/wp\/v2\/posts\/8271","targetHints":{"allow":["GET"]}}],"collection":[{"href":"https:\/\/amica.es\/es\/wp-json\/wp\/v2\/posts"}],"about":[{"href":"https:\/\/amica.es\/es\/wp-json\/wp\/v2\/types\/post"}],"author":[{"embeddable":true,"href":"https:\/\/amica.es\/es\/wp-json\/wp\/v2\/users\/3"}],"replies":[{"embeddable":true,"href":"https:\/\/amica.es\/es\/wp-json\/wp\/v2\/comments?post=8271"}],"version-history":[{"count":3,"href":"https:\/\/amica.es\/es\/wp-json\/wp\/v2\/posts\/8271\/revisions"}],"predecessor-version":[{"id":8282,"href":"https:\/\/amica.es\/es\/wp-json\/wp\/v2\/posts\/8271\/revisions\/8282"}],"wp:featuredmedia":[{"embeddable":true,"href":"https:\/\/amica.es\/es\/wp-json\/wp\/v2\/media\/8278"}],"wp:attachment":[{"href":"https:\/\/amica.es\/es\/wp-json\/wp\/v2\/media?parent=8271"}],"wp:term":[{"taxonomy":"category","embeddable":true,"href":"https:\/\/amica.es\/es\/wp-json\/wp\/v2\/categories?post=8271"},{"taxonomy":"post_tag","embeddable":true,"href":"https:\/\/amica.es\/es\/wp-json\/wp\/v2\/tags?post=8271"}],"curies":[{"name":"wp","href":"https:\/\/api.w.org\/{rel}","templated":true}]}}