{"id":8350,"date":"2020-01-21T14:54:52","date_gmt":"2020-01-21T12:54:52","guid":{"rendered":"https:\/\/amica.es\/es\/?p=8350"},"modified":"2020-01-21T14:54:52","modified_gmt":"2020-01-21T12:54:52","slug":"amica-se-adhiere-a-la-declaracion-de-gredos-por-la-repoblacion-un-hito-en-las-estrategias-para-superar-el-reto-demografico","status":"publish","type":"post","link":"https:\/\/amica.es\/es\/amica-se-adhiere-a-la-declaracion-de-gredos-por-la-repoblacion-un-hito-en-las-estrategias-para-superar-el-reto-demografico\/","title":{"rendered":"Amica se adhiere a la Declaraci\u00f3n de Gredos por la repoblaci\u00f3n, un hito en las estrategias para superar el Reto Demogr\u00e1fico"},"content":{"rendered":"<div class=\"wpb-content-wrapper\">[vc_row][vc_column width=&#8221;1\/2&#8243;][vc_column_text]<strong>Supone una puesta por la innovaci\u00f3n y el emprendimiento para luchar contra la despoblaci\u00f3n en el medio rural, tal como se acord\u00f3 en el congreso celebrado en \u00c1vila<\/strong><\/p>\n<p>Diecinueve diputaciones provinciales, ocho gobiernos auton\u00f3micos, m\u00e1s de un centenar de alcaldes y emprendedores de diversos sectores productivos se han dado cita en el Parador de Gredos, en \u00c1vila, para participar en la Conferencia por la Despoblaci\u00f3n, organizada por las asociaciones Territorio Emprendimiento y Startup Village con la colaboraci\u00f3n de la Diputaci\u00f3n de \u00c1vila, y firmar la Declaraci\u00f3n de Gredos.<\/p>\n<p>La Declaraci\u00f3n, suscrita por los representantes de los gobiernos provinciales (entre ellos ocho presidentes), pretende ser el germen de un gran pacto de Estado por la repoblaci\u00f3n y el emprendimiento rural en aquellas provincias de la Espa\u00f1a interior que desde hace d\u00e9cadas sufren la despoblaci\u00f3n y el envejecimiento de sus habitantes.<\/p>\n<p>El programa de la conferencia ha contado con mesas redondas sobre Conectividad, Turismo y Patrimonio, fondos europeos, emprendimiento femenino o el papel de las grandes instituciones contra la despoblaci\u00f3n.<\/p>\n<p>Amica ha presentado su proyecto de Campus Diversia durante la Conferencia como modelo para la repoblaci\u00f3n en zonas rurales\u00a0 y la incorporaci\u00f3n de un proyecto social que favorezca la participaci\u00f3n de las personas con discapacidad,<\/p>\n<p>Al final de la Jornada Tom\u00e1s Castillo ha firmado y se ha unido a la Declaraci\u00f3n de Gredos por la innovaci\u00f3n y el emprendimiento para la repoblaci\u00f3n rural y territorial, junto a varias decenas de instituciones m\u00e1s. Esta Declaraci\u00f3n en es pro del bien com\u00fan, de la cohesi\u00f3n social, la vertebraci\u00f3n territorial y el\u00a0 buen modelo de convivencia en este pa\u00eds.<\/p>\n<p>El Sal\u00f3n de Ponentes del Parador, donde se reunieron los siete padres de la Constituci\u00f3n Espa\u00f1ola para tratar las enmiendas al texto vigente desde 1978, ha sido el escenario de la firma de los diferentes representantes institucionales. El presidente de la Diputaci\u00f3n de \u00c1vila, D. Carlos Garc\u00eda, ha destacado el Parador de Gredos como lugar donde &#8220;hace 41 a\u00f1os siete personas aparcaron la ideolog\u00eda pol\u00edtica, las discrepancias y la crispaci\u00f3n para poner encima de la mesa el futuro de Espa\u00f1a, el pacto, el di\u00e1logo y el consenso&#8221;.<\/p>\n<p>&nbsp;[\/vc_column_text][\/vc_column][vc_column width=&#8221;1\/2&#8243;][vc_single_image image=&#8221;8361&#8243; img_size=&#8221;full&#8221; alignment=&#8221;center&#8221; onclick=&#8221;link_image&#8221;][vc_single_image image=&#8221;8362&#8243; img_size=&#8221;full&#8221; alignment=&#8221;center&#8221; onclick=&#8221;link_image&#8221;][\/vc_column][\/vc_row]\n<\/div>","protected":false},"excerpt":{"rendered":"<p>[vc_row][vc_column width=&#8221;1\/2&#8243;][vc_column_text]Supone una puesta por la innovaci\u00f3n y el emprendimiento para luchar contra la despoblaci\u00f3n en el medio rural, tal como se acord\u00f3 en el congreso celebrado en \u00c1vila Diecinueve diputaciones provinciales, ocho gobiernos auton\u00f3micos, m\u00e1s de un centenar de alcaldes y emprendedores de diversos sectores productivos se han dado cita en el Parador de<br \/><a href=\"https:\/\/amica.es\/es\/amica-se-adhiere-a-la-declaracion-de-gredos-por-la-repoblacion-un-hito-en-las-estrategias-para-superar-el-reto-demografico\/\" class=\"more\">Read more<\/a><\/p>\n","protected":false},"author":3,"featured_media":8359,"comment_status":"open","ping_status":"open","sticky":false,"template":"","format":"standard","meta":{"_monsterinsights_skip_tracking":false,"_monsterinsights_sitenote_active":false,"_monsterinsights_sitenote_note":"","_monsterinsights_sitenote_category":0,"_joinchat":[],"footnotes":""},"categories":[27],"tags":[],"class_list":["post-8350","post","type-post","status-publish","format-standard","has-post-thumbnail","hentry","category-noticias-categoria"],"yoast_head":"<!-- This site is optimized with the Yoast SEO plugin v25.6 - https:\/\/yoast.com\/wordpress\/plugins\/seo\/ -->\n<title>Amica se adhiere a la Declaraci\u00f3n de Gredos por la repoblaci\u00f3n, un hito en las estrategias para superar el Reto Demogr\u00e1fico - Amica - Descubriendo Capacidades<\/title>\n<meta name=\"robots\" content=\"index, follow, max-snippet:-1, max-image-preview:large, max-video-preview:-1\" \/>\n<link rel=\"canonical\" href=\"https:\/\/amica.es\/es\/amica-se-adhiere-a-la-declaracion-de-gredos-por-la-repoblacion-un-hito-en-las-estrategias-para-superar-el-reto-demografico\/\" \/>\n<meta property=\"og:locale\" content=\"es_ES\" \/>\n<meta property=\"og:type\" content=\"article\" \/>\n<meta property=\"og:title\" content=\"Amica se adhiere a la Declaraci\u00f3n de Gredos por la repoblaci\u00f3n, un hito en las estrategias para superar el Reto Demogr\u00e1fico - Amica - Descubriendo Capacidades\" \/>\n<meta property=\"og:description\" content=\"[vc_row][vc_column width=&#8221;1\/2&#8243;][vc_column_text]Supone una puesta por la innovaci\u00f3n y el emprendimiento para luchar contra la despoblaci\u00f3n en el medio rural, tal como se acord\u00f3 en el congreso celebrado en \u00c1vila Diecinueve diputaciones provinciales, ocho gobiernos auton\u00f3micos, m\u00e1s de un centenar de alcaldes y emprendedores de diversos sectores productivos se han dado cita en el Parador deRead more\" \/>\n<meta property=\"og:url\" content=\"https:\/\/amica.es\/es\/amica-se-adhiere-a-la-declaracion-de-gredos-por-la-repoblacion-un-hito-en-las-estrategias-para-superar-el-reto-demografico\/\" \/>\n<meta property=\"og:site_name\" content=\"Amica - Descubriendo Capacidades\" \/>\n<meta property=\"article:publisher\" content=\"https:\/\/www.facebook.com\/amicaasociacion\" \/>\n<meta property=\"article:published_time\" content=\"2020-01-21T12:54:52+00:00\" \/>\n<meta property=\"og:image\" content=\"https:\/\/amica.es\/es\/wp-content\/uploads\/2020\/01\/211.jpg\" \/>\n\t<meta property=\"og:image:width\" content=\"1170\" \/>\n\t<meta property=\"og:image:height\" content=\"500\" \/>\n\t<meta property=\"og:image:type\" content=\"image\/jpeg\" \/>\n<meta name=\"author\" content=\"Amica\" \/>\n<meta name=\"twitter:card\" content=\"summary_large_image\" \/>\n<meta name=\"twitter:creator\" content=\"@asociacionamica\" \/>\n<meta name=\"twitter:site\" content=\"@asociacionamica\" \/>\n<meta name=\"twitter:label1\" content=\"Escrito por\" \/>\n\t<meta name=\"twitter:data1\" content=\"Amica\" \/>\n\t<meta name=\"twitter:label2\" content=\"Tiempo de lectura\" \/>\n\t<meta name=\"twitter:data2\" content=\"2 minutos\" \/>\n<script type=\"application\/ld+json\" class=\"yoast-schema-graph\">{\"@context\":\"https:\/\/schema.org\",\"@graph\":[{\"@type\":\"Article\",\"@id\":\"https:\/\/amica.es\/es\/amica-se-adhiere-a-la-declaracion-de-gredos-por-la-repoblacion-un-hito-en-las-estrategias-para-superar-el-reto-demografico\/#article\",\"isPartOf\":{\"@id\":\"https:\/\/amica.es\/es\/amica-se-adhiere-a-la-declaracion-de-gredos-por-la-repoblacion-un-hito-en-las-estrategias-para-superar-el-reto-demografico\/\"},\"author\":{\"name\":\"Amica\",\"@id\":\"https:\/\/amica.es\/es\/#\/schema\/person\/e495a7dcb12dd9e3780a7b2abb2e5704\"},\"headline\":\"Amica se adhiere a la Declaraci\u00f3n de Gredos por la repoblaci\u00f3n, un hito en las estrategias para superar el Reto Demogr\u00e1fico\",\"datePublished\":\"2020-01-21T12:54:52+00:00\",\"mainEntityOfPage\":{\"@id\":\"https:\/\/amica.es\/es\/amica-se-adhiere-a-la-declaracion-de-gredos-por-la-repoblacion-un-hito-en-las-estrategias-para-superar-el-reto-demografico\/\"},\"wordCount\":456,\"commentCount\":0,\"publisher\":{\"@id\":\"https:\/\/amica.es\/es\/#organization\"},\"image\":{\"@id\":\"https:\/\/amica.es\/es\/amica-se-adhiere-a-la-declaracion-de-gredos-por-la-repoblacion-un-hito-en-las-estrategias-para-superar-el-reto-demografico\/#primaryimage\"},\"thumbnailUrl\":\"https:\/\/amica.es\/es\/wp-content\/uploads\/2020\/01\/211.jpg\",\"articleSection\":[\"Noticias\"],\"inLanguage\":\"es\",\"potentialAction\":[{\"@type\":\"CommentAction\",\"name\":\"Comment\",\"target\":[\"https:\/\/amica.es\/es\/amica-se-adhiere-a-la-declaracion-de-gredos-por-la-repoblacion-un-hito-en-las-estrategias-para-superar-el-reto-demografico\/#respond\"]}]},{\"@type\":\"WebPage\",\"@id\":\"https:\/\/amica.es\/es\/amica-se-adhiere-a-la-declaracion-de-gredos-por-la-repoblacion-un-hito-en-las-estrategias-para-superar-el-reto-demografico\/\",\"url\":\"https:\/\/amica.es\/es\/amica-se-adhiere-a-la-declaracion-de-gredos-por-la-repoblacion-un-hito-en-las-estrategias-para-superar-el-reto-demografico\/\",\"name\":\"Amica se adhiere a la Declaraci\u00f3n de Gredos por la repoblaci\u00f3n, un hito en las estrategias para superar el Reto Demogr\u00e1fico - Amica - Descubriendo Capacidades\",\"isPartOf\":{\"@id\":\"https:\/\/amica.es\/es\/#website\"},\"primaryImageOfPage\":{\"@id\":\"https:\/\/amica.es\/es\/amica-se-adhiere-a-la-declaracion-de-gredos-por-la-repoblacion-un-hito-en-las-estrategias-para-superar-el-reto-demografico\/#primaryimage\"},\"image\":{\"@id\":\"https:\/\/amica.es\/es\/amica-se-adhiere-a-la-declaracion-de-gredos-por-la-repoblacion-un-hito-en-las-estrategias-para-superar-el-reto-demografico\/#primaryimage\"},\"thumbnailUrl\":\"https:\/\/amica.es\/es\/wp-content\/uploads\/2020\/01\/211.jpg\",\"datePublished\":\"2020-01-21T12:54:52+00:00\",\"breadcrumb\":{\"@id\":\"https:\/\/amica.es\/es\/amica-se-adhiere-a-la-declaracion-de-gredos-por-la-repoblacion-un-hito-en-las-estrategias-para-superar-el-reto-demografico\/#breadcrumb\"},\"inLanguage\":\"es\",\"potentialAction\":[{\"@type\":\"ReadAction\",\"target\":[\"https:\/\/amica.es\/es\/amica-se-adhiere-a-la-declaracion-de-gredos-por-la-repoblacion-un-hito-en-las-estrategias-para-superar-el-reto-demografico\/\"]}]},{\"@type\":\"ImageObject\",\"inLanguage\":\"es\",\"@id\":\"https:\/\/amica.es\/es\/amica-se-adhiere-a-la-declaracion-de-gredos-por-la-repoblacion-un-hito-en-las-estrategias-para-superar-el-reto-demografico\/#primaryimage\",\"url\":\"https:\/\/amica.es\/es\/wp-content\/uploads\/2020\/01\/211.jpg\",\"contentUrl\":\"https:\/\/amica.es\/es\/wp-content\/uploads\/2020\/01\/211.jpg\",\"width\":1170,\"height\":500,\"caption\":\"Amica se adhiere a la Declaraci\u00f3n de Gredos por la repoblaci\u00f3n, un hito en las estrategias para superar el Reto Demogr\u00e1fico\"},{\"@type\":\"BreadcrumbList\",\"@id\":\"https:\/\/amica.es\/es\/amica-se-adhiere-a-la-declaracion-de-gredos-por-la-repoblacion-un-hito-en-las-estrategias-para-superar-el-reto-demografico\/#breadcrumb\",\"itemListElement\":[{\"@type\":\"ListItem\",\"position\":1,\"name\":\"Portada\",\"item\":\"https:\/\/amica.es\/es\/\"},{\"@type\":\"ListItem\",\"position\":2,\"name\":\"Amica se adhiere a la Declaraci\u00f3n de Gredos por la repoblaci\u00f3n, un hito en las estrategias para superar el Reto Demogr\u00e1fico\"}]},{\"@type\":\"WebSite\",\"@id\":\"https:\/\/amica.es\/es\/#website\",\"url\":\"https:\/\/amica.es\/es\/\",\"name\":\"Amica - Descubriendo Capacidades\",\"description\":\"Apoyando a personas con discapacidad desde 1984\",\"publisher\":{\"@id\":\"https:\/\/amica.es\/es\/#organization\"},\"potentialAction\":[{\"@type\":\"SearchAction\",\"target\":{\"@type\":\"EntryPoint\",\"urlTemplate\":\"https:\/\/amica.es\/es\/?s={search_term_string}\"},\"query-input\":{\"@type\":\"PropertyValueSpecification\",\"valueRequired\":true,\"valueName\":\"search_term_string\"}}],\"inLanguage\":\"es\"},{\"@type\":\"Organization\",\"@id\":\"https:\/\/amica.es\/es\/#organization\",\"name\":\"Asociaci\u00f3n Amica\",\"url\":\"https:\/\/amica.es\/es\/\",\"logo\":{\"@type\":\"ImageObject\",\"inLanguage\":\"es\",\"@id\":\"https:\/\/amica.es\/es\/#\/schema\/logo\/image\/\",\"url\":\"https:\/\/amica.es\/es\/wp-content\/uploads\/2024\/07\/Amica-Logo.png\",\"contentUrl\":\"https:\/\/amica.es\/es\/wp-content\/uploads\/2024\/07\/Amica-Logo.png\",\"width\":1653,\"height\":577,\"caption\":\"Asociaci\u00f3n Amica\"},\"image\":{\"@id\":\"https:\/\/amica.es\/es\/#\/schema\/logo\/image\/\"},\"sameAs\":[\"https:\/\/www.facebook.com\/amicaasociacion\",\"https:\/\/x.com\/asociacionamica\",\"https:\/\/www.youtube.com\/c\/asociacionamicacantabria\",\"https:\/\/es.linkedin.com\/company\/asociacionamica?trk=similar-companies_org_title\",\"https:\/\/www.instagram.com\/asociacionamica\/\"]},{\"@type\":\"Person\",\"@id\":\"https:\/\/amica.es\/es\/#\/schema\/person\/e495a7dcb12dd9e3780a7b2abb2e5704\",\"name\":\"Amica\",\"image\":{\"@type\":\"ImageObject\",\"inLanguage\":\"es\",\"@id\":\"https:\/\/amica.es\/es\/#\/schema\/person\/image\/\",\"url\":\"https:\/\/secure.gravatar.com\/avatar\/39bd48442d48bee2968f3dadf4bca67d9d073335a5c28953daa9c3339ca6b4dc?s=96&d=mm&r=g\",\"contentUrl\":\"https:\/\/secure.gravatar.com\/avatar\/39bd48442d48bee2968f3dadf4bca67d9d073335a5c28953daa9c3339ca6b4dc?s=96&d=mm&r=g\",\"caption\":\"Amica\"},\"url\":\"https:\/\/amica.es\/es\/author\/amcapaz84ica\/\"}]}<\/script>\n<!-- \/ Yoast SEO plugin. -->","yoast_head_json":{"title":"Amica se adhiere a la Declaraci\u00f3n de Gredos por la repoblaci\u00f3n, un hito en las estrategias para superar el Reto Demogr\u00e1fico - Amica - Descubriendo Capacidades","robots":{"index":"index","follow":"follow","max-snippet":"max-snippet:-1","max-image-preview":"max-image-preview:large","max-video-preview":"max-video-preview:-1"},"canonical":"https:\/\/amica.es\/es\/amica-se-adhiere-a-la-declaracion-de-gredos-por-la-repoblacion-un-hito-en-las-estrategias-para-superar-el-reto-demografico\/","og_locale":"es_ES","og_type":"article","og_title":"Amica se adhiere a la Declaraci\u00f3n de Gredos por la repoblaci\u00f3n, un hito en las estrategias para superar el Reto Demogr\u00e1fico - Amica - Descubriendo Capacidades","og_description":"[vc_row][vc_column width=&#8221;1\/2&#8243;][vc_column_text]Supone una puesta por la innovaci\u00f3n y el emprendimiento para luchar contra la despoblaci\u00f3n en el medio rural, tal como se acord\u00f3 en el congreso celebrado en \u00c1vila Diecinueve diputaciones provinciales, ocho gobiernos auton\u00f3micos, m\u00e1s de un centenar de alcaldes y emprendedores de diversos sectores productivos se han dado cita en el Parador deRead more","og_url":"https:\/\/amica.es\/es\/amica-se-adhiere-a-la-declaracion-de-gredos-por-la-repoblacion-un-hito-en-las-estrategias-para-superar-el-reto-demografico\/","og_site_name":"Amica - Descubriendo Capacidades","article_publisher":"https:\/\/www.facebook.com\/amicaasociacion","article_published_time":"2020-01-21T12:54:52+00:00","og_image":[{"width":1170,"height":500,"url":"https:\/\/amica.es\/es\/wp-content\/uploads\/2020\/01\/211.jpg","type":"image\/jpeg"}],"author":"Amica","twitter_card":"summary_large_image","twitter_creator":"@asociacionamica","twitter_site":"@asociacionamica","twitter_misc":{"Escrito por":"Amica","Tiempo de lectura":"2 minutos"},"schema":{"@context":"https:\/\/schema.org","@graph":[{"@type":"Article","@id":"https:\/\/amica.es\/es\/amica-se-adhiere-a-la-declaracion-de-gredos-por-la-repoblacion-un-hito-en-las-estrategias-para-superar-el-reto-demografico\/#article","isPartOf":{"@id":"https:\/\/amica.es\/es\/amica-se-adhiere-a-la-declaracion-de-gredos-por-la-repoblacion-un-hito-en-las-estrategias-para-superar-el-reto-demografico\/"},"author":{"name":"Amica","@id":"https:\/\/amica.es\/es\/#\/schema\/person\/e495a7dcb12dd9e3780a7b2abb2e5704"},"headline":"Amica se adhiere a la Declaraci\u00f3n de Gredos por la repoblaci\u00f3n, un hito en las estrategias para superar el Reto Demogr\u00e1fico","datePublished":"2020-01-21T12:54:52+00:00","mainEntityOfPage":{"@id":"https:\/\/amica.es\/es\/amica-se-adhiere-a-la-declaracion-de-gredos-por-la-repoblacion-un-hito-en-las-estrategias-para-superar-el-reto-demografico\/"},"wordCount":456,"commentCount":0,"publisher":{"@id":"https:\/\/amica.es\/es\/#organization"},"image":{"@id":"https:\/\/amica.es\/es\/amica-se-adhiere-a-la-declaracion-de-gredos-por-la-repoblacion-un-hito-en-las-estrategias-para-superar-el-reto-demografico\/#primaryimage"},"thumbnailUrl":"https:\/\/amica.es\/es\/wp-content\/uploads\/2020\/01\/211.jpg","articleSection":["Noticias"],"inLanguage":"es","potentialAction":[{"@type":"CommentAction","name":"Comment","target":["https:\/\/amica.es\/es\/amica-se-adhiere-a-la-declaracion-de-gredos-por-la-repoblacion-un-hito-en-las-estrategias-para-superar-el-reto-demografico\/#respond"]}]},{"@type":"WebPage","@id":"https:\/\/amica.es\/es\/amica-se-adhiere-a-la-declaracion-de-gredos-por-la-repoblacion-un-hito-en-las-estrategias-para-superar-el-reto-demografico\/","url":"https:\/\/amica.es\/es\/amica-se-adhiere-a-la-declaracion-de-gredos-por-la-repoblacion-un-hito-en-las-estrategias-para-superar-el-reto-demografico\/","name":"Amica se adhiere a la Declaraci\u00f3n de Gredos por la repoblaci\u00f3n, un hito en las estrategias para superar el Reto Demogr\u00e1fico - Amica - Descubriendo Capacidades","isPartOf":{"@id":"https:\/\/amica.es\/es\/#website"},"primaryImageOfPage":{"@id":"https:\/\/amica.es\/es\/amica-se-adhiere-a-la-declaracion-de-gredos-por-la-repoblacion-un-hito-en-las-estrategias-para-superar-el-reto-demografico\/#primaryimage"},"image":{"@id":"https:\/\/amica.es\/es\/amica-se-adhiere-a-la-declaracion-de-gredos-por-la-repoblacion-un-hito-en-las-estrategias-para-superar-el-reto-demografico\/#primaryimage"},"thumbnailUrl":"https:\/\/amica.es\/es\/wp-content\/uploads\/2020\/01\/211.jpg","datePublished":"2020-01-21T12:54:52+00:00","breadcrumb":{"@id":"https:\/\/amica.es\/es\/amica-se-adhiere-a-la-declaracion-de-gredos-por-la-repoblacion-un-hito-en-las-estrategias-para-superar-el-reto-demografico\/#breadcrumb"},"inLanguage":"es","potentialAction":[{"@type":"ReadAction","target":["https:\/\/amica.es\/es\/amica-se-adhiere-a-la-declaracion-de-gredos-por-la-repoblacion-un-hito-en-las-estrategias-para-superar-el-reto-demografico\/"]}]},{"@type":"ImageObject","inLanguage":"es","@id":"https:\/\/amica.es\/es\/amica-se-adhiere-a-la-declaracion-de-gredos-por-la-repoblacion-un-hito-en-las-estrategias-para-superar-el-reto-demografico\/#primaryimage","url":"https:\/\/amica.es\/es\/wp-content\/uploads\/2020\/01\/211.jpg","contentUrl":"https:\/\/amica.es\/es\/wp-content\/uploads\/2020\/01\/211.jpg","width":1170,"height":500,"caption":"Amica se adhiere a la Declaraci\u00f3n de Gredos por la repoblaci\u00f3n, un hito en las estrategias para superar el Reto Demogr\u00e1fico"},{"@type":"BreadcrumbList","@id":"https:\/\/amica.es\/es\/amica-se-adhiere-a-la-declaracion-de-gredos-por-la-repoblacion-un-hito-en-las-estrategias-para-superar-el-reto-demografico\/#breadcrumb","itemListElement":[{"@type":"ListItem","position":1,"name":"Portada","item":"https:\/\/amica.es\/es\/"},{"@type":"ListItem","position":2,"name":"Amica se adhiere a la Declaraci\u00f3n de Gredos por la repoblaci\u00f3n, un hito en las estrategias para superar el Reto Demogr\u00e1fico"}]},{"@type":"WebSite","@id":"https:\/\/amica.es\/es\/#website","url":"https:\/\/amica.es\/es\/","name":"Amica - Descubriendo Capacidades","description":"Apoyando a personas con discapacidad desde 1984","publisher":{"@id":"https:\/\/amica.es\/es\/#organization"},"potentialAction":[{"@type":"SearchAction","target":{"@type":"EntryPoint","urlTemplate":"https:\/\/amica.es\/es\/?s={search_term_string}"},"query-input":{"@type":"PropertyValueSpecification","valueRequired":true,"valueName":"search_term_string"}}],"inLanguage":"es"},{"@type":"Organization","@id":"https:\/\/amica.es\/es\/#organization","name":"Asociaci\u00f3n Amica","url":"https:\/\/amica.es\/es\/","logo":{"@type":"ImageObject","inLanguage":"es","@id":"https:\/\/amica.es\/es\/#\/schema\/logo\/image\/","url":"https:\/\/amica.es\/es\/wp-content\/uploads\/2024\/07\/Amica-Logo.png","contentUrl":"https:\/\/amica.es\/es\/wp-content\/uploads\/2024\/07\/Amica-Logo.png","width":1653,"height":577,"caption":"Asociaci\u00f3n Amica"},"image":{"@id":"https:\/\/amica.es\/es\/#\/schema\/logo\/image\/"},"sameAs":["https:\/\/www.facebook.com\/amicaasociacion","https:\/\/x.com\/asociacionamica","https:\/\/www.youtube.com\/c\/asociacionamicacantabria","https:\/\/es.linkedin.com\/company\/asociacionamica?trk=similar-companies_org_title","https:\/\/www.instagram.com\/asociacionamica\/"]},{"@type":"Person","@id":"https:\/\/amica.es\/es\/#\/schema\/person\/e495a7dcb12dd9e3780a7b2abb2e5704","name":"Amica","image":{"@type":"ImageObject","inLanguage":"es","@id":"https:\/\/amica.es\/es\/#\/schema\/person\/image\/","url":"https:\/\/secure.gravatar.com\/avatar\/39bd48442d48bee2968f3dadf4bca67d9d073335a5c28953daa9c3339ca6b4dc?s=96&d=mm&r=g","contentUrl":"https:\/\/secure.gravatar.com\/avatar\/39bd48442d48bee2968f3dadf4bca67d9d073335a5c28953daa9c3339ca6b4dc?s=96&d=mm&r=g","caption":"Amica"},"url":"https:\/\/amica.es\/es\/author\/amcapaz84ica\/"}]}},"_links":{"self":[{"href":"https:\/\/amica.es\/es\/wp-json\/wp\/v2\/posts\/8350","targetHints":{"allow":["GET"]}}],"collection":[{"href":"https:\/\/amica.es\/es\/wp-json\/wp\/v2\/posts"}],"about":[{"href":"https:\/\/amica.es\/es\/wp-json\/wp\/v2\/types\/post"}],"author":[{"embeddable":true,"href":"https:\/\/amica.es\/es\/wp-json\/wp\/v2\/users\/3"}],"replies":[{"embeddable":true,"href":"https:\/\/amica.es\/es\/wp-json\/wp\/v2\/comments?post=8350"}],"version-history":[{"count":3,"href":"https:\/\/amica.es\/es\/wp-json\/wp\/v2\/posts\/8350\/revisions"}],"predecessor-version":[{"id":8363,"href":"https:\/\/amica.es\/es\/wp-json\/wp\/v2\/posts\/8350\/revisions\/8363"}],"wp:featuredmedia":[{"embeddable":true,"href":"https:\/\/amica.es\/es\/wp-json\/wp\/v2\/media\/8359"}],"wp:attachment":[{"href":"https:\/\/amica.es\/es\/wp-json\/wp\/v2\/media?parent=8350"}],"wp:term":[{"taxonomy":"category","embeddable":true,"href":"https:\/\/amica.es\/es\/wp-json\/wp\/v2\/categories?post=8350"},{"taxonomy":"post_tag","embeddable":true,"href":"https:\/\/amica.es\/es\/wp-json\/wp\/v2\/tags?post=8350"}],"curies":[{"name":"wp","href":"https:\/\/api.w.org\/{rel}","templated":true}]}}