{"id":8405,"date":"2020-02-03T19:56:12","date_gmt":"2020-02-03T17:56:12","guid":{"rendered":"https:\/\/amica.es\/es\/?p=8405"},"modified":"2020-02-03T19:56:12","modified_gmt":"2020-02-03T17:56:12","slug":"entregados-los-premios-del-concurso-soy-capazitado-2019","status":"publish","type":"post","link":"https:\/\/amica.es\/es\/entregados-los-premios-del-concurso-soy-capazitado-2019\/","title":{"rendered":"Entregados los premios del Concurso SOY CAPAZitado 2019"},"content":{"rendered":"<p>El pasado mi\u00e9rcoles 29 de Enero asistimos a la entrega de premios del concurso art\u00edstico \u2018SOY CAPAZitado\u2019 del Ayuntamiento de Santander, en el Palacio de Exposiciones. Han participado 229 personas en las diferentes categor\u00edas de creaci\u00f3n literaria, dibujo y fotograf\u00eda. Se ha hecho reconocimiento a siete entidades y 15 personas premiadas.<\/p>\n<p>El Premio Especial CERMI Cantabria ha sido para nuestro compa\u00f1ero Jos\u00e9 Luis Sainz-Ezquerra por la obra \u2018Superaci\u00f3n\u2019. Desde Amica hemos querido acompa\u00f1arle,\u00a0 tanto representantes de la Junta Directiva, Isabel Torre y Fernando Cuesta, como familiares, profesionales de apoyo y compa\u00f1eros de varios centros.<\/p>\n<p>Ha sido un acto muy emotivo que pone en valor las capacidades de las personas que participan, as\u00ed como la importancia de que cada una sea la protagonista de su propia vida, resaltando especialmente historias de superaci\u00f3n y resiliencia, como es la de nuestro compa\u00f1ero Jos\u00e9 Lu\u00eds \u00a1Enhorabuena por el premio tan merecido!<\/p>\n<p>Esperamos que os anim\u00e9is a participar en pr\u00f3ximas actividades creativas y podamos disfrutar de muchos momentos como este.<\/p>\n<p>&nbsp;<\/p>\n<p>Durante el acto la alcaldesa de Santander, Gema Igual, ha resaltado la creatividad art\u00edstica y \u201cgenerosidad\u201d de los 229 participantes en el concurso art\u00edstico \u2018SOY CAPAZitado\u2019, acompa\u00f1ada del concejal de Autonom\u00eda Personal, \u00c1lvaro Lav\u00edn, y del secretario general de CERMI Cantabria, Sergio Olavarr\u00eda.<\/p>\n<p>Subray\u00f3 que, adem\u00e1s del talento art\u00edstico, con este concurso se pone en valor la b\u00fasqueda de la participaci\u00f3n de las personas con discapacidad y su trabajo creativo, apoyadas por asociaciones como el centro hospitalario Padre Menni; Prisma Asistencia; AMPROS; ASCASAM; la Asociaci\u00f3n C\u00e1ntabra de Esclerosis M\u00faltiple;\u00a0 la Fundaci\u00f3n Obra San Mart\u00edn; la Fundaci\u00f3n S\u00edndrome de Down; Aspace Cantabria; y Assistencial Care, que han participado en esta edici\u00f3n.<\/p>\n<div id=\"attachment_8407\" style=\"width: 1609px\" class=\"wp-caption aligncenter\"><img loading=\"lazy\" decoding=\"async\" aria-describedby=\"caption-attachment-8407\" class=\"wp-image-8407 size-full\" src=\"https:\/\/amica.es\/es\/wp-content\/uploads\/2020\/01\/200131-Premios-Soy-CAPAZitado.jpg\" alt=\"\" width=\"1599\" height=\"753\" srcset=\"https:\/\/amica.es\/es\/wp-content\/uploads\/2020\/01\/200131-Premios-Soy-CAPAZitado.jpg 1599w, https:\/\/amica.es\/es\/wp-content\/uploads\/2020\/01\/200131-Premios-Soy-CAPAZitado-535x252.jpg 535w\" sizes=\"auto, (max-width: 1599px) 100vw, 1599px\" \/><p id=\"caption-attachment-8407\" class=\"wp-caption-text\">Grupo premiados<\/p><\/div>\n<p><strong><u>Premiados<\/u><\/strong><\/p>\n<p>En la edici\u00f3n de este a\u00f1o el Premio Especial CERMI Cantabria ha sido para Jos\u00e9 Luis Sainz-Ezquerra por la obra \u2018Superaci\u00f3n\u2019.<\/p>\n<p>Por su parte, los premios a la Mayor Superaci\u00f3n han sido otorgados a Ismael Posada G\u00f3mez, por su trabajo \u2018Australia\u2019; y a Ana Mart\u00ednez Gonz\u00e1lez, por dos obras, \u2018Adrenalina\u2019 y \u2018Vale un Huevo\u2019.<\/p>\n<p>Por lo que respecta a la categor\u00eda de creaci\u00f3n literaria, las asociaciones premiadas han sido el Centro Hospitalario Padre Menni por \u2018En el mar de la ense\u00f1anza\u2019; ASCASAM Colindres por \u2018Un Renault 4\/4 muy especial\u2019; y Prisma Asistencia por \u2018Mi d\u00eda a d\u00eda\u2019.<\/p>\n<p>En la modalidad individual los galardones por obras literarias han reca\u00eddo en los trabajos \u2018Flores para Julia\u2019, de Juan Lorenzo Collado; \u2018La ciudad se enga\u00f1a\u2019, de Joaqu\u00edn Casis Dom\u00ednguez; y \u2018Vivir con la esclerosis m\u00faltiple\u2019, de Mar\u00eda Victoria Puertas.<\/p>\n<p>En dibujo, los premios para asociaciones han sido otorgados a Ampros por dos trabajos \u2018Mi Picasso\u2019 y \u2018Atardecer\u2019; y al Centro Hospitalario Padre Menni, por \u2018Qu\u00e9 bonito es Castro\u2019.<\/p>\n<p>Los ganadores individuales en la categor\u00eda de dibujo han sido Antonio L\u00f3pez G\u00f3mez, por \u2018Balc\u00f3n\u2019; Jos\u00e9 Antonio Higuero Moya, por \u2018Pescador, y Eva Mar\u00eda Montes de Neira, por \u2018Jirafas de Colores.<\/p>\n<p>En cuanto a la categor\u00eda de pintura, se han premiado las obras \u2018Pensamientos\u2019 y \u2018Buscando la luz\u2019 de la Asociaci\u00f3n C\u00e1ntabra de Esclerosis M\u00faltiple; y \u2018Explotando nuestras capacidades\u2019, de la Fundaci\u00f3n Obra San Mart\u00edn\u2019, as\u00ed como los trabajos individuales \u2018Superaci\u00f3n\u2019 de Manuel \u00c1ngel Cordero G\u00f3mez; \u2018Centro Bot\u00edn\u2019, de Jos\u00e9 Antonio Trueba Gento; y \u2018Abduci\u00f3n marina\u2019, de Antonio L\u00f3pez G\u00f3mez.<\/p>\n<p>En lo que se refiere a la categor\u00eda de fotograf\u00eda de formato 15&#215;20 o menor, los premios han sido para los trabajos \u2018Abrazando la vida\u2019, de ASCASAM; y \u2018Puerta de Salida\u2019 y \u2018Fresquera\u2019, ambos de la Asociaci\u00f3n C\u00e1ntabra de Esclerosis M\u00faltiple.<\/p>\n<p>Tambi\u00e9n en el apartado de fotograf\u00eda 15&#215;20 o menor se han premiado \u2018Lo peque\u00f1o\u2019, de Oscar Dur\u00e1n S\u00e1nchez; \u2018Mu\u00f1eca leyendo\u2019, de Eva Mar\u00eda Montes de Neira; y \u2018L\u00edneas\u2019, de Mar\u00eda Teresa Andr\u00e9s Bartolom\u00e9.<\/p>\n<p>Por \u00faltimo, en fotograf\u00eda de formato superior a 15&#215;20 se ha reconocido los trabajos \u2018The Vesell\u2019 de la Fundaci\u00f3n S\u00edndrome de Down; y \u2018El suicidio\u2019 y \u2018El despertar\u2019, ambas de ASCASAM; y las fotograf\u00edas \u2018H2O gaseoso\u2019 de Oscar Dur\u00e1n S\u00e1nchez; \u2018Reflejo\u2019, de Mar\u00eda Teresa Andr\u00e9s Bartolom\u00e9\u2019; y \u2018Levanta la bah\u00eda\u2019, de Roberto S\u00e1nchez Montes.<\/p>\n<p>Los ganadores recibir\u00e1n premios en met\u00e1lico o en vales para diversos establecimientos comerciales y las empresas patrocinadoras del certamen son El Corte Ingl\u00e9s, Bricomart, El Diario Monta\u00f1\u00e9s, Ortored, Restaurante Casa Miguel y Francisco Javier Ruisoto Ga\u00f1o.<\/p>\n<p>&nbsp;<\/p>\n<p>&nbsp;<\/p>\n","protected":false},"excerpt":{"rendered":"<p>El pasado mi\u00e9rcoles 29 de Enero asistimos a la entrega de premios del concurso art\u00edstico \u2018SOY CAPAZitado\u2019 del Ayuntamiento de Santander, en el Palacio de Exposiciones. Han participado 229 personas en las diferentes categor\u00edas de creaci\u00f3n literaria, dibujo y fotograf\u00eda. Se ha hecho reconocimiento a siete entidades y 15 personas premiadas. El Premio Especial CERMI<br \/><a href=\"https:\/\/amica.es\/es\/entregados-los-premios-del-concurso-soy-capazitado-2019\/\" class=\"more\">Read more<\/a><\/p>\n","protected":false},"author":3,"featured_media":8406,"comment_status":"open","ping_status":"open","sticky":false,"template":"","format":"standard","meta":{"_monsterinsights_skip_tracking":false,"_monsterinsights_sitenote_active":false,"_monsterinsights_sitenote_note":"","_monsterinsights_sitenote_category":0,"_joinchat":[],"footnotes":""},"categories":[27],"tags":[],"class_list":["post-8405","post","type-post","status-publish","format-standard","has-post-thumbnail","hentry","category-noticias-categoria"],"yoast_head":"<!-- This site is optimized with the Yoast SEO plugin v25.6 - https:\/\/yoast.com\/wordpress\/plugins\/seo\/ -->\n<title>Entregados los premios del Concurso SOY CAPAZitado 2019 - Amica - Descubriendo Capacidades<\/title>\n<meta name=\"robots\" content=\"index, follow, max-snippet:-1, max-image-preview:large, max-video-preview:-1\" \/>\n<link rel=\"canonical\" href=\"https:\/\/amica.es\/es\/entregados-los-premios-del-concurso-soy-capazitado-2019\/\" \/>\n<meta property=\"og:locale\" content=\"es_ES\" \/>\n<meta property=\"og:type\" content=\"article\" \/>\n<meta property=\"og:title\" content=\"Entregados los premios del Concurso SOY CAPAZitado 2019 - Amica - Descubriendo Capacidades\" \/>\n<meta property=\"og:description\" content=\"El pasado mi\u00e9rcoles 29 de Enero asistimos a la entrega de premios del concurso art\u00edstico \u2018SOY CAPAZitado\u2019 del Ayuntamiento de Santander, en el Palacio de Exposiciones. Han participado 229 personas en las diferentes categor\u00edas de creaci\u00f3n literaria, dibujo y fotograf\u00eda. Se ha hecho reconocimiento a siete entidades y 15 personas premiadas. El Premio Especial CERMIRead more\" \/>\n<meta property=\"og:url\" content=\"https:\/\/amica.es\/es\/entregados-los-premios-del-concurso-soy-capazitado-2019\/\" \/>\n<meta property=\"og:site_name\" content=\"Amica - Descubriendo Capacidades\" \/>\n<meta property=\"article:publisher\" content=\"https:\/\/www.facebook.com\/amicaasociacion\" \/>\n<meta property=\"article:published_time\" content=\"2020-02-03T17:56:12+00:00\" \/>\n<meta property=\"og:image\" content=\"https:\/\/amica.es\/es\/wp-content\/uploads\/2020\/01\/200131-Premios-Soy-CAPAZitado1.jpg\" \/>\n\t<meta property=\"og:image:width\" content=\"1599\" \/>\n\t<meta property=\"og:image:height\" content=\"753\" \/>\n\t<meta property=\"og:image:type\" content=\"image\/jpeg\" \/>\n<meta name=\"author\" content=\"Amica\" \/>\n<meta name=\"twitter:card\" content=\"summary_large_image\" \/>\n<meta name=\"twitter:creator\" content=\"@asociacionamica\" \/>\n<meta name=\"twitter:site\" content=\"@asociacionamica\" \/>\n<meta name=\"twitter:label1\" content=\"Escrito por\" \/>\n\t<meta name=\"twitter:data1\" content=\"Amica\" \/>\n\t<meta name=\"twitter:label2\" content=\"Tiempo de lectura\" \/>\n\t<meta name=\"twitter:data2\" content=\"4 minutos\" \/>\n<script type=\"application\/ld+json\" class=\"yoast-schema-graph\">{\"@context\":\"https:\/\/schema.org\",\"@graph\":[{\"@type\":\"Article\",\"@id\":\"https:\/\/amica.es\/es\/entregados-los-premios-del-concurso-soy-capazitado-2019\/#article\",\"isPartOf\":{\"@id\":\"https:\/\/amica.es\/es\/entregados-los-premios-del-concurso-soy-capazitado-2019\/\"},\"author\":{\"name\":\"Amica\",\"@id\":\"https:\/\/amica.es\/es\/#\/schema\/person\/e495a7dcb12dd9e3780a7b2abb2e5704\"},\"headline\":\"Entregados los premios del Concurso SOY CAPAZitado 2019\",\"datePublished\":\"2020-02-03T17:56:12+00:00\",\"mainEntityOfPage\":{\"@id\":\"https:\/\/amica.es\/es\/entregados-los-premios-del-concurso-soy-capazitado-2019\/\"},\"wordCount\":807,\"commentCount\":0,\"publisher\":{\"@id\":\"https:\/\/amica.es\/es\/#organization\"},\"image\":{\"@id\":\"https:\/\/amica.es\/es\/entregados-los-premios-del-concurso-soy-capazitado-2019\/#primaryimage\"},\"thumbnailUrl\":\"https:\/\/amica.es\/es\/wp-content\/uploads\/2020\/01\/200131-Premios-Soy-CAPAZitado1.jpg\",\"articleSection\":[\"Noticias\"],\"inLanguage\":\"es\",\"potentialAction\":[{\"@type\":\"CommentAction\",\"name\":\"Comment\",\"target\":[\"https:\/\/amica.es\/es\/entregados-los-premios-del-concurso-soy-capazitado-2019\/#respond\"]}]},{\"@type\":\"WebPage\",\"@id\":\"https:\/\/amica.es\/es\/entregados-los-premios-del-concurso-soy-capazitado-2019\/\",\"url\":\"https:\/\/amica.es\/es\/entregados-los-premios-del-concurso-soy-capazitado-2019\/\",\"name\":\"Entregados los premios del Concurso SOY CAPAZitado 2019 - Amica - Descubriendo Capacidades\",\"isPartOf\":{\"@id\":\"https:\/\/amica.es\/es\/#website\"},\"primaryImageOfPage\":{\"@id\":\"https:\/\/amica.es\/es\/entregados-los-premios-del-concurso-soy-capazitado-2019\/#primaryimage\"},\"image\":{\"@id\":\"https:\/\/amica.es\/es\/entregados-los-premios-del-concurso-soy-capazitado-2019\/#primaryimage\"},\"thumbnailUrl\":\"https:\/\/amica.es\/es\/wp-content\/uploads\/2020\/01\/200131-Premios-Soy-CAPAZitado1.jpg\",\"datePublished\":\"2020-02-03T17:56:12+00:00\",\"breadcrumb\":{\"@id\":\"https:\/\/amica.es\/es\/entregados-los-premios-del-concurso-soy-capazitado-2019\/#breadcrumb\"},\"inLanguage\":\"es\",\"potentialAction\":[{\"@type\":\"ReadAction\",\"target\":[\"https:\/\/amica.es\/es\/entregados-los-premios-del-concurso-soy-capazitado-2019\/\"]}]},{\"@type\":\"ImageObject\",\"inLanguage\":\"es\",\"@id\":\"https:\/\/amica.es\/es\/entregados-los-premios-del-concurso-soy-capazitado-2019\/#primaryimage\",\"url\":\"https:\/\/amica.es\/es\/wp-content\/uploads\/2020\/01\/200131-Premios-Soy-CAPAZitado1.jpg\",\"contentUrl\":\"https:\/\/amica.es\/es\/wp-content\/uploads\/2020\/01\/200131-Premios-Soy-CAPAZitado1.jpg\",\"width\":1599,\"height\":753,\"caption\":\"Con el premio\"},{\"@type\":\"BreadcrumbList\",\"@id\":\"https:\/\/amica.es\/es\/entregados-los-premios-del-concurso-soy-capazitado-2019\/#breadcrumb\",\"itemListElement\":[{\"@type\":\"ListItem\",\"position\":1,\"name\":\"Portada\",\"item\":\"https:\/\/amica.es\/es\/\"},{\"@type\":\"ListItem\",\"position\":2,\"name\":\"Entregados los premios del Concurso SOY CAPAZitado 2019\"}]},{\"@type\":\"WebSite\",\"@id\":\"https:\/\/amica.es\/es\/#website\",\"url\":\"https:\/\/amica.es\/es\/\",\"name\":\"Amica - Descubriendo Capacidades\",\"description\":\"Apoyando a personas con discapacidad desde 1984\",\"publisher\":{\"@id\":\"https:\/\/amica.es\/es\/#organization\"},\"potentialAction\":[{\"@type\":\"SearchAction\",\"target\":{\"@type\":\"EntryPoint\",\"urlTemplate\":\"https:\/\/amica.es\/es\/?s={search_term_string}\"},\"query-input\":{\"@type\":\"PropertyValueSpecification\",\"valueRequired\":true,\"valueName\":\"search_term_string\"}}],\"inLanguage\":\"es\"},{\"@type\":\"Organization\",\"@id\":\"https:\/\/amica.es\/es\/#organization\",\"name\":\"Asociaci\u00f3n Amica\",\"url\":\"https:\/\/amica.es\/es\/\",\"logo\":{\"@type\":\"ImageObject\",\"inLanguage\":\"es\",\"@id\":\"https:\/\/amica.es\/es\/#\/schema\/logo\/image\/\",\"url\":\"https:\/\/amica.es\/es\/wp-content\/uploads\/2024\/07\/Amica-Logo.png\",\"contentUrl\":\"https:\/\/amica.es\/es\/wp-content\/uploads\/2024\/07\/Amica-Logo.png\",\"width\":1653,\"height\":577,\"caption\":\"Asociaci\u00f3n Amica\"},\"image\":{\"@id\":\"https:\/\/amica.es\/es\/#\/schema\/logo\/image\/\"},\"sameAs\":[\"https:\/\/www.facebook.com\/amicaasociacion\",\"https:\/\/x.com\/asociacionamica\",\"https:\/\/www.youtube.com\/c\/asociacionamicacantabria\",\"https:\/\/es.linkedin.com\/company\/asociacionamica?trk=similar-companies_org_title\",\"https:\/\/www.instagram.com\/asociacionamica\/\"]},{\"@type\":\"Person\",\"@id\":\"https:\/\/amica.es\/es\/#\/schema\/person\/e495a7dcb12dd9e3780a7b2abb2e5704\",\"name\":\"Amica\",\"image\":{\"@type\":\"ImageObject\",\"inLanguage\":\"es\",\"@id\":\"https:\/\/amica.es\/es\/#\/schema\/person\/image\/\",\"url\":\"https:\/\/secure.gravatar.com\/avatar\/39bd48442d48bee2968f3dadf4bca67d9d073335a5c28953daa9c3339ca6b4dc?s=96&d=mm&r=g\",\"contentUrl\":\"https:\/\/secure.gravatar.com\/avatar\/39bd48442d48bee2968f3dadf4bca67d9d073335a5c28953daa9c3339ca6b4dc?s=96&d=mm&r=g\",\"caption\":\"Amica\"},\"url\":\"https:\/\/amica.es\/es\/author\/amcapaz84ica\/\"}]}<\/script>\n<!-- \/ Yoast SEO plugin. -->","yoast_head_json":{"title":"Entregados los premios del Concurso SOY CAPAZitado 2019 - Amica - Descubriendo Capacidades","robots":{"index":"index","follow":"follow","max-snippet":"max-snippet:-1","max-image-preview":"max-image-preview:large","max-video-preview":"max-video-preview:-1"},"canonical":"https:\/\/amica.es\/es\/entregados-los-premios-del-concurso-soy-capazitado-2019\/","og_locale":"es_ES","og_type":"article","og_title":"Entregados los premios del Concurso SOY CAPAZitado 2019 - Amica - Descubriendo Capacidades","og_description":"El pasado mi\u00e9rcoles 29 de Enero asistimos a la entrega de premios del concurso art\u00edstico \u2018SOY CAPAZitado\u2019 del Ayuntamiento de Santander, en el Palacio de Exposiciones. Han participado 229 personas en las diferentes categor\u00edas de creaci\u00f3n literaria, dibujo y fotograf\u00eda. Se ha hecho reconocimiento a siete entidades y 15 personas premiadas. El Premio Especial CERMIRead more","og_url":"https:\/\/amica.es\/es\/entregados-los-premios-del-concurso-soy-capazitado-2019\/","og_site_name":"Amica - Descubriendo Capacidades","article_publisher":"https:\/\/www.facebook.com\/amicaasociacion","article_published_time":"2020-02-03T17:56:12+00:00","og_image":[{"width":1599,"height":753,"url":"https:\/\/amica.es\/es\/wp-content\/uploads\/2020\/01\/200131-Premios-Soy-CAPAZitado1.jpg","type":"image\/jpeg"}],"author":"Amica","twitter_card":"summary_large_image","twitter_creator":"@asociacionamica","twitter_site":"@asociacionamica","twitter_misc":{"Escrito por":"Amica","Tiempo de lectura":"4 minutos"},"schema":{"@context":"https:\/\/schema.org","@graph":[{"@type":"Article","@id":"https:\/\/amica.es\/es\/entregados-los-premios-del-concurso-soy-capazitado-2019\/#article","isPartOf":{"@id":"https:\/\/amica.es\/es\/entregados-los-premios-del-concurso-soy-capazitado-2019\/"},"author":{"name":"Amica","@id":"https:\/\/amica.es\/es\/#\/schema\/person\/e495a7dcb12dd9e3780a7b2abb2e5704"},"headline":"Entregados los premios del Concurso SOY CAPAZitado 2019","datePublished":"2020-02-03T17:56:12+00:00","mainEntityOfPage":{"@id":"https:\/\/amica.es\/es\/entregados-los-premios-del-concurso-soy-capazitado-2019\/"},"wordCount":807,"commentCount":0,"publisher":{"@id":"https:\/\/amica.es\/es\/#organization"},"image":{"@id":"https:\/\/amica.es\/es\/entregados-los-premios-del-concurso-soy-capazitado-2019\/#primaryimage"},"thumbnailUrl":"https:\/\/amica.es\/es\/wp-content\/uploads\/2020\/01\/200131-Premios-Soy-CAPAZitado1.jpg","articleSection":["Noticias"],"inLanguage":"es","potentialAction":[{"@type":"CommentAction","name":"Comment","target":["https:\/\/amica.es\/es\/entregados-los-premios-del-concurso-soy-capazitado-2019\/#respond"]}]},{"@type":"WebPage","@id":"https:\/\/amica.es\/es\/entregados-los-premios-del-concurso-soy-capazitado-2019\/","url":"https:\/\/amica.es\/es\/entregados-los-premios-del-concurso-soy-capazitado-2019\/","name":"Entregados los premios del Concurso SOY CAPAZitado 2019 - Amica - Descubriendo Capacidades","isPartOf":{"@id":"https:\/\/amica.es\/es\/#website"},"primaryImageOfPage":{"@id":"https:\/\/amica.es\/es\/entregados-los-premios-del-concurso-soy-capazitado-2019\/#primaryimage"},"image":{"@id":"https:\/\/amica.es\/es\/entregados-los-premios-del-concurso-soy-capazitado-2019\/#primaryimage"},"thumbnailUrl":"https:\/\/amica.es\/es\/wp-content\/uploads\/2020\/01\/200131-Premios-Soy-CAPAZitado1.jpg","datePublished":"2020-02-03T17:56:12+00:00","breadcrumb":{"@id":"https:\/\/amica.es\/es\/entregados-los-premios-del-concurso-soy-capazitado-2019\/#breadcrumb"},"inLanguage":"es","potentialAction":[{"@type":"ReadAction","target":["https:\/\/amica.es\/es\/entregados-los-premios-del-concurso-soy-capazitado-2019\/"]}]},{"@type":"ImageObject","inLanguage":"es","@id":"https:\/\/amica.es\/es\/entregados-los-premios-del-concurso-soy-capazitado-2019\/#primaryimage","url":"https:\/\/amica.es\/es\/wp-content\/uploads\/2020\/01\/200131-Premios-Soy-CAPAZitado1.jpg","contentUrl":"https:\/\/amica.es\/es\/wp-content\/uploads\/2020\/01\/200131-Premios-Soy-CAPAZitado1.jpg","width":1599,"height":753,"caption":"Con el premio"},{"@type":"BreadcrumbList","@id":"https:\/\/amica.es\/es\/entregados-los-premios-del-concurso-soy-capazitado-2019\/#breadcrumb","itemListElement":[{"@type":"ListItem","position":1,"name":"Portada","item":"https:\/\/amica.es\/es\/"},{"@type":"ListItem","position":2,"name":"Entregados los premios del Concurso SOY CAPAZitado 2019"}]},{"@type":"WebSite","@id":"https:\/\/amica.es\/es\/#website","url":"https:\/\/amica.es\/es\/","name":"Amica - Descubriendo Capacidades","description":"Apoyando a personas con discapacidad desde 1984","publisher":{"@id":"https:\/\/amica.es\/es\/#organization"},"potentialAction":[{"@type":"SearchAction","target":{"@type":"EntryPoint","urlTemplate":"https:\/\/amica.es\/es\/?s={search_term_string}"},"query-input":{"@type":"PropertyValueSpecification","valueRequired":true,"valueName":"search_term_string"}}],"inLanguage":"es"},{"@type":"Organization","@id":"https:\/\/amica.es\/es\/#organization","name":"Asociaci\u00f3n Amica","url":"https:\/\/amica.es\/es\/","logo":{"@type":"ImageObject","inLanguage":"es","@id":"https:\/\/amica.es\/es\/#\/schema\/logo\/image\/","url":"https:\/\/amica.es\/es\/wp-content\/uploads\/2024\/07\/Amica-Logo.png","contentUrl":"https:\/\/amica.es\/es\/wp-content\/uploads\/2024\/07\/Amica-Logo.png","width":1653,"height":577,"caption":"Asociaci\u00f3n Amica"},"image":{"@id":"https:\/\/amica.es\/es\/#\/schema\/logo\/image\/"},"sameAs":["https:\/\/www.facebook.com\/amicaasociacion","https:\/\/x.com\/asociacionamica","https:\/\/www.youtube.com\/c\/asociacionamicacantabria","https:\/\/es.linkedin.com\/company\/asociacionamica?trk=similar-companies_org_title","https:\/\/www.instagram.com\/asociacionamica\/"]},{"@type":"Person","@id":"https:\/\/amica.es\/es\/#\/schema\/person\/e495a7dcb12dd9e3780a7b2abb2e5704","name":"Amica","image":{"@type":"ImageObject","inLanguage":"es","@id":"https:\/\/amica.es\/es\/#\/schema\/person\/image\/","url":"https:\/\/secure.gravatar.com\/avatar\/39bd48442d48bee2968f3dadf4bca67d9d073335a5c28953daa9c3339ca6b4dc?s=96&d=mm&r=g","contentUrl":"https:\/\/secure.gravatar.com\/avatar\/39bd48442d48bee2968f3dadf4bca67d9d073335a5c28953daa9c3339ca6b4dc?s=96&d=mm&r=g","caption":"Amica"},"url":"https:\/\/amica.es\/es\/author\/amcapaz84ica\/"}]}},"_links":{"self":[{"href":"https:\/\/amica.es\/es\/wp-json\/wp\/v2\/posts\/8405","targetHints":{"allow":["GET"]}}],"collection":[{"href":"https:\/\/amica.es\/es\/wp-json\/wp\/v2\/posts"}],"about":[{"href":"https:\/\/amica.es\/es\/wp-json\/wp\/v2\/types\/post"}],"author":[{"embeddable":true,"href":"https:\/\/amica.es\/es\/wp-json\/wp\/v2\/users\/3"}],"replies":[{"embeddable":true,"href":"https:\/\/amica.es\/es\/wp-json\/wp\/v2\/comments?post=8405"}],"version-history":[{"count":3,"href":"https:\/\/amica.es\/es\/wp-json\/wp\/v2\/posts\/8405\/revisions"}],"predecessor-version":[{"id":8415,"href":"https:\/\/amica.es\/es\/wp-json\/wp\/v2\/posts\/8405\/revisions\/8415"}],"wp:featuredmedia":[{"embeddable":true,"href":"https:\/\/amica.es\/es\/wp-json\/wp\/v2\/media\/8406"}],"wp:attachment":[{"href":"https:\/\/amica.es\/es\/wp-json\/wp\/v2\/media?parent=8405"}],"wp:term":[{"taxonomy":"category","embeddable":true,"href":"https:\/\/amica.es\/es\/wp-json\/wp\/v2\/categories?post=8405"},{"taxonomy":"post_tag","embeddable":true,"href":"https:\/\/amica.es\/es\/wp-json\/wp\/v2\/tags?post=8405"}],"curies":[{"name":"wp","href":"https:\/\/api.w.org\/{rel}","templated":true}]}}