{"id":8432,"date":"2020-02-04T20:57:00","date_gmt":"2020-02-04T18:57:00","guid":{"rendered":"https:\/\/amica.es\/es\/?p=8432"},"modified":"2020-02-04T20:57:00","modified_gmt":"2020-02-04T18:57:00","slug":"la-asociacion-de-empresas-de-hosteleria-de-cantabria-renueva-su-compromiso-con-amica","status":"publish","type":"post","link":"https:\/\/amica.es\/es\/la-asociacion-de-empresas-de-hosteleria-de-cantabria-renueva-su-compromiso-con-amica\/","title":{"rendered":"La Asociaci\u00f3n de Empresas de Hosteler\u00eda de Cantabria renueva su Compromiso Con Amica"},"content":{"rendered":"<div class=\"wpb-content-wrapper\">[vc_row][vc_column width=&#8221;1\/2&#8243;][vc_column_text]El pasado 29 de enero la Asociaci\u00f3n de Empresas de Hosteler\u00eda de Cantabria y Amica han firmado un nuevo convenio de colaboraci\u00f3n que viene a renovar el que ya ten\u00edan firmado desde 2018.<\/p>\n<p>En la firma participaron B\u00e1rbara Guti\u00e9rrez, \u00a0Directora General de la Asociaci\u00f3n de hosteler\u00eda y Mercedes del Hoyo, Presidenta de Amica, acompa\u00f1adas por Jos\u00e9 Luis Murillo, Director de Amica Lavander\u00eda y Confecci\u00f3n y Rosa Crespo, integrante de la Comisi\u00f3n Ejecutiva de la Junta Directiva.<\/p>\n<p>La Asociaci\u00f3n empresarial de Hosteler\u00eda de Cantabria es una entidad sin \u00e1nimo de lucro, fundad en 1977, que agrupa y defiende los intereses de m\u00e1s de dos mil empresas del sector de la hosteler\u00eda de la regi\u00f3n de Cantabria. Tiene un compromiso claro con las personas, la sociedad y el medio ambiente, como ejercicio de su responsabilidad social, y en este \u00e1mbito es consciente de la necesidad de desarrollar estrategias de intervenci\u00f3n social que favorezcan el desarrollo integral de las personas en riesgo de exclusi\u00f3n sociolaboral, y en especial de las personas con discapacidad.<\/p>\n<p>Con este convenio se da un nuevo impulso a la colaboraci\u00f3n de la Asociaci\u00f3n de Hosteler\u00eda para que Amica contin\u00fae en su labor de innovaci\u00f3n, b\u00fasqueda de nuevas soluciones y compromiso con las personas.<\/p>\n<p>Amica pone a disposici\u00f3n de los hosteleros adheridos a la Asociaci\u00f3n su saber hacer para el asesoramiento, la orientaci\u00f3n y la gesti\u00f3n en materia tales como: la incorporaci\u00f3n al mundo laboral de personas con discapacidad; procesos ambientales (gesti\u00f3n de residuos, destrucci\u00f3n de papel confidencial, recuperaci\u00f3n paisaj\u00edstica y jardiner\u00eda, formaci\u00f3n y divulgaci\u00f3n ambiental\u2026); sistemas integrales de confecci\u00f3n y lavado de ropa; apoyo y acompa\u00f1amiento a empleados con discapacidad o en situaci\u00f3n de dependencia; accesibilidad; o implantaci\u00f3n de la cultura de la responsabilidad social.<\/p>\n<p>Por su parte la Asociaci\u00f3n de Hosteleros colaborara en la proyecci\u00f3n social de la entidad dando a conocer entre sus asociados los servicios que desde Amica se prestan para personas y empresas; llevando a cabo campa\u00f1as de sensibilizaci\u00f3n medio ambiental en materia de reciclaje de envases; o la adquiriendo dentro de los suministros que precise de manera preferencial todos aquellos productos que la Asociaci\u00f3n consuma y est\u00e9n entre los productos o servicios de venta habitual por parte de Amica y sus centros especiales de empleo a trav\u00e9s de una compra socialmente responsable.<\/p>\n<p>Durante su visita a la sede de Amica en Torrelavega, la Directora General de la Asociaci\u00f3n Hostelera, B\u00e1rbara Guti\u00e9rrez, alab\u00f3 la labor que desde la entidad se realiza apoyando a persona con discapacidad y se comprometi\u00f3 a visitar los centros de Malia\u00f1o y Santander para conocer de primera mano las actividades de lavander\u00eda y gesti\u00f3n de residuos.[\/vc_column_text][\/vc_column][vc_column width=&#8221;1\/2&#8243;][vc_single_image image=&#8221;8436&#8243; img_size=&#8221;full&#8221;][\/vc_column][\/vc_row]\n<\/div>","protected":false},"excerpt":{"rendered":"<p>[vc_row][vc_column width=&#8221;1\/2&#8243;][vc_column_text]El pasado 29 de enero la Asociaci\u00f3n de Empresas de Hosteler\u00eda de Cantabria y Amica han firmado un nuevo convenio de colaboraci\u00f3n que viene a renovar el que ya ten\u00edan firmado desde 2018. En la firma participaron B\u00e1rbara Guti\u00e9rrez, \u00a0Directora General de la Asociaci\u00f3n de hosteler\u00eda y Mercedes del Hoyo, Presidenta de Amica, acompa\u00f1adas<br \/><a href=\"https:\/\/amica.es\/es\/la-asociacion-de-empresas-de-hosteleria-de-cantabria-renueva-su-compromiso-con-amica\/\" class=\"more\">Read more<\/a><\/p>\n","protected":false},"author":3,"featured_media":8434,"comment_status":"open","ping_status":"open","sticky":false,"template":"","format":"standard","meta":{"_monsterinsights_skip_tracking":false,"_monsterinsights_sitenote_active":false,"_monsterinsights_sitenote_note":"","_monsterinsights_sitenote_category":0,"_joinchat":[],"footnotes":""},"categories":[27],"tags":[],"class_list":["post-8432","post","type-post","status-publish","format-standard","has-post-thumbnail","hentry","category-noticias-categoria"],"yoast_head":"<!-- This site is optimized with the Yoast SEO plugin v25.6 - https:\/\/yoast.com\/wordpress\/plugins\/seo\/ -->\n<title>La Asociaci\u00f3n de Empresas de Hosteler\u00eda de Cantabria renueva su Compromiso Con Amica - Amica - Descubriendo Capacidades<\/title>\n<meta name=\"robots\" content=\"index, follow, max-snippet:-1, max-image-preview:large, max-video-preview:-1\" \/>\n<link rel=\"canonical\" href=\"https:\/\/amica.es\/es\/la-asociacion-de-empresas-de-hosteleria-de-cantabria-renueva-su-compromiso-con-amica\/\" \/>\n<meta property=\"og:locale\" content=\"es_ES\" \/>\n<meta property=\"og:type\" content=\"article\" \/>\n<meta property=\"og:title\" content=\"La Asociaci\u00f3n de Empresas de Hosteler\u00eda de Cantabria renueva su Compromiso Con Amica - Amica - Descubriendo Capacidades\" \/>\n<meta property=\"og:description\" content=\"[vc_row][vc_column width=&#8221;1\/2&#8243;][vc_column_text]El pasado 29 de enero la Asociaci\u00f3n de Empresas de Hosteler\u00eda de Cantabria y Amica han firmado un nuevo convenio de colaboraci\u00f3n que viene a renovar el que ya ten\u00edan firmado desde 2018. En la firma participaron B\u00e1rbara Guti\u00e9rrez, \u00a0Directora General de la Asociaci\u00f3n de hosteler\u00eda y Mercedes del Hoyo, Presidenta de Amica, acompa\u00f1adasRead more\" \/>\n<meta property=\"og:url\" content=\"https:\/\/amica.es\/es\/la-asociacion-de-empresas-de-hosteleria-de-cantabria-renueva-su-compromiso-con-amica\/\" \/>\n<meta property=\"og:site_name\" content=\"Amica - Descubriendo Capacidades\" \/>\n<meta property=\"article:publisher\" content=\"https:\/\/www.facebook.com\/amicaasociacion\" \/>\n<meta property=\"article:published_time\" content=\"2020-02-04T18:57:00+00:00\" \/>\n<meta property=\"og:image\" content=\"https:\/\/amica.es\/es\/wp-content\/uploads\/2020\/02\/hostel.jpg\" \/>\n\t<meta property=\"og:image:width\" content=\"1170\" \/>\n\t<meta property=\"og:image:height\" content=\"500\" \/>\n\t<meta property=\"og:image:type\" content=\"image\/jpeg\" \/>\n<meta name=\"author\" content=\"Amica\" \/>\n<meta name=\"twitter:card\" content=\"summary_large_image\" \/>\n<meta name=\"twitter:creator\" content=\"@asociacionamica\" \/>\n<meta name=\"twitter:site\" content=\"@asociacionamica\" \/>\n<meta name=\"twitter:label1\" content=\"Escrito por\" \/>\n\t<meta name=\"twitter:data1\" content=\"Amica\" \/>\n\t<meta name=\"twitter:label2\" content=\"Tiempo de lectura\" \/>\n\t<meta name=\"twitter:data2\" content=\"3 minutos\" \/>\n<script type=\"application\/ld+json\" class=\"yoast-schema-graph\">{\"@context\":\"https:\/\/schema.org\",\"@graph\":[{\"@type\":\"Article\",\"@id\":\"https:\/\/amica.es\/es\/la-asociacion-de-empresas-de-hosteleria-de-cantabria-renueva-su-compromiso-con-amica\/#article\",\"isPartOf\":{\"@id\":\"https:\/\/amica.es\/es\/la-asociacion-de-empresas-de-hosteleria-de-cantabria-renueva-su-compromiso-con-amica\/\"},\"author\":{\"name\":\"Amica\",\"@id\":\"https:\/\/amica.es\/es\/#\/schema\/person\/e495a7dcb12dd9e3780a7b2abb2e5704\"},\"headline\":\"La Asociaci\u00f3n de Empresas de Hosteler\u00eda de Cantabria renueva su Compromiso Con Amica\",\"datePublished\":\"2020-02-04T18:57:00+00:00\",\"mainEntityOfPage\":{\"@id\":\"https:\/\/amica.es\/es\/la-asociacion-de-empresas-de-hosteleria-de-cantabria-renueva-su-compromiso-con-amica\/\"},\"wordCount\":528,\"commentCount\":0,\"publisher\":{\"@id\":\"https:\/\/amica.es\/es\/#organization\"},\"image\":{\"@id\":\"https:\/\/amica.es\/es\/la-asociacion-de-empresas-de-hosteleria-de-cantabria-renueva-su-compromiso-con-amica\/#primaryimage\"},\"thumbnailUrl\":\"https:\/\/amica.es\/es\/wp-content\/uploads\/2020\/02\/hostel.jpg\",\"articleSection\":[\"Noticias\"],\"inLanguage\":\"es\",\"potentialAction\":[{\"@type\":\"CommentAction\",\"name\":\"Comment\",\"target\":[\"https:\/\/amica.es\/es\/la-asociacion-de-empresas-de-hosteleria-de-cantabria-renueva-su-compromiso-con-amica\/#respond\"]}]},{\"@type\":\"WebPage\",\"@id\":\"https:\/\/amica.es\/es\/la-asociacion-de-empresas-de-hosteleria-de-cantabria-renueva-su-compromiso-con-amica\/\",\"url\":\"https:\/\/amica.es\/es\/la-asociacion-de-empresas-de-hosteleria-de-cantabria-renueva-su-compromiso-con-amica\/\",\"name\":\"La Asociaci\u00f3n de Empresas de Hosteler\u00eda de Cantabria renueva su Compromiso Con Amica - Amica - Descubriendo Capacidades\",\"isPartOf\":{\"@id\":\"https:\/\/amica.es\/es\/#website\"},\"primaryImageOfPage\":{\"@id\":\"https:\/\/amica.es\/es\/la-asociacion-de-empresas-de-hosteleria-de-cantabria-renueva-su-compromiso-con-amica\/#primaryimage\"},\"image\":{\"@id\":\"https:\/\/amica.es\/es\/la-asociacion-de-empresas-de-hosteleria-de-cantabria-renueva-su-compromiso-con-amica\/#primaryimage\"},\"thumbnailUrl\":\"https:\/\/amica.es\/es\/wp-content\/uploads\/2020\/02\/hostel.jpg\",\"datePublished\":\"2020-02-04T18:57:00+00:00\",\"breadcrumb\":{\"@id\":\"https:\/\/amica.es\/es\/la-asociacion-de-empresas-de-hosteleria-de-cantabria-renueva-su-compromiso-con-amica\/#breadcrumb\"},\"inLanguage\":\"es\",\"potentialAction\":[{\"@type\":\"ReadAction\",\"target\":[\"https:\/\/amica.es\/es\/la-asociacion-de-empresas-de-hosteleria-de-cantabria-renueva-su-compromiso-con-amica\/\"]}]},{\"@type\":\"ImageObject\",\"inLanguage\":\"es\",\"@id\":\"https:\/\/amica.es\/es\/la-asociacion-de-empresas-de-hosteleria-de-cantabria-renueva-su-compromiso-con-amica\/#primaryimage\",\"url\":\"https:\/\/amica.es\/es\/wp-content\/uploads\/2020\/02\/hostel.jpg\",\"contentUrl\":\"https:\/\/amica.es\/es\/wp-content\/uploads\/2020\/02\/hostel.jpg\",\"width\":1170,\"height\":500,\"caption\":\"La Asociaci\u00f3n de Empresas de Hosteler\u00eda de Cantabria renueva su Compromiso Con Amica\"},{\"@type\":\"BreadcrumbList\",\"@id\":\"https:\/\/amica.es\/es\/la-asociacion-de-empresas-de-hosteleria-de-cantabria-renueva-su-compromiso-con-amica\/#breadcrumb\",\"itemListElement\":[{\"@type\":\"ListItem\",\"position\":1,\"name\":\"Portada\",\"item\":\"https:\/\/amica.es\/es\/\"},{\"@type\":\"ListItem\",\"position\":2,\"name\":\"La Asociaci\u00f3n de Empresas de Hosteler\u00eda de Cantabria renueva su Compromiso Con Amica\"}]},{\"@type\":\"WebSite\",\"@id\":\"https:\/\/amica.es\/es\/#website\",\"url\":\"https:\/\/amica.es\/es\/\",\"name\":\"Amica - Descubriendo Capacidades\",\"description\":\"Apoyando a personas con discapacidad desde 1984\",\"publisher\":{\"@id\":\"https:\/\/amica.es\/es\/#organization\"},\"potentialAction\":[{\"@type\":\"SearchAction\",\"target\":{\"@type\":\"EntryPoint\",\"urlTemplate\":\"https:\/\/amica.es\/es\/?s={search_term_string}\"},\"query-input\":{\"@type\":\"PropertyValueSpecification\",\"valueRequired\":true,\"valueName\":\"search_term_string\"}}],\"inLanguage\":\"es\"},{\"@type\":\"Organization\",\"@id\":\"https:\/\/amica.es\/es\/#organization\",\"name\":\"Asociaci\u00f3n Amica\",\"url\":\"https:\/\/amica.es\/es\/\",\"logo\":{\"@type\":\"ImageObject\",\"inLanguage\":\"es\",\"@id\":\"https:\/\/amica.es\/es\/#\/schema\/logo\/image\/\",\"url\":\"https:\/\/amica.es\/es\/wp-content\/uploads\/2024\/07\/Amica-Logo.png\",\"contentUrl\":\"https:\/\/amica.es\/es\/wp-content\/uploads\/2024\/07\/Amica-Logo.png\",\"width\":1653,\"height\":577,\"caption\":\"Asociaci\u00f3n Amica\"},\"image\":{\"@id\":\"https:\/\/amica.es\/es\/#\/schema\/logo\/image\/\"},\"sameAs\":[\"https:\/\/www.facebook.com\/amicaasociacion\",\"https:\/\/x.com\/asociacionamica\",\"https:\/\/www.youtube.com\/c\/asociacionamicacantabria\",\"https:\/\/es.linkedin.com\/company\/asociacionamica?trk=similar-companies_org_title\",\"https:\/\/www.instagram.com\/asociacionamica\/\"]},{\"@type\":\"Person\",\"@id\":\"https:\/\/amica.es\/es\/#\/schema\/person\/e495a7dcb12dd9e3780a7b2abb2e5704\",\"name\":\"Amica\",\"image\":{\"@type\":\"ImageObject\",\"inLanguage\":\"es\",\"@id\":\"https:\/\/amica.es\/es\/#\/schema\/person\/image\/\",\"url\":\"https:\/\/secure.gravatar.com\/avatar\/39bd48442d48bee2968f3dadf4bca67d9d073335a5c28953daa9c3339ca6b4dc?s=96&d=mm&r=g\",\"contentUrl\":\"https:\/\/secure.gravatar.com\/avatar\/39bd48442d48bee2968f3dadf4bca67d9d073335a5c28953daa9c3339ca6b4dc?s=96&d=mm&r=g\",\"caption\":\"Amica\"},\"url\":\"https:\/\/amica.es\/es\/author\/amcapaz84ica\/\"}]}<\/script>\n<!-- \/ Yoast SEO plugin. -->","yoast_head_json":{"title":"La Asociaci\u00f3n de Empresas de Hosteler\u00eda de Cantabria renueva su Compromiso Con Amica - Amica - Descubriendo Capacidades","robots":{"index":"index","follow":"follow","max-snippet":"max-snippet:-1","max-image-preview":"max-image-preview:large","max-video-preview":"max-video-preview:-1"},"canonical":"https:\/\/amica.es\/es\/la-asociacion-de-empresas-de-hosteleria-de-cantabria-renueva-su-compromiso-con-amica\/","og_locale":"es_ES","og_type":"article","og_title":"La Asociaci\u00f3n de Empresas de Hosteler\u00eda de Cantabria renueva su Compromiso Con Amica - Amica - Descubriendo Capacidades","og_description":"[vc_row][vc_column width=&#8221;1\/2&#8243;][vc_column_text]El pasado 29 de enero la Asociaci\u00f3n de Empresas de Hosteler\u00eda de Cantabria y Amica han firmado un nuevo convenio de colaboraci\u00f3n que viene a renovar el que ya ten\u00edan firmado desde 2018. En la firma participaron B\u00e1rbara Guti\u00e9rrez, \u00a0Directora General de la Asociaci\u00f3n de hosteler\u00eda y Mercedes del Hoyo, Presidenta de Amica, acompa\u00f1adasRead more","og_url":"https:\/\/amica.es\/es\/la-asociacion-de-empresas-de-hosteleria-de-cantabria-renueva-su-compromiso-con-amica\/","og_site_name":"Amica - Descubriendo Capacidades","article_publisher":"https:\/\/www.facebook.com\/amicaasociacion","article_published_time":"2020-02-04T18:57:00+00:00","og_image":[{"width":1170,"height":500,"url":"https:\/\/amica.es\/es\/wp-content\/uploads\/2020\/02\/hostel.jpg","type":"image\/jpeg"}],"author":"Amica","twitter_card":"summary_large_image","twitter_creator":"@asociacionamica","twitter_site":"@asociacionamica","twitter_misc":{"Escrito por":"Amica","Tiempo de lectura":"3 minutos"},"schema":{"@context":"https:\/\/schema.org","@graph":[{"@type":"Article","@id":"https:\/\/amica.es\/es\/la-asociacion-de-empresas-de-hosteleria-de-cantabria-renueva-su-compromiso-con-amica\/#article","isPartOf":{"@id":"https:\/\/amica.es\/es\/la-asociacion-de-empresas-de-hosteleria-de-cantabria-renueva-su-compromiso-con-amica\/"},"author":{"name":"Amica","@id":"https:\/\/amica.es\/es\/#\/schema\/person\/e495a7dcb12dd9e3780a7b2abb2e5704"},"headline":"La Asociaci\u00f3n de Empresas de Hosteler\u00eda de Cantabria renueva su Compromiso Con Amica","datePublished":"2020-02-04T18:57:00+00:00","mainEntityOfPage":{"@id":"https:\/\/amica.es\/es\/la-asociacion-de-empresas-de-hosteleria-de-cantabria-renueva-su-compromiso-con-amica\/"},"wordCount":528,"commentCount":0,"publisher":{"@id":"https:\/\/amica.es\/es\/#organization"},"image":{"@id":"https:\/\/amica.es\/es\/la-asociacion-de-empresas-de-hosteleria-de-cantabria-renueva-su-compromiso-con-amica\/#primaryimage"},"thumbnailUrl":"https:\/\/amica.es\/es\/wp-content\/uploads\/2020\/02\/hostel.jpg","articleSection":["Noticias"],"inLanguage":"es","potentialAction":[{"@type":"CommentAction","name":"Comment","target":["https:\/\/amica.es\/es\/la-asociacion-de-empresas-de-hosteleria-de-cantabria-renueva-su-compromiso-con-amica\/#respond"]}]},{"@type":"WebPage","@id":"https:\/\/amica.es\/es\/la-asociacion-de-empresas-de-hosteleria-de-cantabria-renueva-su-compromiso-con-amica\/","url":"https:\/\/amica.es\/es\/la-asociacion-de-empresas-de-hosteleria-de-cantabria-renueva-su-compromiso-con-amica\/","name":"La Asociaci\u00f3n de Empresas de Hosteler\u00eda de Cantabria renueva su Compromiso Con Amica - Amica - Descubriendo Capacidades","isPartOf":{"@id":"https:\/\/amica.es\/es\/#website"},"primaryImageOfPage":{"@id":"https:\/\/amica.es\/es\/la-asociacion-de-empresas-de-hosteleria-de-cantabria-renueva-su-compromiso-con-amica\/#primaryimage"},"image":{"@id":"https:\/\/amica.es\/es\/la-asociacion-de-empresas-de-hosteleria-de-cantabria-renueva-su-compromiso-con-amica\/#primaryimage"},"thumbnailUrl":"https:\/\/amica.es\/es\/wp-content\/uploads\/2020\/02\/hostel.jpg","datePublished":"2020-02-04T18:57:00+00:00","breadcrumb":{"@id":"https:\/\/amica.es\/es\/la-asociacion-de-empresas-de-hosteleria-de-cantabria-renueva-su-compromiso-con-amica\/#breadcrumb"},"inLanguage":"es","potentialAction":[{"@type":"ReadAction","target":["https:\/\/amica.es\/es\/la-asociacion-de-empresas-de-hosteleria-de-cantabria-renueva-su-compromiso-con-amica\/"]}]},{"@type":"ImageObject","inLanguage":"es","@id":"https:\/\/amica.es\/es\/la-asociacion-de-empresas-de-hosteleria-de-cantabria-renueva-su-compromiso-con-amica\/#primaryimage","url":"https:\/\/amica.es\/es\/wp-content\/uploads\/2020\/02\/hostel.jpg","contentUrl":"https:\/\/amica.es\/es\/wp-content\/uploads\/2020\/02\/hostel.jpg","width":1170,"height":500,"caption":"La Asociaci\u00f3n de Empresas de Hosteler\u00eda de Cantabria renueva su Compromiso Con Amica"},{"@type":"BreadcrumbList","@id":"https:\/\/amica.es\/es\/la-asociacion-de-empresas-de-hosteleria-de-cantabria-renueva-su-compromiso-con-amica\/#breadcrumb","itemListElement":[{"@type":"ListItem","position":1,"name":"Portada","item":"https:\/\/amica.es\/es\/"},{"@type":"ListItem","position":2,"name":"La Asociaci\u00f3n de Empresas de Hosteler\u00eda de Cantabria renueva su Compromiso Con Amica"}]},{"@type":"WebSite","@id":"https:\/\/amica.es\/es\/#website","url":"https:\/\/amica.es\/es\/","name":"Amica - Descubriendo Capacidades","description":"Apoyando a personas con discapacidad desde 1984","publisher":{"@id":"https:\/\/amica.es\/es\/#organization"},"potentialAction":[{"@type":"SearchAction","target":{"@type":"EntryPoint","urlTemplate":"https:\/\/amica.es\/es\/?s={search_term_string}"},"query-input":{"@type":"PropertyValueSpecification","valueRequired":true,"valueName":"search_term_string"}}],"inLanguage":"es"},{"@type":"Organization","@id":"https:\/\/amica.es\/es\/#organization","name":"Asociaci\u00f3n Amica","url":"https:\/\/amica.es\/es\/","logo":{"@type":"ImageObject","inLanguage":"es","@id":"https:\/\/amica.es\/es\/#\/schema\/logo\/image\/","url":"https:\/\/amica.es\/es\/wp-content\/uploads\/2024\/07\/Amica-Logo.png","contentUrl":"https:\/\/amica.es\/es\/wp-content\/uploads\/2024\/07\/Amica-Logo.png","width":1653,"height":577,"caption":"Asociaci\u00f3n Amica"},"image":{"@id":"https:\/\/amica.es\/es\/#\/schema\/logo\/image\/"},"sameAs":["https:\/\/www.facebook.com\/amicaasociacion","https:\/\/x.com\/asociacionamica","https:\/\/www.youtube.com\/c\/asociacionamicacantabria","https:\/\/es.linkedin.com\/company\/asociacionamica?trk=similar-companies_org_title","https:\/\/www.instagram.com\/asociacionamica\/"]},{"@type":"Person","@id":"https:\/\/amica.es\/es\/#\/schema\/person\/e495a7dcb12dd9e3780a7b2abb2e5704","name":"Amica","image":{"@type":"ImageObject","inLanguage":"es","@id":"https:\/\/amica.es\/es\/#\/schema\/person\/image\/","url":"https:\/\/secure.gravatar.com\/avatar\/39bd48442d48bee2968f3dadf4bca67d9d073335a5c28953daa9c3339ca6b4dc?s=96&d=mm&r=g","contentUrl":"https:\/\/secure.gravatar.com\/avatar\/39bd48442d48bee2968f3dadf4bca67d9d073335a5c28953daa9c3339ca6b4dc?s=96&d=mm&r=g","caption":"Amica"},"url":"https:\/\/amica.es\/es\/author\/amcapaz84ica\/"}]}},"_links":{"self":[{"href":"https:\/\/amica.es\/es\/wp-json\/wp\/v2\/posts\/8432","targetHints":{"allow":["GET"]}}],"collection":[{"href":"https:\/\/amica.es\/es\/wp-json\/wp\/v2\/posts"}],"about":[{"href":"https:\/\/amica.es\/es\/wp-json\/wp\/v2\/types\/post"}],"author":[{"embeddable":true,"href":"https:\/\/amica.es\/es\/wp-json\/wp\/v2\/users\/3"}],"replies":[{"embeddable":true,"href":"https:\/\/amica.es\/es\/wp-json\/wp\/v2\/comments?post=8432"}],"version-history":[{"count":3,"href":"https:\/\/amica.es\/es\/wp-json\/wp\/v2\/posts\/8432\/revisions"}],"predecessor-version":[{"id":8437,"href":"https:\/\/amica.es\/es\/wp-json\/wp\/v2\/posts\/8432\/revisions\/8437"}],"wp:featuredmedia":[{"embeddable":true,"href":"https:\/\/amica.es\/es\/wp-json\/wp\/v2\/media\/8434"}],"wp:attachment":[{"href":"https:\/\/amica.es\/es\/wp-json\/wp\/v2\/media?parent=8432"}],"wp:term":[{"taxonomy":"category","embeddable":true,"href":"https:\/\/amica.es\/es\/wp-json\/wp\/v2\/categories?post=8432"},{"taxonomy":"post_tag","embeddable":true,"href":"https:\/\/amica.es\/es\/wp-json\/wp\/v2\/tags?post=8432"}],"curies":[{"name":"wp","href":"https:\/\/api.w.org\/{rel}","templated":true}]}}