{"id":8438,"date":"2019-12-19T10:16:25","date_gmt":"2019-12-19T08:16:25","guid":{"rendered":"https:\/\/amica.es\/es\/?p=8438"},"modified":"2020-04-22T10:49:07","modified_gmt":"2020-04-22T08:49:07","slug":"life-stop-cortaderia-implementa-la-primera-fase-del-plan-de-accion-de-lucha-contra-el-plumero-vigente-en-cantabria-con-el-apoyo-del-ministerio-para-la-transicion-ecologica-y-el-reto-demografico-a-tr","status":"publish","type":"post","link":"https:\/\/amica.es\/es\/life-stop-cortaderia-implementa-la-primera-fase-del-plan-de-accion-de-lucha-contra-el-plumero-vigente-en-cantabria-con-el-apoyo-del-ministerio-para-la-transicion-ecologica-y-el-reto-demografico-a-tr\/","title":{"rendered":"LIFE Stop Cortaderia: implementa la primera fase del plan de acci\u00f3n de lucha contra el plumero vigente en Cantabria con el apoyo del Ministerio para la Transici\u00f3n Ecol\u00f3gica y el Reto Demogr\u00e1fico, a trav\u00e9s de la Fundaci\u00f3n Biodiversidad"},"content":{"rendered":"<p><img loading=\"lazy\" decoding=\"async\" class=\"aligncenter wp-image-8442\" src=\"https:\/\/amica.es\/es\/wp-content\/uploads\/2020\/02\/VICEMTERDFB_Color_ConBandera.jpg\" alt=\"\" width=\"594\" height=\"100\" srcset=\"https:\/\/amica.es\/es\/wp-content\/uploads\/2020\/02\/VICEMTERDFB_Color_ConBandera.jpg 1128w, https:\/\/amica.es\/es\/wp-content\/uploads\/2020\/02\/VICEMTERDFB_Color_ConBandera-535x90.jpg 535w\" sizes=\"auto, (max-width: 594px) 100vw, 594px\" \/><br \/>\nLa Fundaci\u00f3n Biodiversidad aportar\u00e1 41.928 euros al Proyecto LIFE a trav\u00e9s de la Convocatoria de concesi\u00f3n de ayudas de la Fundaci\u00f3n Biodiversidad, en r\u00e9gimen de concurrencia competitiva, para evaluar la biodiversidad terrestre espa\u00f1ola.<\/p>\n<p>Uno de los cometidos principales de la Fundaci\u00f3n es canalizar fondos para el desarrollo de proyectos de organizaciones como ONG, entidades de investigaci\u00f3n y universidades y cada a\u00f1o colabora con m\u00e1s de 250 proyectos.<\/p>\n<p>En particular, esta cantidad se dedicar\u00e1 a colaborar en las acciones C2 y C4 del proyecto, que est\u00e1n centradas en el control de la expansi\u00f3n de la especie invasora plumero de la pampa (Cortaderia selloana) en los valles de media monta\u00f1a del interior de Cantabria, del Nansa, Saja, Besaya, Pas, Pisue\u00f1a, Miera, As\u00f3n y Valle de Villaverde, lugares donde a\u00fan no forma grandes masas y presenta una distribuci\u00f3n aislada o dispersa.<\/p>\n<p>En la acci\u00f3n C4, se ha creado una Red de Alerta Temprana y Respuesta R\u00e1pida denominada Alerta Plumeros, mediante una plataforma web donde la ciudadan\u00eda puede indicar la presencia de ejemplares de plumero en esa zona de expansi\u00f3n.<\/p>\n<p>Se trata de un programa cartogr\u00e1fico que permite a cualquier ciudadano notificar, desde la web del proyecto, su tel\u00e9fono m\u00f3vil inteligente o desde casa con su ordenador, de forma sencilla e intuitiva, donde han aparecido ejemplares en su entorno. Para ello, se ha contratado una empresa especializada en el dise\u00f1o y programaci\u00f3n de este tipo de herramientas.<\/p>\n<p>En la acci\u00f3n C2, seis personas con discapacidad trabajan ininterrumpidamente durante 42 meses eliminando los plumeros identificados en la zona de expansi\u00f3n, sembrando y plantando \u00e1rboles aut\u00f3ctonos en su lugar.<\/p>\n<p>De esta manera, Fundaci\u00f3n Biodiversidad, adscrita al Ministerio de Transici\u00f3n Ecol\u00f3gica, se suma a la lista de colaboradores y cofinanciadores del Proyecto LIFE Stop Cortaderia, que Amica coordina y que tiene como objetivo la puesta en marcha de una estrategia com\u00fan y transnacional de lucha frente al plumero (Cortaderia selloana) en todo el Arco Atl\u00e1ntico.<\/p>\n<p>Adem\u00e1s de Amica, forman parte del proyecto como socios AMPROS, SERCA, SEO\/BirdLife, la C\u00e1mara Municipal de Vilanova de Gaia y el Instituto Polit\u00e9cnico de Coimbra.<\/p>\n<p>La iniciativa cuenta con la cofinanciaci\u00f3n de la Comisi\u00f3n Europea a trav\u00e9s del programa LIFE (52% del presupuesto), la Consejer\u00eda de Desarrollo Rural, Ganader\u00eda, Pesca, Alimentaci\u00f3n y Medio Ambiente del Gobierno de Cantabria (35% del presupuesto), la Xunta de Galicia, el Ayuntamiento de Santander y las empresas privadas Solvay, Viesgo y Astander, a quienes ahora se suma la Fundaci\u00f3n Biodiversidad<\/p>\n<p>M\u00e1s informaci\u00f3n: <a href=\"http:\/\/stopcortaderia.org\"><strong>stopcortaderia.org<\/strong><\/a><\/p>\n","protected":false},"excerpt":{"rendered":"<p>La Fundaci\u00f3n Biodiversidad aportar\u00e1 41.928 euros al Proyecto LIFE a trav\u00e9s de la Convocatoria de concesi\u00f3n de ayudas de la Fundaci\u00f3n Biodiversidad, en r\u00e9gimen de concurrencia competitiva, para evaluar la biodiversidad terrestre espa\u00f1ola. Uno de los cometidos principales de la Fundaci\u00f3n es canalizar fondos para el desarrollo de proyectos de organizaciones como ONG, entidades de<br \/><a href=\"https:\/\/amica.es\/es\/life-stop-cortaderia-implementa-la-primera-fase-del-plan-de-accion-de-lucha-contra-el-plumero-vigente-en-cantabria-con-el-apoyo-del-ministerio-para-la-transicion-ecologica-y-el-reto-demografico-a-tr\/\" class=\"more\">Read more<\/a><\/p>\n","protected":false},"author":3,"featured_media":8443,"comment_status":"open","ping_status":"open","sticky":false,"template":"","format":"standard","meta":{"_monsterinsights_skip_tracking":false,"_monsterinsights_sitenote_active":false,"_monsterinsights_sitenote_note":"","_monsterinsights_sitenote_category":0,"_joinchat":[],"footnotes":""},"categories":[27],"tags":[],"class_list":["post-8438","post","type-post","status-publish","format-standard","has-post-thumbnail","hentry","category-noticias-categoria"],"yoast_head":"<!-- This site is optimized with the Yoast SEO plugin v25.6 - https:\/\/yoast.com\/wordpress\/plugins\/seo\/ -->\n<title>LIFE Stop Cortaderia: implementa la primera fase del plan de acci\u00f3n de lucha contra el plumero vigente en Cantabria con el apoyo del Ministerio para la Transici\u00f3n Ecol\u00f3gica y el Reto Demogr\u00e1fico, a trav\u00e9s de la Fundaci\u00f3n Biodiversidad - Amica - Descubriendo Capacidades<\/title>\n<meta name=\"robots\" content=\"index, follow, max-snippet:-1, max-image-preview:large, max-video-preview:-1\" \/>\n<link rel=\"canonical\" href=\"https:\/\/amica.es\/es\/life-stop-cortaderia-implementa-la-primera-fase-del-plan-de-accion-de-lucha-contra-el-plumero-vigente-en-cantabria-con-el-apoyo-del-ministerio-para-la-transicion-ecologica-y-el-reto-demografico-a-tr\/\" \/>\n<meta property=\"og:locale\" content=\"es_ES\" \/>\n<meta property=\"og:type\" content=\"article\" \/>\n<meta property=\"og:title\" content=\"LIFE Stop Cortaderia: implementa la primera fase del plan de acci\u00f3n de lucha contra el plumero vigente en Cantabria con el apoyo del Ministerio para la Transici\u00f3n Ecol\u00f3gica y el Reto Demogr\u00e1fico, a trav\u00e9s de la Fundaci\u00f3n Biodiversidad - Amica - Descubriendo Capacidades\" \/>\n<meta property=\"og:description\" content=\"La Fundaci\u00f3n Biodiversidad aportar\u00e1 41.928 euros al Proyecto LIFE a trav\u00e9s de la Convocatoria de concesi\u00f3n de ayudas de la Fundaci\u00f3n Biodiversidad, en r\u00e9gimen de concurrencia competitiva, para evaluar la biodiversidad terrestre espa\u00f1ola. Uno de los cometidos principales de la Fundaci\u00f3n es canalizar fondos para el desarrollo de proyectos de organizaciones como ONG, entidades deRead more\" \/>\n<meta property=\"og:url\" content=\"https:\/\/amica.es\/es\/life-stop-cortaderia-implementa-la-primera-fase-del-plan-de-accion-de-lucha-contra-el-plumero-vigente-en-cantabria-con-el-apoyo-del-ministerio-para-la-transicion-ecologica-y-el-reto-demografico-a-tr\/\" \/>\n<meta property=\"og:site_name\" content=\"Amica - Descubriendo Capacidades\" \/>\n<meta property=\"article:publisher\" content=\"https:\/\/www.facebook.com\/amicaasociacion\" \/>\n<meta property=\"article:published_time\" content=\"2019-12-19T08:16:25+00:00\" \/>\n<meta property=\"article:modified_time\" content=\"2020-04-22T08:49:07+00:00\" \/>\n<meta property=\"og:image\" content=\"https:\/\/amica.es\/es\/wp-content\/uploads\/2020\/02\/plumero.jpg\" \/>\n\t<meta property=\"og:image:width\" content=\"1170\" \/>\n\t<meta property=\"og:image:height\" content=\"500\" \/>\n\t<meta property=\"og:image:type\" content=\"image\/jpeg\" \/>\n<meta name=\"author\" content=\"Amica\" \/>\n<meta name=\"twitter:card\" content=\"summary_large_image\" \/>\n<meta name=\"twitter:creator\" content=\"@asociacionamica\" \/>\n<meta name=\"twitter:site\" content=\"@asociacionamica\" \/>\n<meta name=\"twitter:label1\" content=\"Escrito por\" \/>\n\t<meta name=\"twitter:data1\" content=\"Amica\" \/>\n\t<meta name=\"twitter:label2\" content=\"Tiempo de lectura\" \/>\n\t<meta name=\"twitter:data2\" content=\"2 minutos\" \/>\n<script type=\"application\/ld+json\" class=\"yoast-schema-graph\">{\"@context\":\"https:\/\/schema.org\",\"@graph\":[{\"@type\":\"Article\",\"@id\":\"https:\/\/amica.es\/es\/life-stop-cortaderia-implementa-la-primera-fase-del-plan-de-accion-de-lucha-contra-el-plumero-vigente-en-cantabria-con-el-apoyo-del-ministerio-para-la-transicion-ecologica-y-el-reto-demografico-a-tr\/#article\",\"isPartOf\":{\"@id\":\"https:\/\/amica.es\/es\/life-stop-cortaderia-implementa-la-primera-fase-del-plan-de-accion-de-lucha-contra-el-plumero-vigente-en-cantabria-con-el-apoyo-del-ministerio-para-la-transicion-ecologica-y-el-reto-demografico-a-tr\/\"},\"author\":{\"name\":\"Amica\",\"@id\":\"https:\/\/amica.es\/es\/#\/schema\/person\/e495a7dcb12dd9e3780a7b2abb2e5704\"},\"headline\":\"LIFE Stop Cortaderia: implementa la primera fase del plan de acci\u00f3n de lucha contra el plumero vigente en Cantabria con el apoyo del Ministerio para la Transici\u00f3n Ecol\u00f3gica y el Reto Demogr\u00e1fico, a trav\u00e9s de la Fundaci\u00f3n Biodiversidad\",\"datePublished\":\"2019-12-19T08:16:25+00:00\",\"dateModified\":\"2020-04-22T08:49:07+00:00\",\"mainEntityOfPage\":{\"@id\":\"https:\/\/amica.es\/es\/life-stop-cortaderia-implementa-la-primera-fase-del-plan-de-accion-de-lucha-contra-el-plumero-vigente-en-cantabria-con-el-apoyo-del-ministerio-para-la-transicion-ecologica-y-el-reto-demografico-a-tr\/\"},\"wordCount\":493,\"commentCount\":0,\"publisher\":{\"@id\":\"https:\/\/amica.es\/es\/#organization\"},\"image\":{\"@id\":\"https:\/\/amica.es\/es\/life-stop-cortaderia-implementa-la-primera-fase-del-plan-de-accion-de-lucha-contra-el-plumero-vigente-en-cantabria-con-el-apoyo-del-ministerio-para-la-transicion-ecologica-y-el-reto-demografico-a-tr\/#primaryimage\"},\"thumbnailUrl\":\"https:\/\/amica.es\/es\/wp-content\/uploads\/2020\/02\/plumero.jpg\",\"articleSection\":[\"Noticias\"],\"inLanguage\":\"es\",\"potentialAction\":[{\"@type\":\"CommentAction\",\"name\":\"Comment\",\"target\":[\"https:\/\/amica.es\/es\/life-stop-cortaderia-implementa-la-primera-fase-del-plan-de-accion-de-lucha-contra-el-plumero-vigente-en-cantabria-con-el-apoyo-del-ministerio-para-la-transicion-ecologica-y-el-reto-demografico-a-tr\/#respond\"]}]},{\"@type\":\"WebPage\",\"@id\":\"https:\/\/amica.es\/es\/life-stop-cortaderia-implementa-la-primera-fase-del-plan-de-accion-de-lucha-contra-el-plumero-vigente-en-cantabria-con-el-apoyo-del-ministerio-para-la-transicion-ecologica-y-el-reto-demografico-a-tr\/\",\"url\":\"https:\/\/amica.es\/es\/life-stop-cortaderia-implementa-la-primera-fase-del-plan-de-accion-de-lucha-contra-el-plumero-vigente-en-cantabria-con-el-apoyo-del-ministerio-para-la-transicion-ecologica-y-el-reto-demografico-a-tr\/\",\"name\":\"LIFE Stop Cortaderia: implementa la primera fase del plan de acci\u00f3n de lucha contra el plumero vigente en Cantabria con el apoyo del Ministerio para la Transici\u00f3n Ecol\u00f3gica y el Reto Demogr\u00e1fico, a trav\u00e9s de la Fundaci\u00f3n Biodiversidad - Amica - Descubriendo Capacidades\",\"isPartOf\":{\"@id\":\"https:\/\/amica.es\/es\/#website\"},\"primaryImageOfPage\":{\"@id\":\"https:\/\/amica.es\/es\/life-stop-cortaderia-implementa-la-primera-fase-del-plan-de-accion-de-lucha-contra-el-plumero-vigente-en-cantabria-con-el-apoyo-del-ministerio-para-la-transicion-ecologica-y-el-reto-demografico-a-tr\/#primaryimage\"},\"image\":{\"@id\":\"https:\/\/amica.es\/es\/life-stop-cortaderia-implementa-la-primera-fase-del-plan-de-accion-de-lucha-contra-el-plumero-vigente-en-cantabria-con-el-apoyo-del-ministerio-para-la-transicion-ecologica-y-el-reto-demografico-a-tr\/#primaryimage\"},\"thumbnailUrl\":\"https:\/\/amica.es\/es\/wp-content\/uploads\/2020\/02\/plumero.jpg\",\"datePublished\":\"2019-12-19T08:16:25+00:00\",\"dateModified\":\"2020-04-22T08:49:07+00:00\",\"breadcrumb\":{\"@id\":\"https:\/\/amica.es\/es\/life-stop-cortaderia-implementa-la-primera-fase-del-plan-de-accion-de-lucha-contra-el-plumero-vigente-en-cantabria-con-el-apoyo-del-ministerio-para-la-transicion-ecologica-y-el-reto-demografico-a-tr\/#breadcrumb\"},\"inLanguage\":\"es\",\"potentialAction\":[{\"@type\":\"ReadAction\",\"target\":[\"https:\/\/amica.es\/es\/life-stop-cortaderia-implementa-la-primera-fase-del-plan-de-accion-de-lucha-contra-el-plumero-vigente-en-cantabria-con-el-apoyo-del-ministerio-para-la-transicion-ecologica-y-el-reto-demografico-a-tr\/\"]}]},{\"@type\":\"ImageObject\",\"inLanguage\":\"es\",\"@id\":\"https:\/\/amica.es\/es\/life-stop-cortaderia-implementa-la-primera-fase-del-plan-de-accion-de-lucha-contra-el-plumero-vigente-en-cantabria-con-el-apoyo-del-ministerio-para-la-transicion-ecologica-y-el-reto-demografico-a-tr\/#primaryimage\",\"url\":\"https:\/\/amica.es\/es\/wp-content\/uploads\/2020\/02\/plumero.jpg\",\"contentUrl\":\"https:\/\/amica.es\/es\/wp-content\/uploads\/2020\/02\/plumero.jpg\",\"width\":1170,\"height\":500,\"caption\":\"LIFE Stop Cortaderia: implementa la primera fase del plan de acci\u00f3n de lucha contra el plumero vigente en Cantabria con el apoyo del Ministerio para la Transici\u00f3n Ecol\u00f3gica y el Reto Demogr\u00e1fico, a trav\u00e9s de la Fundaci\u00f3n Biodiversidad\"},{\"@type\":\"BreadcrumbList\",\"@id\":\"https:\/\/amica.es\/es\/life-stop-cortaderia-implementa-la-primera-fase-del-plan-de-accion-de-lucha-contra-el-plumero-vigente-en-cantabria-con-el-apoyo-del-ministerio-para-la-transicion-ecologica-y-el-reto-demografico-a-tr\/#breadcrumb\",\"itemListElement\":[{\"@type\":\"ListItem\",\"position\":1,\"name\":\"Portada\",\"item\":\"https:\/\/amica.es\/es\/\"},{\"@type\":\"ListItem\",\"position\":2,\"name\":\"LIFE Stop Cortaderia: implementa la primera fase del plan de acci\u00f3n de lucha contra el plumero vigente en Cantabria con el apoyo del Ministerio para la Transici\u00f3n Ecol\u00f3gica y el Reto Demogr\u00e1fico, a trav\u00e9s de la Fundaci\u00f3n Biodiversidad\"}]},{\"@type\":\"WebSite\",\"@id\":\"https:\/\/amica.es\/es\/#website\",\"url\":\"https:\/\/amica.es\/es\/\",\"name\":\"Amica - Descubriendo Capacidades\",\"description\":\"Apoyando a personas con discapacidad desde 1984\",\"publisher\":{\"@id\":\"https:\/\/amica.es\/es\/#organization\"},\"potentialAction\":[{\"@type\":\"SearchAction\",\"target\":{\"@type\":\"EntryPoint\",\"urlTemplate\":\"https:\/\/amica.es\/es\/?s={search_term_string}\"},\"query-input\":{\"@type\":\"PropertyValueSpecification\",\"valueRequired\":true,\"valueName\":\"search_term_string\"}}],\"inLanguage\":\"es\"},{\"@type\":\"Organization\",\"@id\":\"https:\/\/amica.es\/es\/#organization\",\"name\":\"Asociaci\u00f3n Amica\",\"url\":\"https:\/\/amica.es\/es\/\",\"logo\":{\"@type\":\"ImageObject\",\"inLanguage\":\"es\",\"@id\":\"https:\/\/amica.es\/es\/#\/schema\/logo\/image\/\",\"url\":\"https:\/\/amica.es\/es\/wp-content\/uploads\/2024\/07\/Amica-Logo.png\",\"contentUrl\":\"https:\/\/amica.es\/es\/wp-content\/uploads\/2024\/07\/Amica-Logo.png\",\"width\":1653,\"height\":577,\"caption\":\"Asociaci\u00f3n Amica\"},\"image\":{\"@id\":\"https:\/\/amica.es\/es\/#\/schema\/logo\/image\/\"},\"sameAs\":[\"https:\/\/www.facebook.com\/amicaasociacion\",\"https:\/\/x.com\/asociacionamica\",\"https:\/\/www.youtube.com\/c\/asociacionamicacantabria\",\"https:\/\/es.linkedin.com\/company\/asociacionamica?trk=similar-companies_org_title\",\"https:\/\/www.instagram.com\/asociacionamica\/\"]},{\"@type\":\"Person\",\"@id\":\"https:\/\/amica.es\/es\/#\/schema\/person\/e495a7dcb12dd9e3780a7b2abb2e5704\",\"name\":\"Amica\",\"image\":{\"@type\":\"ImageObject\",\"inLanguage\":\"es\",\"@id\":\"https:\/\/amica.es\/es\/#\/schema\/person\/image\/\",\"url\":\"https:\/\/secure.gravatar.com\/avatar\/39bd48442d48bee2968f3dadf4bca67d9d073335a5c28953daa9c3339ca6b4dc?s=96&d=mm&r=g\",\"contentUrl\":\"https:\/\/secure.gravatar.com\/avatar\/39bd48442d48bee2968f3dadf4bca67d9d073335a5c28953daa9c3339ca6b4dc?s=96&d=mm&r=g\",\"caption\":\"Amica\"},\"url\":\"https:\/\/amica.es\/es\/author\/amcapaz84ica\/\"}]}<\/script>\n<!-- \/ Yoast SEO plugin. -->","yoast_head_json":{"title":"LIFE Stop Cortaderia: implementa la primera fase del plan de acci\u00f3n de lucha contra el plumero vigente en Cantabria con el apoyo del Ministerio para la Transici\u00f3n Ecol\u00f3gica y el Reto Demogr\u00e1fico, a trav\u00e9s de la Fundaci\u00f3n Biodiversidad - Amica - Descubriendo Capacidades","robots":{"index":"index","follow":"follow","max-snippet":"max-snippet:-1","max-image-preview":"max-image-preview:large","max-video-preview":"max-video-preview:-1"},"canonical":"https:\/\/amica.es\/es\/life-stop-cortaderia-implementa-la-primera-fase-del-plan-de-accion-de-lucha-contra-el-plumero-vigente-en-cantabria-con-el-apoyo-del-ministerio-para-la-transicion-ecologica-y-el-reto-demografico-a-tr\/","og_locale":"es_ES","og_type":"article","og_title":"LIFE Stop Cortaderia: implementa la primera fase del plan de acci\u00f3n de lucha contra el plumero vigente en Cantabria con el apoyo del Ministerio para la Transici\u00f3n Ecol\u00f3gica y el Reto Demogr\u00e1fico, a trav\u00e9s de la Fundaci\u00f3n Biodiversidad - Amica - Descubriendo Capacidades","og_description":"La Fundaci\u00f3n Biodiversidad aportar\u00e1 41.928 euros al Proyecto LIFE a trav\u00e9s de la Convocatoria de concesi\u00f3n de ayudas de la Fundaci\u00f3n Biodiversidad, en r\u00e9gimen de concurrencia competitiva, para evaluar la biodiversidad terrestre espa\u00f1ola. Uno de los cometidos principales de la Fundaci\u00f3n es canalizar fondos para el desarrollo de proyectos de organizaciones como ONG, entidades deRead more","og_url":"https:\/\/amica.es\/es\/life-stop-cortaderia-implementa-la-primera-fase-del-plan-de-accion-de-lucha-contra-el-plumero-vigente-en-cantabria-con-el-apoyo-del-ministerio-para-la-transicion-ecologica-y-el-reto-demografico-a-tr\/","og_site_name":"Amica - Descubriendo Capacidades","article_publisher":"https:\/\/www.facebook.com\/amicaasociacion","article_published_time":"2019-12-19T08:16:25+00:00","article_modified_time":"2020-04-22T08:49:07+00:00","og_image":[{"width":1170,"height":500,"url":"https:\/\/amica.es\/es\/wp-content\/uploads\/2020\/02\/plumero.jpg","type":"image\/jpeg"}],"author":"Amica","twitter_card":"summary_large_image","twitter_creator":"@asociacionamica","twitter_site":"@asociacionamica","twitter_misc":{"Escrito por":"Amica","Tiempo de lectura":"2 minutos"},"schema":{"@context":"https:\/\/schema.org","@graph":[{"@type":"Article","@id":"https:\/\/amica.es\/es\/life-stop-cortaderia-implementa-la-primera-fase-del-plan-de-accion-de-lucha-contra-el-plumero-vigente-en-cantabria-con-el-apoyo-del-ministerio-para-la-transicion-ecologica-y-el-reto-demografico-a-tr\/#article","isPartOf":{"@id":"https:\/\/amica.es\/es\/life-stop-cortaderia-implementa-la-primera-fase-del-plan-de-accion-de-lucha-contra-el-plumero-vigente-en-cantabria-con-el-apoyo-del-ministerio-para-la-transicion-ecologica-y-el-reto-demografico-a-tr\/"},"author":{"name":"Amica","@id":"https:\/\/amica.es\/es\/#\/schema\/person\/e495a7dcb12dd9e3780a7b2abb2e5704"},"headline":"LIFE Stop Cortaderia: implementa la primera fase del plan de acci\u00f3n de lucha contra el plumero vigente en Cantabria con el apoyo del Ministerio para la Transici\u00f3n Ecol\u00f3gica y el Reto Demogr\u00e1fico, a trav\u00e9s de la Fundaci\u00f3n Biodiversidad","datePublished":"2019-12-19T08:16:25+00:00","dateModified":"2020-04-22T08:49:07+00:00","mainEntityOfPage":{"@id":"https:\/\/amica.es\/es\/life-stop-cortaderia-implementa-la-primera-fase-del-plan-de-accion-de-lucha-contra-el-plumero-vigente-en-cantabria-con-el-apoyo-del-ministerio-para-la-transicion-ecologica-y-el-reto-demografico-a-tr\/"},"wordCount":493,"commentCount":0,"publisher":{"@id":"https:\/\/amica.es\/es\/#organization"},"image":{"@id":"https:\/\/amica.es\/es\/life-stop-cortaderia-implementa-la-primera-fase-del-plan-de-accion-de-lucha-contra-el-plumero-vigente-en-cantabria-con-el-apoyo-del-ministerio-para-la-transicion-ecologica-y-el-reto-demografico-a-tr\/#primaryimage"},"thumbnailUrl":"https:\/\/amica.es\/es\/wp-content\/uploads\/2020\/02\/plumero.jpg","articleSection":["Noticias"],"inLanguage":"es","potentialAction":[{"@type":"CommentAction","name":"Comment","target":["https:\/\/amica.es\/es\/life-stop-cortaderia-implementa-la-primera-fase-del-plan-de-accion-de-lucha-contra-el-plumero-vigente-en-cantabria-con-el-apoyo-del-ministerio-para-la-transicion-ecologica-y-el-reto-demografico-a-tr\/#respond"]}]},{"@type":"WebPage","@id":"https:\/\/amica.es\/es\/life-stop-cortaderia-implementa-la-primera-fase-del-plan-de-accion-de-lucha-contra-el-plumero-vigente-en-cantabria-con-el-apoyo-del-ministerio-para-la-transicion-ecologica-y-el-reto-demografico-a-tr\/","url":"https:\/\/amica.es\/es\/life-stop-cortaderia-implementa-la-primera-fase-del-plan-de-accion-de-lucha-contra-el-plumero-vigente-en-cantabria-con-el-apoyo-del-ministerio-para-la-transicion-ecologica-y-el-reto-demografico-a-tr\/","name":"LIFE Stop Cortaderia: implementa la primera fase del plan de acci\u00f3n de lucha contra el plumero vigente en Cantabria con el apoyo del Ministerio para la Transici\u00f3n Ecol\u00f3gica y el Reto Demogr\u00e1fico, a trav\u00e9s de la Fundaci\u00f3n Biodiversidad - Amica - Descubriendo Capacidades","isPartOf":{"@id":"https:\/\/amica.es\/es\/#website"},"primaryImageOfPage":{"@id":"https:\/\/amica.es\/es\/life-stop-cortaderia-implementa-la-primera-fase-del-plan-de-accion-de-lucha-contra-el-plumero-vigente-en-cantabria-con-el-apoyo-del-ministerio-para-la-transicion-ecologica-y-el-reto-demografico-a-tr\/#primaryimage"},"image":{"@id":"https:\/\/amica.es\/es\/life-stop-cortaderia-implementa-la-primera-fase-del-plan-de-accion-de-lucha-contra-el-plumero-vigente-en-cantabria-con-el-apoyo-del-ministerio-para-la-transicion-ecologica-y-el-reto-demografico-a-tr\/#primaryimage"},"thumbnailUrl":"https:\/\/amica.es\/es\/wp-content\/uploads\/2020\/02\/plumero.jpg","datePublished":"2019-12-19T08:16:25+00:00","dateModified":"2020-04-22T08:49:07+00:00","breadcrumb":{"@id":"https:\/\/amica.es\/es\/life-stop-cortaderia-implementa-la-primera-fase-del-plan-de-accion-de-lucha-contra-el-plumero-vigente-en-cantabria-con-el-apoyo-del-ministerio-para-la-transicion-ecologica-y-el-reto-demografico-a-tr\/#breadcrumb"},"inLanguage":"es","potentialAction":[{"@type":"ReadAction","target":["https:\/\/amica.es\/es\/life-stop-cortaderia-implementa-la-primera-fase-del-plan-de-accion-de-lucha-contra-el-plumero-vigente-en-cantabria-con-el-apoyo-del-ministerio-para-la-transicion-ecologica-y-el-reto-demografico-a-tr\/"]}]},{"@type":"ImageObject","inLanguage":"es","@id":"https:\/\/amica.es\/es\/life-stop-cortaderia-implementa-la-primera-fase-del-plan-de-accion-de-lucha-contra-el-plumero-vigente-en-cantabria-con-el-apoyo-del-ministerio-para-la-transicion-ecologica-y-el-reto-demografico-a-tr\/#primaryimage","url":"https:\/\/amica.es\/es\/wp-content\/uploads\/2020\/02\/plumero.jpg","contentUrl":"https:\/\/amica.es\/es\/wp-content\/uploads\/2020\/02\/plumero.jpg","width":1170,"height":500,"caption":"LIFE Stop Cortaderia: implementa la primera fase del plan de acci\u00f3n de lucha contra el plumero vigente en Cantabria con el apoyo del Ministerio para la Transici\u00f3n Ecol\u00f3gica y el Reto Demogr\u00e1fico, a trav\u00e9s de la Fundaci\u00f3n Biodiversidad"},{"@type":"BreadcrumbList","@id":"https:\/\/amica.es\/es\/life-stop-cortaderia-implementa-la-primera-fase-del-plan-de-accion-de-lucha-contra-el-plumero-vigente-en-cantabria-con-el-apoyo-del-ministerio-para-la-transicion-ecologica-y-el-reto-demografico-a-tr\/#breadcrumb","itemListElement":[{"@type":"ListItem","position":1,"name":"Portada","item":"https:\/\/amica.es\/es\/"},{"@type":"ListItem","position":2,"name":"LIFE Stop Cortaderia: implementa la primera fase del plan de acci\u00f3n de lucha contra el plumero vigente en Cantabria con el apoyo del Ministerio para la Transici\u00f3n Ecol\u00f3gica y el Reto Demogr\u00e1fico, a trav\u00e9s de la Fundaci\u00f3n Biodiversidad"}]},{"@type":"WebSite","@id":"https:\/\/amica.es\/es\/#website","url":"https:\/\/amica.es\/es\/","name":"Amica - Descubriendo Capacidades","description":"Apoyando a personas con discapacidad desde 1984","publisher":{"@id":"https:\/\/amica.es\/es\/#organization"},"potentialAction":[{"@type":"SearchAction","target":{"@type":"EntryPoint","urlTemplate":"https:\/\/amica.es\/es\/?s={search_term_string}"},"query-input":{"@type":"PropertyValueSpecification","valueRequired":true,"valueName":"search_term_string"}}],"inLanguage":"es"},{"@type":"Organization","@id":"https:\/\/amica.es\/es\/#organization","name":"Asociaci\u00f3n Amica","url":"https:\/\/amica.es\/es\/","logo":{"@type":"ImageObject","inLanguage":"es","@id":"https:\/\/amica.es\/es\/#\/schema\/logo\/image\/","url":"https:\/\/amica.es\/es\/wp-content\/uploads\/2024\/07\/Amica-Logo.png","contentUrl":"https:\/\/amica.es\/es\/wp-content\/uploads\/2024\/07\/Amica-Logo.png","width":1653,"height":577,"caption":"Asociaci\u00f3n Amica"},"image":{"@id":"https:\/\/amica.es\/es\/#\/schema\/logo\/image\/"},"sameAs":["https:\/\/www.facebook.com\/amicaasociacion","https:\/\/x.com\/asociacionamica","https:\/\/www.youtube.com\/c\/asociacionamicacantabria","https:\/\/es.linkedin.com\/company\/asociacionamica?trk=similar-companies_org_title","https:\/\/www.instagram.com\/asociacionamica\/"]},{"@type":"Person","@id":"https:\/\/amica.es\/es\/#\/schema\/person\/e495a7dcb12dd9e3780a7b2abb2e5704","name":"Amica","image":{"@type":"ImageObject","inLanguage":"es","@id":"https:\/\/amica.es\/es\/#\/schema\/person\/image\/","url":"https:\/\/secure.gravatar.com\/avatar\/39bd48442d48bee2968f3dadf4bca67d9d073335a5c28953daa9c3339ca6b4dc?s=96&d=mm&r=g","contentUrl":"https:\/\/secure.gravatar.com\/avatar\/39bd48442d48bee2968f3dadf4bca67d9d073335a5c28953daa9c3339ca6b4dc?s=96&d=mm&r=g","caption":"Amica"},"url":"https:\/\/amica.es\/es\/author\/amcapaz84ica\/"}]}},"_links":{"self":[{"href":"https:\/\/amica.es\/es\/wp-json\/wp\/v2\/posts\/8438","targetHints":{"allow":["GET"]}}],"collection":[{"href":"https:\/\/amica.es\/es\/wp-json\/wp\/v2\/posts"}],"about":[{"href":"https:\/\/amica.es\/es\/wp-json\/wp\/v2\/types\/post"}],"author":[{"embeddable":true,"href":"https:\/\/amica.es\/es\/wp-json\/wp\/v2\/users\/3"}],"replies":[{"embeddable":true,"href":"https:\/\/amica.es\/es\/wp-json\/wp\/v2\/comments?post=8438"}],"version-history":[{"count":3,"href":"https:\/\/amica.es\/es\/wp-json\/wp\/v2\/posts\/8438\/revisions"}],"predecessor-version":[{"id":8441,"href":"https:\/\/amica.es\/es\/wp-json\/wp\/v2\/posts\/8438\/revisions\/8441"}],"wp:featuredmedia":[{"embeddable":true,"href":"https:\/\/amica.es\/es\/wp-json\/wp\/v2\/media\/8443"}],"wp:attachment":[{"href":"https:\/\/amica.es\/es\/wp-json\/wp\/v2\/media?parent=8438"}],"wp:term":[{"taxonomy":"category","embeddable":true,"href":"https:\/\/amica.es\/es\/wp-json\/wp\/v2\/categories?post=8438"},{"taxonomy":"post_tag","embeddable":true,"href":"https:\/\/amica.es\/es\/wp-json\/wp\/v2\/tags?post=8438"}],"curies":[{"name":"wp","href":"https:\/\/api.w.org\/{rel}","templated":true}]}}