{"id":8472,"date":"2020-02-10T18:48:40","date_gmt":"2020-02-10T16:48:40","guid":{"rendered":"https:\/\/amica.es\/es\/?p=8472"},"modified":"2020-02-10T18:48:40","modified_gmt":"2020-02-10T16:48:40","slug":"exposicion-fotografica-el-disfrute","status":"publish","type":"post","link":"https:\/\/amica.es\/es\/exposicion-fotografica-el-disfrute\/","title":{"rendered":"Exposici\u00f3n fotogr\u00e1fica \u201cEl Disfrute\u201d"},"content":{"rendered":"<div class=\"wpb-content-wrapper\">[vc_row][vc_column width=&#8221;1\/2&#8243;][vc_column_text]En el mes de enero diferentes grupos de los centros de formaci\u00f3n Marisma, Entorno y Promoci\u00f3n de autonom\u00eda personal, con el apoyo del servicio de logopedia, hemos hecho una exposici\u00f3n de comunicaci\u00f3n a trav\u00e9s de la fotograf\u00eda bajo el tema &#8220;El disfrute&#8221;, en el Centro C\u00edvico de Nueva Monta\u00f1a.<\/p>\n<p>La participaci\u00f3n ha sido un \u00e9xito acudiendo alrededor de 90 personas de otros centros de Amica, as\u00ed como familiares y profesores del propio centro. Los participantes del proyecto nos hemos sentido muy satisfechos del resultado de su trabajo y contentos con las visitas recibidas de familiares y amigos.<\/p>\n<p>Esta exposici\u00f3n es el resultado de un proyecto en el que, durante cuatro meses, hemos trabajado duro para descubrir qu\u00e9 es para nosotros el disfrute y c\u00f3mo podemos reflejarlo a trav\u00e9s de una fotograf\u00eda. En estos meses hemos aprendido a desarrollar la creatividad, titular y describir una imagen, organizarnos, tener paciencia, trabajar en grupo y resolver imprevistos, pero sobretodo, hemos aprendido a DISFRUTAR.<\/p>\n<p><strong>La opini\u00f3n de los artistas:<\/strong><\/p>\n<p>\u201cMe gustar\u00eda ver a los dem\u00e1s como me gusta disfrutar\u201d<\/p>\n<p>\u201cMis fotos son inolvidables, me encanta y por eso quiero compartirlo. Para el recuerdo, para mi memoria\u201d<\/p>\n<p>\u201cMe gusta participar en el taller porque me gusta aprender a hacer fotos de forma aut\u00f3noma, me gusta compartir las fotos que hago que para m\u00ed son alegr\u00eda. Con el taller aprendo a conocer mis gustos y los de mis compa\u00f1eros, c\u00f3mo otras personas viven el disfrute\u201d<\/p>\n<p>\u201cEn este trabajo participamos personas de Amica tanto usuarios como profesionales, el disfrute no depende de la discapacidad, cada uno disfruta a su manera\u201d<\/p>\n<p>\u201cLa actividad es divertida, interesante, la volver\u00eda a hacer\u201d<\/p>\n<p>\u201cEl trabajo lo hacemos disfrutando y con mucho cari\u00f1o. Con esta exposici\u00f3n compartimos las cosas que nos gustan\u201d<\/p>\n<p>\u201cEspero que te gusten las fotos ya que son muy importantes para nosotros\u201d<\/p>\n<p>\u201cInvitamos a nuestras familias de coraz\u00f3n a que disfrut\u00e9is con nosotros. Tanto como nosotros hemos disfrutado haciendo las fotos\u201d<\/p>\n<p>\u201cLa gente que vaya a verlo para que sepan lo que hacemos\u201d<\/p>\n<p>\u201cHa sido un taller bonito\u201d \u201cJuntamos todo lo de todos y es gratis\u201d<\/p>\n<p>\u201cMe gustar\u00eda que mam\u00e1 y otras personas vinieran a verlo\u201d[\/vc_column_text][\/vc_column][vc_column width=&#8221;1\/2&#8243;][vc_video link=&#8221;https:\/\/youtu.be\/FvvIUzx_Lkw &#8220;][vc_single_image image=&#8221;8477&#8243; img_size=&#8221;full&#8221; onclick=&#8221;link_image&#8221;][vc_single_image image=&#8221;8478&#8243; img_size=&#8221;full&#8221; onclick=&#8221;link_image&#8221;][vc_single_image image=&#8221;8479&#8243; img_size=&#8221;full&#8221; onclick=&#8221;link_image&#8221;][\/vc_column][\/vc_row]\n<\/div>","protected":false},"excerpt":{"rendered":"<p>[vc_row][vc_column width=&#8221;1\/2&#8243;][vc_column_text]En el mes de enero diferentes grupos de los centros de formaci\u00f3n Marisma, Entorno y Promoci\u00f3n de autonom\u00eda personal, con el apoyo del servicio de logopedia, hemos hecho una exposici\u00f3n de comunicaci\u00f3n a trav\u00e9s de la fotograf\u00eda bajo el tema &#8220;El disfrute&#8221;, en el Centro C\u00edvico de Nueva Monta\u00f1a. La participaci\u00f3n ha sido un<br \/><a href=\"https:\/\/amica.es\/es\/exposicion-fotografica-el-disfrute\/\" class=\"more\">Read more<\/a><\/p>\n","protected":false},"author":3,"featured_media":8474,"comment_status":"open","ping_status":"open","sticky":false,"template":"","format":"standard","meta":{"_monsterinsights_skip_tracking":false,"_monsterinsights_sitenote_active":false,"_monsterinsights_sitenote_note":"","_monsterinsights_sitenote_category":0,"_joinchat":[],"footnotes":""},"categories":[27],"tags":[],"class_list":["post-8472","post","type-post","status-publish","format-standard","has-post-thumbnail","hentry","category-noticias-categoria"],"yoast_head":"<!-- This site is optimized with the Yoast SEO plugin v25.6 - https:\/\/yoast.com\/wordpress\/plugins\/seo\/ -->\n<title>Exposici\u00f3n fotogr\u00e1fica \u201cEl Disfrute\u201d - Amica - Descubriendo Capacidades<\/title>\n<meta name=\"robots\" content=\"index, follow, max-snippet:-1, max-image-preview:large, max-video-preview:-1\" \/>\n<link rel=\"canonical\" href=\"https:\/\/amica.es\/es\/exposicion-fotografica-el-disfrute\/\" \/>\n<meta property=\"og:locale\" content=\"es_ES\" \/>\n<meta property=\"og:type\" content=\"article\" \/>\n<meta property=\"og:title\" content=\"Exposici\u00f3n fotogr\u00e1fica \u201cEl Disfrute\u201d - Amica - Descubriendo Capacidades\" \/>\n<meta property=\"og:description\" content=\"[vc_row][vc_column width=&#8221;1\/2&#8243;][vc_column_text]En el mes de enero diferentes grupos de los centros de formaci\u00f3n Marisma, Entorno y Promoci\u00f3n de autonom\u00eda personal, con el apoyo del servicio de logopedia, hemos hecho una exposici\u00f3n de comunicaci\u00f3n a trav\u00e9s de la fotograf\u00eda bajo el tema &#8220;El disfrute&#8221;, en el Centro C\u00edvico de Nueva Monta\u00f1a. La participaci\u00f3n ha sido unRead more\" \/>\n<meta property=\"og:url\" content=\"https:\/\/amica.es\/es\/exposicion-fotografica-el-disfrute\/\" \/>\n<meta property=\"og:site_name\" content=\"Amica - Descubriendo Capacidades\" \/>\n<meta property=\"article:publisher\" content=\"https:\/\/www.facebook.com\/amicaasociacion\" \/>\n<meta property=\"article:published_time\" content=\"2020-02-10T16:48:40+00:00\" \/>\n<meta property=\"og:image\" content=\"https:\/\/amica.es\/es\/wp-content\/uploads\/2020\/02\/disfrute.jpg\" \/>\n\t<meta property=\"og:image:width\" content=\"1170\" \/>\n\t<meta property=\"og:image:height\" content=\"500\" \/>\n\t<meta property=\"og:image:type\" content=\"image\/jpeg\" \/>\n<meta name=\"author\" content=\"Amica\" \/>\n<meta name=\"twitter:card\" content=\"summary_large_image\" \/>\n<meta name=\"twitter:creator\" content=\"@asociacionamica\" \/>\n<meta name=\"twitter:site\" content=\"@asociacionamica\" \/>\n<meta name=\"twitter:label1\" content=\"Escrito por\" \/>\n\t<meta name=\"twitter:data1\" content=\"Amica\" \/>\n\t<meta name=\"twitter:label2\" content=\"Tiempo de lectura\" \/>\n\t<meta name=\"twitter:data2\" content=\"2 minutos\" \/>\n<script type=\"application\/ld+json\" class=\"yoast-schema-graph\">{\"@context\":\"https:\/\/schema.org\",\"@graph\":[{\"@type\":\"Article\",\"@id\":\"https:\/\/amica.es\/es\/exposicion-fotografica-el-disfrute\/#article\",\"isPartOf\":{\"@id\":\"https:\/\/amica.es\/es\/exposicion-fotografica-el-disfrute\/\"},\"author\":{\"name\":\"Amica\",\"@id\":\"https:\/\/amica.es\/es\/#\/schema\/person\/e495a7dcb12dd9e3780a7b2abb2e5704\"},\"headline\":\"Exposici\u00f3n fotogr\u00e1fica \u201cEl Disfrute\u201d\",\"datePublished\":\"2020-02-10T16:48:40+00:00\",\"mainEntityOfPage\":{\"@id\":\"https:\/\/amica.es\/es\/exposicion-fotografica-el-disfrute\/\"},\"wordCount\":447,\"commentCount\":0,\"publisher\":{\"@id\":\"https:\/\/amica.es\/es\/#organization\"},\"image\":{\"@id\":\"https:\/\/amica.es\/es\/exposicion-fotografica-el-disfrute\/#primaryimage\"},\"thumbnailUrl\":\"https:\/\/amica.es\/es\/wp-content\/uploads\/2020\/02\/disfrute.jpg\",\"articleSection\":[\"Noticias\"],\"inLanguage\":\"es\",\"potentialAction\":[{\"@type\":\"CommentAction\",\"name\":\"Comment\",\"target\":[\"https:\/\/amica.es\/es\/exposicion-fotografica-el-disfrute\/#respond\"]}]},{\"@type\":\"WebPage\",\"@id\":\"https:\/\/amica.es\/es\/exposicion-fotografica-el-disfrute\/\",\"url\":\"https:\/\/amica.es\/es\/exposicion-fotografica-el-disfrute\/\",\"name\":\"Exposici\u00f3n fotogr\u00e1fica \u201cEl Disfrute\u201d - Amica - Descubriendo Capacidades\",\"isPartOf\":{\"@id\":\"https:\/\/amica.es\/es\/#website\"},\"primaryImageOfPage\":{\"@id\":\"https:\/\/amica.es\/es\/exposicion-fotografica-el-disfrute\/#primaryimage\"},\"image\":{\"@id\":\"https:\/\/amica.es\/es\/exposicion-fotografica-el-disfrute\/#primaryimage\"},\"thumbnailUrl\":\"https:\/\/amica.es\/es\/wp-content\/uploads\/2020\/02\/disfrute.jpg\",\"datePublished\":\"2020-02-10T16:48:40+00:00\",\"breadcrumb\":{\"@id\":\"https:\/\/amica.es\/es\/exposicion-fotografica-el-disfrute\/#breadcrumb\"},\"inLanguage\":\"es\",\"potentialAction\":[{\"@type\":\"ReadAction\",\"target\":[\"https:\/\/amica.es\/es\/exposicion-fotografica-el-disfrute\/\"]}]},{\"@type\":\"ImageObject\",\"inLanguage\":\"es\",\"@id\":\"https:\/\/amica.es\/es\/exposicion-fotografica-el-disfrute\/#primaryimage\",\"url\":\"https:\/\/amica.es\/es\/wp-content\/uploads\/2020\/02\/disfrute.jpg\",\"contentUrl\":\"https:\/\/amica.es\/es\/wp-content\/uploads\/2020\/02\/disfrute.jpg\",\"width\":1170,\"height\":500,\"caption\":\"Exposici\u00f3n fotogr\u00e1fica \u201cEl Disfrute\u201d\"},{\"@type\":\"BreadcrumbList\",\"@id\":\"https:\/\/amica.es\/es\/exposicion-fotografica-el-disfrute\/#breadcrumb\",\"itemListElement\":[{\"@type\":\"ListItem\",\"position\":1,\"name\":\"Portada\",\"item\":\"https:\/\/amica.es\/es\/\"},{\"@type\":\"ListItem\",\"position\":2,\"name\":\"Exposici\u00f3n fotogr\u00e1fica \u201cEl Disfrute\u201d\"}]},{\"@type\":\"WebSite\",\"@id\":\"https:\/\/amica.es\/es\/#website\",\"url\":\"https:\/\/amica.es\/es\/\",\"name\":\"Amica - Descubriendo Capacidades\",\"description\":\"Apoyando a personas con discapacidad desde 1984\",\"publisher\":{\"@id\":\"https:\/\/amica.es\/es\/#organization\"},\"potentialAction\":[{\"@type\":\"SearchAction\",\"target\":{\"@type\":\"EntryPoint\",\"urlTemplate\":\"https:\/\/amica.es\/es\/?s={search_term_string}\"},\"query-input\":{\"@type\":\"PropertyValueSpecification\",\"valueRequired\":true,\"valueName\":\"search_term_string\"}}],\"inLanguage\":\"es\"},{\"@type\":\"Organization\",\"@id\":\"https:\/\/amica.es\/es\/#organization\",\"name\":\"Asociaci\u00f3n Amica\",\"url\":\"https:\/\/amica.es\/es\/\",\"logo\":{\"@type\":\"ImageObject\",\"inLanguage\":\"es\",\"@id\":\"https:\/\/amica.es\/es\/#\/schema\/logo\/image\/\",\"url\":\"https:\/\/amica.es\/es\/wp-content\/uploads\/2024\/07\/Amica-Logo.png\",\"contentUrl\":\"https:\/\/amica.es\/es\/wp-content\/uploads\/2024\/07\/Amica-Logo.png\",\"width\":1653,\"height\":577,\"caption\":\"Asociaci\u00f3n Amica\"},\"image\":{\"@id\":\"https:\/\/amica.es\/es\/#\/schema\/logo\/image\/\"},\"sameAs\":[\"https:\/\/www.facebook.com\/amicaasociacion\",\"https:\/\/x.com\/asociacionamica\",\"https:\/\/www.youtube.com\/c\/asociacionamicacantabria\",\"https:\/\/es.linkedin.com\/company\/asociacionamica?trk=similar-companies_org_title\",\"https:\/\/www.instagram.com\/asociacionamica\/\"]},{\"@type\":\"Person\",\"@id\":\"https:\/\/amica.es\/es\/#\/schema\/person\/e495a7dcb12dd9e3780a7b2abb2e5704\",\"name\":\"Amica\",\"image\":{\"@type\":\"ImageObject\",\"inLanguage\":\"es\",\"@id\":\"https:\/\/amica.es\/es\/#\/schema\/person\/image\/\",\"url\":\"https:\/\/secure.gravatar.com\/avatar\/39bd48442d48bee2968f3dadf4bca67d9d073335a5c28953daa9c3339ca6b4dc?s=96&d=mm&r=g\",\"contentUrl\":\"https:\/\/secure.gravatar.com\/avatar\/39bd48442d48bee2968f3dadf4bca67d9d073335a5c28953daa9c3339ca6b4dc?s=96&d=mm&r=g\",\"caption\":\"Amica\"},\"url\":\"https:\/\/amica.es\/es\/author\/amcapaz84ica\/\"}]}<\/script>\n<!-- \/ Yoast SEO plugin. -->","yoast_head_json":{"title":"Exposici\u00f3n fotogr\u00e1fica \u201cEl Disfrute\u201d - Amica - Descubriendo Capacidades","robots":{"index":"index","follow":"follow","max-snippet":"max-snippet:-1","max-image-preview":"max-image-preview:large","max-video-preview":"max-video-preview:-1"},"canonical":"https:\/\/amica.es\/es\/exposicion-fotografica-el-disfrute\/","og_locale":"es_ES","og_type":"article","og_title":"Exposici\u00f3n fotogr\u00e1fica \u201cEl Disfrute\u201d - Amica - Descubriendo Capacidades","og_description":"[vc_row][vc_column width=&#8221;1\/2&#8243;][vc_column_text]En el mes de enero diferentes grupos de los centros de formaci\u00f3n Marisma, Entorno y Promoci\u00f3n de autonom\u00eda personal, con el apoyo del servicio de logopedia, hemos hecho una exposici\u00f3n de comunicaci\u00f3n a trav\u00e9s de la fotograf\u00eda bajo el tema &#8220;El disfrute&#8221;, en el Centro C\u00edvico de Nueva Monta\u00f1a. La participaci\u00f3n ha sido unRead more","og_url":"https:\/\/amica.es\/es\/exposicion-fotografica-el-disfrute\/","og_site_name":"Amica - Descubriendo Capacidades","article_publisher":"https:\/\/www.facebook.com\/amicaasociacion","article_published_time":"2020-02-10T16:48:40+00:00","og_image":[{"width":1170,"height":500,"url":"https:\/\/amica.es\/es\/wp-content\/uploads\/2020\/02\/disfrute.jpg","type":"image\/jpeg"}],"author":"Amica","twitter_card":"summary_large_image","twitter_creator":"@asociacionamica","twitter_site":"@asociacionamica","twitter_misc":{"Escrito por":"Amica","Tiempo de lectura":"2 minutos"},"schema":{"@context":"https:\/\/schema.org","@graph":[{"@type":"Article","@id":"https:\/\/amica.es\/es\/exposicion-fotografica-el-disfrute\/#article","isPartOf":{"@id":"https:\/\/amica.es\/es\/exposicion-fotografica-el-disfrute\/"},"author":{"name":"Amica","@id":"https:\/\/amica.es\/es\/#\/schema\/person\/e495a7dcb12dd9e3780a7b2abb2e5704"},"headline":"Exposici\u00f3n fotogr\u00e1fica \u201cEl Disfrute\u201d","datePublished":"2020-02-10T16:48:40+00:00","mainEntityOfPage":{"@id":"https:\/\/amica.es\/es\/exposicion-fotografica-el-disfrute\/"},"wordCount":447,"commentCount":0,"publisher":{"@id":"https:\/\/amica.es\/es\/#organization"},"image":{"@id":"https:\/\/amica.es\/es\/exposicion-fotografica-el-disfrute\/#primaryimage"},"thumbnailUrl":"https:\/\/amica.es\/es\/wp-content\/uploads\/2020\/02\/disfrute.jpg","articleSection":["Noticias"],"inLanguage":"es","potentialAction":[{"@type":"CommentAction","name":"Comment","target":["https:\/\/amica.es\/es\/exposicion-fotografica-el-disfrute\/#respond"]}]},{"@type":"WebPage","@id":"https:\/\/amica.es\/es\/exposicion-fotografica-el-disfrute\/","url":"https:\/\/amica.es\/es\/exposicion-fotografica-el-disfrute\/","name":"Exposici\u00f3n fotogr\u00e1fica \u201cEl Disfrute\u201d - Amica - Descubriendo Capacidades","isPartOf":{"@id":"https:\/\/amica.es\/es\/#website"},"primaryImageOfPage":{"@id":"https:\/\/amica.es\/es\/exposicion-fotografica-el-disfrute\/#primaryimage"},"image":{"@id":"https:\/\/amica.es\/es\/exposicion-fotografica-el-disfrute\/#primaryimage"},"thumbnailUrl":"https:\/\/amica.es\/es\/wp-content\/uploads\/2020\/02\/disfrute.jpg","datePublished":"2020-02-10T16:48:40+00:00","breadcrumb":{"@id":"https:\/\/amica.es\/es\/exposicion-fotografica-el-disfrute\/#breadcrumb"},"inLanguage":"es","potentialAction":[{"@type":"ReadAction","target":["https:\/\/amica.es\/es\/exposicion-fotografica-el-disfrute\/"]}]},{"@type":"ImageObject","inLanguage":"es","@id":"https:\/\/amica.es\/es\/exposicion-fotografica-el-disfrute\/#primaryimage","url":"https:\/\/amica.es\/es\/wp-content\/uploads\/2020\/02\/disfrute.jpg","contentUrl":"https:\/\/amica.es\/es\/wp-content\/uploads\/2020\/02\/disfrute.jpg","width":1170,"height":500,"caption":"Exposici\u00f3n fotogr\u00e1fica \u201cEl Disfrute\u201d"},{"@type":"BreadcrumbList","@id":"https:\/\/amica.es\/es\/exposicion-fotografica-el-disfrute\/#breadcrumb","itemListElement":[{"@type":"ListItem","position":1,"name":"Portada","item":"https:\/\/amica.es\/es\/"},{"@type":"ListItem","position":2,"name":"Exposici\u00f3n fotogr\u00e1fica \u201cEl Disfrute\u201d"}]},{"@type":"WebSite","@id":"https:\/\/amica.es\/es\/#website","url":"https:\/\/amica.es\/es\/","name":"Amica - Descubriendo Capacidades","description":"Apoyando a personas con discapacidad desde 1984","publisher":{"@id":"https:\/\/amica.es\/es\/#organization"},"potentialAction":[{"@type":"SearchAction","target":{"@type":"EntryPoint","urlTemplate":"https:\/\/amica.es\/es\/?s={search_term_string}"},"query-input":{"@type":"PropertyValueSpecification","valueRequired":true,"valueName":"search_term_string"}}],"inLanguage":"es"},{"@type":"Organization","@id":"https:\/\/amica.es\/es\/#organization","name":"Asociaci\u00f3n Amica","url":"https:\/\/amica.es\/es\/","logo":{"@type":"ImageObject","inLanguage":"es","@id":"https:\/\/amica.es\/es\/#\/schema\/logo\/image\/","url":"https:\/\/amica.es\/es\/wp-content\/uploads\/2024\/07\/Amica-Logo.png","contentUrl":"https:\/\/amica.es\/es\/wp-content\/uploads\/2024\/07\/Amica-Logo.png","width":1653,"height":577,"caption":"Asociaci\u00f3n Amica"},"image":{"@id":"https:\/\/amica.es\/es\/#\/schema\/logo\/image\/"},"sameAs":["https:\/\/www.facebook.com\/amicaasociacion","https:\/\/x.com\/asociacionamica","https:\/\/www.youtube.com\/c\/asociacionamicacantabria","https:\/\/es.linkedin.com\/company\/asociacionamica?trk=similar-companies_org_title","https:\/\/www.instagram.com\/asociacionamica\/"]},{"@type":"Person","@id":"https:\/\/amica.es\/es\/#\/schema\/person\/e495a7dcb12dd9e3780a7b2abb2e5704","name":"Amica","image":{"@type":"ImageObject","inLanguage":"es","@id":"https:\/\/amica.es\/es\/#\/schema\/person\/image\/","url":"https:\/\/secure.gravatar.com\/avatar\/39bd48442d48bee2968f3dadf4bca67d9d073335a5c28953daa9c3339ca6b4dc?s=96&d=mm&r=g","contentUrl":"https:\/\/secure.gravatar.com\/avatar\/39bd48442d48bee2968f3dadf4bca67d9d073335a5c28953daa9c3339ca6b4dc?s=96&d=mm&r=g","caption":"Amica"},"url":"https:\/\/amica.es\/es\/author\/amcapaz84ica\/"}]}},"_links":{"self":[{"href":"https:\/\/amica.es\/es\/wp-json\/wp\/v2\/posts\/8472","targetHints":{"allow":["GET"]}}],"collection":[{"href":"https:\/\/amica.es\/es\/wp-json\/wp\/v2\/posts"}],"about":[{"href":"https:\/\/amica.es\/es\/wp-json\/wp\/v2\/types\/post"}],"author":[{"embeddable":true,"href":"https:\/\/amica.es\/es\/wp-json\/wp\/v2\/users\/3"}],"replies":[{"embeddable":true,"href":"https:\/\/amica.es\/es\/wp-json\/wp\/v2\/comments?post=8472"}],"version-history":[{"count":3,"href":"https:\/\/amica.es\/es\/wp-json\/wp\/v2\/posts\/8472\/revisions"}],"predecessor-version":[{"id":8480,"href":"https:\/\/amica.es\/es\/wp-json\/wp\/v2\/posts\/8472\/revisions\/8480"}],"wp:featuredmedia":[{"embeddable":true,"href":"https:\/\/amica.es\/es\/wp-json\/wp\/v2\/media\/8474"}],"wp:attachment":[{"href":"https:\/\/amica.es\/es\/wp-json\/wp\/v2\/media?parent=8472"}],"wp:term":[{"taxonomy":"category","embeddable":true,"href":"https:\/\/amica.es\/es\/wp-json\/wp\/v2\/categories?post=8472"},{"taxonomy":"post_tag","embeddable":true,"href":"https:\/\/amica.es\/es\/wp-json\/wp\/v2\/tags?post=8472"}],"curies":[{"name":"wp","href":"https:\/\/api.w.org\/{rel}","templated":true}]}}