{"id":8527,"date":"2020-02-13T10:44:01","date_gmt":"2020-02-13T08:44:01","guid":{"rendered":"https:\/\/amica.es\/es\/?p=8527"},"modified":"2020-02-13T10:44:16","modified_gmt":"2020-02-13T08:44:16","slug":"asamblea-general-de-amica-2019-2","status":"publish","type":"post","link":"https:\/\/amica.es\/es\/asamblea-general-de-amica-2019-2\/","title":{"rendered":"Asamblea General de Amica"},"content":{"rendered":"<div class=\"Bl2pUd krjOGe\">\n<div class=\"auHzcc cFc9ae\">\n<div class=\"SvOPqd\">\n<div class=\"dsoUjb\">\n<div class=\"jGyvbd GVSFtd\">\n<div class=\"AnmYv nF6pT\" tabindex=\"-1\" data-id=\"P4ELuHeA42U\" data-user-id=\"111507394084351176317\" data-created=\"1581583388341\" aria-labelledby=\"P4ELuHeA42U\/tJHJj P4ELuHeA42U\/BPrWId\">\n<div class=\"cmEq8b COKy9b eISbSc\" data-is-new=\"true\">\n<div class=\"AflJR\">\n<div class=\"oGsu4\">\n<div class=\"iKCcE hu21Y\">\n<div class=\"Hj5Fxb\">\n<div id=\"P4ELuHeA42U\/BPrWId\" class=\"YJxKBc QE8tKf\">\n<div class=\"Zc1Emd QIJiHb\" data-one-on-one-dm=\"true\">El pr\u00f3ximo lunes 17 de febrero a las a las 6 y media de la tarde vamos a celebrar una Asamblea General Extraordinaria de nuestra Asociaci\u00f3n,\u00a0 en el centro de Recursos Agust\u00edn B\u00e1rcena\u00a0 (Sierrapando 508, Torrelavega.)<\/div>\n<div class=\"Zc1Emd QIJiHb\" data-one-on-one-dm=\"true\">En este encuentro, se presentar\u00e1 para su aprobaci\u00f3n, si procede,\u00a0 una modificaci\u00f3n de Estatutos de la Asociaci\u00f3n. As\u00ed como el procedimiento de elecciones.<\/div>\n<div class=\"Zc1Emd QIJiHb\" data-one-on-one-dm=\"true\">Las personas que deseen acceder a la propuesta de modificaci\u00f3n de Estatutos previamente a la Asamblea podr\u00e1n solicitarla en el 942 895209 o en correo@amica.es.<\/div>\n<div class=\"Zc1Emd QIJiHb\" data-one-on-one-dm=\"true\">\u00a1\u00a1\u00a1\u00a1 Os esperamos\u00a1\u00a1\u00a1\u00a1\u00a1\u00a1 Vuestra participaci\u00f3n es muy importante.<\/div>\n<div class=\"kwI9i zX644e\"><\/div>\n<\/div>\n<div class=\"HO0hcf\">\n<div class=\"eWw5ab\">\n<div class=\"zgMAae orLAid\" data-focus-button-on-close=\"true\">\n<div class=\"U26fgb mUbCce fKz7Od OniOhf zS8jHe n8aqX PFn4wd\" tabindex=\"-1\" role=\"button\" aria-label=\"A\u00f1adir reacci\u00f3n\" aria-disabled=\"false\" data-tooltip=\"A\u00f1adir reacci\u00f3n\" data-tooltip-vertical-offset=\"-12\" data-tooltip-horizontal-offset=\"0\">\n<div class=\"VTBa7b MbhUzd\"><\/div>\n<\/div>\n<\/div>\n<\/div>\n<\/div>\n<\/div>\n<div class=\"B8q9Gf\">\n<div class=\"YJxKBc QE8tKf\" data-is-read-only=\"false\" data-message-tabbable=\"false\"><\/div>\n<\/div>\n<\/div>\n<\/div>\n<\/div>\n<\/div>\n<\/div>\n<\/div>\n<\/div>\n<\/div>\n<\/div>\n<\/div>\n<div class=\"byY7Yb cFc9ae\">\n<div><\/div>\n<div><\/div>\n<div class=\"IEIJqd qs41qe\">\n<div class=\"XganBc eLNT1d\" data-placeholder=\"Historial activado\" data-show-otr-toggle=\"true\" data-include-non-members-in-autocomplete=\"false\" data-is-off-the-record=\"false\" data-is-room=\"false\" data-is-compact=\"false\">\n<div class=\"I0LFzc mS1Rod\">\n<div class=\"dJ9vNe X4MYrd\">\n<div class=\"BScnzc\">\n<div class=\"AYGmkd\">\n<div class=\"igYHTd\">\n<div class=\"Kqyxvc qBALNe\">\n<div class=\"oAzRtb krjOGe\" tabindex=\"0\" role=\"textbox\" contenteditable=\"true\" spellcheck=\"true\" aria-label=\"Enviar mensaje a Marta Cano. Historial activado.\"><\/div>\n<div class=\"XweIZc\" aria-hidden=\"true\"><\/div>\n<\/div>\n<\/div>\n<\/div>\n<\/div>\n<\/div>\n<\/div>\n<\/div>\n<\/div>\n<\/div>\n","protected":false},"excerpt":{"rendered":"<p>El pr\u00f3ximo lunes 17 de febrero a las a las 6 y media de la tarde vamos a celebrar una Asamblea General Extraordinaria de nuestra Asociaci\u00f3n,\u00a0 en el centro de Recursos Agust\u00edn B\u00e1rcena\u00a0 (Sierrapando 508, Torrelavega.) En este encuentro, se presentar\u00e1 para su aprobaci\u00f3n, si procede,\u00a0 una modificaci\u00f3n de Estatutos de la Asociaci\u00f3n. As\u00ed como<br \/><a href=\"https:\/\/amica.es\/es\/asamblea-general-de-amica-2019-2\/\" class=\"more\">Read more<\/a><\/p>\n","protected":false},"author":3,"featured_media":8528,"comment_status":"open","ping_status":"open","sticky":false,"template":"","format":"standard","meta":{"_monsterinsights_skip_tracking":false,"_monsterinsights_sitenote_active":false,"_monsterinsights_sitenote_note":"","_monsterinsights_sitenote_category":0,"_joinchat":[],"footnotes":""},"categories":[27],"tags":[],"class_list":["post-8527","post","type-post","status-publish","format-standard","has-post-thumbnail","hentry","category-noticias-categoria"],"yoast_head":"<!-- This site is optimized with the Yoast SEO plugin v25.6 - https:\/\/yoast.com\/wordpress\/plugins\/seo\/ -->\n<title>Asamblea General de Amica - Amica - Descubriendo Capacidades<\/title>\n<meta name=\"robots\" content=\"index, follow, max-snippet:-1, max-image-preview:large, max-video-preview:-1\" \/>\n<link rel=\"canonical\" href=\"https:\/\/amica.es\/es\/asamblea-general-de-amica-2019-2\/\" \/>\n<meta property=\"og:locale\" content=\"es_ES\" \/>\n<meta property=\"og:type\" content=\"article\" \/>\n<meta property=\"og:title\" content=\"Asamblea General de Amica - Amica - Descubriendo Capacidades\" \/>\n<meta property=\"og:description\" content=\"El pr\u00f3ximo lunes 17 de febrero a las a las 6 y media de la tarde vamos a celebrar una Asamblea General Extraordinaria de nuestra Asociaci\u00f3n,\u00a0 en el centro de Recursos Agust\u00edn B\u00e1rcena\u00a0 (Sierrapando 508, Torrelavega.) En este encuentro, se presentar\u00e1 para su aprobaci\u00f3n, si procede,\u00a0 una modificaci\u00f3n de Estatutos de la Asociaci\u00f3n. As\u00ed comoRead more\" \/>\n<meta property=\"og:url\" content=\"https:\/\/amica.es\/es\/asamblea-general-de-amica-2019-2\/\" \/>\n<meta property=\"og:site_name\" content=\"Amica - Descubriendo Capacidades\" \/>\n<meta property=\"article:publisher\" content=\"https:\/\/www.facebook.com\/amicaasociacion\" \/>\n<meta property=\"article:published_time\" content=\"2020-02-13T08:44:01+00:00\" \/>\n<meta property=\"article:modified_time\" content=\"2020-02-13T08:44:16+00:00\" \/>\n<meta property=\"og:image\" content=\"https:\/\/amica.es\/es\/wp-content\/uploads\/2020\/02\/Amica-Logo.png\" \/>\n\t<meta property=\"og:image:width\" content=\"401\" \/>\n\t<meta property=\"og:image:height\" content=\"133\" \/>\n\t<meta property=\"og:image:type\" content=\"image\/png\" \/>\n<meta name=\"author\" content=\"Amica\" \/>\n<meta name=\"twitter:card\" content=\"summary_large_image\" \/>\n<meta name=\"twitter:creator\" content=\"@asociacionamica\" \/>\n<meta name=\"twitter:site\" content=\"@asociacionamica\" \/>\n<meta name=\"twitter:label1\" content=\"Escrito por\" \/>\n\t<meta name=\"twitter:data1\" content=\"Amica\" \/>\n<script type=\"application\/ld+json\" class=\"yoast-schema-graph\">{\"@context\":\"https:\/\/schema.org\",\"@graph\":[{\"@type\":\"Article\",\"@id\":\"https:\/\/amica.es\/es\/asamblea-general-de-amica-2019-2\/#article\",\"isPartOf\":{\"@id\":\"https:\/\/amica.es\/es\/asamblea-general-de-amica-2019-2\/\"},\"author\":{\"name\":\"Amica\",\"@id\":\"https:\/\/amica.es\/es\/#\/schema\/person\/e495a7dcb12dd9e3780a7b2abb2e5704\"},\"headline\":\"Asamblea General de Amica\",\"datePublished\":\"2020-02-13T08:44:01+00:00\",\"dateModified\":\"2020-02-13T08:44:16+00:00\",\"mainEntityOfPage\":{\"@id\":\"https:\/\/amica.es\/es\/asamblea-general-de-amica-2019-2\/\"},\"wordCount\":102,\"commentCount\":0,\"publisher\":{\"@id\":\"https:\/\/amica.es\/es\/#organization\"},\"image\":{\"@id\":\"https:\/\/amica.es\/es\/asamblea-general-de-amica-2019-2\/#primaryimage\"},\"thumbnailUrl\":\"https:\/\/amica.es\/es\/wp-content\/uploads\/2020\/02\/Amica-Logo.png\",\"articleSection\":[\"Noticias\"],\"inLanguage\":\"es\",\"potentialAction\":[{\"@type\":\"CommentAction\",\"name\":\"Comment\",\"target\":[\"https:\/\/amica.es\/es\/asamblea-general-de-amica-2019-2\/#respond\"]}]},{\"@type\":\"WebPage\",\"@id\":\"https:\/\/amica.es\/es\/asamblea-general-de-amica-2019-2\/\",\"url\":\"https:\/\/amica.es\/es\/asamblea-general-de-amica-2019-2\/\",\"name\":\"Asamblea General de Amica - Amica - Descubriendo Capacidades\",\"isPartOf\":{\"@id\":\"https:\/\/amica.es\/es\/#website\"},\"primaryImageOfPage\":{\"@id\":\"https:\/\/amica.es\/es\/asamblea-general-de-amica-2019-2\/#primaryimage\"},\"image\":{\"@id\":\"https:\/\/amica.es\/es\/asamblea-general-de-amica-2019-2\/#primaryimage\"},\"thumbnailUrl\":\"https:\/\/amica.es\/es\/wp-content\/uploads\/2020\/02\/Amica-Logo.png\",\"datePublished\":\"2020-02-13T08:44:01+00:00\",\"dateModified\":\"2020-02-13T08:44:16+00:00\",\"breadcrumb\":{\"@id\":\"https:\/\/amica.es\/es\/asamblea-general-de-amica-2019-2\/#breadcrumb\"},\"inLanguage\":\"es\",\"potentialAction\":[{\"@type\":\"ReadAction\",\"target\":[\"https:\/\/amica.es\/es\/asamblea-general-de-amica-2019-2\/\"]}]},{\"@type\":\"ImageObject\",\"inLanguage\":\"es\",\"@id\":\"https:\/\/amica.es\/es\/asamblea-general-de-amica-2019-2\/#primaryimage\",\"url\":\"https:\/\/amica.es\/es\/wp-content\/uploads\/2020\/02\/Amica-Logo.png\",\"contentUrl\":\"https:\/\/amica.es\/es\/wp-content\/uploads\/2020\/02\/Amica-Logo.png\",\"width\":401,\"height\":133,\"caption\":\"logo Amica\"},{\"@type\":\"BreadcrumbList\",\"@id\":\"https:\/\/amica.es\/es\/asamblea-general-de-amica-2019-2\/#breadcrumb\",\"itemListElement\":[{\"@type\":\"ListItem\",\"position\":1,\"name\":\"Portada\",\"item\":\"https:\/\/amica.es\/es\/\"},{\"@type\":\"ListItem\",\"position\":2,\"name\":\"Asamblea General de Amica\"}]},{\"@type\":\"WebSite\",\"@id\":\"https:\/\/amica.es\/es\/#website\",\"url\":\"https:\/\/amica.es\/es\/\",\"name\":\"Amica - Descubriendo Capacidades\",\"description\":\"Apoyando a personas con discapacidad desde 1984\",\"publisher\":{\"@id\":\"https:\/\/amica.es\/es\/#organization\"},\"potentialAction\":[{\"@type\":\"SearchAction\",\"target\":{\"@type\":\"EntryPoint\",\"urlTemplate\":\"https:\/\/amica.es\/es\/?s={search_term_string}\"},\"query-input\":{\"@type\":\"PropertyValueSpecification\",\"valueRequired\":true,\"valueName\":\"search_term_string\"}}],\"inLanguage\":\"es\"},{\"@type\":\"Organization\",\"@id\":\"https:\/\/amica.es\/es\/#organization\",\"name\":\"Asociaci\u00f3n Amica\",\"url\":\"https:\/\/amica.es\/es\/\",\"logo\":{\"@type\":\"ImageObject\",\"inLanguage\":\"es\",\"@id\":\"https:\/\/amica.es\/es\/#\/schema\/logo\/image\/\",\"url\":\"https:\/\/amica.es\/es\/wp-content\/uploads\/2024\/07\/Amica-Logo.png\",\"contentUrl\":\"https:\/\/amica.es\/es\/wp-content\/uploads\/2024\/07\/Amica-Logo.png\",\"width\":1653,\"height\":577,\"caption\":\"Asociaci\u00f3n Amica\"},\"image\":{\"@id\":\"https:\/\/amica.es\/es\/#\/schema\/logo\/image\/\"},\"sameAs\":[\"https:\/\/www.facebook.com\/amicaasociacion\",\"https:\/\/x.com\/asociacionamica\",\"https:\/\/www.youtube.com\/c\/asociacionamicacantabria\",\"https:\/\/es.linkedin.com\/company\/asociacionamica?trk=similar-companies_org_title\",\"https:\/\/www.instagram.com\/asociacionamica\/\"]},{\"@type\":\"Person\",\"@id\":\"https:\/\/amica.es\/es\/#\/schema\/person\/e495a7dcb12dd9e3780a7b2abb2e5704\",\"name\":\"Amica\",\"image\":{\"@type\":\"ImageObject\",\"inLanguage\":\"es\",\"@id\":\"https:\/\/amica.es\/es\/#\/schema\/person\/image\/\",\"url\":\"https:\/\/secure.gravatar.com\/avatar\/39bd48442d48bee2968f3dadf4bca67d9d073335a5c28953daa9c3339ca6b4dc?s=96&d=mm&r=g\",\"contentUrl\":\"https:\/\/secure.gravatar.com\/avatar\/39bd48442d48bee2968f3dadf4bca67d9d073335a5c28953daa9c3339ca6b4dc?s=96&d=mm&r=g\",\"caption\":\"Amica\"},\"url\":\"https:\/\/amica.es\/es\/author\/amcapaz84ica\/\"}]}<\/script>\n<!-- \/ Yoast SEO plugin. -->","yoast_head_json":{"title":"Asamblea General de Amica - Amica - Descubriendo Capacidades","robots":{"index":"index","follow":"follow","max-snippet":"max-snippet:-1","max-image-preview":"max-image-preview:large","max-video-preview":"max-video-preview:-1"},"canonical":"https:\/\/amica.es\/es\/asamblea-general-de-amica-2019-2\/","og_locale":"es_ES","og_type":"article","og_title":"Asamblea General de Amica - Amica - Descubriendo Capacidades","og_description":"El pr\u00f3ximo lunes 17 de febrero a las a las 6 y media de la tarde vamos a celebrar una Asamblea General Extraordinaria de nuestra Asociaci\u00f3n,\u00a0 en el centro de Recursos Agust\u00edn B\u00e1rcena\u00a0 (Sierrapando 508, Torrelavega.) En este encuentro, se presentar\u00e1 para su aprobaci\u00f3n, si procede,\u00a0 una modificaci\u00f3n de Estatutos de la Asociaci\u00f3n. As\u00ed comoRead more","og_url":"https:\/\/amica.es\/es\/asamblea-general-de-amica-2019-2\/","og_site_name":"Amica - Descubriendo Capacidades","article_publisher":"https:\/\/www.facebook.com\/amicaasociacion","article_published_time":"2020-02-13T08:44:01+00:00","article_modified_time":"2020-02-13T08:44:16+00:00","og_image":[{"width":401,"height":133,"url":"https:\/\/amica.es\/es\/wp-content\/uploads\/2020\/02\/Amica-Logo.png","type":"image\/png"}],"author":"Amica","twitter_card":"summary_large_image","twitter_creator":"@asociacionamica","twitter_site":"@asociacionamica","twitter_misc":{"Escrito por":"Amica"},"schema":{"@context":"https:\/\/schema.org","@graph":[{"@type":"Article","@id":"https:\/\/amica.es\/es\/asamblea-general-de-amica-2019-2\/#article","isPartOf":{"@id":"https:\/\/amica.es\/es\/asamblea-general-de-amica-2019-2\/"},"author":{"name":"Amica","@id":"https:\/\/amica.es\/es\/#\/schema\/person\/e495a7dcb12dd9e3780a7b2abb2e5704"},"headline":"Asamblea General de Amica","datePublished":"2020-02-13T08:44:01+00:00","dateModified":"2020-02-13T08:44:16+00:00","mainEntityOfPage":{"@id":"https:\/\/amica.es\/es\/asamblea-general-de-amica-2019-2\/"},"wordCount":102,"commentCount":0,"publisher":{"@id":"https:\/\/amica.es\/es\/#organization"},"image":{"@id":"https:\/\/amica.es\/es\/asamblea-general-de-amica-2019-2\/#primaryimage"},"thumbnailUrl":"https:\/\/amica.es\/es\/wp-content\/uploads\/2020\/02\/Amica-Logo.png","articleSection":["Noticias"],"inLanguage":"es","potentialAction":[{"@type":"CommentAction","name":"Comment","target":["https:\/\/amica.es\/es\/asamblea-general-de-amica-2019-2\/#respond"]}]},{"@type":"WebPage","@id":"https:\/\/amica.es\/es\/asamblea-general-de-amica-2019-2\/","url":"https:\/\/amica.es\/es\/asamblea-general-de-amica-2019-2\/","name":"Asamblea General de Amica - Amica - Descubriendo Capacidades","isPartOf":{"@id":"https:\/\/amica.es\/es\/#website"},"primaryImageOfPage":{"@id":"https:\/\/amica.es\/es\/asamblea-general-de-amica-2019-2\/#primaryimage"},"image":{"@id":"https:\/\/amica.es\/es\/asamblea-general-de-amica-2019-2\/#primaryimage"},"thumbnailUrl":"https:\/\/amica.es\/es\/wp-content\/uploads\/2020\/02\/Amica-Logo.png","datePublished":"2020-02-13T08:44:01+00:00","dateModified":"2020-02-13T08:44:16+00:00","breadcrumb":{"@id":"https:\/\/amica.es\/es\/asamblea-general-de-amica-2019-2\/#breadcrumb"},"inLanguage":"es","potentialAction":[{"@type":"ReadAction","target":["https:\/\/amica.es\/es\/asamblea-general-de-amica-2019-2\/"]}]},{"@type":"ImageObject","inLanguage":"es","@id":"https:\/\/amica.es\/es\/asamblea-general-de-amica-2019-2\/#primaryimage","url":"https:\/\/amica.es\/es\/wp-content\/uploads\/2020\/02\/Amica-Logo.png","contentUrl":"https:\/\/amica.es\/es\/wp-content\/uploads\/2020\/02\/Amica-Logo.png","width":401,"height":133,"caption":"logo Amica"},{"@type":"BreadcrumbList","@id":"https:\/\/amica.es\/es\/asamblea-general-de-amica-2019-2\/#breadcrumb","itemListElement":[{"@type":"ListItem","position":1,"name":"Portada","item":"https:\/\/amica.es\/es\/"},{"@type":"ListItem","position":2,"name":"Asamblea General de Amica"}]},{"@type":"WebSite","@id":"https:\/\/amica.es\/es\/#website","url":"https:\/\/amica.es\/es\/","name":"Amica - Descubriendo Capacidades","description":"Apoyando a personas con discapacidad desde 1984","publisher":{"@id":"https:\/\/amica.es\/es\/#organization"},"potentialAction":[{"@type":"SearchAction","target":{"@type":"EntryPoint","urlTemplate":"https:\/\/amica.es\/es\/?s={search_term_string}"},"query-input":{"@type":"PropertyValueSpecification","valueRequired":true,"valueName":"search_term_string"}}],"inLanguage":"es"},{"@type":"Organization","@id":"https:\/\/amica.es\/es\/#organization","name":"Asociaci\u00f3n Amica","url":"https:\/\/amica.es\/es\/","logo":{"@type":"ImageObject","inLanguage":"es","@id":"https:\/\/amica.es\/es\/#\/schema\/logo\/image\/","url":"https:\/\/amica.es\/es\/wp-content\/uploads\/2024\/07\/Amica-Logo.png","contentUrl":"https:\/\/amica.es\/es\/wp-content\/uploads\/2024\/07\/Amica-Logo.png","width":1653,"height":577,"caption":"Asociaci\u00f3n Amica"},"image":{"@id":"https:\/\/amica.es\/es\/#\/schema\/logo\/image\/"},"sameAs":["https:\/\/www.facebook.com\/amicaasociacion","https:\/\/x.com\/asociacionamica","https:\/\/www.youtube.com\/c\/asociacionamicacantabria","https:\/\/es.linkedin.com\/company\/asociacionamica?trk=similar-companies_org_title","https:\/\/www.instagram.com\/asociacionamica\/"]},{"@type":"Person","@id":"https:\/\/amica.es\/es\/#\/schema\/person\/e495a7dcb12dd9e3780a7b2abb2e5704","name":"Amica","image":{"@type":"ImageObject","inLanguage":"es","@id":"https:\/\/amica.es\/es\/#\/schema\/person\/image\/","url":"https:\/\/secure.gravatar.com\/avatar\/39bd48442d48bee2968f3dadf4bca67d9d073335a5c28953daa9c3339ca6b4dc?s=96&d=mm&r=g","contentUrl":"https:\/\/secure.gravatar.com\/avatar\/39bd48442d48bee2968f3dadf4bca67d9d073335a5c28953daa9c3339ca6b4dc?s=96&d=mm&r=g","caption":"Amica"},"url":"https:\/\/amica.es\/es\/author\/amcapaz84ica\/"}]}},"_links":{"self":[{"href":"https:\/\/amica.es\/es\/wp-json\/wp\/v2\/posts\/8527","targetHints":{"allow":["GET"]}}],"collection":[{"href":"https:\/\/amica.es\/es\/wp-json\/wp\/v2\/posts"}],"about":[{"href":"https:\/\/amica.es\/es\/wp-json\/wp\/v2\/types\/post"}],"author":[{"embeddable":true,"href":"https:\/\/amica.es\/es\/wp-json\/wp\/v2\/users\/3"}],"replies":[{"embeddable":true,"href":"https:\/\/amica.es\/es\/wp-json\/wp\/v2\/comments?post=8527"}],"version-history":[{"count":1,"href":"https:\/\/amica.es\/es\/wp-json\/wp\/v2\/posts\/8527\/revisions"}],"predecessor-version":[{"id":8529,"href":"https:\/\/amica.es\/es\/wp-json\/wp\/v2\/posts\/8527\/revisions\/8529"}],"wp:featuredmedia":[{"embeddable":true,"href":"https:\/\/amica.es\/es\/wp-json\/wp\/v2\/media\/8528"}],"wp:attachment":[{"href":"https:\/\/amica.es\/es\/wp-json\/wp\/v2\/media?parent=8527"}],"wp:term":[{"taxonomy":"category","embeddable":true,"href":"https:\/\/amica.es\/es\/wp-json\/wp\/v2\/categories?post=8527"},{"taxonomy":"post_tag","embeddable":true,"href":"https:\/\/amica.es\/es\/wp-json\/wp\/v2\/tags?post=8527"}],"curies":[{"name":"wp","href":"https:\/\/api.w.org\/{rel}","templated":true}]}}