{"id":8682,"date":"2020-03-12T13:23:33","date_gmt":"2020-03-12T11:23:33","guid":{"rendered":"https:\/\/amica.es\/es\/?p=8682"},"modified":"2020-03-12T13:23:33","modified_gmt":"2020-03-12T11:23:33","slug":"participamos-en-la-jornada-mujer-11-de-marzo-en-torrelavega","status":"publish","type":"post","link":"https:\/\/amica.es\/es\/participamos-en-la-jornada-mujer-11-de-marzo-en-torrelavega\/","title":{"rendered":"Participamos en la Jornada &#8220;Mujer 11 de marzo&#8221; en Torrelavega"},"content":{"rendered":"<p>>La Plaza de Abastos de Torrelavega acogi\u00f3 el mi\u00e9rcoles 11 de marzo una Jornada de la mujer que llevaba por t\u00edtulo\u00a0&#8220;Mujer 11 de marzo&#8221; , que cont\u00f3 con conferencias y actividades cuyo objetivo era poner en valor el trabajo que realizan las mujeres en diferentes \u00e1mbitos, empezando por las enfermeras con motivo del A\u00f1o Internacional de las Enfermeras y Matronas.<\/p>\n<p>La Presidenta de Amica, Mercedes del Hoyo particip\u00f3 en la mesa redonda \u2018Mujer y compromiso\u2019, moderada por Miguel Rinc\u00f3n y con la participaci\u00f3n de las presidentas de AMAT, de Cruz Roja Torrelavega, as\u00ed como de la Junta Local de la Asociaci\u00f3n Espa\u00f1ola Contra el C\u00e1ncer (AECC), Ana Barca. Los lemas de de esta mesa giraban entorno a \u00abcompromiso, trabajo, familia, respeto\u00bb, y cont\u00f3 con la participaci\u00f3n mujeres que son un \u00abejemplo de compromiso\u00bb, ya que el fin era resaltar en especial el trabajo de aquellas que, adem\u00e1s de desarrollar su labor familiar y profesional, se comprometen con asociaciones y organizaciones de manera altruista.<\/p>\n<p>Como parte de los actos tuvo lugar tambi\u00e9n la presentaci\u00f3n, en el espacio donde se recepcionan libros donados a Amica, del grupo CONECTADOS POR LOS LIBROS que informaron de los objetivos de la Librer\u00eda Solidaria y de las pr\u00f3ximas actividades que se desarrollaran.<\/p>\n<p>La Jornada ha estado organizada por la Asociaci\u00f3n de Peque\u00f1os y Medianos Empresarios, Comerciantes y Aut\u00f3nomos de Cantabria (APEMECAC) y coincid\u00eda con la celebraci\u00f3n del A\u00f1o Internacional de la Enfermer\u00eda, por lo que ha contado con la colaboraci\u00f3n del Colegio de Enfermer\u00eda de Cantabria y su Fundaci\u00f3n (Fecan).<\/p>\n<p>Diferentes grupo de formaci\u00f3n y rehabilitaci\u00f3n laboral de Amica participaron tambi\u00e9n en las actividades organizadas con un stand de productos solidarios, cuya recaudaci\u00f3n va destinada al fondo de solidaridad de la entidad para atender situaciones de necesidad tanto en el programa de infancia como de otros programas.<\/p>\n<p><img loading=\"lazy\" decoding=\"async\" class=\"aligncenter size-full wp-image-8685\" src=\"https:\/\/amica.es\/es\/wp-content\/uploads\/2020\/03\/2afe1cbc-3290-4cb3-9303-d8bc638ab6bd.jpg\" alt=\"\" width=\"1600\" height=\"1050\" srcset=\"https:\/\/amica.es\/es\/wp-content\/uploads\/2020\/03\/2afe1cbc-3290-4cb3-9303-d8bc638ab6bd.jpg 1600w, https:\/\/amica.es\/es\/wp-content\/uploads\/2020\/03\/2afe1cbc-3290-4cb3-9303-d8bc638ab6bd-535x351.jpg 535w, https:\/\/amica.es\/es\/wp-content\/uploads\/2020\/03\/2afe1cbc-3290-4cb3-9303-d8bc638ab6bd-300x197.jpg 300w, https:\/\/amica.es\/es\/wp-content\/uploads\/2020\/03\/2afe1cbc-3290-4cb3-9303-d8bc638ab6bd-1024x672.jpg 1024w, https:\/\/amica.es\/es\/wp-content\/uploads\/2020\/03\/2afe1cbc-3290-4cb3-9303-d8bc638ab6bd-1536x1008.jpg 1536w\" sizes=\"auto, (max-width: 1600px) 100vw, 1600px\" \/><img loading=\"lazy\" decoding=\"async\" class=\"aligncenter size-full wp-image-8686\" src=\"https:\/\/amica.es\/es\/wp-content\/uploads\/2020\/03\/WhatsApp-Image-2020-03-11-at-15.34.17-1.jpeg\" alt=\"\" width=\"1600\" height=\"913\" \/\n<\/p srcset=\"https:\/\/amica.es\/es\/wp-content\/uploads\/2020\/03\/WhatsApp-Image-2020-03-11-at-15.34.17-1.jpeg 1600w, https:\/\/amica.es\/es\/wp-content\/uploads\/2020\/03\/WhatsApp-Image-2020-03-11-at-15.34.17-1-535x305.jpeg 535w, https:\/\/amica.es\/es\/wp-content\/uploads\/2020\/03\/WhatsApp-Image-2020-03-11-at-15.34.17-1-300x171.jpeg 300w, https:\/\/amica.es\/es\/wp-content\/uploads\/2020\/03\/WhatsApp-Image-2020-03-11-at-15.34.17-1-1024x584.jpeg 1024w, https:\/\/amica.es\/es\/wp-content\/uploads\/2020\/03\/WhatsApp-Image-2020-03-11-at-15.34.17-1-1536x876.jpeg 1536w\" sizes=\"auto, (max-width: 1600px) 100vw, 1600px\" \/>\n","protected":false},"excerpt":{"rendered":"<p>>La Plaza de Abastos de Torrelavega acogi\u00f3 el mi\u00e9rcoles 11 de marzo una Jornada de la mujer que llevaba por t\u00edtulo\u00a0&#8220;Mujer 11 de marzo&#8221; , que cont\u00f3 con conferencias y actividades cuyo objetivo era poner en valor el trabajo que realizan las mujeres en diferentes \u00e1mbitos, empezando por las enfermeras con motivo del A\u00f1o Internacional<br \/><a href=\"https:\/\/amica.es\/es\/participamos-en-la-jornada-mujer-11-de-marzo-en-torrelavega\/\" class=\"more\">Read more<\/a><\/p>\n","protected":false},"author":3,"featured_media":8687,"comment_status":"closed","ping_status":"open","sticky":false,"template":"","format":"standard","meta":{"_monsterinsights_skip_tracking":false,"_monsterinsights_sitenote_active":false,"_monsterinsights_sitenote_note":"","_monsterinsights_sitenote_category":0,"_joinchat":[],"footnotes":""},"categories":[27],"tags":[],"class_list":["post-8682","post","type-post","status-publish","format-standard","has-post-thumbnail","hentry","category-noticias-categoria"],"yoast_head":"<!-- This site is optimized with the Yoast SEO plugin v25.6 - https:\/\/yoast.com\/wordpress\/plugins\/seo\/ -->\n<title>Participamos en la Jornada &quot;Mujer 11 de marzo&quot; en Torrelavega - Amica - Descubriendo Capacidades<\/title>\n<meta name=\"robots\" content=\"index, follow, max-snippet:-1, max-image-preview:large, max-video-preview:-1\" \/>\n<link rel=\"canonical\" href=\"https:\/\/amica.es\/es\/participamos-en-la-jornada-mujer-11-de-marzo-en-torrelavega\/\" \/>\n<meta property=\"og:locale\" content=\"es_ES\" \/>\n<meta property=\"og:type\" content=\"article\" \/>\n<meta property=\"og:title\" content=\"Participamos en la Jornada &quot;Mujer 11 de marzo&quot; en Torrelavega - Amica - Descubriendo Capacidades\" \/>\n<meta property=\"og:description\" content=\"&gt;La Plaza de Abastos de Torrelavega acogi\u00f3 el mi\u00e9rcoles 11 de marzo una Jornada de la mujer que llevaba por t\u00edtulo\u00a0&#8220;Mujer 11 de marzo&#8221; , que cont\u00f3 con conferencias y actividades cuyo objetivo era poner en valor el trabajo que realizan las mujeres en diferentes \u00e1mbitos, empezando por las enfermeras con motivo del A\u00f1o InternacionalRead more\" \/>\n<meta property=\"og:url\" content=\"https:\/\/amica.es\/es\/participamos-en-la-jornada-mujer-11-de-marzo-en-torrelavega\/\" \/>\n<meta property=\"og:site_name\" content=\"Amica - Descubriendo Capacidades\" \/>\n<meta property=\"article:publisher\" content=\"https:\/\/www.facebook.com\/amicaasociacion\" \/>\n<meta property=\"article:published_time\" content=\"2020-03-12T11:23:33+00:00\" \/>\n<meta property=\"og:image\" content=\"https:\/\/amica.es\/es\/wp-content\/uploads\/2020\/03\/mujer11.jpg\" \/>\n\t<meta property=\"og:image:width\" content=\"1170\" \/>\n\t<meta property=\"og:image:height\" content=\"500\" \/>\n\t<meta property=\"og:image:type\" content=\"image\/jpeg\" \/>\n<meta name=\"author\" content=\"Amica\" \/>\n<meta name=\"twitter:card\" content=\"summary_large_image\" \/>\n<meta name=\"twitter:creator\" content=\"@asociacionamica\" \/>\n<meta name=\"twitter:site\" content=\"@asociacionamica\" \/>\n<meta name=\"twitter:label1\" content=\"Escrito por\" \/>\n\t<meta name=\"twitter:data1\" content=\"Amica\" \/>\n\t<meta name=\"twitter:label2\" content=\"Tiempo de lectura\" \/>\n\t<meta name=\"twitter:data2\" content=\"2 minutos\" \/>\n<script type=\"application\/ld+json\" class=\"yoast-schema-graph\">{\"@context\":\"https:\/\/schema.org\",\"@graph\":[{\"@type\":\"Article\",\"@id\":\"https:\/\/amica.es\/es\/participamos-en-la-jornada-mujer-11-de-marzo-en-torrelavega\/#article\",\"isPartOf\":{\"@id\":\"https:\/\/amica.es\/es\/participamos-en-la-jornada-mujer-11-de-marzo-en-torrelavega\/\"},\"author\":{\"name\":\"Amica\",\"@id\":\"https:\/\/amica.es\/es\/#\/schema\/person\/e495a7dcb12dd9e3780a7b2abb2e5704\"},\"headline\":\"Participamos en la Jornada &#8220;Mujer 11 de marzo&#8221; en Torrelavega\",\"datePublished\":\"2020-03-12T11:23:33+00:00\",\"mainEntityOfPage\":{\"@id\":\"https:\/\/amica.es\/es\/participamos-en-la-jornada-mujer-11-de-marzo-en-torrelavega\/\"},\"wordCount\":336,\"publisher\":{\"@id\":\"https:\/\/amica.es\/es\/#organization\"},\"image\":{\"@id\":\"https:\/\/amica.es\/es\/participamos-en-la-jornada-mujer-11-de-marzo-en-torrelavega\/#primaryimage\"},\"thumbnailUrl\":\"https:\/\/amica.es\/es\/wp-content\/uploads\/2020\/03\/mujer11.jpg\",\"articleSection\":[\"Noticias\"],\"inLanguage\":\"es\"},{\"@type\":\"WebPage\",\"@id\":\"https:\/\/amica.es\/es\/participamos-en-la-jornada-mujer-11-de-marzo-en-torrelavega\/\",\"url\":\"https:\/\/amica.es\/es\/participamos-en-la-jornada-mujer-11-de-marzo-en-torrelavega\/\",\"name\":\"Participamos en la Jornada \\\"Mujer 11 de marzo\\\" en Torrelavega - Amica - Descubriendo Capacidades\",\"isPartOf\":{\"@id\":\"https:\/\/amica.es\/es\/#website\"},\"primaryImageOfPage\":{\"@id\":\"https:\/\/amica.es\/es\/participamos-en-la-jornada-mujer-11-de-marzo-en-torrelavega\/#primaryimage\"},\"image\":{\"@id\":\"https:\/\/amica.es\/es\/participamos-en-la-jornada-mujer-11-de-marzo-en-torrelavega\/#primaryimage\"},\"thumbnailUrl\":\"https:\/\/amica.es\/es\/wp-content\/uploads\/2020\/03\/mujer11.jpg\",\"datePublished\":\"2020-03-12T11:23:33+00:00\",\"breadcrumb\":{\"@id\":\"https:\/\/amica.es\/es\/participamos-en-la-jornada-mujer-11-de-marzo-en-torrelavega\/#breadcrumb\"},\"inLanguage\":\"es\",\"potentialAction\":[{\"@type\":\"ReadAction\",\"target\":[\"https:\/\/amica.es\/es\/participamos-en-la-jornada-mujer-11-de-marzo-en-torrelavega\/\"]}]},{\"@type\":\"ImageObject\",\"inLanguage\":\"es\",\"@id\":\"https:\/\/amica.es\/es\/participamos-en-la-jornada-mujer-11-de-marzo-en-torrelavega\/#primaryimage\",\"url\":\"https:\/\/amica.es\/es\/wp-content\/uploads\/2020\/03\/mujer11.jpg\",\"contentUrl\":\"https:\/\/amica.es\/es\/wp-content\/uploads\/2020\/03\/mujer11.jpg\",\"width\":1170,\"height\":500,\"caption\":\"Participamos en la Jornada \\\"Mujer 11 de marzo\\\" en Torrelavega\"},{\"@type\":\"BreadcrumbList\",\"@id\":\"https:\/\/amica.es\/es\/participamos-en-la-jornada-mujer-11-de-marzo-en-torrelavega\/#breadcrumb\",\"itemListElement\":[{\"@type\":\"ListItem\",\"position\":1,\"name\":\"Portada\",\"item\":\"https:\/\/amica.es\/es\/\"},{\"@type\":\"ListItem\",\"position\":2,\"name\":\"Participamos en la Jornada &#8220;Mujer 11 de marzo&#8221; en Torrelavega\"}]},{\"@type\":\"WebSite\",\"@id\":\"https:\/\/amica.es\/es\/#website\",\"url\":\"https:\/\/amica.es\/es\/\",\"name\":\"Amica - Descubriendo Capacidades\",\"description\":\"Apoyando a personas con discapacidad desde 1984\",\"publisher\":{\"@id\":\"https:\/\/amica.es\/es\/#organization\"},\"potentialAction\":[{\"@type\":\"SearchAction\",\"target\":{\"@type\":\"EntryPoint\",\"urlTemplate\":\"https:\/\/amica.es\/es\/?s={search_term_string}\"},\"query-input\":{\"@type\":\"PropertyValueSpecification\",\"valueRequired\":true,\"valueName\":\"search_term_string\"}}],\"inLanguage\":\"es\"},{\"@type\":\"Organization\",\"@id\":\"https:\/\/amica.es\/es\/#organization\",\"name\":\"Asociaci\u00f3n Amica\",\"url\":\"https:\/\/amica.es\/es\/\",\"logo\":{\"@type\":\"ImageObject\",\"inLanguage\":\"es\",\"@id\":\"https:\/\/amica.es\/es\/#\/schema\/logo\/image\/\",\"url\":\"https:\/\/amica.es\/es\/wp-content\/uploads\/2024\/07\/Amica-Logo.png\",\"contentUrl\":\"https:\/\/amica.es\/es\/wp-content\/uploads\/2024\/07\/Amica-Logo.png\",\"width\":1653,\"height\":577,\"caption\":\"Asociaci\u00f3n Amica\"},\"image\":{\"@id\":\"https:\/\/amica.es\/es\/#\/schema\/logo\/image\/\"},\"sameAs\":[\"https:\/\/www.facebook.com\/amicaasociacion\",\"https:\/\/x.com\/asociacionamica\",\"https:\/\/www.youtube.com\/c\/asociacionamicacantabria\",\"https:\/\/es.linkedin.com\/company\/asociacionamica?trk=similar-companies_org_title\",\"https:\/\/www.instagram.com\/asociacionamica\/\"]},{\"@type\":\"Person\",\"@id\":\"https:\/\/amica.es\/es\/#\/schema\/person\/e495a7dcb12dd9e3780a7b2abb2e5704\",\"name\":\"Amica\",\"image\":{\"@type\":\"ImageObject\",\"inLanguage\":\"es\",\"@id\":\"https:\/\/amica.es\/es\/#\/schema\/person\/image\/\",\"url\":\"https:\/\/secure.gravatar.com\/avatar\/39bd48442d48bee2968f3dadf4bca67d9d073335a5c28953daa9c3339ca6b4dc?s=96&d=mm&r=g\",\"contentUrl\":\"https:\/\/secure.gravatar.com\/avatar\/39bd48442d48bee2968f3dadf4bca67d9d073335a5c28953daa9c3339ca6b4dc?s=96&d=mm&r=g\",\"caption\":\"Amica\"},\"url\":\"https:\/\/amica.es\/es\/author\/amcapaz84ica\/\"}]}<\/script>\n<!-- \/ Yoast SEO plugin. -->","yoast_head_json":{"title":"Participamos en la Jornada \"Mujer 11 de marzo\" en Torrelavega - Amica - Descubriendo Capacidades","robots":{"index":"index","follow":"follow","max-snippet":"max-snippet:-1","max-image-preview":"max-image-preview:large","max-video-preview":"max-video-preview:-1"},"canonical":"https:\/\/amica.es\/es\/participamos-en-la-jornada-mujer-11-de-marzo-en-torrelavega\/","og_locale":"es_ES","og_type":"article","og_title":"Participamos en la Jornada \"Mujer 11 de marzo\" en Torrelavega - Amica - Descubriendo Capacidades","og_description":">La Plaza de Abastos de Torrelavega acogi\u00f3 el mi\u00e9rcoles 11 de marzo una Jornada de la mujer que llevaba por t\u00edtulo\u00a0&#8220;Mujer 11 de marzo&#8221; , que cont\u00f3 con conferencias y actividades cuyo objetivo era poner en valor el trabajo que realizan las mujeres en diferentes \u00e1mbitos, empezando por las enfermeras con motivo del A\u00f1o InternacionalRead more","og_url":"https:\/\/amica.es\/es\/participamos-en-la-jornada-mujer-11-de-marzo-en-torrelavega\/","og_site_name":"Amica - Descubriendo Capacidades","article_publisher":"https:\/\/www.facebook.com\/amicaasociacion","article_published_time":"2020-03-12T11:23:33+00:00","og_image":[{"width":1170,"height":500,"url":"https:\/\/amica.es\/es\/wp-content\/uploads\/2020\/03\/mujer11.jpg","type":"image\/jpeg"}],"author":"Amica","twitter_card":"summary_large_image","twitter_creator":"@asociacionamica","twitter_site":"@asociacionamica","twitter_misc":{"Escrito por":"Amica","Tiempo de lectura":"2 minutos"},"schema":{"@context":"https:\/\/schema.org","@graph":[{"@type":"Article","@id":"https:\/\/amica.es\/es\/participamos-en-la-jornada-mujer-11-de-marzo-en-torrelavega\/#article","isPartOf":{"@id":"https:\/\/amica.es\/es\/participamos-en-la-jornada-mujer-11-de-marzo-en-torrelavega\/"},"author":{"name":"Amica","@id":"https:\/\/amica.es\/es\/#\/schema\/person\/e495a7dcb12dd9e3780a7b2abb2e5704"},"headline":"Participamos en la Jornada &#8220;Mujer 11 de marzo&#8221; en Torrelavega","datePublished":"2020-03-12T11:23:33+00:00","mainEntityOfPage":{"@id":"https:\/\/amica.es\/es\/participamos-en-la-jornada-mujer-11-de-marzo-en-torrelavega\/"},"wordCount":336,"publisher":{"@id":"https:\/\/amica.es\/es\/#organization"},"image":{"@id":"https:\/\/amica.es\/es\/participamos-en-la-jornada-mujer-11-de-marzo-en-torrelavega\/#primaryimage"},"thumbnailUrl":"https:\/\/amica.es\/es\/wp-content\/uploads\/2020\/03\/mujer11.jpg","articleSection":["Noticias"],"inLanguage":"es"},{"@type":"WebPage","@id":"https:\/\/amica.es\/es\/participamos-en-la-jornada-mujer-11-de-marzo-en-torrelavega\/","url":"https:\/\/amica.es\/es\/participamos-en-la-jornada-mujer-11-de-marzo-en-torrelavega\/","name":"Participamos en la Jornada \"Mujer 11 de marzo\" en Torrelavega - Amica - Descubriendo Capacidades","isPartOf":{"@id":"https:\/\/amica.es\/es\/#website"},"primaryImageOfPage":{"@id":"https:\/\/amica.es\/es\/participamos-en-la-jornada-mujer-11-de-marzo-en-torrelavega\/#primaryimage"},"image":{"@id":"https:\/\/amica.es\/es\/participamos-en-la-jornada-mujer-11-de-marzo-en-torrelavega\/#primaryimage"},"thumbnailUrl":"https:\/\/amica.es\/es\/wp-content\/uploads\/2020\/03\/mujer11.jpg","datePublished":"2020-03-12T11:23:33+00:00","breadcrumb":{"@id":"https:\/\/amica.es\/es\/participamos-en-la-jornada-mujer-11-de-marzo-en-torrelavega\/#breadcrumb"},"inLanguage":"es","potentialAction":[{"@type":"ReadAction","target":["https:\/\/amica.es\/es\/participamos-en-la-jornada-mujer-11-de-marzo-en-torrelavega\/"]}]},{"@type":"ImageObject","inLanguage":"es","@id":"https:\/\/amica.es\/es\/participamos-en-la-jornada-mujer-11-de-marzo-en-torrelavega\/#primaryimage","url":"https:\/\/amica.es\/es\/wp-content\/uploads\/2020\/03\/mujer11.jpg","contentUrl":"https:\/\/amica.es\/es\/wp-content\/uploads\/2020\/03\/mujer11.jpg","width":1170,"height":500,"caption":"Participamos en la Jornada \"Mujer 11 de marzo\" en Torrelavega"},{"@type":"BreadcrumbList","@id":"https:\/\/amica.es\/es\/participamos-en-la-jornada-mujer-11-de-marzo-en-torrelavega\/#breadcrumb","itemListElement":[{"@type":"ListItem","position":1,"name":"Portada","item":"https:\/\/amica.es\/es\/"},{"@type":"ListItem","position":2,"name":"Participamos en la Jornada &#8220;Mujer 11 de marzo&#8221; en Torrelavega"}]},{"@type":"WebSite","@id":"https:\/\/amica.es\/es\/#website","url":"https:\/\/amica.es\/es\/","name":"Amica - Descubriendo Capacidades","description":"Apoyando a personas con discapacidad desde 1984","publisher":{"@id":"https:\/\/amica.es\/es\/#organization"},"potentialAction":[{"@type":"SearchAction","target":{"@type":"EntryPoint","urlTemplate":"https:\/\/amica.es\/es\/?s={search_term_string}"},"query-input":{"@type":"PropertyValueSpecification","valueRequired":true,"valueName":"search_term_string"}}],"inLanguage":"es"},{"@type":"Organization","@id":"https:\/\/amica.es\/es\/#organization","name":"Asociaci\u00f3n Amica","url":"https:\/\/amica.es\/es\/","logo":{"@type":"ImageObject","inLanguage":"es","@id":"https:\/\/amica.es\/es\/#\/schema\/logo\/image\/","url":"https:\/\/amica.es\/es\/wp-content\/uploads\/2024\/07\/Amica-Logo.png","contentUrl":"https:\/\/amica.es\/es\/wp-content\/uploads\/2024\/07\/Amica-Logo.png","width":1653,"height":577,"caption":"Asociaci\u00f3n Amica"},"image":{"@id":"https:\/\/amica.es\/es\/#\/schema\/logo\/image\/"},"sameAs":["https:\/\/www.facebook.com\/amicaasociacion","https:\/\/x.com\/asociacionamica","https:\/\/www.youtube.com\/c\/asociacionamicacantabria","https:\/\/es.linkedin.com\/company\/asociacionamica?trk=similar-companies_org_title","https:\/\/www.instagram.com\/asociacionamica\/"]},{"@type":"Person","@id":"https:\/\/amica.es\/es\/#\/schema\/person\/e495a7dcb12dd9e3780a7b2abb2e5704","name":"Amica","image":{"@type":"ImageObject","inLanguage":"es","@id":"https:\/\/amica.es\/es\/#\/schema\/person\/image\/","url":"https:\/\/secure.gravatar.com\/avatar\/39bd48442d48bee2968f3dadf4bca67d9d073335a5c28953daa9c3339ca6b4dc?s=96&d=mm&r=g","contentUrl":"https:\/\/secure.gravatar.com\/avatar\/39bd48442d48bee2968f3dadf4bca67d9d073335a5c28953daa9c3339ca6b4dc?s=96&d=mm&r=g","caption":"Amica"},"url":"https:\/\/amica.es\/es\/author\/amcapaz84ica\/"}]}},"_links":{"self":[{"href":"https:\/\/amica.es\/es\/wp-json\/wp\/v2\/posts\/8682","targetHints":{"allow":["GET"]}}],"collection":[{"href":"https:\/\/amica.es\/es\/wp-json\/wp\/v2\/posts"}],"about":[{"href":"https:\/\/amica.es\/es\/wp-json\/wp\/v2\/types\/post"}],"author":[{"embeddable":true,"href":"https:\/\/amica.es\/es\/wp-json\/wp\/v2\/users\/3"}],"replies":[{"embeddable":true,"href":"https:\/\/amica.es\/es\/wp-json\/wp\/v2\/comments?post=8682"}],"version-history":[{"count":3,"href":"https:\/\/amica.es\/es\/wp-json\/wp\/v2\/posts\/8682\/revisions"}],"predecessor-version":[{"id":8688,"href":"https:\/\/amica.es\/es\/wp-json\/wp\/v2\/posts\/8682\/revisions\/8688"}],"wp:featuredmedia":[{"embeddable":true,"href":"https:\/\/amica.es\/es\/wp-json\/wp\/v2\/media\/8687"}],"wp:attachment":[{"href":"https:\/\/amica.es\/es\/wp-json\/wp\/v2\/media?parent=8682"}],"wp:term":[{"taxonomy":"category","embeddable":true,"href":"https:\/\/amica.es\/es\/wp-json\/wp\/v2\/categories?post=8682"},{"taxonomy":"post_tag","embeddable":true,"href":"https:\/\/amica.es\/es\/wp-json\/wp\/v2\/tags?post=8682"}],"curies":[{"name":"wp","href":"https:\/\/api.w.org\/{rel}","templated":true}]}}